{"id":17998,"date":"2021-07-16T16:42:35","date_gmt":"2021-07-16T19:42:35","guid":{"rendered":"https:\/\/verdadeon.com.br\/portal\/?p=17998"},"modified":"2021-07-16T16:42:35","modified_gmt":"2021-07-16T19:42:35","slug":"franca-realiza-mutirao-de-vacinacao-contra-a-covid-19-para-moradores-acima-dos-34","status":"publish","type":"post","link":"https:\/\/verdadeon.com.br\/portal\/2021\/07\/16\/franca-realiza-mutirao-de-vacinacao-contra-a-covid-19-para-moradores-acima-dos-34\/","title":{"rendered":"Franca realiza mutir\u00e3o de vacina\u00e7\u00e3o contra a Covid-19 para moradores acima dos 34"},"content":{"rendered":"<h2>No total ser\u00e3o treze postos de vacina\u00e7\u00e3o que v\u00e3o atender at\u00e9 \u00e0s 13h em diferentes regi\u00f5es da cidade<\/h2>\n<p>Acontece neste s\u00e1bado (17), mais um mutir\u00e3o de vacina\u00e7\u00e3o contra a Covid-19 em Franca. A expectativa \u00e9 a de vacinar mais de nove mil pessoas, assim como foram os outros dois mutir\u00f5es j\u00e1 realizados.<\/p>\n<p>O an\u00fancio do mutir\u00e3o foi realizado durante transmiss\u00e3o nas redes sociais da Prefeitura, ap\u00f3s o munic\u00edpio receber 42 mil doses do Estado. A aplica\u00e7\u00e3o acontece das 7h30 at\u00e9 \u00e0s 13h.<\/p>\n<p>Confira os 13 postos de vacina\u00e7\u00e3o:<\/p>\n<p>Escola Sesi Santa Cruz (Entrada pela Augusto V\u00edtor, port\u00e3o 7)<\/p>\n<p>Internacional Esporte Clube (Entrada pela Cavalheiro Petraglia, 99)<\/p>\n<p>UBS Aeroporto 3<\/p>\n<p>UBS Santa Clara<\/p>\n<p>UBS Progresso<\/p>\n<p>UBS Paulista<\/p>\n<p>UBS S\u00e3o Sebasti\u00e3o<\/p>\n<p>UBS Paulistano<\/p>\n<p>UBS Brasil\u00e2ndia<\/p>\n<p>UBS Horto<\/p>\n<p>UBS Guanabara<\/p>\n<p>ESF Lu\u00edza<\/p>\n<p>ESF Paineiras<\/p>\n<h4>Semana conturbada<\/h4>\n<p>A Administra\u00e7\u00e3o Estadual e a Prefeitura de Franca divergiram durante a semana sobre as doses na cidade. Na quarta-feira (14), a assessoria de imprensa informou que o calend\u00e1rio de vacina\u00e7\u00e3o n\u00e3o avan\u00e7aria j\u00e1 que n\u00e3o tinha recebido as doses em tempo h\u00e1bil. J\u00e1 o Estado rebateu afirmando que os imunizantes s\u00e3o mandados em quantidade e tempo h\u00e1bil para a organiza\u00e7\u00e3o de cada munic\u00edpio.<\/p>\n<p>Mesmo com as diverg\u00eancias, a Prefeitura afirmou que vai seguir o calend\u00e1rio de vacina\u00e7\u00e3o proposto pelo Estado.<\/p>\n","protected":false},"excerpt":{"rendered":"<p>No total ser\u00e3o treze postos de vacina\u00e7\u00e3o que v\u00e3o atender at\u00e9 \u00e0s 13h em diferentes regi\u00f5es da cidade Acontece neste s\u00e1bado (17), mais um mutir\u00e3o de<span class=\"excerpt-hellip\"> [\u2026]<\/span><\/p>\n","protected":false},"author":7,"featured_media":14695,"comment_status":"open","ping_status":"open","sticky":false,"template":"","format":"standard","meta":{"_jetpack_memberships_contains_paid_content":false,"footnotes":"","jetpack_publicize_message":"","jetpack_publicize_feature_enabled":true,"jetpack_social_post_already_shared":false,"jetpack_social_options":{"image_generator_settings":{"template":"highway","default_image_id":0,"enabled":false},"version":2}},"categories":[28,81],"tags":[],"class_list":["post-17998","post","type-post","status-publish","format-standard","has-post-thumbnail","hentry","category-cotidiano","category-manchete"],"yoast_head":"<!-- This site is optimized with the Yoast SEO plugin v25.6 - https:\/\/yoast.com\/wordpress\/plugins\/seo\/ -->\n<title>Franca realiza mutir\u00e3o de vacina\u00e7\u00e3o contra a Covid-19 para moradores acima dos 34 - VerdadeOn<\/title>\n<meta name=\"robots\" content=\"index, follow, max-snippet:-1, max-image-preview:large, max-video-preview:-1\" \/>\n<link rel=\"canonical\" href=\"https:\/\/verdadeon.com.br\/portal\/2021\/07\/16\/franca-realiza-mutirao-de-vacinacao-contra-a-covid-19-para-moradores-acima-dos-34\/\" \/>\n<meta property=\"og:locale\" content=\"pt_BR\" \/>\n<meta property=\"og:type\" content=\"article\" \/>\n<meta property=\"og:title\" content=\"Franca realiza mutir\u00e3o de vacina\u00e7\u00e3o contra a Covid-19 para moradores acima dos 34 - VerdadeOn\" \/>\n<meta property=\"og:description\" content=\"No total ser\u00e3o treze postos de vacina\u00e7\u00e3o que v\u00e3o atender at\u00e9 \u00e0s 13h em diferentes regi\u00f5es da cidade Acontece neste s\u00e1bado (17), mais um mutir\u00e3o de [\u2026]\" \/>\n<meta property=\"og:url\" content=\"https:\/\/verdadeon.com.br\/portal\/2021\/07\/16\/franca-realiza-mutirao-de-vacinacao-contra-a-covid-19-para-moradores-acima-dos-34\/\" \/>\n<meta property=\"og:site_name\" content=\"VerdadeOn\" \/>\n<meta property=\"article:published_time\" content=\"2021-07-16T19:42:35+00:00\" \/>\n<meta property=\"og:image\" content=\"https:\/\/verdadeon.com.br\/portal\/wp-content\/uploads\/2021\/03\/WhatsApp-Image-2021-03-02-at-15.07.31.jpeg\" \/>\n\t<meta property=\"og:image:width\" content=\"1000\" \/>\n\t<meta property=\"og:image:height\" content=\"670\" \/>\n\t<meta property=\"og:image:type\" content=\"image\/jpeg\" \/>\n<meta name=\"author\" content=\"Fernando Lima\" \/>\n<meta name=\"twitter:card\" content=\"summary_large_image\" \/>\n<meta name=\"twitter:label1\" content=\"Escrito por\" \/>\n\t<meta name=\"twitter:data1\" content=\"Fernando Lima\" \/>\n\t<meta name=\"twitter:label2\" content=\"Est. tempo de leitura\" \/>\n\t<meta name=\"twitter:data2\" content=\"1 minuto\" \/>\n<script type=\"application\/ld+json\" class=\"yoast-schema-graph\">{\"@context\":\"https:\/\/schema.org\",\"@graph\":[{\"@type\":\"WebPage\",\"@id\":\"https:\/\/verdadeon.com.br\/portal\/2021\/07\/16\/franca-realiza-mutirao-de-vacinacao-contra-a-covid-19-para-moradores-acima-dos-34\/\",\"url\":\"https:\/\/verdadeon.com.br\/portal\/2021\/07\/16\/franca-realiza-mutirao-de-vacinacao-contra-a-covid-19-para-moradores-acima-dos-34\/\",\"name\":\"Franca realiza mutir\u00e3o de vacina\u00e7\u00e3o contra a Covid-19 para moradores acima dos 34 - VerdadeOn\",\"isPartOf\":{\"@id\":\"https:\/\/verdadeon.com.br\/portal\/#website\"},\"primaryImageOfPage\":{\"@id\":\"https:\/\/verdadeon.com.br\/portal\/2021\/07\/16\/franca-realiza-mutirao-de-vacinacao-contra-a-covid-19-para-moradores-acima-dos-34\/#primaryimage\"},\"image\":{\"@id\":\"https:\/\/verdadeon.com.br\/portal\/2021\/07\/16\/franca-realiza-mutirao-de-vacinacao-contra-a-covid-19-para-moradores-acima-dos-34\/#primaryimage\"},\"thumbnailUrl\":\"https:\/\/i0.wp.com\/verdadeon.com.br\/portal\/wp-content\/uploads\/2021\/03\/WhatsApp-Image-2021-03-02-at-15.07.31.jpeg?fit=1000%2C670&ssl=1\",\"datePublished\":\"2021-07-16T19:42:35+00:00\",\"author\":{\"@id\":\"https:\/\/verdadeon.com.br\/portal\/#\/schema\/person\/cc32be22b8e8599387c480bc83e1d11a\"},\"breadcrumb\":{\"@id\":\"https:\/\/verdadeon.com.br\/portal\/2021\/07\/16\/franca-realiza-mutirao-de-vacinacao-contra-a-covid-19-para-moradores-acima-dos-34\/#breadcrumb\"},\"inLanguage\":\"pt-BR\",\"potentialAction\":[{\"@type\":\"ReadAction\",\"target\":[\"https:\/\/verdadeon.com.br\/portal\/2021\/07\/16\/franca-realiza-mutirao-de-vacinacao-contra-a-covid-19-para-moradores-acima-dos-34\/\"]}]},{\"@type\":\"ImageObject\",\"inLanguage\":\"pt-BR\",\"@id\":\"https:\/\/verdadeon.com.br\/portal\/2021\/07\/16\/franca-realiza-mutirao-de-vacinacao-contra-a-covid-19-para-moradores-acima-dos-34\/#primaryimage\",\"url\":\"https:\/\/i0.wp.com\/verdadeon.com.br\/portal\/wp-content\/uploads\/2021\/03\/WhatsApp-Image-2021-03-02-at-15.07.31.jpeg?fit=1000%2C670&ssl=1\",\"contentUrl\":\"https:\/\/i0.wp.com\/verdadeon.com.br\/portal\/wp-content\/uploads\/2021\/03\/WhatsApp-Image-2021-03-02-at-15.07.31.jpeg?fit=1000%2C670&ssl=1\",\"width\":1000,\"height\":670,\"caption\":\"Para ser imunizado em Franca \u00e9 necess\u00e1rio levar o CPF, RG e comprovante de endere\u00e7o | Foto: Jornal Verdade\u00a0\"},{\"@type\":\"BreadcrumbList\",\"@id\":\"https:\/\/verdadeon.com.br\/portal\/2021\/07\/16\/franca-realiza-mutirao-de-vacinacao-contra-a-covid-19-para-moradores-acima-dos-34\/#breadcrumb\",\"itemListElement\":[{\"@type\":\"ListItem\",\"position\":1,\"name\":\"In\u00edcio\",\"item\":\"https:\/\/verdadeon.com.br\/portal\/\"},{\"@type\":\"ListItem\",\"position\":2,\"name\":\"Franca realiza mutir\u00e3o de vacina\u00e7\u00e3o contra a Covid-19 para moradores acima dos 34\"}]},{\"@type\":\"WebSite\",\"@id\":\"https:\/\/verdadeon.com.br\/portal\/#website\",\"url\":\"https:\/\/verdadeon.com.br\/portal\/\",\"name\":\"VerdadeOn\",\"description\":\"Not\u00edcias di\u00e1rias sobre Franca, Regi\u00e3o, Esporte, Cultura, Cotidiano, Colunas. Cobertura nos principais eventos da cidade \u00e9 aqui - Verdadeon Franca\",\"potentialAction\":[{\"@type\":\"SearchAction\",\"target\":{\"@type\":\"EntryPoint\",\"urlTemplate\":\"https:\/\/verdadeon.com.br\/portal\/?s={search_term_string}\"},\"query-input\":{\"@type\":\"PropertyValueSpecification\",\"valueRequired\":true,\"valueName\":\"search_term_string\"}}],\"inLanguage\":\"pt-BR\"},{\"@type\":\"Person\",\"@id\":\"https:\/\/verdadeon.com.br\/portal\/#\/schema\/person\/cc32be22b8e8599387c480bc83e1d11a\",\"name\":\"Fernando Lima\",\"image\":{\"@type\":\"ImageObject\",\"inLanguage\":\"pt-BR\",\"@id\":\"https:\/\/verdadeon.com.br\/portal\/#\/schema\/person\/image\/\",\"url\":\"https:\/\/secure.gravatar.com\/avatar\/df4c8e132080d2b3a4841d5d232045464e0eed11a1d6e43115ca0843d48768d3?s=96&d=mm&r=g\",\"contentUrl\":\"https:\/\/secure.gravatar.com\/avatar\/df4c8e132080d2b3a4841d5d232045464e0eed11a1d6e43115ca0843d48768d3?s=96&d=mm&r=g\",\"caption\":\"Fernando Lima\"},\"sameAs\":[\"http:\/\/verdadeon.com.br\/\"],\"url\":\"https:\/\/verdadeon.com.br\/portal\/author\/fernando-lima\/\"}]}<\/script>\n<!-- \/ Yoast SEO plugin. -->","yoast_head_json":{"title":"Franca realiza mutir\u00e3o de vacina\u00e7\u00e3o contra a Covid-19 para moradores acima dos 34 - VerdadeOn","robots":{"index":"index","follow":"follow","max-snippet":"max-snippet:-1","max-image-preview":"max-image-preview:large","max-video-preview":"max-video-preview:-1"},"canonical":"https:\/\/verdadeon.com.br\/portal\/2021\/07\/16\/franca-realiza-mutirao-de-vacinacao-contra-a-covid-19-para-moradores-acima-dos-34\/","og_locale":"pt_BR","og_type":"article","og_title":"Franca realiza mutir\u00e3o de vacina\u00e7\u00e3o contra a Covid-19 para moradores acima dos 34 - VerdadeOn","og_description":"No total ser\u00e3o treze postos de vacina\u00e7\u00e3o que v\u00e3o atender at\u00e9 \u00e0s 13h em diferentes regi\u00f5es da cidade Acontece neste s\u00e1bado (17), mais um mutir\u00e3o de [\u2026]","og_url":"https:\/\/verdadeon.com.br\/portal\/2021\/07\/16\/franca-realiza-mutirao-de-vacinacao-contra-a-covid-19-para-moradores-acima-dos-34\/","og_site_name":"VerdadeOn","article_published_time":"2021-07-16T19:42:35+00:00","og_image":[{"width":1000,"height":670,"url":"https:\/\/verdadeon.com.br\/portal\/wp-content\/uploads\/2021\/03\/WhatsApp-Image-2021-03-02-at-15.07.31.jpeg","type":"image\/jpeg"}],"author":"Fernando Lima","twitter_card":"summary_large_image","twitter_misc":{"Escrito por":"Fernando Lima","Est. tempo de leitura":"1 minuto"},"schema":{"@context":"https:\/\/schema.org","@graph":[{"@type":"WebPage","@id":"https:\/\/verdadeon.com.br\/portal\/2021\/07\/16\/franca-realiza-mutirao-de-vacinacao-contra-a-covid-19-para-moradores-acima-dos-34\/","url":"https:\/\/verdadeon.com.br\/portal\/2021\/07\/16\/franca-realiza-mutirao-de-vacinacao-contra-a-covid-19-para-moradores-acima-dos-34\/","name":"Franca realiza mutir\u00e3o de vacina\u00e7\u00e3o contra a Covid-19 para moradores acima dos 34 - VerdadeOn","isPartOf":{"@id":"https:\/\/verdadeon.com.br\/portal\/#website"},"primaryImageOfPage":{"@id":"https:\/\/verdadeon.com.br\/portal\/2021\/07\/16\/franca-realiza-mutirao-de-vacinacao-contra-a-covid-19-para-moradores-acima-dos-34\/#primaryimage"},"image":{"@id":"https:\/\/verdadeon.com.br\/portal\/2021\/07\/16\/franca-realiza-mutirao-de-vacinacao-contra-a-covid-19-para-moradores-acima-dos-34\/#primaryimage"},"thumbnailUrl":"https:\/\/i0.wp.com\/verdadeon.com.br\/portal\/wp-content\/uploads\/2021\/03\/WhatsApp-Image-2021-03-02-at-15.07.31.jpeg?fit=1000%2C670&ssl=1","datePublished":"2021-07-16T19:42:35+00:00","author":{"@id":"https:\/\/verdadeon.com.br\/portal\/#\/schema\/person\/cc32be22b8e8599387c480bc83e1d11a"},"breadcrumb":{"@id":"https:\/\/verdadeon.com.br\/portal\/2021\/07\/16\/franca-realiza-mutirao-de-vacinacao-contra-a-covid-19-para-moradores-acima-dos-34\/#breadcrumb"},"inLanguage":"pt-BR","potentialAction":[{"@type":"ReadAction","target":["https:\/\/verdadeon.com.br\/portal\/2021\/07\/16\/franca-realiza-mutirao-de-vacinacao-contra-a-covid-19-para-moradores-acima-dos-34\/"]}]},{"@type":"ImageObject","inLanguage":"pt-BR","@id":"https:\/\/verdadeon.com.br\/portal\/2021\/07\/16\/franca-realiza-mutirao-de-vacinacao-contra-a-covid-19-para-moradores-acima-dos-34\/#primaryimage","url":"https:\/\/i0.wp.com\/verdadeon.com.br\/portal\/wp-content\/uploads\/2021\/03\/WhatsApp-Image-2021-03-02-at-15.07.31.jpeg?fit=1000%2C670&ssl=1","contentUrl":"https:\/\/i0.wp.com\/verdadeon.com.br\/portal\/wp-content\/uploads\/2021\/03\/WhatsApp-Image-2021-03-02-at-15.07.31.jpeg?fit=1000%2C670&ssl=1","width":1000,"height":670,"caption":"Para ser imunizado em Franca \u00e9 necess\u00e1rio levar o CPF, RG e comprovante de endere\u00e7o | Foto: Jornal Verdade\u00a0"},{"@type":"BreadcrumbList","@id":"https:\/\/verdadeon.com.br\/portal\/2021\/07\/16\/franca-realiza-mutirao-de-vacinacao-contra-a-covid-19-para-moradores-acima-dos-34\/#breadcrumb","itemListElement":[{"@type":"ListItem","position":1,"name":"In\u00edcio","item":"https:\/\/verdadeon.com.br\/portal\/"},{"@type":"ListItem","position":2,"name":"Franca realiza mutir\u00e3o de vacina\u00e7\u00e3o contra a Covid-19 para moradores acima dos 34"}]},{"@type":"WebSite","@id":"https:\/\/verdadeon.com.br\/portal\/#website","url":"https:\/\/verdadeon.com.br\/portal\/","name":"VerdadeOn","description":"Not\u00edcias di\u00e1rias sobre Franca, Regi\u00e3o, Esporte, Cultura, Cotidiano, Colunas. Cobertura nos principais eventos da cidade \u00e9 aqui - Verdadeon Franca","potentialAction":[{"@type":"SearchAction","target":{"@type":"EntryPoint","urlTemplate":"https:\/\/verdadeon.com.br\/portal\/?s={search_term_string}"},"query-input":{"@type":"PropertyValueSpecification","valueRequired":true,"valueName":"search_term_string"}}],"inLanguage":"pt-BR"},{"@type":"Person","@id":"https:\/\/verdadeon.com.br\/portal\/#\/schema\/person\/cc32be22b8e8599387c480bc83e1d11a","name":"Fernando Lima","image":{"@type":"ImageObject","inLanguage":"pt-BR","@id":"https:\/\/verdadeon.com.br\/portal\/#\/schema\/person\/image\/","url":"https:\/\/secure.gravatar.com\/avatar\/df4c8e132080d2b3a4841d5d232045464e0eed11a1d6e43115ca0843d48768d3?s=96&d=mm&r=g","contentUrl":"https:\/\/secure.gravatar.com\/avatar\/df4c8e132080d2b3a4841d5d232045464e0eed11a1d6e43115ca0843d48768d3?s=96&d=mm&r=g","caption":"Fernando Lima"},"sameAs":["http:\/\/verdadeon.com.br\/"],"url":"https:\/\/verdadeon.com.br\/portal\/author\/fernando-lima\/"}]}},"jetpack_publicize_connections":[],"jetpack_featured_media_url":"https:\/\/i0.wp.com\/verdadeon.com.br\/portal\/wp-content\/uploads\/2021\/03\/WhatsApp-Image-2021-03-02-at-15.07.31.jpeg?fit=1000%2C670&ssl=1","jetpack_sharing_enabled":true,"_links":{"self":[{"href":"https:\/\/verdadeon.com.br\/portal\/wp-json\/wp\/v2\/posts\/17998","targetHints":{"allow":["GET"]}}],"collection":[{"href":"https:\/\/verdadeon.com.br\/portal\/wp-json\/wp\/v2\/posts"}],"about":[{"href":"https:\/\/verdadeon.com.br\/portal\/wp-json\/wp\/v2\/types\/post"}],"author":[{"embeddable":true,"href":"https:\/\/verdadeon.com.br\/portal\/wp-json\/wp\/v2\/users\/7"}],"replies":[{"embeddable":true,"href":"https:\/\/verdadeon.com.br\/portal\/wp-json\/wp\/v2\/comments?post=17998"}],"version-history":[{"count":0,"href":"https:\/\/verdadeon.com.br\/portal\/wp-json\/wp\/v2\/posts\/17998\/revisions"}],"wp:featuredmedia":[{"embeddable":true,"href":"https:\/\/verdadeon.com.br\/portal\/wp-json\/wp\/v2\/media\/14695"}],"wp:attachment":[{"href":"https:\/\/verdadeon.com.br\/portal\/wp-json\/wp\/v2\/media?parent=17998"}],"wp:term":[{"taxonomy":"category","embeddable":true,"href":"https:\/\/verdadeon.com.br\/portal\/wp-json\/wp\/v2\/categories?post=17998"},{"taxonomy":"post_tag","embeddable":true,"href":"https:\/\/verdadeon.com.br\/portal\/wp-json\/wp\/v2\/tags?post=17998"}],"curies":[{"name":"wp","href":"https:\/\/api.w.org\/{rel}","templated":true}]}}