{"id":17992,"date":"2021-07-16T15:50:28","date_gmt":"2021-07-16T18:50:28","guid":{"rendered":"https:\/\/verdadeon.com.br\/portal\/?p=17992"},"modified":"2021-07-16T15:50:28","modified_gmt":"2021-07-16T18:50:28","slug":"operacao-curupira-arvores-sao-plantadas-na-diretoria-de-ensino-de-franca","status":"publish","type":"post","link":"https:\/\/verdadeon.com.br\/portal\/2021\/07\/16\/operacao-curupira-arvores-sao-plantadas-na-diretoria-de-ensino-de-franca\/","title":{"rendered":"Opera\u00e7\u00e3o Curupira: \u00e1rvores s\u00e3o plantadas na Diretoria de Ensino de Franca"},"content":{"rendered":"<h2>A a\u00e7\u00e3o que contou com o apoio da Pol\u00edcia Ambiental, faz parte do projeto de plantar um milh\u00e3o de \u00e1rvores em Franca<\/h2>\n<p>A Pol\u00edcia Militar Ambiental em parceria com Grupo Mulheres do Brasil, comit\u00ea Verdejar, realizou o plantio de seis mudas de \u00e1rvores na sede da Diretoria de Ensino de Franca. O plantio foi realizado pelas l\u00edderes do movimento, Elaise, Leiliana e Fl\u00e1via, e com a Dirigente Regional de Ensino, professora Silma Rodrigues de Oliveira Leite. Funcion\u00e1rios da Secretaria tamb\u00e9m participaram, a a\u00e7\u00e3o contou com o apoio da Policia Militar Ambiental.<\/p>\n<p>O Comit\u00ea Verdejar do n\u00facleo Franca \/ SP da Associa\u00e7\u00e3o Civil Mulheres do Brasil \u00e9 um grupo formado por mulheres com diversidade de origem, hist\u00f3rias e talentos que se uniram com o objetivo de transformar a cidade onde vivem, num local mais harm\u00f4nico, inclusivo e sustent\u00e1vel.<\/p>\n<p>Neste projeto de arboriza\u00e7\u00e3o urbana \u201cEu sou uma em um milh\u00e3o\u201d em que houve a participa\u00e7\u00e3o da Policia Militar Ambiental, se estimula o exerc\u00edcio da cidadania atrav\u00e9s do plantio respons\u00e1vel de \u00e1rvores. \u201c\u00c9 num trabalho de educa\u00e7\u00e3o ambiental e de mobiliza\u00e7\u00e3o coletiva, sempre a partir de um n\u00facleo comunit\u00e1rio: ali \u00e9 divulgado e oferecido o plantio gratuito de \u00e1rvores no bairro com a contra partida do cuidado para que elas cheguem \u00e0 vida adulta\u201d, informou a Ambiental.<\/p>\n<p>\u201cEu sou uma em um milh\u00e3o\u201d estimula o desejo da comunidade em plantar um milh\u00e3o de \u00e1rvores na cidade.<\/p>\n<h4>Opera\u00e7\u00e3o Curupira<\/h4>\n<p>O plantio das \u00e1rvores faz parte das a\u00e7\u00f5es da Opera\u00e7\u00e3o Curupira, que teve in\u00edcio nesta sexta-feira. A Pol\u00edcia Ambiental informou que ser\u00e3o mais de 1.200 policiais militares e 450 viaturas, entre quatro rodas, n\u00e1uticas e drones, que realizar\u00e3o o policiamento ostensivo mar\u00edtimo e terrestre vistoriando infra\u00e7\u00f5es ao Meio Ambiente, principalmente os que p\u00f5em em risco a Qualidade de Vida, Seguran\u00e7a e Sa\u00fade P\u00fablica.<\/p>\n<p>Al\u00e9m da a\u00e7\u00e3o operacional, a data marca a participa\u00e7\u00e3o da sociedade atrav\u00e9s da campanha que ser\u00e1 lan\u00e7ada nas redes sociais da Pol\u00edcia Militar Ambiental, com o tema \u201cPol\u00edcia Militar Ambiental h\u00e1 72 anos protegendo as Florestas\u201d.<\/p>\n","protected":false},"excerpt":{"rendered":"<p>A a\u00e7\u00e3o que contou com o apoio da Pol\u00edcia Ambiental, faz parte do projeto de plantar um milh\u00e3o de \u00e1rvores em Franca A Pol\u00edcia Militar Ambiental<span class=\"excerpt-hellip\"> [\u2026]<\/span><\/p>\n","protected":false},"author":7,"featured_media":17993,"comment_status":"open","ping_status":"open","sticky":false,"template":"","format":"standard","meta":{"_jetpack_memberships_contains_paid_content":false,"footnotes":"","jetpack_publicize_message":"","jetpack_publicize_feature_enabled":true,"jetpack_social_post_already_shared":false,"jetpack_social_options":{"image_generator_settings":{"template":"highway","default_image_id":0,"enabled":false},"version":2}},"categories":[28,81],"tags":[],"class_list":["post-17992","post","type-post","status-publish","format-standard","has-post-thumbnail","hentry","category-cotidiano","category-manchete"],"yoast_head":"<!-- This site is optimized with the Yoast SEO plugin v25.6 - https:\/\/yoast.com\/wordpress\/plugins\/seo\/ -->\n<title>Opera\u00e7\u00e3o Curupira: \u00e1rvores s\u00e3o plantadas na Diretoria de Ensino de Franca - VerdadeOn<\/title>\n<meta name=\"robots\" content=\"index, follow, max-snippet:-1, max-image-preview:large, max-video-preview:-1\" \/>\n<link rel=\"canonical\" href=\"https:\/\/verdadeon.com.br\/portal\/2021\/07\/16\/operacao-curupira-arvores-sao-plantadas-na-diretoria-de-ensino-de-franca\/\" \/>\n<meta property=\"og:locale\" content=\"pt_BR\" \/>\n<meta property=\"og:type\" content=\"article\" \/>\n<meta property=\"og:title\" content=\"Opera\u00e7\u00e3o Curupira: \u00e1rvores s\u00e3o plantadas na Diretoria de Ensino de Franca - VerdadeOn\" \/>\n<meta property=\"og:description\" content=\"A a\u00e7\u00e3o que contou com o apoio da Pol\u00edcia Ambiental, faz parte do projeto de plantar um milh\u00e3o de \u00e1rvores em Franca A Pol\u00edcia Militar Ambiental [\u2026]\" \/>\n<meta property=\"og:url\" content=\"https:\/\/verdadeon.com.br\/portal\/2021\/07\/16\/operacao-curupira-arvores-sao-plantadas-na-diretoria-de-ensino-de-franca\/\" \/>\n<meta property=\"og:site_name\" content=\"VerdadeOn\" \/>\n<meta property=\"article:published_time\" content=\"2021-07-16T18:50:28+00:00\" \/>\n<meta property=\"og:image\" content=\"https:\/\/verdadeon.com.br\/portal\/wp-content\/uploads\/2021\/07\/WhatsApp-Image-2021-07-16-at-15.28.18.jpeg\" \/>\n\t<meta property=\"og:image:width\" content=\"1600\" \/>\n\t<meta property=\"og:image:height\" content=\"1200\" \/>\n\t<meta property=\"og:image:type\" content=\"image\/jpeg\" \/>\n<meta name=\"author\" content=\"Fernando Lima\" \/>\n<meta name=\"twitter:card\" content=\"summary_large_image\" \/>\n<meta name=\"twitter:label1\" content=\"Escrito por\" \/>\n\t<meta name=\"twitter:data1\" content=\"Fernando Lima\" \/>\n\t<meta name=\"twitter:label2\" content=\"Est. tempo de leitura\" \/>\n\t<meta name=\"twitter:data2\" content=\"2 minutos\" \/>\n<script type=\"application\/ld+json\" class=\"yoast-schema-graph\">{\"@context\":\"https:\/\/schema.org\",\"@graph\":[{\"@type\":\"WebPage\",\"@id\":\"https:\/\/verdadeon.com.br\/portal\/2021\/07\/16\/operacao-curupira-arvores-sao-plantadas-na-diretoria-de-ensino-de-franca\/\",\"url\":\"https:\/\/verdadeon.com.br\/portal\/2021\/07\/16\/operacao-curupira-arvores-sao-plantadas-na-diretoria-de-ensino-de-franca\/\",\"name\":\"Opera\u00e7\u00e3o Curupira: \u00e1rvores s\u00e3o plantadas na Diretoria de Ensino de Franca - VerdadeOn\",\"isPartOf\":{\"@id\":\"https:\/\/verdadeon.com.br\/portal\/#website\"},\"primaryImageOfPage\":{\"@id\":\"https:\/\/verdadeon.com.br\/portal\/2021\/07\/16\/operacao-curupira-arvores-sao-plantadas-na-diretoria-de-ensino-de-franca\/#primaryimage\"},\"image\":{\"@id\":\"https:\/\/verdadeon.com.br\/portal\/2021\/07\/16\/operacao-curupira-arvores-sao-plantadas-na-diretoria-de-ensino-de-franca\/#primaryimage\"},\"thumbnailUrl\":\"https:\/\/i0.wp.com\/verdadeon.com.br\/portal\/wp-content\/uploads\/2021\/07\/WhatsApp-Image-2021-07-16-at-15.28.18.jpeg?fit=1600%2C1200&ssl=1\",\"datePublished\":\"2021-07-16T18:50:28+00:00\",\"author\":{\"@id\":\"https:\/\/verdadeon.com.br\/portal\/#\/schema\/person\/cc32be22b8e8599387c480bc83e1d11a\"},\"breadcrumb\":{\"@id\":\"https:\/\/verdadeon.com.br\/portal\/2021\/07\/16\/operacao-curupira-arvores-sao-plantadas-na-diretoria-de-ensino-de-franca\/#breadcrumb\"},\"inLanguage\":\"pt-BR\",\"potentialAction\":[{\"@type\":\"ReadAction\",\"target\":[\"https:\/\/verdadeon.com.br\/portal\/2021\/07\/16\/operacao-curupira-arvores-sao-plantadas-na-diretoria-de-ensino-de-franca\/\"]}]},{\"@type\":\"ImageObject\",\"inLanguage\":\"pt-BR\",\"@id\":\"https:\/\/verdadeon.com.br\/portal\/2021\/07\/16\/operacao-curupira-arvores-sao-plantadas-na-diretoria-de-ensino-de-franca\/#primaryimage\",\"url\":\"https:\/\/i0.wp.com\/verdadeon.com.br\/portal\/wp-content\/uploads\/2021\/07\/WhatsApp-Image-2021-07-16-at-15.28.18.jpeg?fit=1600%2C1200&ssl=1\",\"contentUrl\":\"https:\/\/i0.wp.com\/verdadeon.com.br\/portal\/wp-content\/uploads\/2021\/07\/WhatsApp-Image-2021-07-16-at-15.28.18.jpeg?fit=1600%2C1200&ssl=1\",\"width\":1600,\"height\":1200,\"caption\":\"Opera\u00e7\u00e3o Curupira teve in\u00edcio nesta sexta-feira (16). V\u00e1rias a\u00e7\u00f5es de preven\u00e7\u00e3o est\u00e3o sendo realizadas pela Pol\u00edcia Ambiental | Foto: Pol\u00edcia Ambiental Franca\"},{\"@type\":\"BreadcrumbList\",\"@id\":\"https:\/\/verdadeon.com.br\/portal\/2021\/07\/16\/operacao-curupira-arvores-sao-plantadas-na-diretoria-de-ensino-de-franca\/#breadcrumb\",\"itemListElement\":[{\"@type\":\"ListItem\",\"position\":1,\"name\":\"In\u00edcio\",\"item\":\"https:\/\/verdadeon.com.br\/portal\/\"},{\"@type\":\"ListItem\",\"position\":2,\"name\":\"Opera\u00e7\u00e3o Curupira: \u00e1rvores s\u00e3o plantadas na Diretoria de Ensino de Franca\"}]},{\"@type\":\"WebSite\",\"@id\":\"https:\/\/verdadeon.com.br\/portal\/#website\",\"url\":\"https:\/\/verdadeon.com.br\/portal\/\",\"name\":\"VerdadeOn\",\"description\":\"Not\u00edcias di\u00e1rias sobre Franca, Regi\u00e3o, Esporte, Cultura, Cotidiano, Colunas. Cobertura nos principais eventos da cidade \u00e9 aqui - Verdadeon Franca\",\"potentialAction\":[{\"@type\":\"SearchAction\",\"target\":{\"@type\":\"EntryPoint\",\"urlTemplate\":\"https:\/\/verdadeon.com.br\/portal\/?s={search_term_string}\"},\"query-input\":{\"@type\":\"PropertyValueSpecification\",\"valueRequired\":true,\"valueName\":\"search_term_string\"}}],\"inLanguage\":\"pt-BR\"},{\"@type\":\"Person\",\"@id\":\"https:\/\/verdadeon.com.br\/portal\/#\/schema\/person\/cc32be22b8e8599387c480bc83e1d11a\",\"name\":\"Fernando Lima\",\"image\":{\"@type\":\"ImageObject\",\"inLanguage\":\"pt-BR\",\"@id\":\"https:\/\/verdadeon.com.br\/portal\/#\/schema\/person\/image\/\",\"url\":\"https:\/\/secure.gravatar.com\/avatar\/df4c8e132080d2b3a4841d5d232045464e0eed11a1d6e43115ca0843d48768d3?s=96&d=mm&r=g\",\"contentUrl\":\"https:\/\/secure.gravatar.com\/avatar\/df4c8e132080d2b3a4841d5d232045464e0eed11a1d6e43115ca0843d48768d3?s=96&d=mm&r=g\",\"caption\":\"Fernando Lima\"},\"sameAs\":[\"http:\/\/verdadeon.com.br\/\"],\"url\":\"https:\/\/verdadeon.com.br\/portal\/author\/fernando-lima\/\"}]}<\/script>\n<!-- \/ Yoast SEO plugin. -->","yoast_head_json":{"title":"Opera\u00e7\u00e3o Curupira: \u00e1rvores s\u00e3o plantadas na Diretoria de Ensino de Franca - VerdadeOn","robots":{"index":"index","follow":"follow","max-snippet":"max-snippet:-1","max-image-preview":"max-image-preview:large","max-video-preview":"max-video-preview:-1"},"canonical":"https:\/\/verdadeon.com.br\/portal\/2021\/07\/16\/operacao-curupira-arvores-sao-plantadas-na-diretoria-de-ensino-de-franca\/","og_locale":"pt_BR","og_type":"article","og_title":"Opera\u00e7\u00e3o Curupira: \u00e1rvores s\u00e3o plantadas na Diretoria de Ensino de Franca - VerdadeOn","og_description":"A a\u00e7\u00e3o que contou com o apoio da Pol\u00edcia Ambiental, faz parte do projeto de plantar um milh\u00e3o de \u00e1rvores em Franca A Pol\u00edcia Militar Ambiental [\u2026]","og_url":"https:\/\/verdadeon.com.br\/portal\/2021\/07\/16\/operacao-curupira-arvores-sao-plantadas-na-diretoria-de-ensino-de-franca\/","og_site_name":"VerdadeOn","article_published_time":"2021-07-16T18:50:28+00:00","og_image":[{"width":1600,"height":1200,"url":"https:\/\/verdadeon.com.br\/portal\/wp-content\/uploads\/2021\/07\/WhatsApp-Image-2021-07-16-at-15.28.18.jpeg","type":"image\/jpeg"}],"author":"Fernando Lima","twitter_card":"summary_large_image","twitter_misc":{"Escrito por":"Fernando Lima","Est. tempo de leitura":"2 minutos"},"schema":{"@context":"https:\/\/schema.org","@graph":[{"@type":"WebPage","@id":"https:\/\/verdadeon.com.br\/portal\/2021\/07\/16\/operacao-curupira-arvores-sao-plantadas-na-diretoria-de-ensino-de-franca\/","url":"https:\/\/verdadeon.com.br\/portal\/2021\/07\/16\/operacao-curupira-arvores-sao-plantadas-na-diretoria-de-ensino-de-franca\/","name":"Opera\u00e7\u00e3o Curupira: \u00e1rvores s\u00e3o plantadas na Diretoria de Ensino de Franca - VerdadeOn","isPartOf":{"@id":"https:\/\/verdadeon.com.br\/portal\/#website"},"primaryImageOfPage":{"@id":"https:\/\/verdadeon.com.br\/portal\/2021\/07\/16\/operacao-curupira-arvores-sao-plantadas-na-diretoria-de-ensino-de-franca\/#primaryimage"},"image":{"@id":"https:\/\/verdadeon.com.br\/portal\/2021\/07\/16\/operacao-curupira-arvores-sao-plantadas-na-diretoria-de-ensino-de-franca\/#primaryimage"},"thumbnailUrl":"https:\/\/i0.wp.com\/verdadeon.com.br\/portal\/wp-content\/uploads\/2021\/07\/WhatsApp-Image-2021-07-16-at-15.28.18.jpeg?fit=1600%2C1200&ssl=1","datePublished":"2021-07-16T18:50:28+00:00","author":{"@id":"https:\/\/verdadeon.com.br\/portal\/#\/schema\/person\/cc32be22b8e8599387c480bc83e1d11a"},"breadcrumb":{"@id":"https:\/\/verdadeon.com.br\/portal\/2021\/07\/16\/operacao-curupira-arvores-sao-plantadas-na-diretoria-de-ensino-de-franca\/#breadcrumb"},"inLanguage":"pt-BR","potentialAction":[{"@type":"ReadAction","target":["https:\/\/verdadeon.com.br\/portal\/2021\/07\/16\/operacao-curupira-arvores-sao-plantadas-na-diretoria-de-ensino-de-franca\/"]}]},{"@type":"ImageObject","inLanguage":"pt-BR","@id":"https:\/\/verdadeon.com.br\/portal\/2021\/07\/16\/operacao-curupira-arvores-sao-plantadas-na-diretoria-de-ensino-de-franca\/#primaryimage","url":"https:\/\/i0.wp.com\/verdadeon.com.br\/portal\/wp-content\/uploads\/2021\/07\/WhatsApp-Image-2021-07-16-at-15.28.18.jpeg?fit=1600%2C1200&ssl=1","contentUrl":"https:\/\/i0.wp.com\/verdadeon.com.br\/portal\/wp-content\/uploads\/2021\/07\/WhatsApp-Image-2021-07-16-at-15.28.18.jpeg?fit=1600%2C1200&ssl=1","width":1600,"height":1200,"caption":"Opera\u00e7\u00e3o Curupira teve in\u00edcio nesta sexta-feira (16). V\u00e1rias a\u00e7\u00f5es de preven\u00e7\u00e3o est\u00e3o sendo realizadas pela Pol\u00edcia Ambiental | Foto: Pol\u00edcia Ambiental Franca"},{"@type":"BreadcrumbList","@id":"https:\/\/verdadeon.com.br\/portal\/2021\/07\/16\/operacao-curupira-arvores-sao-plantadas-na-diretoria-de-ensino-de-franca\/#breadcrumb","itemListElement":[{"@type":"ListItem","position":1,"name":"In\u00edcio","item":"https:\/\/verdadeon.com.br\/portal\/"},{"@type":"ListItem","position":2,"name":"Opera\u00e7\u00e3o Curupira: \u00e1rvores s\u00e3o plantadas na Diretoria de Ensino de Franca"}]},{"@type":"WebSite","@id":"https:\/\/verdadeon.com.br\/portal\/#website","url":"https:\/\/verdadeon.com.br\/portal\/","name":"VerdadeOn","description":"Not\u00edcias di\u00e1rias sobre Franca, Regi\u00e3o, Esporte, Cultura, Cotidiano, Colunas. Cobertura nos principais eventos da cidade \u00e9 aqui - Verdadeon Franca","potentialAction":[{"@type":"SearchAction","target":{"@type":"EntryPoint","urlTemplate":"https:\/\/verdadeon.com.br\/portal\/?s={search_term_string}"},"query-input":{"@type":"PropertyValueSpecification","valueRequired":true,"valueName":"search_term_string"}}],"inLanguage":"pt-BR"},{"@type":"Person","@id":"https:\/\/verdadeon.com.br\/portal\/#\/schema\/person\/cc32be22b8e8599387c480bc83e1d11a","name":"Fernando Lima","image":{"@type":"ImageObject","inLanguage":"pt-BR","@id":"https:\/\/verdadeon.com.br\/portal\/#\/schema\/person\/image\/","url":"https:\/\/secure.gravatar.com\/avatar\/df4c8e132080d2b3a4841d5d232045464e0eed11a1d6e43115ca0843d48768d3?s=96&d=mm&r=g","contentUrl":"https:\/\/secure.gravatar.com\/avatar\/df4c8e132080d2b3a4841d5d232045464e0eed11a1d6e43115ca0843d48768d3?s=96&d=mm&r=g","caption":"Fernando Lima"},"sameAs":["http:\/\/verdadeon.com.br\/"],"url":"https:\/\/verdadeon.com.br\/portal\/author\/fernando-lima\/"}]}},"jetpack_publicize_connections":[],"jetpack_featured_media_url":"https:\/\/i0.wp.com\/verdadeon.com.br\/portal\/wp-content\/uploads\/2021\/07\/WhatsApp-Image-2021-07-16-at-15.28.18.jpeg?fit=1600%2C1200&ssl=1","jetpack_sharing_enabled":true,"_links":{"self":[{"href":"https:\/\/verdadeon.com.br\/portal\/wp-json\/wp\/v2\/posts\/17992","targetHints":{"allow":["GET"]}}],"collection":[{"href":"https:\/\/verdadeon.com.br\/portal\/wp-json\/wp\/v2\/posts"}],"about":[{"href":"https:\/\/verdadeon.com.br\/portal\/wp-json\/wp\/v2\/types\/post"}],"author":[{"embeddable":true,"href":"https:\/\/verdadeon.com.br\/portal\/wp-json\/wp\/v2\/users\/7"}],"replies":[{"embeddable":true,"href":"https:\/\/verdadeon.com.br\/portal\/wp-json\/wp\/v2\/comments?post=17992"}],"version-history":[{"count":0,"href":"https:\/\/verdadeon.com.br\/portal\/wp-json\/wp\/v2\/posts\/17992\/revisions"}],"wp:featuredmedia":[{"embeddable":true,"href":"https:\/\/verdadeon.com.br\/portal\/wp-json\/wp\/v2\/media\/17993"}],"wp:attachment":[{"href":"https:\/\/verdadeon.com.br\/portal\/wp-json\/wp\/v2\/media?parent=17992"}],"wp:term":[{"taxonomy":"category","embeddable":true,"href":"https:\/\/verdadeon.com.br\/portal\/wp-json\/wp\/v2\/categories?post=17992"},{"taxonomy":"post_tag","embeddable":true,"href":"https:\/\/verdadeon.com.br\/portal\/wp-json\/wp\/v2\/tags?post=17992"}],"curies":[{"name":"wp","href":"https:\/\/api.w.org\/{rel}","templated":true}]}}