{"id":17970,"date":"2021-07-15T13:10:25","date_gmt":"2021-07-15T16:10:25","guid":{"rendered":"https:\/\/verdadeon.com.br\/portal\/?p=17970"},"modified":"2021-07-15T12:39:35","modified_gmt":"2021-07-15T15:39:35","slug":"sepultada-em-franca-jovem-que-morreu-em-acidente-na-avenida-alagoas","status":"publish","type":"post","link":"https:\/\/verdadeon.com.br\/portal\/2021\/07\/15\/sepultada-em-franca-jovem-que-morreu-em-acidente-na-avenida-alagoas\/","title":{"rendered":"Sepultada em Franca jovem que morreu em acidente na avenida Alagoas"},"content":{"rendered":"<h2>A v\u00edtima chegou a ser levada para a Santa Casa de Franca, mas n\u00e3o resistiu aos ferimentos<\/h2>\n<p>Foi sepultada no cemit\u00e9rio Jardim das Oliveiras no in\u00edcio da tarde desta quinta-feira (15), a jovem Nayane Gouveia, de 23 anos. Ela foi velada no Memorial Nova Franca, na Vila Aparecida.<\/p>\n<p>A francana perdeu a vida ap\u00f3s se envolver em um acidente na avenida Alagoas, no Paulista na zona leste da cidade na quarta-feira (14). Imagens de c\u00e2meras de seguran\u00e7a mostraram quando a v\u00edtima atropela um cachorro, perde o controle da motocicleta, invade a pista contr\u00e1ria e bate de frente com um ve\u00edculo que fazia o sentido oposto.<\/p>\n<p>Com o impacto, Nayane foi arremessada e bateu violentamente com a cabe\u00e7a no ch\u00e3o. Ela sofreu um traumatismo craniano al\u00e9m de fraturas pelo corpo. A v\u00edtima chegou a ser socorrida e levada para a Santa Casa de Franca, mas n\u00e3o resistiu aos ferimentos.<\/p>\n<p>O pedreiro que conduzia o ve\u00edculo que se envolveu no acidente, afirmou para a Pol\u00edcia Militar que n\u00e3o estava em alta velocidade, mas que n\u00e3o teve tempo de evitar a colis\u00e3o. Ele estava em estado de choque com o acidente, que agora ser\u00e1 apurado pela Pol\u00edcia Civil.<\/p>\n","protected":false},"excerpt":{"rendered":"<p>A v\u00edtima chegou a ser levada para a Santa Casa de Franca, mas n\u00e3o resistiu aos ferimentos Foi sepultada no cemit\u00e9rio Jardim das Oliveiras no in\u00edcio<span class=\"excerpt-hellip\"> [\u2026]<\/span><\/p>\n","protected":false},"author":7,"featured_media":17936,"comment_status":"open","ping_status":"open","sticky":false,"template":"","format":"standard","meta":{"_jetpack_memberships_contains_paid_content":false,"footnotes":"","jetpack_publicize_message":"","jetpack_publicize_feature_enabled":true,"jetpack_social_post_already_shared":false,"jetpack_social_options":{"image_generator_settings":{"template":"highway","default_image_id":0,"enabled":false},"version":2}},"categories":[28,81],"tags":[],"class_list":["post-17970","post","type-post","status-publish","format-standard","has-post-thumbnail","hentry","category-cotidiano","category-manchete"],"yoast_head":"<!-- This site is optimized with the Yoast SEO plugin v25.6 - https:\/\/yoast.com\/wordpress\/plugins\/seo\/ -->\n<title>Sepultada em Franca jovem que morreu em acidente na avenida Alagoas - VerdadeOn<\/title>\n<meta name=\"robots\" content=\"index, follow, max-snippet:-1, max-image-preview:large, max-video-preview:-1\" \/>\n<link rel=\"canonical\" href=\"https:\/\/verdadeon.com.br\/portal\/2021\/07\/15\/sepultada-em-franca-jovem-que-morreu-em-acidente-na-avenida-alagoas\/\" \/>\n<meta property=\"og:locale\" content=\"pt_BR\" \/>\n<meta property=\"og:type\" content=\"article\" \/>\n<meta property=\"og:title\" content=\"Sepultada em Franca jovem que morreu em acidente na avenida Alagoas - VerdadeOn\" \/>\n<meta property=\"og:description\" content=\"A v\u00edtima chegou a ser levada para a Santa Casa de Franca, mas n\u00e3o resistiu aos ferimentos Foi sepultada no cemit\u00e9rio Jardim das Oliveiras no in\u00edcio [\u2026]\" \/>\n<meta property=\"og:url\" content=\"https:\/\/verdadeon.com.br\/portal\/2021\/07\/15\/sepultada-em-franca-jovem-que-morreu-em-acidente-na-avenida-alagoas\/\" \/>\n<meta property=\"og:site_name\" content=\"VerdadeOn\" \/>\n<meta property=\"article:published_time\" content=\"2021-07-15T16:10:25+00:00\" \/>\n<meta property=\"og:image\" content=\"https:\/\/verdadeon.com.br\/portal\/wp-content\/uploads\/2021\/07\/Sem-Titulo-1-3.jpg\" \/>\n\t<meta property=\"og:image:width\" content=\"1000\" \/>\n\t<meta property=\"og:image:height\" content=\"670\" \/>\n\t<meta property=\"og:image:type\" content=\"image\/jpeg\" \/>\n<meta name=\"author\" content=\"Fernando Lima\" \/>\n<meta name=\"twitter:card\" content=\"summary_large_image\" \/>\n<meta name=\"twitter:label1\" content=\"Escrito por\" \/>\n\t<meta name=\"twitter:data1\" content=\"Fernando Lima\" \/>\n\t<meta name=\"twitter:label2\" content=\"Est. tempo de leitura\" \/>\n\t<meta name=\"twitter:data2\" content=\"1 minuto\" \/>\n<script type=\"application\/ld+json\" class=\"yoast-schema-graph\">{\"@context\":\"https:\/\/schema.org\",\"@graph\":[{\"@type\":\"WebPage\",\"@id\":\"https:\/\/verdadeon.com.br\/portal\/2021\/07\/15\/sepultada-em-franca-jovem-que-morreu-em-acidente-na-avenida-alagoas\/\",\"url\":\"https:\/\/verdadeon.com.br\/portal\/2021\/07\/15\/sepultada-em-franca-jovem-que-morreu-em-acidente-na-avenida-alagoas\/\",\"name\":\"Sepultada em Franca jovem que morreu em acidente na avenida Alagoas - VerdadeOn\",\"isPartOf\":{\"@id\":\"https:\/\/verdadeon.com.br\/portal\/#website\"},\"primaryImageOfPage\":{\"@id\":\"https:\/\/verdadeon.com.br\/portal\/2021\/07\/15\/sepultada-em-franca-jovem-que-morreu-em-acidente-na-avenida-alagoas\/#primaryimage\"},\"image\":{\"@id\":\"https:\/\/verdadeon.com.br\/portal\/2021\/07\/15\/sepultada-em-franca-jovem-que-morreu-em-acidente-na-avenida-alagoas\/#primaryimage\"},\"thumbnailUrl\":\"https:\/\/i0.wp.com\/verdadeon.com.br\/portal\/wp-content\/uploads\/2021\/07\/Sem-Titulo-1-3.jpg?fit=1000%2C670&ssl=1\",\"datePublished\":\"2021-07-15T16:10:25+00:00\",\"author\":{\"@id\":\"https:\/\/verdadeon.com.br\/portal\/#\/schema\/person\/cc32be22b8e8599387c480bc83e1d11a\"},\"breadcrumb\":{\"@id\":\"https:\/\/verdadeon.com.br\/portal\/2021\/07\/15\/sepultada-em-franca-jovem-que-morreu-em-acidente-na-avenida-alagoas\/#breadcrumb\"},\"inLanguage\":\"pt-BR\",\"potentialAction\":[{\"@type\":\"ReadAction\",\"target\":[\"https:\/\/verdadeon.com.br\/portal\/2021\/07\/15\/sepultada-em-franca-jovem-que-morreu-em-acidente-na-avenida-alagoas\/\"]}]},{\"@type\":\"ImageObject\",\"inLanguage\":\"pt-BR\",\"@id\":\"https:\/\/verdadeon.com.br\/portal\/2021\/07\/15\/sepultada-em-franca-jovem-que-morreu-em-acidente-na-avenida-alagoas\/#primaryimage\",\"url\":\"https:\/\/i0.wp.com\/verdadeon.com.br\/portal\/wp-content\/uploads\/2021\/07\/Sem-Titulo-1-3.jpg?fit=1000%2C670&ssl=1\",\"contentUrl\":\"https:\/\/i0.wp.com\/verdadeon.com.br\/portal\/wp-content\/uploads\/2021\/07\/Sem-Titulo-1-3.jpg?fit=1000%2C670&ssl=1\",\"width\":1000,\"height\":670,\"caption\":\"A v\u00edtima tinha 23 anos e perdeu o controle ap\u00f3s atropelar um cachorro. O corpo de Nayane foi levado para o IML e ap\u00f3s liberado para familiares | Foto: Reprodu\u00e7\u00e3o\"},{\"@type\":\"BreadcrumbList\",\"@id\":\"https:\/\/verdadeon.com.br\/portal\/2021\/07\/15\/sepultada-em-franca-jovem-que-morreu-em-acidente-na-avenida-alagoas\/#breadcrumb\",\"itemListElement\":[{\"@type\":\"ListItem\",\"position\":1,\"name\":\"In\u00edcio\",\"item\":\"https:\/\/verdadeon.com.br\/portal\/\"},{\"@type\":\"ListItem\",\"position\":2,\"name\":\"Sepultada em Franca jovem que morreu em acidente na avenida Alagoas\"}]},{\"@type\":\"WebSite\",\"@id\":\"https:\/\/verdadeon.com.br\/portal\/#website\",\"url\":\"https:\/\/verdadeon.com.br\/portal\/\",\"name\":\"VerdadeOn\",\"description\":\"Not\u00edcias di\u00e1rias sobre Franca, Regi\u00e3o, Esporte, Cultura, Cotidiano, Colunas. Cobertura nos principais eventos da cidade \u00e9 aqui - Verdadeon Franca\",\"potentialAction\":[{\"@type\":\"SearchAction\",\"target\":{\"@type\":\"EntryPoint\",\"urlTemplate\":\"https:\/\/verdadeon.com.br\/portal\/?s={search_term_string}\"},\"query-input\":{\"@type\":\"PropertyValueSpecification\",\"valueRequired\":true,\"valueName\":\"search_term_string\"}}],\"inLanguage\":\"pt-BR\"},{\"@type\":\"Person\",\"@id\":\"https:\/\/verdadeon.com.br\/portal\/#\/schema\/person\/cc32be22b8e8599387c480bc83e1d11a\",\"name\":\"Fernando Lima\",\"image\":{\"@type\":\"ImageObject\",\"inLanguage\":\"pt-BR\",\"@id\":\"https:\/\/verdadeon.com.br\/portal\/#\/schema\/person\/image\/\",\"url\":\"https:\/\/secure.gravatar.com\/avatar\/df4c8e132080d2b3a4841d5d232045464e0eed11a1d6e43115ca0843d48768d3?s=96&d=mm&r=g\",\"contentUrl\":\"https:\/\/secure.gravatar.com\/avatar\/df4c8e132080d2b3a4841d5d232045464e0eed11a1d6e43115ca0843d48768d3?s=96&d=mm&r=g\",\"caption\":\"Fernando Lima\"},\"sameAs\":[\"http:\/\/verdadeon.com.br\/\"],\"url\":\"https:\/\/verdadeon.com.br\/portal\/author\/fernando-lima\/\"}]}<\/script>\n<!-- \/ Yoast SEO plugin. -->","yoast_head_json":{"title":"Sepultada em Franca jovem que morreu em acidente na avenida Alagoas - VerdadeOn","robots":{"index":"index","follow":"follow","max-snippet":"max-snippet:-1","max-image-preview":"max-image-preview:large","max-video-preview":"max-video-preview:-1"},"canonical":"https:\/\/verdadeon.com.br\/portal\/2021\/07\/15\/sepultada-em-franca-jovem-que-morreu-em-acidente-na-avenida-alagoas\/","og_locale":"pt_BR","og_type":"article","og_title":"Sepultada em Franca jovem que morreu em acidente na avenida Alagoas - VerdadeOn","og_description":"A v\u00edtima chegou a ser levada para a Santa Casa de Franca, mas n\u00e3o resistiu aos ferimentos Foi sepultada no cemit\u00e9rio Jardim das Oliveiras no in\u00edcio [\u2026]","og_url":"https:\/\/verdadeon.com.br\/portal\/2021\/07\/15\/sepultada-em-franca-jovem-que-morreu-em-acidente-na-avenida-alagoas\/","og_site_name":"VerdadeOn","article_published_time":"2021-07-15T16:10:25+00:00","og_image":[{"width":1000,"height":670,"url":"https:\/\/verdadeon.com.br\/portal\/wp-content\/uploads\/2021\/07\/Sem-Titulo-1-3.jpg","type":"image\/jpeg"}],"author":"Fernando Lima","twitter_card":"summary_large_image","twitter_misc":{"Escrito por":"Fernando Lima","Est. tempo de leitura":"1 minuto"},"schema":{"@context":"https:\/\/schema.org","@graph":[{"@type":"WebPage","@id":"https:\/\/verdadeon.com.br\/portal\/2021\/07\/15\/sepultada-em-franca-jovem-que-morreu-em-acidente-na-avenida-alagoas\/","url":"https:\/\/verdadeon.com.br\/portal\/2021\/07\/15\/sepultada-em-franca-jovem-que-morreu-em-acidente-na-avenida-alagoas\/","name":"Sepultada em Franca jovem que morreu em acidente na avenida Alagoas - VerdadeOn","isPartOf":{"@id":"https:\/\/verdadeon.com.br\/portal\/#website"},"primaryImageOfPage":{"@id":"https:\/\/verdadeon.com.br\/portal\/2021\/07\/15\/sepultada-em-franca-jovem-que-morreu-em-acidente-na-avenida-alagoas\/#primaryimage"},"image":{"@id":"https:\/\/verdadeon.com.br\/portal\/2021\/07\/15\/sepultada-em-franca-jovem-que-morreu-em-acidente-na-avenida-alagoas\/#primaryimage"},"thumbnailUrl":"https:\/\/i0.wp.com\/verdadeon.com.br\/portal\/wp-content\/uploads\/2021\/07\/Sem-Titulo-1-3.jpg?fit=1000%2C670&ssl=1","datePublished":"2021-07-15T16:10:25+00:00","author":{"@id":"https:\/\/verdadeon.com.br\/portal\/#\/schema\/person\/cc32be22b8e8599387c480bc83e1d11a"},"breadcrumb":{"@id":"https:\/\/verdadeon.com.br\/portal\/2021\/07\/15\/sepultada-em-franca-jovem-que-morreu-em-acidente-na-avenida-alagoas\/#breadcrumb"},"inLanguage":"pt-BR","potentialAction":[{"@type":"ReadAction","target":["https:\/\/verdadeon.com.br\/portal\/2021\/07\/15\/sepultada-em-franca-jovem-que-morreu-em-acidente-na-avenida-alagoas\/"]}]},{"@type":"ImageObject","inLanguage":"pt-BR","@id":"https:\/\/verdadeon.com.br\/portal\/2021\/07\/15\/sepultada-em-franca-jovem-que-morreu-em-acidente-na-avenida-alagoas\/#primaryimage","url":"https:\/\/i0.wp.com\/verdadeon.com.br\/portal\/wp-content\/uploads\/2021\/07\/Sem-Titulo-1-3.jpg?fit=1000%2C670&ssl=1","contentUrl":"https:\/\/i0.wp.com\/verdadeon.com.br\/portal\/wp-content\/uploads\/2021\/07\/Sem-Titulo-1-3.jpg?fit=1000%2C670&ssl=1","width":1000,"height":670,"caption":"A v\u00edtima tinha 23 anos e perdeu o controle ap\u00f3s atropelar um cachorro. O corpo de Nayane foi levado para o IML e ap\u00f3s liberado para familiares | Foto: Reprodu\u00e7\u00e3o"},{"@type":"BreadcrumbList","@id":"https:\/\/verdadeon.com.br\/portal\/2021\/07\/15\/sepultada-em-franca-jovem-que-morreu-em-acidente-na-avenida-alagoas\/#breadcrumb","itemListElement":[{"@type":"ListItem","position":1,"name":"In\u00edcio","item":"https:\/\/verdadeon.com.br\/portal\/"},{"@type":"ListItem","position":2,"name":"Sepultada em Franca jovem que morreu em acidente na avenida Alagoas"}]},{"@type":"WebSite","@id":"https:\/\/verdadeon.com.br\/portal\/#website","url":"https:\/\/verdadeon.com.br\/portal\/","name":"VerdadeOn","description":"Not\u00edcias di\u00e1rias sobre Franca, Regi\u00e3o, Esporte, Cultura, Cotidiano, Colunas. Cobertura nos principais eventos da cidade \u00e9 aqui - Verdadeon Franca","potentialAction":[{"@type":"SearchAction","target":{"@type":"EntryPoint","urlTemplate":"https:\/\/verdadeon.com.br\/portal\/?s={search_term_string}"},"query-input":{"@type":"PropertyValueSpecification","valueRequired":true,"valueName":"search_term_string"}}],"inLanguage":"pt-BR"},{"@type":"Person","@id":"https:\/\/verdadeon.com.br\/portal\/#\/schema\/person\/cc32be22b8e8599387c480bc83e1d11a","name":"Fernando Lima","image":{"@type":"ImageObject","inLanguage":"pt-BR","@id":"https:\/\/verdadeon.com.br\/portal\/#\/schema\/person\/image\/","url":"https:\/\/secure.gravatar.com\/avatar\/df4c8e132080d2b3a4841d5d232045464e0eed11a1d6e43115ca0843d48768d3?s=96&d=mm&r=g","contentUrl":"https:\/\/secure.gravatar.com\/avatar\/df4c8e132080d2b3a4841d5d232045464e0eed11a1d6e43115ca0843d48768d3?s=96&d=mm&r=g","caption":"Fernando Lima"},"sameAs":["http:\/\/verdadeon.com.br\/"],"url":"https:\/\/verdadeon.com.br\/portal\/author\/fernando-lima\/"}]}},"jetpack_publicize_connections":[],"jetpack_featured_media_url":"https:\/\/i0.wp.com\/verdadeon.com.br\/portal\/wp-content\/uploads\/2021\/07\/Sem-Titulo-1-3.jpg?fit=1000%2C670&ssl=1","jetpack_sharing_enabled":true,"_links":{"self":[{"href":"https:\/\/verdadeon.com.br\/portal\/wp-json\/wp\/v2\/posts\/17970","targetHints":{"allow":["GET"]}}],"collection":[{"href":"https:\/\/verdadeon.com.br\/portal\/wp-json\/wp\/v2\/posts"}],"about":[{"href":"https:\/\/verdadeon.com.br\/portal\/wp-json\/wp\/v2\/types\/post"}],"author":[{"embeddable":true,"href":"https:\/\/verdadeon.com.br\/portal\/wp-json\/wp\/v2\/users\/7"}],"replies":[{"embeddable":true,"href":"https:\/\/verdadeon.com.br\/portal\/wp-json\/wp\/v2\/comments?post=17970"}],"version-history":[{"count":0,"href":"https:\/\/verdadeon.com.br\/portal\/wp-json\/wp\/v2\/posts\/17970\/revisions"}],"wp:featuredmedia":[{"embeddable":true,"href":"https:\/\/verdadeon.com.br\/portal\/wp-json\/wp\/v2\/media\/17936"}],"wp:attachment":[{"href":"https:\/\/verdadeon.com.br\/portal\/wp-json\/wp\/v2\/media?parent=17970"}],"wp:term":[{"taxonomy":"category","embeddable":true,"href":"https:\/\/verdadeon.com.br\/portal\/wp-json\/wp\/v2\/categories?post=17970"},{"taxonomy":"post_tag","embeddable":true,"href":"https:\/\/verdadeon.com.br\/portal\/wp-json\/wp\/v2\/tags?post=17970"}],"curies":[{"name":"wp","href":"https:\/\/api.w.org\/{rel}","templated":true}]}}