{"id":17967,"date":"2021-07-15T12:31:14","date_gmt":"2021-07-15T15:31:14","guid":{"rendered":"https:\/\/verdadeon.com.br\/portal\/?p=17967"},"modified":"2021-07-15T12:31:14","modified_gmt":"2021-07-15T15:31:14","slug":"policia-ambiental-inicia-operacao-curupira-nesta-sexta-feira","status":"publish","type":"post","link":"https:\/\/verdadeon.com.br\/portal\/2021\/07\/15\/policia-ambiental-inicia-operacao-curupira-nesta-sexta-feira\/","title":{"rendered":"Pol\u00edcia Ambiental inicia \u2018Opera\u00e7\u00e3o Curupira\u2019 nesta sexta-feira"},"content":{"rendered":"<h2>P.A. vai lan\u00e7ar ainda a campanha &#8220;Pol\u00edcia Militar Ambiental, h\u00e1 72 anos protegendo as florestas&#8221;<\/h2>\n<p>A Pol\u00edcia Ambiental do Estado de S\u00e3o Paulo d\u00e1 in\u00edcio a Opera\u00e7\u00e3o Curupira, que acontece nos dias 16 e 17 de julho. De acordo com o \u00f3rg\u00e3o, ser\u00e3o mais de 1.200 policiais militares e 450 viaturas, entre quatro rodas, n\u00e1uticas e drones, que realizar\u00e3o o policiamento ostensivo mar\u00edtimo e terrestre vistoriando infra\u00e7\u00f5es ao Meio Ambiente, principalmente os que p\u00f5em em risco a Qualidade de Vida, Seguran\u00e7a e Sa\u00fade P\u00fablica.<\/p>\n<p>Al\u00e9m da a\u00e7\u00e3o operacional, a data marca a participa\u00e7\u00e3o da sociedade atrav\u00e9s da campanha que ser\u00e1 lan\u00e7ada nas redes sociais da Pol\u00edcia Militar Ambiental, com o tema \u201cPol\u00edcia Militar Ambiental h\u00e1 72 anos protegendo as Florestas\u201d.<\/p>\n<p>O Dia de Prote\u00e7\u00e3o \u00e0s Florestas \u00e9 comemorado anualmente, em 17 de julho, data que tamb\u00e9m marca o \u201cDia do Curupira\u201d, cujo personagem \u00e9 considerado o protetor das Florestas contra degradadores criminosos.<\/p>\n<p>\u201cAtacar as Florestas significa atentar contra a vida do ser humano, visto que destr\u00f3i fontes de \u00e1gua doce e com elas, tanto a fauna quanto a flora s\u00e3o afetadas. O desflorestamento fragiliza o solo, expondo-o \u00e0 eros\u00e3o, e tamb\u00e9m leva ao aumento da temperatura, al\u00e9m de outras consequ\u00eancias negativas. Assim, tamb\u00e9m sofrem os animais silvestres, pois muitos dependem das florestas para assegurar sua sobreviv\u00eancia\u201d, informou a assessoria da Pol\u00edcia Ambiental.<\/p>\n<p>A Mata Atl\u00e2ntica \u00e9 um dos biomas mais ricos em biodiversidade, em S\u00e3o Paulo possui um \u00edndice de remanescentes de 32,6%, segundo o Invent\u00e1rio Florestal (2020) da Secretaria de Infraestrutura e Meio Ambiente. Entre as dezenas de Unidades de Conserva\u00e7\u00e3o, a vertente atl\u00e2ntica apresenta as melhores condi\u00e7\u00f5es de cobertura vegetal nativa e de \u00e1reas protegidas, com destaque para a Serra do Mar.<\/p>\n","protected":false},"excerpt":{"rendered":"<p>P.A. vai lan\u00e7ar ainda a campanha &#8220;Pol\u00edcia Militar Ambiental, h\u00e1 72 anos protegendo as florestas&#8221; A Pol\u00edcia Ambiental do Estado de S\u00e3o Paulo d\u00e1 in\u00edcio a<span class=\"excerpt-hellip\"> [\u2026]<\/span><\/p>\n","protected":false},"author":7,"featured_media":17968,"comment_status":"open","ping_status":"open","sticky":false,"template":"","format":"standard","meta":{"_jetpack_memberships_contains_paid_content":false,"footnotes":"","jetpack_publicize_message":"","jetpack_publicize_feature_enabled":true,"jetpack_social_post_already_shared":false,"jetpack_social_options":{"image_generator_settings":{"template":"highway","default_image_id":0,"enabled":false},"version":2}},"categories":[28,44],"tags":[],"class_list":["post-17967","post","type-post","status-publish","format-standard","has-post-thumbnail","hentry","category-cotidiano","category-noticias"],"yoast_head":"<!-- This site is optimized with the Yoast SEO plugin v25.6 - https:\/\/yoast.com\/wordpress\/plugins\/seo\/ -->\n<title>Pol\u00edcia Ambiental inicia \u2018Opera\u00e7\u00e3o Curupira\u2019 nesta sexta-feira - VerdadeOn<\/title>\n<meta name=\"robots\" content=\"index, follow, max-snippet:-1, max-image-preview:large, max-video-preview:-1\" \/>\n<link rel=\"canonical\" href=\"https:\/\/verdadeon.com.br\/portal\/2021\/07\/15\/policia-ambiental-inicia-operacao-curupira-nesta-sexta-feira\/\" \/>\n<meta property=\"og:locale\" content=\"pt_BR\" \/>\n<meta property=\"og:type\" content=\"article\" \/>\n<meta property=\"og:title\" content=\"Pol\u00edcia Ambiental inicia \u2018Opera\u00e7\u00e3o Curupira\u2019 nesta sexta-feira - VerdadeOn\" \/>\n<meta property=\"og:description\" content=\"P.A. vai lan\u00e7ar ainda a campanha &#8220;Pol\u00edcia Militar Ambiental, h\u00e1 72 anos protegendo as florestas&#8221; A Pol\u00edcia Ambiental do Estado de S\u00e3o Paulo d\u00e1 in\u00edcio a [\u2026]\" \/>\n<meta property=\"og:url\" content=\"https:\/\/verdadeon.com.br\/portal\/2021\/07\/15\/policia-ambiental-inicia-operacao-curupira-nesta-sexta-feira\/\" \/>\n<meta property=\"og:site_name\" content=\"VerdadeOn\" \/>\n<meta property=\"article:published_time\" content=\"2021-07-15T15:31:14+00:00\" \/>\n<meta property=\"og:image\" content=\"https:\/\/verdadeon.com.br\/portal\/wp-content\/uploads\/2021\/07\/POLICIA-AMBIENTAL-e1626362975705.jpeg\" \/>\n\t<meta property=\"og:image:width\" content=\"1001\" \/>\n\t<meta property=\"og:image:height\" content=\"668\" \/>\n\t<meta property=\"og:image:type\" content=\"image\/jpeg\" \/>\n<meta name=\"author\" content=\"Fernando Lima\" \/>\n<meta name=\"twitter:card\" content=\"summary_large_image\" \/>\n<meta name=\"twitter:label1\" content=\"Escrito por\" \/>\n\t<meta name=\"twitter:data1\" content=\"Fernando Lima\" \/>\n\t<meta name=\"twitter:label2\" content=\"Est. tempo de leitura\" \/>\n\t<meta name=\"twitter:data2\" content=\"2 minutos\" \/>\n<script type=\"application\/ld+json\" class=\"yoast-schema-graph\">{\"@context\":\"https:\/\/schema.org\",\"@graph\":[{\"@type\":\"WebPage\",\"@id\":\"https:\/\/verdadeon.com.br\/portal\/2021\/07\/15\/policia-ambiental-inicia-operacao-curupira-nesta-sexta-feira\/\",\"url\":\"https:\/\/verdadeon.com.br\/portal\/2021\/07\/15\/policia-ambiental-inicia-operacao-curupira-nesta-sexta-feira\/\",\"name\":\"Pol\u00edcia Ambiental inicia \u2018Opera\u00e7\u00e3o Curupira\u2019 nesta sexta-feira - VerdadeOn\",\"isPartOf\":{\"@id\":\"https:\/\/verdadeon.com.br\/portal\/#website\"},\"primaryImageOfPage\":{\"@id\":\"https:\/\/verdadeon.com.br\/portal\/2021\/07\/15\/policia-ambiental-inicia-operacao-curupira-nesta-sexta-feira\/#primaryimage\"},\"image\":{\"@id\":\"https:\/\/verdadeon.com.br\/portal\/2021\/07\/15\/policia-ambiental-inicia-operacao-curupira-nesta-sexta-feira\/#primaryimage\"},\"thumbnailUrl\":\"https:\/\/i0.wp.com\/verdadeon.com.br\/portal\/wp-content\/uploads\/2021\/07\/POLICIA-AMBIENTAL-e1626362975705.jpeg?fit=1001%2C668&ssl=1\",\"datePublished\":\"2021-07-15T15:31:14+00:00\",\"author\":{\"@id\":\"https:\/\/verdadeon.com.br\/portal\/#\/schema\/person\/cc32be22b8e8599387c480bc83e1d11a\"},\"breadcrumb\":{\"@id\":\"https:\/\/verdadeon.com.br\/portal\/2021\/07\/15\/policia-ambiental-inicia-operacao-curupira-nesta-sexta-feira\/#breadcrumb\"},\"inLanguage\":\"pt-BR\",\"potentialAction\":[{\"@type\":\"ReadAction\",\"target\":[\"https:\/\/verdadeon.com.br\/portal\/2021\/07\/15\/policia-ambiental-inicia-operacao-curupira-nesta-sexta-feira\/\"]}]},{\"@type\":\"ImageObject\",\"inLanguage\":\"pt-BR\",\"@id\":\"https:\/\/verdadeon.com.br\/portal\/2021\/07\/15\/policia-ambiental-inicia-operacao-curupira-nesta-sexta-feira\/#primaryimage\",\"url\":\"https:\/\/i0.wp.com\/verdadeon.com.br\/portal\/wp-content\/uploads\/2021\/07\/POLICIA-AMBIENTAL-e1626362975705.jpeg?fit=1001%2C668&ssl=1\",\"contentUrl\":\"https:\/\/i0.wp.com\/verdadeon.com.br\/portal\/wp-content\/uploads\/2021\/07\/POLICIA-AMBIENTAL-e1626362975705.jpeg?fit=1001%2C668&ssl=1\",\"width\":1001,\"height\":668,\"caption\":\"Grandes opera\u00e7\u00f5es foram realizadas em parceria com MP de S\u00e3o Paulo, por meio do Grupo de Atua\u00e7\u00e3o Especializada em Meio Ambiente (GAEMA), com o objetivo de prevenir os inc\u00eandios florestais | Foto: Divulga\u00e7\u00e3o\/ Pol\u00edcia Ambiental\"},{\"@type\":\"BreadcrumbList\",\"@id\":\"https:\/\/verdadeon.com.br\/portal\/2021\/07\/15\/policia-ambiental-inicia-operacao-curupira-nesta-sexta-feira\/#breadcrumb\",\"itemListElement\":[{\"@type\":\"ListItem\",\"position\":1,\"name\":\"In\u00edcio\",\"item\":\"https:\/\/verdadeon.com.br\/portal\/\"},{\"@type\":\"ListItem\",\"position\":2,\"name\":\"Pol\u00edcia Ambiental inicia \u2018Opera\u00e7\u00e3o Curupira\u2019 nesta sexta-feira\"}]},{\"@type\":\"WebSite\",\"@id\":\"https:\/\/verdadeon.com.br\/portal\/#website\",\"url\":\"https:\/\/verdadeon.com.br\/portal\/\",\"name\":\"VerdadeOn\",\"description\":\"Not\u00edcias di\u00e1rias sobre Franca, Regi\u00e3o, Esporte, Cultura, Cotidiano, Colunas. Cobertura nos principais eventos da cidade \u00e9 aqui - Verdadeon Franca\",\"potentialAction\":[{\"@type\":\"SearchAction\",\"target\":{\"@type\":\"EntryPoint\",\"urlTemplate\":\"https:\/\/verdadeon.com.br\/portal\/?s={search_term_string}\"},\"query-input\":{\"@type\":\"PropertyValueSpecification\",\"valueRequired\":true,\"valueName\":\"search_term_string\"}}],\"inLanguage\":\"pt-BR\"},{\"@type\":\"Person\",\"@id\":\"https:\/\/verdadeon.com.br\/portal\/#\/schema\/person\/cc32be22b8e8599387c480bc83e1d11a\",\"name\":\"Fernando Lima\",\"image\":{\"@type\":\"ImageObject\",\"inLanguage\":\"pt-BR\",\"@id\":\"https:\/\/verdadeon.com.br\/portal\/#\/schema\/person\/image\/\",\"url\":\"https:\/\/secure.gravatar.com\/avatar\/df4c8e132080d2b3a4841d5d232045464e0eed11a1d6e43115ca0843d48768d3?s=96&d=mm&r=g\",\"contentUrl\":\"https:\/\/secure.gravatar.com\/avatar\/df4c8e132080d2b3a4841d5d232045464e0eed11a1d6e43115ca0843d48768d3?s=96&d=mm&r=g\",\"caption\":\"Fernando Lima\"},\"sameAs\":[\"http:\/\/verdadeon.com.br\/\"],\"url\":\"https:\/\/verdadeon.com.br\/portal\/author\/fernando-lima\/\"}]}<\/script>\n<!-- \/ Yoast SEO plugin. -->","yoast_head_json":{"title":"Pol\u00edcia Ambiental inicia \u2018Opera\u00e7\u00e3o Curupira\u2019 nesta sexta-feira - VerdadeOn","robots":{"index":"index","follow":"follow","max-snippet":"max-snippet:-1","max-image-preview":"max-image-preview:large","max-video-preview":"max-video-preview:-1"},"canonical":"https:\/\/verdadeon.com.br\/portal\/2021\/07\/15\/policia-ambiental-inicia-operacao-curupira-nesta-sexta-feira\/","og_locale":"pt_BR","og_type":"article","og_title":"Pol\u00edcia Ambiental inicia \u2018Opera\u00e7\u00e3o Curupira\u2019 nesta sexta-feira - VerdadeOn","og_description":"P.A. vai lan\u00e7ar ainda a campanha &#8220;Pol\u00edcia Militar Ambiental, h\u00e1 72 anos protegendo as florestas&#8221; A Pol\u00edcia Ambiental do Estado de S\u00e3o Paulo d\u00e1 in\u00edcio a [\u2026]","og_url":"https:\/\/verdadeon.com.br\/portal\/2021\/07\/15\/policia-ambiental-inicia-operacao-curupira-nesta-sexta-feira\/","og_site_name":"VerdadeOn","article_published_time":"2021-07-15T15:31:14+00:00","og_image":[{"width":1001,"height":668,"url":"https:\/\/verdadeon.com.br\/portal\/wp-content\/uploads\/2021\/07\/POLICIA-AMBIENTAL-e1626362975705.jpeg","type":"image\/jpeg"}],"author":"Fernando Lima","twitter_card":"summary_large_image","twitter_misc":{"Escrito por":"Fernando Lima","Est. tempo de leitura":"2 minutos"},"schema":{"@context":"https:\/\/schema.org","@graph":[{"@type":"WebPage","@id":"https:\/\/verdadeon.com.br\/portal\/2021\/07\/15\/policia-ambiental-inicia-operacao-curupira-nesta-sexta-feira\/","url":"https:\/\/verdadeon.com.br\/portal\/2021\/07\/15\/policia-ambiental-inicia-operacao-curupira-nesta-sexta-feira\/","name":"Pol\u00edcia Ambiental inicia \u2018Opera\u00e7\u00e3o Curupira\u2019 nesta sexta-feira - VerdadeOn","isPartOf":{"@id":"https:\/\/verdadeon.com.br\/portal\/#website"},"primaryImageOfPage":{"@id":"https:\/\/verdadeon.com.br\/portal\/2021\/07\/15\/policia-ambiental-inicia-operacao-curupira-nesta-sexta-feira\/#primaryimage"},"image":{"@id":"https:\/\/verdadeon.com.br\/portal\/2021\/07\/15\/policia-ambiental-inicia-operacao-curupira-nesta-sexta-feira\/#primaryimage"},"thumbnailUrl":"https:\/\/i0.wp.com\/verdadeon.com.br\/portal\/wp-content\/uploads\/2021\/07\/POLICIA-AMBIENTAL-e1626362975705.jpeg?fit=1001%2C668&ssl=1","datePublished":"2021-07-15T15:31:14+00:00","author":{"@id":"https:\/\/verdadeon.com.br\/portal\/#\/schema\/person\/cc32be22b8e8599387c480bc83e1d11a"},"breadcrumb":{"@id":"https:\/\/verdadeon.com.br\/portal\/2021\/07\/15\/policia-ambiental-inicia-operacao-curupira-nesta-sexta-feira\/#breadcrumb"},"inLanguage":"pt-BR","potentialAction":[{"@type":"ReadAction","target":["https:\/\/verdadeon.com.br\/portal\/2021\/07\/15\/policia-ambiental-inicia-operacao-curupira-nesta-sexta-feira\/"]}]},{"@type":"ImageObject","inLanguage":"pt-BR","@id":"https:\/\/verdadeon.com.br\/portal\/2021\/07\/15\/policia-ambiental-inicia-operacao-curupira-nesta-sexta-feira\/#primaryimage","url":"https:\/\/i0.wp.com\/verdadeon.com.br\/portal\/wp-content\/uploads\/2021\/07\/POLICIA-AMBIENTAL-e1626362975705.jpeg?fit=1001%2C668&ssl=1","contentUrl":"https:\/\/i0.wp.com\/verdadeon.com.br\/portal\/wp-content\/uploads\/2021\/07\/POLICIA-AMBIENTAL-e1626362975705.jpeg?fit=1001%2C668&ssl=1","width":1001,"height":668,"caption":"Grandes opera\u00e7\u00f5es foram realizadas em parceria com MP de S\u00e3o Paulo, por meio do Grupo de Atua\u00e7\u00e3o Especializada em Meio Ambiente (GAEMA), com o objetivo de prevenir os inc\u00eandios florestais | Foto: Divulga\u00e7\u00e3o\/ Pol\u00edcia Ambiental"},{"@type":"BreadcrumbList","@id":"https:\/\/verdadeon.com.br\/portal\/2021\/07\/15\/policia-ambiental-inicia-operacao-curupira-nesta-sexta-feira\/#breadcrumb","itemListElement":[{"@type":"ListItem","position":1,"name":"In\u00edcio","item":"https:\/\/verdadeon.com.br\/portal\/"},{"@type":"ListItem","position":2,"name":"Pol\u00edcia Ambiental inicia \u2018Opera\u00e7\u00e3o Curupira\u2019 nesta sexta-feira"}]},{"@type":"WebSite","@id":"https:\/\/verdadeon.com.br\/portal\/#website","url":"https:\/\/verdadeon.com.br\/portal\/","name":"VerdadeOn","description":"Not\u00edcias di\u00e1rias sobre Franca, Regi\u00e3o, Esporte, Cultura, Cotidiano, Colunas. Cobertura nos principais eventos da cidade \u00e9 aqui - Verdadeon Franca","potentialAction":[{"@type":"SearchAction","target":{"@type":"EntryPoint","urlTemplate":"https:\/\/verdadeon.com.br\/portal\/?s={search_term_string}"},"query-input":{"@type":"PropertyValueSpecification","valueRequired":true,"valueName":"search_term_string"}}],"inLanguage":"pt-BR"},{"@type":"Person","@id":"https:\/\/verdadeon.com.br\/portal\/#\/schema\/person\/cc32be22b8e8599387c480bc83e1d11a","name":"Fernando Lima","image":{"@type":"ImageObject","inLanguage":"pt-BR","@id":"https:\/\/verdadeon.com.br\/portal\/#\/schema\/person\/image\/","url":"https:\/\/secure.gravatar.com\/avatar\/df4c8e132080d2b3a4841d5d232045464e0eed11a1d6e43115ca0843d48768d3?s=96&d=mm&r=g","contentUrl":"https:\/\/secure.gravatar.com\/avatar\/df4c8e132080d2b3a4841d5d232045464e0eed11a1d6e43115ca0843d48768d3?s=96&d=mm&r=g","caption":"Fernando Lima"},"sameAs":["http:\/\/verdadeon.com.br\/"],"url":"https:\/\/verdadeon.com.br\/portal\/author\/fernando-lima\/"}]}},"jetpack_publicize_connections":[],"jetpack_featured_media_url":"https:\/\/i0.wp.com\/verdadeon.com.br\/portal\/wp-content\/uploads\/2021\/07\/POLICIA-AMBIENTAL-e1626362975705.jpeg?fit=1001%2C668&ssl=1","jetpack_sharing_enabled":true,"_links":{"self":[{"href":"https:\/\/verdadeon.com.br\/portal\/wp-json\/wp\/v2\/posts\/17967","targetHints":{"allow":["GET"]}}],"collection":[{"href":"https:\/\/verdadeon.com.br\/portal\/wp-json\/wp\/v2\/posts"}],"about":[{"href":"https:\/\/verdadeon.com.br\/portal\/wp-json\/wp\/v2\/types\/post"}],"author":[{"embeddable":true,"href":"https:\/\/verdadeon.com.br\/portal\/wp-json\/wp\/v2\/users\/7"}],"replies":[{"embeddable":true,"href":"https:\/\/verdadeon.com.br\/portal\/wp-json\/wp\/v2\/comments?post=17967"}],"version-history":[{"count":0,"href":"https:\/\/verdadeon.com.br\/portal\/wp-json\/wp\/v2\/posts\/17967\/revisions"}],"wp:featuredmedia":[{"embeddable":true,"href":"https:\/\/verdadeon.com.br\/portal\/wp-json\/wp\/v2\/media\/17968"}],"wp:attachment":[{"href":"https:\/\/verdadeon.com.br\/portal\/wp-json\/wp\/v2\/media?parent=17967"}],"wp:term":[{"taxonomy":"category","embeddable":true,"href":"https:\/\/verdadeon.com.br\/portal\/wp-json\/wp\/v2\/categories?post=17967"},{"taxonomy":"post_tag","embeddable":true,"href":"https:\/\/verdadeon.com.br\/portal\/wp-json\/wp\/v2\/tags?post=17967"}],"curies":[{"name":"wp","href":"https:\/\/api.w.org\/{rel}","templated":true}]}}