{"id":17949,"date":"2021-07-14T19:01:57","date_gmt":"2021-07-14T22:01:57","guid":{"rendered":"https:\/\/verdadeon.com.br\/portal\/?p=17949"},"modified":"2021-07-14T19:09:35","modified_gmt":"2021-07-14T22:09:35","slug":"ministerio-eleva-previsao-de-crescimento-economico-para-53-em-2021","status":"publish","type":"post","link":"https:\/\/verdadeon.com.br\/portal\/2021\/07\/14\/ministerio-eleva-previsao-de-crescimento-economico-para-53-em-2021\/","title":{"rendered":"Minist\u00e9rio eleva previs\u00e3o de crescimento econ\u00f4mico para 5,3% em 2021"},"content":{"rendered":"<h2 class=\"col-10 offset-1 animated fadeInDown dealy-900 display-8 display-md-8 alt-font font-italic my-1 text-center\">Proje\u00e7\u00e3o para infla\u00e7\u00e3o cresceu para 5,9%, mas deve diminuir em 2022<\/h2>\n<p>&nbsp;<\/p>\n<p>A Secretaria de Pol\u00edtica Econ\u00f4mica (SPE) do Minist\u00e9rio da Economia aumentou a proje\u00e7\u00e3o para o crescimento da economia este ano e tamb\u00e9m para a infla\u00e7\u00e3o. As estimativas est\u00e3o no\u00a0<a href=\"http:\/\/www.gov.br\/economia\/pt-br\/centrais-de-conteudo\/publicacoes\/boletins\/boletim-macrofiscal\/2021\" target=\"_blank\" rel=\"noopener\">Boletim Macrofiscal<\/a> divulgado nesta quarta-feira (14).<img data-recalc-dims=\"1\" decoding=\"async\" src=\"https:\/\/i0.wp.com\/agenciabrasil.ebc.com.br\/ebc.png?w=1220&#038;ssl=1\" \/><img data-recalc-dims=\"1\" decoding=\"async\" src=\"https:\/\/i0.wp.com\/agenciabrasil.ebc.com.br\/ebc.gif?w=1220&#038;ssl=1\" \/><\/p>\n<p>A proje\u00e7\u00e3o para o crescimento do Produto Interno Bruto (PIB, a soma de todos os bens e servi\u00e7os produzidos no pa\u00eds) passou de 3,5% para 5,3% em 2021, em rela\u00e7\u00e3o ao \u00faltimo boletim, divulgado em maio.<\/p>\n<p>O aumento se deve \u00e0 incorpora\u00e7\u00e3o do resultado positivo do primeiro trimestre do ano, que \u201cfoi melhor que o esperado\u201d, com alta de 1,2% na compara\u00e7\u00e3o com o trimestre imediatamente anterior, com ajuste sazonal, e superou as estimativas de mercado. \u201cEsse avan\u00e7o se soma \u00e0 retomada do crescimento observada nos dois trimestres anteriores, mesmo com o recrudescimento da pandemia de covid-19 no in\u00edcio deste ano\u201d, diz o boletim.<\/p>\n<p>De acordo com o documento, os indicadores de confian\u00e7a refletem melhoras nas expectativas dos empres\u00e1rios, com crescimento em todos as \u00e1reas, em especial no setor de servi\u00e7os, e boas perspectivas para o segundo semestre, dado o avan\u00e7o da vacina\u00e7\u00e3o da popula\u00e7\u00e3o e redu\u00e7\u00e3o do distanciamento social. \u201cConforme o avan\u00e7o da vacina\u00e7\u00e3o em massa, projeta-se crescimento do setor de servi\u00e7os no segundo trimestre de 2021, que \u00e9 de import\u00e2ncia crucial para a retomada da atividade, do emprego e da renda da popula\u00e7\u00e3o brasileira\u201d, diz o documento.<\/p>\n<p>A retomada do investimento em 2021 tamb\u00e9m \u00e9 destaque, com alta de 43,6% na produ\u00e7\u00e3o de bens de capital no acumulado do ano at\u00e9 maio deste ano, frente ao mesmo per\u00edodo do ano anterior. Segundo o boletim, essa recupera\u00e7\u00e3o contribuir\u00e1 para a amplia\u00e7\u00e3o da capacidade produtiva neste e nos pr\u00f3ximos anos.<\/p>\n<p>Para o secret\u00e1rio de Pol\u00edtica Econ\u00f4mica, Adolfo Sachsida, o caminho para o maior crescimento econ\u00f4mico passa ainda pela continuidade da agenda de reformas estruturais, pol\u00edticas de consolida\u00e7\u00e3o fiscal, privatiza\u00e7\u00e3o e concess\u00f5es e reformas pr\u00f3-mercado, al\u00e9m da manuten\u00e7\u00e3o do ritmo de vacina\u00e7\u00e3o. \u201cN\u00e3o h\u00e1 d\u00favidas,\u00a0hoje\u00a0a vacina\u00e7\u00e3o em massa \u00e9 a melhor pol\u00edtica econ\u00f4mica poss\u00edvel\u201d, disse, em coletiva virtual para apresentar os dados do boletim.<\/p>\n<h4>Perspectivas<\/h4>\n<p>Para os pr\u00f3ximos anos, de 2022 a 2025, a estimativa de crescimento do PIB da SPE se manteve em torno de 2,5%.<\/p>\n<p>Entretanto, h\u00e1 incertezas e, para a Economia, ainda \u00e9 necess\u00e1rio prud\u00eancia, devido aos efeitos da pandemia e da intensifica\u00e7\u00e3o do risco hidrol\u00f3gico. \u201cAs proje\u00e7\u00f5es da atividade para este e para os pr\u00f3ximos anos tornam-se particularmente sens\u00edveis \u00e0 divulga\u00e7\u00e3o dos dados e ao desenrolar dos efeitos da covid-19 e do processo de vacina\u00e7\u00e3o, principalmente considerando os seus efeitos no PIB de longo prazo. O cen\u00e1rio do setor energ\u00e9tico tamb\u00e9m \u00e9 outro componente de amplia\u00e7\u00e3o da imprevisibilidade\u201d, diz o boletim.<\/p>\n<p>Para Sachsida, \u00e9 importante tamb\u00e9m iniciar um debate na sociedade sobre os custos de longo prazo da pandemia, como o capital humano, o endividamento das fam\u00edlias, empresas e governo, os choques na sa\u00fade p\u00fablica e a pobreza.<\/p>\n<p>\u201cUm jovem de 16 anos, se era jovem pobre, ficou ano passado e esse ano sem estudar, perdeu dois anos de educa\u00e7\u00e3o pelo resto da vida. Esse \u00e9 um tremendo choque na forma\u00e7\u00e3o de capital humano. E n\u00e3o h\u00e1 culpado, a pandemia gerou isso\u201d, disse. \u201cA pobreza \u00e9 um custo de longo prazo da pandemia, Infelizmente, aumentou a pobreza no mundo inteiro e n\u00e3o foi diferente com o Brasil, por isso precisamos de um programa mais robusto de combate a pobreza\u201d, completou.<\/p>\n<h4>Infla\u00e7\u00e3o<\/h4>\n<p>A proje\u00e7\u00e3o de infla\u00e7\u00e3o da SPE pelo \u00cdndice Nacional de Pre\u00e7os ao Consumidor Amplo (IPCA) para 2021 subiu de 5,05% para 5,9%. O valor encontra-se acima da meta de infla\u00e7\u00e3o, definida pelo Conselho Monet\u00e1rio Nacional, de 3,75% para o ano, bem como acima do limite superior do intervalo de toler\u00e2ncia, de 1,5 ponto\u00a0percentual, ou seja, 5,25%. \u201cNo entanto, a expectativa de infla\u00e7\u00e3o de mercado no m\u00e9dio prazo encontra-se ancorada e a proje\u00e7\u00e3o do IPCA, neste boletim, converge para o centro da meta a partir de 2022 (3,5%)\u201d, diz o documento.<\/p>\n<p>A infla\u00e7\u00e3o\u00a0de junho, \u00faltimo m\u00eas divulgado pelo Instituto Brasileiro de Geografia e Estat\u00edstica (IBGE), foi de 0,53%, 0,3 ponto percentual abaixo da taxa\u00a0de maio\u00a0(0,83%). Em 12 meses, o \u00edndice acumula alta de 8,35%.<\/p>\n<p>De acordo com a secretaria, o IPCA tem sido impactado mais fortemente pelas varia\u00e7\u00f5es ocorridas nos pre\u00e7os dos itens monitorados, ou seja, produtos como gasolina, g\u00e1s de botij\u00e3o e medicamentos. No acumulado em 12 meses at\u00e9 junho, esse grupo registrou aumento de 13%. \u201cEsse aumento \u00e9 decorrente de eleva\u00e7\u00f5es significativas nos pre\u00e7os dos combust\u00edveis e energia el\u00e9trica, diante das altera\u00e7\u00f5es nas bandeiras tarif\u00e1rias\u201d, diz o boletim.<\/p>\n<p>O \u00cdndice Nacional de Pre\u00e7os ao Consumidor (INPC) dever\u00e1 encerrar este ano com varia\u00e7\u00e3o de 6,2%. Com participa\u00e7\u00e3o relevante dos produtos agropecu\u00e1rios, a proje\u00e7\u00e3o para o \u00cdndice Geral de Pre\u00e7os \u2013 Disponibilidade Interna (IGP-DI), que inclui tamb\u00e9m o setor atacadista e o custo da constru\u00e7\u00e3o civil, al\u00e9m do consumidor final, \u00e9 de 17,4%.<\/p>\n<p>\u201cImportante destacar que\u00a0hoje\u00a0a infla\u00e7\u00e3o em 12 meses \u00e9 de 8,35%. Ao fechar o ano em 5,9%, estamos mostrando \u00e9 que a infla\u00e7\u00e3o segue trajet\u00f3ria de queda\u201d, explicou o secret\u00e1rio Sachsida.<\/p>\n<p>\u201c\u00c0 medida que continuemos avan\u00e7ando na agenda econ\u00f4mica, vacinando em massa a popula\u00e7\u00e3o, aprovando reformas pro mercado e melhorando a consolida\u00e7\u00e3o fiscal, essa trajet\u00f3ria de queda persistir\u00e1\u201d, disse.<\/p>\n<p>Fonte: Ag\u00eancia Brasil<\/p>\n","protected":false},"excerpt":{"rendered":"<p>Proje\u00e7\u00e3o para infla\u00e7\u00e3o cresceu para 5,9%, mas deve diminuir em 2022 &nbsp; A Secretaria de Pol\u00edtica Econ\u00f4mica (SPE) do Minist\u00e9rio da Economia aumentou a proje\u00e7\u00e3o para<span class=\"excerpt-hellip\"> [\u2026]<\/span><\/p>\n","protected":false},"author":12,"featured_media":17952,"comment_status":"open","ping_status":"open","sticky":false,"template":"","format":"standard","meta":{"_jetpack_memberships_contains_paid_content":false,"footnotes":"","jetpack_publicize_message":"","jetpack_publicize_feature_enabled":true,"jetpack_social_post_already_shared":false,"jetpack_social_options":{"image_generator_settings":{"template":"highway","default_image_id":0,"enabled":false},"version":2}},"categories":[28,44],"tags":[],"class_list":["post-17949","post","type-post","status-publish","format-standard","has-post-thumbnail","hentry","category-cotidiano","category-noticias"],"yoast_head":"<!-- This site is optimized with the Yoast SEO plugin v25.6 - https:\/\/yoast.com\/wordpress\/plugins\/seo\/ -->\n<title>Minist\u00e9rio eleva previs\u00e3o de crescimento econ\u00f4mico para 5,3% em 2021 - VerdadeOn<\/title>\n<meta name=\"robots\" content=\"index, follow, max-snippet:-1, max-image-preview:large, max-video-preview:-1\" \/>\n<link rel=\"canonical\" href=\"https:\/\/verdadeon.com.br\/portal\/2021\/07\/14\/ministerio-eleva-previsao-de-crescimento-economico-para-53-em-2021\/\" \/>\n<meta property=\"og:locale\" content=\"pt_BR\" \/>\n<meta property=\"og:type\" content=\"article\" \/>\n<meta property=\"og:title\" content=\"Minist\u00e9rio eleva previs\u00e3o de crescimento econ\u00f4mico para 5,3% em 2021 - VerdadeOn\" \/>\n<meta property=\"og:description\" content=\"Proje\u00e7\u00e3o para infla\u00e7\u00e3o cresceu para 5,9%, mas deve diminuir em 2022 &nbsp; A Secretaria de Pol\u00edtica Econ\u00f4mica (SPE) do Minist\u00e9rio da Economia aumentou a proje\u00e7\u00e3o para [\u2026]\" \/>\n<meta property=\"og:url\" content=\"https:\/\/verdadeon.com.br\/portal\/2021\/07\/14\/ministerio-eleva-previsao-de-crescimento-economico-para-53-em-2021\/\" \/>\n<meta property=\"og:site_name\" content=\"VerdadeOn\" \/>\n<meta property=\"article:published_time\" content=\"2021-07-14T22:01:57+00:00\" \/>\n<meta property=\"article:modified_time\" content=\"2021-07-14T22:09:35+00:00\" \/>\n<meta property=\"og:image\" content=\"https:\/\/verdadeon.com.br\/portal\/wp-content\/uploads\/2021\/07\/AGENCIA-BRASIL-FACHADA-MINISTERIO-ECONOMIA-e1626299731929.jpg\" \/>\n\t<meta property=\"og:image:width\" content=\"1000\" \/>\n\t<meta property=\"og:image:height\" content=\"669\" \/>\n\t<meta property=\"og:image:type\" content=\"image\/jpeg\" \/>\n<meta name=\"author\" content=\"Nelise Luques\" \/>\n<meta name=\"twitter:card\" content=\"summary_large_image\" \/>\n<meta name=\"twitter:label1\" content=\"Escrito por\" \/>\n\t<meta name=\"twitter:data1\" content=\"Nelise Luques\" \/>\n\t<meta name=\"twitter:label2\" content=\"Est. tempo de leitura\" \/>\n\t<meta name=\"twitter:data2\" content=\"5 minutos\" \/>\n<script type=\"application\/ld+json\" class=\"yoast-schema-graph\">{\"@context\":\"https:\/\/schema.org\",\"@graph\":[{\"@type\":\"WebPage\",\"@id\":\"https:\/\/verdadeon.com.br\/portal\/2021\/07\/14\/ministerio-eleva-previsao-de-crescimento-economico-para-53-em-2021\/\",\"url\":\"https:\/\/verdadeon.com.br\/portal\/2021\/07\/14\/ministerio-eleva-previsao-de-crescimento-economico-para-53-em-2021\/\",\"name\":\"Minist\u00e9rio eleva previs\u00e3o de crescimento econ\u00f4mico para 5,3% em 2021 - VerdadeOn\",\"isPartOf\":{\"@id\":\"https:\/\/verdadeon.com.br\/portal\/#website\"},\"primaryImageOfPage\":{\"@id\":\"https:\/\/verdadeon.com.br\/portal\/2021\/07\/14\/ministerio-eleva-previsao-de-crescimento-economico-para-53-em-2021\/#primaryimage\"},\"image\":{\"@id\":\"https:\/\/verdadeon.com.br\/portal\/2021\/07\/14\/ministerio-eleva-previsao-de-crescimento-economico-para-53-em-2021\/#primaryimage\"},\"thumbnailUrl\":\"https:\/\/i0.wp.com\/verdadeon.com.br\/portal\/wp-content\/uploads\/2021\/07\/AGENCIA-BRASIL-FACHADA-MINISTERIO-ECONOMIA-e1626299731929.jpg?fit=1000%2C669&ssl=1\",\"datePublished\":\"2021-07-14T22:01:57+00:00\",\"dateModified\":\"2021-07-14T22:09:35+00:00\",\"author\":{\"@id\":\"https:\/\/verdadeon.com.br\/portal\/#\/schema\/person\/8248726d36015c1916636fabb175d972\"},\"breadcrumb\":{\"@id\":\"https:\/\/verdadeon.com.br\/portal\/2021\/07\/14\/ministerio-eleva-previsao-de-crescimento-economico-para-53-em-2021\/#breadcrumb\"},\"inLanguage\":\"pt-BR\",\"potentialAction\":[{\"@type\":\"ReadAction\",\"target\":[\"https:\/\/verdadeon.com.br\/portal\/2021\/07\/14\/ministerio-eleva-previsao-de-crescimento-economico-para-53-em-2021\/\"]}]},{\"@type\":\"ImageObject\",\"inLanguage\":\"pt-BR\",\"@id\":\"https:\/\/verdadeon.com.br\/portal\/2021\/07\/14\/ministerio-eleva-previsao-de-crescimento-economico-para-53-em-2021\/#primaryimage\",\"url\":\"https:\/\/i0.wp.com\/verdadeon.com.br\/portal\/wp-content\/uploads\/2021\/07\/AGENCIA-BRASIL-FACHADA-MINISTERIO-ECONOMIA-e1626299731929.jpg?fit=1000%2C669&ssl=1\",\"contentUrl\":\"https:\/\/i0.wp.com\/verdadeon.com.br\/portal\/wp-content\/uploads\/2021\/07\/AGENCIA-BRASIL-FACHADA-MINISTERIO-ECONOMIA-e1626299731929.jpg?fit=1000%2C669&ssl=1\",\"width\":1000,\"height\":669,\"caption\":\"A Secretaria de Pol\u00edtica Econ\u00f4mica, do Minist\u00e9rio da Economia, divulgou nesta quarta-feira as proje\u00e7\u00f5es maiores para crescimento da economia este ano e tamb\u00e9m para a infla\u00e7\u00e3o | Foto: Ag\u00eancia Brasil\"},{\"@type\":\"BreadcrumbList\",\"@id\":\"https:\/\/verdadeon.com.br\/portal\/2021\/07\/14\/ministerio-eleva-previsao-de-crescimento-economico-para-53-em-2021\/#breadcrumb\",\"itemListElement\":[{\"@type\":\"ListItem\",\"position\":1,\"name\":\"In\u00edcio\",\"item\":\"https:\/\/verdadeon.com.br\/portal\/\"},{\"@type\":\"ListItem\",\"position\":2,\"name\":\"Minist\u00e9rio eleva previs\u00e3o de crescimento econ\u00f4mico para 5,3% em 2021\"}]},{\"@type\":\"WebSite\",\"@id\":\"https:\/\/verdadeon.com.br\/portal\/#website\",\"url\":\"https:\/\/verdadeon.com.br\/portal\/\",\"name\":\"VerdadeOn\",\"description\":\"Not\u00edcias di\u00e1rias sobre Franca, Regi\u00e3o, Esporte, Cultura, Cotidiano, Colunas. Cobertura nos principais eventos da cidade \u00e9 aqui - Verdadeon Franca\",\"potentialAction\":[{\"@type\":\"SearchAction\",\"target\":{\"@type\":\"EntryPoint\",\"urlTemplate\":\"https:\/\/verdadeon.com.br\/portal\/?s={search_term_string}\"},\"query-input\":{\"@type\":\"PropertyValueSpecification\",\"valueRequired\":true,\"valueName\":\"search_term_string\"}}],\"inLanguage\":\"pt-BR\"},{\"@type\":\"Person\",\"@id\":\"https:\/\/verdadeon.com.br\/portal\/#\/schema\/person\/8248726d36015c1916636fabb175d972\",\"name\":\"Nelise Luques\",\"image\":{\"@type\":\"ImageObject\",\"inLanguage\":\"pt-BR\",\"@id\":\"https:\/\/verdadeon.com.br\/portal\/#\/schema\/person\/image\/\",\"url\":\"https:\/\/secure.gravatar.com\/avatar\/29b2a17f5bcadeb827411b66f48ac13c3e0ecaf5906c0f5745ecc5d41c24eada?s=96&d=mm&r=g\",\"contentUrl\":\"https:\/\/secure.gravatar.com\/avatar\/29b2a17f5bcadeb827411b66f48ac13c3e0ecaf5906c0f5745ecc5d41c24eada?s=96&d=mm&r=g\",\"caption\":\"Nelise Luques\"},\"url\":\"https:\/\/verdadeon.com.br\/portal\/author\/verdade\/\"}]}<\/script>\n<!-- \/ Yoast SEO plugin. -->","yoast_head_json":{"title":"Minist\u00e9rio eleva previs\u00e3o de crescimento econ\u00f4mico para 5,3% em 2021 - VerdadeOn","robots":{"index":"index","follow":"follow","max-snippet":"max-snippet:-1","max-image-preview":"max-image-preview:large","max-video-preview":"max-video-preview:-1"},"canonical":"https:\/\/verdadeon.com.br\/portal\/2021\/07\/14\/ministerio-eleva-previsao-de-crescimento-economico-para-53-em-2021\/","og_locale":"pt_BR","og_type":"article","og_title":"Minist\u00e9rio eleva previs\u00e3o de crescimento econ\u00f4mico para 5,3% em 2021 - VerdadeOn","og_description":"Proje\u00e7\u00e3o para infla\u00e7\u00e3o cresceu para 5,9%, mas deve diminuir em 2022 &nbsp; A Secretaria de Pol\u00edtica Econ\u00f4mica (SPE) do Minist\u00e9rio da Economia aumentou a proje\u00e7\u00e3o para [\u2026]","og_url":"https:\/\/verdadeon.com.br\/portal\/2021\/07\/14\/ministerio-eleva-previsao-de-crescimento-economico-para-53-em-2021\/","og_site_name":"VerdadeOn","article_published_time":"2021-07-14T22:01:57+00:00","article_modified_time":"2021-07-14T22:09:35+00:00","og_image":[{"width":1000,"height":669,"url":"https:\/\/verdadeon.com.br\/portal\/wp-content\/uploads\/2021\/07\/AGENCIA-BRASIL-FACHADA-MINISTERIO-ECONOMIA-e1626299731929.jpg","type":"image\/jpeg"}],"author":"Nelise Luques","twitter_card":"summary_large_image","twitter_misc":{"Escrito por":"Nelise Luques","Est. tempo de leitura":"5 minutos"},"schema":{"@context":"https:\/\/schema.org","@graph":[{"@type":"WebPage","@id":"https:\/\/verdadeon.com.br\/portal\/2021\/07\/14\/ministerio-eleva-previsao-de-crescimento-economico-para-53-em-2021\/","url":"https:\/\/verdadeon.com.br\/portal\/2021\/07\/14\/ministerio-eleva-previsao-de-crescimento-economico-para-53-em-2021\/","name":"Minist\u00e9rio eleva previs\u00e3o de crescimento econ\u00f4mico para 5,3% em 2021 - VerdadeOn","isPartOf":{"@id":"https:\/\/verdadeon.com.br\/portal\/#website"},"primaryImageOfPage":{"@id":"https:\/\/verdadeon.com.br\/portal\/2021\/07\/14\/ministerio-eleva-previsao-de-crescimento-economico-para-53-em-2021\/#primaryimage"},"image":{"@id":"https:\/\/verdadeon.com.br\/portal\/2021\/07\/14\/ministerio-eleva-previsao-de-crescimento-economico-para-53-em-2021\/#primaryimage"},"thumbnailUrl":"https:\/\/i0.wp.com\/verdadeon.com.br\/portal\/wp-content\/uploads\/2021\/07\/AGENCIA-BRASIL-FACHADA-MINISTERIO-ECONOMIA-e1626299731929.jpg?fit=1000%2C669&ssl=1","datePublished":"2021-07-14T22:01:57+00:00","dateModified":"2021-07-14T22:09:35+00:00","author":{"@id":"https:\/\/verdadeon.com.br\/portal\/#\/schema\/person\/8248726d36015c1916636fabb175d972"},"breadcrumb":{"@id":"https:\/\/verdadeon.com.br\/portal\/2021\/07\/14\/ministerio-eleva-previsao-de-crescimento-economico-para-53-em-2021\/#breadcrumb"},"inLanguage":"pt-BR","potentialAction":[{"@type":"ReadAction","target":["https:\/\/verdadeon.com.br\/portal\/2021\/07\/14\/ministerio-eleva-previsao-de-crescimento-economico-para-53-em-2021\/"]}]},{"@type":"ImageObject","inLanguage":"pt-BR","@id":"https:\/\/verdadeon.com.br\/portal\/2021\/07\/14\/ministerio-eleva-previsao-de-crescimento-economico-para-53-em-2021\/#primaryimage","url":"https:\/\/i0.wp.com\/verdadeon.com.br\/portal\/wp-content\/uploads\/2021\/07\/AGENCIA-BRASIL-FACHADA-MINISTERIO-ECONOMIA-e1626299731929.jpg?fit=1000%2C669&ssl=1","contentUrl":"https:\/\/i0.wp.com\/verdadeon.com.br\/portal\/wp-content\/uploads\/2021\/07\/AGENCIA-BRASIL-FACHADA-MINISTERIO-ECONOMIA-e1626299731929.jpg?fit=1000%2C669&ssl=1","width":1000,"height":669,"caption":"A Secretaria de Pol\u00edtica Econ\u00f4mica, do Minist\u00e9rio da Economia, divulgou nesta quarta-feira as proje\u00e7\u00f5es maiores para crescimento da economia este ano e tamb\u00e9m para a infla\u00e7\u00e3o | Foto: Ag\u00eancia Brasil"},{"@type":"BreadcrumbList","@id":"https:\/\/verdadeon.com.br\/portal\/2021\/07\/14\/ministerio-eleva-previsao-de-crescimento-economico-para-53-em-2021\/#breadcrumb","itemListElement":[{"@type":"ListItem","position":1,"name":"In\u00edcio","item":"https:\/\/verdadeon.com.br\/portal\/"},{"@type":"ListItem","position":2,"name":"Minist\u00e9rio eleva previs\u00e3o de crescimento econ\u00f4mico para 5,3% em 2021"}]},{"@type":"WebSite","@id":"https:\/\/verdadeon.com.br\/portal\/#website","url":"https:\/\/verdadeon.com.br\/portal\/","name":"VerdadeOn","description":"Not\u00edcias di\u00e1rias sobre Franca, Regi\u00e3o, Esporte, Cultura, Cotidiano, Colunas. Cobertura nos principais eventos da cidade \u00e9 aqui - Verdadeon Franca","potentialAction":[{"@type":"SearchAction","target":{"@type":"EntryPoint","urlTemplate":"https:\/\/verdadeon.com.br\/portal\/?s={search_term_string}"},"query-input":{"@type":"PropertyValueSpecification","valueRequired":true,"valueName":"search_term_string"}}],"inLanguage":"pt-BR"},{"@type":"Person","@id":"https:\/\/verdadeon.com.br\/portal\/#\/schema\/person\/8248726d36015c1916636fabb175d972","name":"Nelise Luques","image":{"@type":"ImageObject","inLanguage":"pt-BR","@id":"https:\/\/verdadeon.com.br\/portal\/#\/schema\/person\/image\/","url":"https:\/\/secure.gravatar.com\/avatar\/29b2a17f5bcadeb827411b66f48ac13c3e0ecaf5906c0f5745ecc5d41c24eada?s=96&d=mm&r=g","contentUrl":"https:\/\/secure.gravatar.com\/avatar\/29b2a17f5bcadeb827411b66f48ac13c3e0ecaf5906c0f5745ecc5d41c24eada?s=96&d=mm&r=g","caption":"Nelise Luques"},"url":"https:\/\/verdadeon.com.br\/portal\/author\/verdade\/"}]}},"jetpack_publicize_connections":[],"jetpack_featured_media_url":"https:\/\/i0.wp.com\/verdadeon.com.br\/portal\/wp-content\/uploads\/2021\/07\/AGENCIA-BRASIL-FACHADA-MINISTERIO-ECONOMIA-e1626299731929.jpg?fit=1000%2C669&ssl=1","jetpack_sharing_enabled":true,"_links":{"self":[{"href":"https:\/\/verdadeon.com.br\/portal\/wp-json\/wp\/v2\/posts\/17949","targetHints":{"allow":["GET"]}}],"collection":[{"href":"https:\/\/verdadeon.com.br\/portal\/wp-json\/wp\/v2\/posts"}],"about":[{"href":"https:\/\/verdadeon.com.br\/portal\/wp-json\/wp\/v2\/types\/post"}],"author":[{"embeddable":true,"href":"https:\/\/verdadeon.com.br\/portal\/wp-json\/wp\/v2\/users\/12"}],"replies":[{"embeddable":true,"href":"https:\/\/verdadeon.com.br\/portal\/wp-json\/wp\/v2\/comments?post=17949"}],"version-history":[{"count":0,"href":"https:\/\/verdadeon.com.br\/portal\/wp-json\/wp\/v2\/posts\/17949\/revisions"}],"wp:featuredmedia":[{"embeddable":true,"href":"https:\/\/verdadeon.com.br\/portal\/wp-json\/wp\/v2\/media\/17952"}],"wp:attachment":[{"href":"https:\/\/verdadeon.com.br\/portal\/wp-json\/wp\/v2\/media?parent=17949"}],"wp:term":[{"taxonomy":"category","embeddable":true,"href":"https:\/\/verdadeon.com.br\/portal\/wp-json\/wp\/v2\/categories?post=17949"},{"taxonomy":"post_tag","embeddable":true,"href":"https:\/\/verdadeon.com.br\/portal\/wp-json\/wp\/v2\/tags?post=17949"}],"curies":[{"name":"wp","href":"https:\/\/api.w.org\/{rel}","templated":true}]}}