{"id":17948,"date":"2021-07-14T19:23:52","date_gmt":"2021-07-14T22:23:52","guid":{"rendered":"https:\/\/verdadeon.com.br\/portal\/?p=17948"},"modified":"2021-07-14T19:23:53","modified_gmt":"2021-07-14T22:23:53","slug":"apos-divergencias-entre-estado-e-prefeitura-vacinacao-nao-avanca-em-franca","status":"publish","type":"post","link":"https:\/\/verdadeon.com.br\/portal\/2021\/07\/14\/apos-divergencias-entre-estado-e-prefeitura-vacinacao-nao-avanca-em-franca\/","title":{"rendered":"Ap\u00f3s diverg\u00eancias entre Estado e Prefeitura, vacina\u00e7\u00e3o n\u00e3o avan\u00e7a em Franca"},"content":{"rendered":"<h2>A previs\u00e3o \u00e9\u00a0 a de que na sexta-feira o calend\u00e1rio para as pessoas acima dos 37 anos seja aberto<\/h2>\n<p>As diverg\u00eancias entre o Governo Estadual e a Prefeitura de Franca, fizeram com que a aplica\u00e7\u00e3o da primeira dose da vacina contra a covid-19, parasse no munic\u00edpio. De um lado a Secretaria Municipal de Sa\u00fade confirmou que recebeu um lote de vacinas no in\u00edcio da tarde desta quarta-feira (14), quase 16 mil doses, o que segundo eles vai possibilitar o atendimento das pessoas que estavam aguardando a aplica\u00e7\u00e3o da segunda dose da Astrazeneca.<\/p>\n<p>O titular da Sa\u00fade, Lucas Souza, informou que \u201cdevido ao atraso no envio das doses pelo Governo do Estado, nesta quinta-feira, ser\u00e3o atendidas as mais de 5 mil pessoas, que estavam aguardando pela segunda dose da vacina Astrazeneca, com a aplica\u00e7\u00e3o nos 10 locais de atendimento, garantindo a seguran\u00e7a do p\u00fablico\u201d.<\/p>\n<p>A previs\u00e3o \u00e9 que na pr\u00f3xima sexta-feira (16), a programa\u00e7\u00e3o avance para a primeira dose nas pessoas com idade de 37 anos ou mais, sendo poss\u00edvel a continua\u00e7\u00e3o do calend\u00e1rio dos Planos Nacional e Estadual de Vacina\u00e7\u00e3o, informou o Executivo.<\/p>\n<p>De acordo com o secret\u00e1rio, a quantidade de doses encaminhadas pelo Governo do Estado \u00e9 insuficiente para o atendimento dos p\u00fablicos-alvo da campanha e para seguir com o cronograma de vacina\u00e7\u00e3o a Prefeitura depende do recebimento de lotes das vacinas pelo Governo do Estado, em tempo h\u00e1bil.<\/p>\n<p>A assessoria de imprensa afirmou que embora as doses j\u00e1 estivessem no sistema do Estado desde o in\u00edcio da semana, elas chegaram em Franca apenas nesta quarta-feira, impossibilitando a organiza\u00e7\u00e3o para o in\u00edcio da aplica\u00e7\u00e3o j\u00e1 na quinta-feira.<\/p>\n<h4>Outro lado<\/h4>\n<p>O Jornal Verdade pediu um posicionamento ao Governo do Estado sobre a situa\u00e7\u00e3o, confira a nota na \u00edntegra:<\/p>\n<p>\u201cA cidade de Franca retirou hoje (14) 15,7 mil doses para a continuidade da campanha, incluindo a vacina\u00e7\u00e3o de adultos de 35 e 36 anos que come\u00e7am a ser imunizados nesta quinta (15), e receber\u00e1 outras 42 mil at\u00e9 sexta-feira (16). O munic\u00edpio tem um &#8220;saldo&#8221; de 25,3 mil doses, conforme aponta o Vacin\u00f4metro, uma vez que j\u00e1 recebeu mais de 239,8 mil doses desde o in\u00edcio da campanha e aplicou somente 214,4 mil. Os dados foram informados pelo pr\u00f3prio munic\u00edpio e est\u00e3o dispon\u00edveis em: <a href=\"https:\/\/vacinaja.sp.gov.br\/vacinometro\/\" data-saferedirecturl=\"https:\/\/www.google.com\/url?q=https:\/\/vacinaja.sp.gov.br\/vacinometro\/&amp;source=gmail&amp;ust=1626386953135000&amp;usg=AFQjCNEjFqJZZb9f9wn-IjO34cg66MPdSw\">https:\/\/vacinaja.sp.gov.br\/vacinometro\/<\/a>.<\/p>\n<p>O Plano Estadual de Imuniza\u00e7\u00e3o (PEI) envia doses suficientes para o p\u00fablico-alvo e em tempo oportuno para a vacina\u00e7\u00e3o, de acordo com o calend\u00e1rio estabelecido. As grades s\u00e3o enviadas em quantidade id\u00eantica para aplica\u00e7\u00e3o de primeira e segunda dose\u201d.<\/p>\n<p>&nbsp;<\/p>\n<p>&nbsp;<\/p>\n","protected":false},"excerpt":{"rendered":"<p>A previs\u00e3o \u00e9\u00a0 a de que na sexta-feira o calend\u00e1rio para as pessoas acima dos 37 anos seja aberto As diverg\u00eancias entre o Governo Estadual e<span class=\"excerpt-hellip\"> [\u2026]<\/span><\/p>\n","protected":false},"author":7,"featured_media":17956,"comment_status":"open","ping_status":"open","sticky":false,"template":"","format":"standard","meta":{"_jetpack_memberships_contains_paid_content":false,"footnotes":"","jetpack_publicize_message":"","jetpack_publicize_feature_enabled":true,"jetpack_social_post_already_shared":false,"jetpack_social_options":{"image_generator_settings":{"template":"highway","default_image_id":0,"enabled":false},"version":2}},"categories":[28,81],"tags":[],"class_list":["post-17948","post","type-post","status-publish","format-standard","has-post-thumbnail","hentry","category-cotidiano","category-manchete"],"yoast_head":"<!-- This site is optimized with the Yoast SEO plugin v25.6 - https:\/\/yoast.com\/wordpress\/plugins\/seo\/ -->\n<title>Ap\u00f3s diverg\u00eancias entre Estado e Prefeitura, vacina\u00e7\u00e3o n\u00e3o avan\u00e7a em Franca - VerdadeOn<\/title>\n<meta name=\"robots\" content=\"index, follow, max-snippet:-1, max-image-preview:large, max-video-preview:-1\" \/>\n<link rel=\"canonical\" href=\"https:\/\/verdadeon.com.br\/portal\/2021\/07\/14\/apos-divergencias-entre-estado-e-prefeitura-vacinacao-nao-avanca-em-franca\/\" \/>\n<meta property=\"og:locale\" content=\"pt_BR\" \/>\n<meta property=\"og:type\" content=\"article\" \/>\n<meta property=\"og:title\" content=\"Ap\u00f3s diverg\u00eancias entre Estado e Prefeitura, vacina\u00e7\u00e3o n\u00e3o avan\u00e7a em Franca - VerdadeOn\" \/>\n<meta property=\"og:description\" content=\"A previs\u00e3o \u00e9\u00a0 a de que na sexta-feira o calend\u00e1rio para as pessoas acima dos 37 anos seja aberto As diverg\u00eancias entre o Governo Estadual e [\u2026]\" \/>\n<meta property=\"og:url\" content=\"https:\/\/verdadeon.com.br\/portal\/2021\/07\/14\/apos-divergencias-entre-estado-e-prefeitura-vacinacao-nao-avanca-em-franca\/\" \/>\n<meta property=\"og:site_name\" content=\"VerdadeOn\" \/>\n<meta property=\"article:published_time\" content=\"2021-07-14T22:23:52+00:00\" \/>\n<meta property=\"article:modified_time\" content=\"2021-07-14T22:23:53+00:00\" \/>\n<meta property=\"og:image\" content=\"https:\/\/verdadeon.com.br\/portal\/wp-content\/uploads\/2021\/07\/WhatsApp-Image-2021-07-14-at-19.20.02-e1626301349262.jpeg\" \/>\n\t<meta property=\"og:image:width\" content=\"1000\" \/>\n\t<meta property=\"og:image:height\" content=\"672\" \/>\n\t<meta property=\"og:image:type\" content=\"image\/jpeg\" \/>\n<meta name=\"author\" content=\"Fernando Lima\" \/>\n<meta name=\"twitter:card\" content=\"summary_large_image\" \/>\n<meta name=\"twitter:label1\" content=\"Escrito por\" \/>\n\t<meta name=\"twitter:data1\" content=\"Fernando Lima\" \/>\n\t<meta name=\"twitter:label2\" content=\"Est. tempo de leitura\" \/>\n\t<meta name=\"twitter:data2\" content=\"2 minutos\" \/>\n<script type=\"application\/ld+json\" class=\"yoast-schema-graph\">{\"@context\":\"https:\/\/schema.org\",\"@graph\":[{\"@type\":\"WebPage\",\"@id\":\"https:\/\/verdadeon.com.br\/portal\/2021\/07\/14\/apos-divergencias-entre-estado-e-prefeitura-vacinacao-nao-avanca-em-franca\/\",\"url\":\"https:\/\/verdadeon.com.br\/portal\/2021\/07\/14\/apos-divergencias-entre-estado-e-prefeitura-vacinacao-nao-avanca-em-franca\/\",\"name\":\"Ap\u00f3s diverg\u00eancias entre Estado e Prefeitura, vacina\u00e7\u00e3o n\u00e3o avan\u00e7a em Franca - VerdadeOn\",\"isPartOf\":{\"@id\":\"https:\/\/verdadeon.com.br\/portal\/#website\"},\"primaryImageOfPage\":{\"@id\":\"https:\/\/verdadeon.com.br\/portal\/2021\/07\/14\/apos-divergencias-entre-estado-e-prefeitura-vacinacao-nao-avanca-em-franca\/#primaryimage\"},\"image\":{\"@id\":\"https:\/\/verdadeon.com.br\/portal\/2021\/07\/14\/apos-divergencias-entre-estado-e-prefeitura-vacinacao-nao-avanca-em-franca\/#primaryimage\"},\"thumbnailUrl\":\"https:\/\/i0.wp.com\/verdadeon.com.br\/portal\/wp-content\/uploads\/2021\/07\/WhatsApp-Image-2021-07-14-at-19.20.02-e1626301349262.jpeg?fit=1000%2C672&ssl=1\",\"datePublished\":\"2021-07-14T22:23:52+00:00\",\"dateModified\":\"2021-07-14T22:23:53+00:00\",\"author\":{\"@id\":\"https:\/\/verdadeon.com.br\/portal\/#\/schema\/person\/cc32be22b8e8599387c480bc83e1d11a\"},\"breadcrumb\":{\"@id\":\"https:\/\/verdadeon.com.br\/portal\/2021\/07\/14\/apos-divergencias-entre-estado-e-prefeitura-vacinacao-nao-avanca-em-franca\/#breadcrumb\"},\"inLanguage\":\"pt-BR\",\"potentialAction\":[{\"@type\":\"ReadAction\",\"target\":[\"https:\/\/verdadeon.com.br\/portal\/2021\/07\/14\/apos-divergencias-entre-estado-e-prefeitura-vacinacao-nao-avanca-em-franca\/\"]}]},{\"@type\":\"ImageObject\",\"inLanguage\":\"pt-BR\",\"@id\":\"https:\/\/verdadeon.com.br\/portal\/2021\/07\/14\/apos-divergencias-entre-estado-e-prefeitura-vacinacao-nao-avanca-em-franca\/#primaryimage\",\"url\":\"https:\/\/i0.wp.com\/verdadeon.com.br\/portal\/wp-content\/uploads\/2021\/07\/WhatsApp-Image-2021-07-14-at-19.20.02-e1626301349262.jpeg?fit=1000%2C672&ssl=1\",\"contentUrl\":\"https:\/\/i0.wp.com\/verdadeon.com.br\/portal\/wp-content\/uploads\/2021\/07\/WhatsApp-Image-2021-07-14-at-19.20.02-e1626301349262.jpeg?fit=1000%2C672&ssl=1\",\"width\":1000,\"height\":672,\"caption\":\"Mutir\u00e3o tem como foco os atrasados da vacina\u00e7\u00e3o e tamb\u00e9m o refor\u00e7o com a terceira dose | Foto: Fernando Lima\"},{\"@type\":\"BreadcrumbList\",\"@id\":\"https:\/\/verdadeon.com.br\/portal\/2021\/07\/14\/apos-divergencias-entre-estado-e-prefeitura-vacinacao-nao-avanca-em-franca\/#breadcrumb\",\"itemListElement\":[{\"@type\":\"ListItem\",\"position\":1,\"name\":\"In\u00edcio\",\"item\":\"https:\/\/verdadeon.com.br\/portal\/\"},{\"@type\":\"ListItem\",\"position\":2,\"name\":\"Ap\u00f3s diverg\u00eancias entre Estado e Prefeitura, vacina\u00e7\u00e3o n\u00e3o avan\u00e7a em Franca\"}]},{\"@type\":\"WebSite\",\"@id\":\"https:\/\/verdadeon.com.br\/portal\/#website\",\"url\":\"https:\/\/verdadeon.com.br\/portal\/\",\"name\":\"VerdadeOn\",\"description\":\"Not\u00edcias di\u00e1rias sobre Franca, Regi\u00e3o, Esporte, Cultura, Cotidiano, Colunas. Cobertura nos principais eventos da cidade \u00e9 aqui - Verdadeon Franca\",\"potentialAction\":[{\"@type\":\"SearchAction\",\"target\":{\"@type\":\"EntryPoint\",\"urlTemplate\":\"https:\/\/verdadeon.com.br\/portal\/?s={search_term_string}\"},\"query-input\":{\"@type\":\"PropertyValueSpecification\",\"valueRequired\":true,\"valueName\":\"search_term_string\"}}],\"inLanguage\":\"pt-BR\"},{\"@type\":\"Person\",\"@id\":\"https:\/\/verdadeon.com.br\/portal\/#\/schema\/person\/cc32be22b8e8599387c480bc83e1d11a\",\"name\":\"Fernando Lima\",\"image\":{\"@type\":\"ImageObject\",\"inLanguage\":\"pt-BR\",\"@id\":\"https:\/\/verdadeon.com.br\/portal\/#\/schema\/person\/image\/\",\"url\":\"https:\/\/secure.gravatar.com\/avatar\/df4c8e132080d2b3a4841d5d232045464e0eed11a1d6e43115ca0843d48768d3?s=96&d=mm&r=g\",\"contentUrl\":\"https:\/\/secure.gravatar.com\/avatar\/df4c8e132080d2b3a4841d5d232045464e0eed11a1d6e43115ca0843d48768d3?s=96&d=mm&r=g\",\"caption\":\"Fernando Lima\"},\"sameAs\":[\"http:\/\/verdadeon.com.br\/\"],\"url\":\"https:\/\/verdadeon.com.br\/portal\/author\/fernando-lima\/\"}]}<\/script>\n<!-- \/ Yoast SEO plugin. -->","yoast_head_json":{"title":"Ap\u00f3s diverg\u00eancias entre Estado e Prefeitura, vacina\u00e7\u00e3o n\u00e3o avan\u00e7a em Franca - VerdadeOn","robots":{"index":"index","follow":"follow","max-snippet":"max-snippet:-1","max-image-preview":"max-image-preview:large","max-video-preview":"max-video-preview:-1"},"canonical":"https:\/\/verdadeon.com.br\/portal\/2021\/07\/14\/apos-divergencias-entre-estado-e-prefeitura-vacinacao-nao-avanca-em-franca\/","og_locale":"pt_BR","og_type":"article","og_title":"Ap\u00f3s diverg\u00eancias entre Estado e Prefeitura, vacina\u00e7\u00e3o n\u00e3o avan\u00e7a em Franca - VerdadeOn","og_description":"A previs\u00e3o \u00e9\u00a0 a de que na sexta-feira o calend\u00e1rio para as pessoas acima dos 37 anos seja aberto As diverg\u00eancias entre o Governo Estadual e [\u2026]","og_url":"https:\/\/verdadeon.com.br\/portal\/2021\/07\/14\/apos-divergencias-entre-estado-e-prefeitura-vacinacao-nao-avanca-em-franca\/","og_site_name":"VerdadeOn","article_published_time":"2021-07-14T22:23:52+00:00","article_modified_time":"2021-07-14T22:23:53+00:00","og_image":[{"width":1000,"height":672,"url":"https:\/\/verdadeon.com.br\/portal\/wp-content\/uploads\/2021\/07\/WhatsApp-Image-2021-07-14-at-19.20.02-e1626301349262.jpeg","type":"image\/jpeg"}],"author":"Fernando Lima","twitter_card":"summary_large_image","twitter_misc":{"Escrito por":"Fernando Lima","Est. tempo de leitura":"2 minutos"},"schema":{"@context":"https:\/\/schema.org","@graph":[{"@type":"WebPage","@id":"https:\/\/verdadeon.com.br\/portal\/2021\/07\/14\/apos-divergencias-entre-estado-e-prefeitura-vacinacao-nao-avanca-em-franca\/","url":"https:\/\/verdadeon.com.br\/portal\/2021\/07\/14\/apos-divergencias-entre-estado-e-prefeitura-vacinacao-nao-avanca-em-franca\/","name":"Ap\u00f3s diverg\u00eancias entre Estado e Prefeitura, vacina\u00e7\u00e3o n\u00e3o avan\u00e7a em Franca - VerdadeOn","isPartOf":{"@id":"https:\/\/verdadeon.com.br\/portal\/#website"},"primaryImageOfPage":{"@id":"https:\/\/verdadeon.com.br\/portal\/2021\/07\/14\/apos-divergencias-entre-estado-e-prefeitura-vacinacao-nao-avanca-em-franca\/#primaryimage"},"image":{"@id":"https:\/\/verdadeon.com.br\/portal\/2021\/07\/14\/apos-divergencias-entre-estado-e-prefeitura-vacinacao-nao-avanca-em-franca\/#primaryimage"},"thumbnailUrl":"https:\/\/i0.wp.com\/verdadeon.com.br\/portal\/wp-content\/uploads\/2021\/07\/WhatsApp-Image-2021-07-14-at-19.20.02-e1626301349262.jpeg?fit=1000%2C672&ssl=1","datePublished":"2021-07-14T22:23:52+00:00","dateModified":"2021-07-14T22:23:53+00:00","author":{"@id":"https:\/\/verdadeon.com.br\/portal\/#\/schema\/person\/cc32be22b8e8599387c480bc83e1d11a"},"breadcrumb":{"@id":"https:\/\/verdadeon.com.br\/portal\/2021\/07\/14\/apos-divergencias-entre-estado-e-prefeitura-vacinacao-nao-avanca-em-franca\/#breadcrumb"},"inLanguage":"pt-BR","potentialAction":[{"@type":"ReadAction","target":["https:\/\/verdadeon.com.br\/portal\/2021\/07\/14\/apos-divergencias-entre-estado-e-prefeitura-vacinacao-nao-avanca-em-franca\/"]}]},{"@type":"ImageObject","inLanguage":"pt-BR","@id":"https:\/\/verdadeon.com.br\/portal\/2021\/07\/14\/apos-divergencias-entre-estado-e-prefeitura-vacinacao-nao-avanca-em-franca\/#primaryimage","url":"https:\/\/i0.wp.com\/verdadeon.com.br\/portal\/wp-content\/uploads\/2021\/07\/WhatsApp-Image-2021-07-14-at-19.20.02-e1626301349262.jpeg?fit=1000%2C672&ssl=1","contentUrl":"https:\/\/i0.wp.com\/verdadeon.com.br\/portal\/wp-content\/uploads\/2021\/07\/WhatsApp-Image-2021-07-14-at-19.20.02-e1626301349262.jpeg?fit=1000%2C672&ssl=1","width":1000,"height":672,"caption":"Mutir\u00e3o tem como foco os atrasados da vacina\u00e7\u00e3o e tamb\u00e9m o refor\u00e7o com a terceira dose | Foto: Fernando Lima"},{"@type":"BreadcrumbList","@id":"https:\/\/verdadeon.com.br\/portal\/2021\/07\/14\/apos-divergencias-entre-estado-e-prefeitura-vacinacao-nao-avanca-em-franca\/#breadcrumb","itemListElement":[{"@type":"ListItem","position":1,"name":"In\u00edcio","item":"https:\/\/verdadeon.com.br\/portal\/"},{"@type":"ListItem","position":2,"name":"Ap\u00f3s diverg\u00eancias entre Estado e Prefeitura, vacina\u00e7\u00e3o n\u00e3o avan\u00e7a em Franca"}]},{"@type":"WebSite","@id":"https:\/\/verdadeon.com.br\/portal\/#website","url":"https:\/\/verdadeon.com.br\/portal\/","name":"VerdadeOn","description":"Not\u00edcias di\u00e1rias sobre Franca, Regi\u00e3o, Esporte, Cultura, Cotidiano, Colunas. Cobertura nos principais eventos da cidade \u00e9 aqui - Verdadeon Franca","potentialAction":[{"@type":"SearchAction","target":{"@type":"EntryPoint","urlTemplate":"https:\/\/verdadeon.com.br\/portal\/?s={search_term_string}"},"query-input":{"@type":"PropertyValueSpecification","valueRequired":true,"valueName":"search_term_string"}}],"inLanguage":"pt-BR"},{"@type":"Person","@id":"https:\/\/verdadeon.com.br\/portal\/#\/schema\/person\/cc32be22b8e8599387c480bc83e1d11a","name":"Fernando Lima","image":{"@type":"ImageObject","inLanguage":"pt-BR","@id":"https:\/\/verdadeon.com.br\/portal\/#\/schema\/person\/image\/","url":"https:\/\/secure.gravatar.com\/avatar\/df4c8e132080d2b3a4841d5d232045464e0eed11a1d6e43115ca0843d48768d3?s=96&d=mm&r=g","contentUrl":"https:\/\/secure.gravatar.com\/avatar\/df4c8e132080d2b3a4841d5d232045464e0eed11a1d6e43115ca0843d48768d3?s=96&d=mm&r=g","caption":"Fernando Lima"},"sameAs":["http:\/\/verdadeon.com.br\/"],"url":"https:\/\/verdadeon.com.br\/portal\/author\/fernando-lima\/"}]}},"jetpack_publicize_connections":[],"jetpack_featured_media_url":"https:\/\/i0.wp.com\/verdadeon.com.br\/portal\/wp-content\/uploads\/2021\/07\/WhatsApp-Image-2021-07-14-at-19.20.02-e1626301349262.jpeg?fit=1000%2C672&ssl=1","jetpack_sharing_enabled":true,"_links":{"self":[{"href":"https:\/\/verdadeon.com.br\/portal\/wp-json\/wp\/v2\/posts\/17948","targetHints":{"allow":["GET"]}}],"collection":[{"href":"https:\/\/verdadeon.com.br\/portal\/wp-json\/wp\/v2\/posts"}],"about":[{"href":"https:\/\/verdadeon.com.br\/portal\/wp-json\/wp\/v2\/types\/post"}],"author":[{"embeddable":true,"href":"https:\/\/verdadeon.com.br\/portal\/wp-json\/wp\/v2\/users\/7"}],"replies":[{"embeddable":true,"href":"https:\/\/verdadeon.com.br\/portal\/wp-json\/wp\/v2\/comments?post=17948"}],"version-history":[{"count":0,"href":"https:\/\/verdadeon.com.br\/portal\/wp-json\/wp\/v2\/posts\/17948\/revisions"}],"wp:featuredmedia":[{"embeddable":true,"href":"https:\/\/verdadeon.com.br\/portal\/wp-json\/wp\/v2\/media\/17956"}],"wp:attachment":[{"href":"https:\/\/verdadeon.com.br\/portal\/wp-json\/wp\/v2\/media?parent=17948"}],"wp:term":[{"taxonomy":"category","embeddable":true,"href":"https:\/\/verdadeon.com.br\/portal\/wp-json\/wp\/v2\/categories?post=17948"},{"taxonomy":"post_tag","embeddable":true,"href":"https:\/\/verdadeon.com.br\/portal\/wp-json\/wp\/v2\/tags?post=17948"}],"curies":[{"name":"wp","href":"https:\/\/api.w.org\/{rel}","templated":true}]}}