{"id":17945,"date":"2021-07-14T17:28:59","date_gmt":"2021-07-14T20:28:59","guid":{"rendered":"https:\/\/verdadeon.com.br\/portal\/?p=17945"},"modified":"2021-07-14T17:28:59","modified_gmt":"2021-07-14T20:28:59","slug":"sao-paulo-registra-queda-de-46-nos-obitos-por-covid-19-entre-internados","status":"publish","type":"post","link":"https:\/\/verdadeon.com.br\/portal\/2021\/07\/14\/sao-paulo-registra-queda-de-46-nos-obitos-por-covid-19-entre-internados\/","title":{"rendered":"S\u00e3o Paulo registra queda de 46% nos \u00f3bitos por Covid-19 entre internados"},"content":{"rendered":"<h2>Hospitaliza\u00e7\u00e3o tamb\u00e9m caiu 44%; redu\u00e7\u00f5es s\u00e3o consequ\u00eancia de vacina\u00e7\u00e3o e protocolos de preven\u00e7\u00e3o<\/h2>\n<p>O Governo de S\u00e3o Paulo anunciou nesta quarta-feira (14), que a letalidade dos pacientes hospitalizados pela COVID-19 caiu 46% no Estado em junho, em compara\u00e7\u00e3o com o m\u00eas de mar\u00e7o, auge da segunda onda da pandemia no territ\u00f3rio. O dado \u00e9 similar \u00e0 redu\u00e7\u00e3o de interna\u00e7\u00f5es, que foi de 44% no mesmo per\u00edodo.<\/p>\n<p>\u201cA queda acentuada da letalidade do coronav\u00edrus em S\u00e3o Paulo \u00e9 resultado dos altos \u00edndices de cobertura vacinal. A melhor forma de preservar vidas \u00e9 com a vacina, e foi o que aconteceu, principalmente entre os idosos acima dos 70 anos, que j\u00e1 tomaram a primeira e a segunda dose da vacina. A maioria dos vacinados, 80%, com duas doses tomou a vacina do Butantan\u201d, afirmou Jo\u00e3o Doria.<\/p>\n<p>Junho registrou a taxa de letalidade mais baixa do ano entre os hospitalizados: 19%, com 7.004 pacientes que faleceram mesmo recebendo assist\u00eancia devido \u00e0 gravidade cl\u00ednica. Este n\u00famero \u00e9 tr\u00eas vezes menor que o registrado em mar\u00e7o, quando a taxa foi a mais alta do semestre \u2013 de 35%, equivalente a 23.427 mortes entre os internados.<\/p>\n<p>Os decl\u00ednios nestas estat\u00edsticas s\u00e3o resultado do refor\u00e7o dos protocolos sanit\u00e1rios, aliado aos altos \u00edndices de cobertura vacinal alcan\u00e7ada pelo PEI (Plano Estadual de Imuniza\u00e7\u00e3o) contra COVID-19, principalmente entre os idosos acima dos 70 anos que j\u00e1 possuem esquema vacinal completo, ou seja, receberam a primeira e a segunda dose das vacinas.<\/p>\n<p>Todas essas faixas et\u00e1rias atingiram coberturas vacinais acima da meta de 90% estipulada na campanha. A faixa et\u00e1ria acima de 90 anos teve cobertura de 95%, e neste grupo a letalidade entre internados caiu 24%. Entre os grupos 100% imunizados, as quedas foram ainda maiores: de 26% entre 80 e 89 anos, e de 34% na faixa de 70 a 79 anos.<\/p>\n<p>O estado j\u00e1 ultrapassou a marca de 62% de adultos vacinados com a primeira dose e de 20% com esquema vacinal completo. Mais de 29,5 milh\u00f5es de doses j\u00e1 foram aplicadas nos 645 munic\u00edpios.<\/p>\n","protected":false},"excerpt":{"rendered":"<p>Hospitaliza\u00e7\u00e3o tamb\u00e9m caiu 44%; redu\u00e7\u00f5es s\u00e3o consequ\u00eancia de vacina\u00e7\u00e3o e protocolos de preven\u00e7\u00e3o O Governo de S\u00e3o Paulo anunciou nesta quarta-feira (14), que a letalidade dos<span class=\"excerpt-hellip\"> [\u2026]<\/span><\/p>\n","protected":false},"author":7,"featured_media":17946,"comment_status":"open","ping_status":"open","sticky":false,"template":"","format":"standard","meta":{"_jetpack_memberships_contains_paid_content":false,"footnotes":"","jetpack_publicize_message":"","jetpack_publicize_feature_enabled":true,"jetpack_social_post_already_shared":false,"jetpack_social_options":{"image_generator_settings":{"template":"highway","default_image_id":0,"enabled":false},"version":2}},"categories":[28,44],"tags":[],"class_list":["post-17945","post","type-post","status-publish","format-standard","has-post-thumbnail","hentry","category-cotidiano","category-noticias"],"yoast_head":"<!-- This site is optimized with the Yoast SEO plugin v25.6 - https:\/\/yoast.com\/wordpress\/plugins\/seo\/ -->\n<title>S\u00e3o Paulo registra queda de 46% nos \u00f3bitos por Covid-19 entre internados - VerdadeOn<\/title>\n<meta name=\"robots\" content=\"index, follow, max-snippet:-1, max-image-preview:large, max-video-preview:-1\" \/>\n<link rel=\"canonical\" href=\"https:\/\/verdadeon.com.br\/portal\/2021\/07\/14\/sao-paulo-registra-queda-de-46-nos-obitos-por-covid-19-entre-internados\/\" \/>\n<meta property=\"og:locale\" content=\"pt_BR\" \/>\n<meta property=\"og:type\" content=\"article\" \/>\n<meta property=\"og:title\" content=\"S\u00e3o Paulo registra queda de 46% nos \u00f3bitos por Covid-19 entre internados - VerdadeOn\" \/>\n<meta property=\"og:description\" content=\"Hospitaliza\u00e7\u00e3o tamb\u00e9m caiu 44%; redu\u00e7\u00f5es s\u00e3o consequ\u00eancia de vacina\u00e7\u00e3o e protocolos de preven\u00e7\u00e3o O Governo de S\u00e3o Paulo anunciou nesta quarta-feira (14), que a letalidade dos [\u2026]\" \/>\n<meta property=\"og:url\" content=\"https:\/\/verdadeon.com.br\/portal\/2021\/07\/14\/sao-paulo-registra-queda-de-46-nos-obitos-por-covid-19-entre-internados\/\" \/>\n<meta property=\"og:site_name\" content=\"VerdadeOn\" \/>\n<meta property=\"article:published_time\" content=\"2021-07-14T20:28:59+00:00\" \/>\n<meta property=\"og:image\" content=\"https:\/\/verdadeon.com.br\/portal\/wp-content\/uploads\/2021\/07\/51310569112_aacfc95269_k-e1626294426684.jpg\" \/>\n\t<meta property=\"og:image:width\" content=\"998\" \/>\n\t<meta property=\"og:image:height\" content=\"670\" \/>\n\t<meta property=\"og:image:type\" content=\"image\/jpeg\" \/>\n<meta name=\"author\" content=\"Fernando Lima\" \/>\n<meta name=\"twitter:card\" content=\"summary_large_image\" \/>\n<meta name=\"twitter:label1\" content=\"Escrito por\" \/>\n\t<meta name=\"twitter:data1\" content=\"Fernando Lima\" \/>\n\t<meta name=\"twitter:label2\" content=\"Est. tempo de leitura\" \/>\n\t<meta name=\"twitter:data2\" content=\"2 minutos\" \/>\n<script type=\"application\/ld+json\" class=\"yoast-schema-graph\">{\"@context\":\"https:\/\/schema.org\",\"@graph\":[{\"@type\":\"WebPage\",\"@id\":\"https:\/\/verdadeon.com.br\/portal\/2021\/07\/14\/sao-paulo-registra-queda-de-46-nos-obitos-por-covid-19-entre-internados\/\",\"url\":\"https:\/\/verdadeon.com.br\/portal\/2021\/07\/14\/sao-paulo-registra-queda-de-46-nos-obitos-por-covid-19-entre-internados\/\",\"name\":\"S\u00e3o Paulo registra queda de 46% nos \u00f3bitos por Covid-19 entre internados - VerdadeOn\",\"isPartOf\":{\"@id\":\"https:\/\/verdadeon.com.br\/portal\/#website\"},\"primaryImageOfPage\":{\"@id\":\"https:\/\/verdadeon.com.br\/portal\/2021\/07\/14\/sao-paulo-registra-queda-de-46-nos-obitos-por-covid-19-entre-internados\/#primaryimage\"},\"image\":{\"@id\":\"https:\/\/verdadeon.com.br\/portal\/2021\/07\/14\/sao-paulo-registra-queda-de-46-nos-obitos-por-covid-19-entre-internados\/#primaryimage\"},\"thumbnailUrl\":\"https:\/\/i0.wp.com\/verdadeon.com.br\/portal\/wp-content\/uploads\/2021\/07\/51310569112_aacfc95269_k-e1626294426684.jpg?fit=998%2C670&ssl=1\",\"datePublished\":\"2021-07-14T20:28:59+00:00\",\"author\":{\"@id\":\"https:\/\/verdadeon.com.br\/portal\/#\/schema\/person\/cc32be22b8e8599387c480bc83e1d11a\"},\"breadcrumb\":{\"@id\":\"https:\/\/verdadeon.com.br\/portal\/2021\/07\/14\/sao-paulo-registra-queda-de-46-nos-obitos-por-covid-19-entre-internados\/#breadcrumb\"},\"inLanguage\":\"pt-BR\",\"potentialAction\":[{\"@type\":\"ReadAction\",\"target\":[\"https:\/\/verdadeon.com.br\/portal\/2021\/07\/14\/sao-paulo-registra-queda-de-46-nos-obitos-por-covid-19-entre-internados\/\"]}]},{\"@type\":\"ImageObject\",\"inLanguage\":\"pt-BR\",\"@id\":\"https:\/\/verdadeon.com.br\/portal\/2021\/07\/14\/sao-paulo-registra-queda-de-46-nos-obitos-por-covid-19-entre-internados\/#primaryimage\",\"url\":\"https:\/\/i0.wp.com\/verdadeon.com.br\/portal\/wp-content\/uploads\/2021\/07\/51310569112_aacfc95269_k-e1626294426684.jpg?fit=998%2C670&ssl=1\",\"contentUrl\":\"https:\/\/i0.wp.com\/verdadeon.com.br\/portal\/wp-content\/uploads\/2021\/07\/51310569112_aacfc95269_k-e1626294426684.jpg?fit=998%2C670&ssl=1\",\"width\":998,\"height\":670,\"caption\":\"Dados foram apresentados durante coletiva de imprensa do Governo do Estado na capital nesta quarta-feira | Foto: Governo do Estado\"},{\"@type\":\"BreadcrumbList\",\"@id\":\"https:\/\/verdadeon.com.br\/portal\/2021\/07\/14\/sao-paulo-registra-queda-de-46-nos-obitos-por-covid-19-entre-internados\/#breadcrumb\",\"itemListElement\":[{\"@type\":\"ListItem\",\"position\":1,\"name\":\"In\u00edcio\",\"item\":\"https:\/\/verdadeon.com.br\/portal\/\"},{\"@type\":\"ListItem\",\"position\":2,\"name\":\"S\u00e3o Paulo registra queda de 46% nos \u00f3bitos por Covid-19 entre internados\"}]},{\"@type\":\"WebSite\",\"@id\":\"https:\/\/verdadeon.com.br\/portal\/#website\",\"url\":\"https:\/\/verdadeon.com.br\/portal\/\",\"name\":\"VerdadeOn\",\"description\":\"Not\u00edcias di\u00e1rias sobre Franca, Regi\u00e3o, Esporte, Cultura, Cotidiano, Colunas. Cobertura nos principais eventos da cidade \u00e9 aqui - Verdadeon Franca\",\"potentialAction\":[{\"@type\":\"SearchAction\",\"target\":{\"@type\":\"EntryPoint\",\"urlTemplate\":\"https:\/\/verdadeon.com.br\/portal\/?s={search_term_string}\"},\"query-input\":{\"@type\":\"PropertyValueSpecification\",\"valueRequired\":true,\"valueName\":\"search_term_string\"}}],\"inLanguage\":\"pt-BR\"},{\"@type\":\"Person\",\"@id\":\"https:\/\/verdadeon.com.br\/portal\/#\/schema\/person\/cc32be22b8e8599387c480bc83e1d11a\",\"name\":\"Fernando Lima\",\"image\":{\"@type\":\"ImageObject\",\"inLanguage\":\"pt-BR\",\"@id\":\"https:\/\/verdadeon.com.br\/portal\/#\/schema\/person\/image\/\",\"url\":\"https:\/\/secure.gravatar.com\/avatar\/df4c8e132080d2b3a4841d5d232045464e0eed11a1d6e43115ca0843d48768d3?s=96&d=mm&r=g\",\"contentUrl\":\"https:\/\/secure.gravatar.com\/avatar\/df4c8e132080d2b3a4841d5d232045464e0eed11a1d6e43115ca0843d48768d3?s=96&d=mm&r=g\",\"caption\":\"Fernando Lima\"},\"sameAs\":[\"http:\/\/verdadeon.com.br\/\"],\"url\":\"https:\/\/verdadeon.com.br\/portal\/author\/fernando-lima\/\"}]}<\/script>\n<!-- \/ Yoast SEO plugin. -->","yoast_head_json":{"title":"S\u00e3o Paulo registra queda de 46% nos \u00f3bitos por Covid-19 entre internados - VerdadeOn","robots":{"index":"index","follow":"follow","max-snippet":"max-snippet:-1","max-image-preview":"max-image-preview:large","max-video-preview":"max-video-preview:-1"},"canonical":"https:\/\/verdadeon.com.br\/portal\/2021\/07\/14\/sao-paulo-registra-queda-de-46-nos-obitos-por-covid-19-entre-internados\/","og_locale":"pt_BR","og_type":"article","og_title":"S\u00e3o Paulo registra queda de 46% nos \u00f3bitos por Covid-19 entre internados - VerdadeOn","og_description":"Hospitaliza\u00e7\u00e3o tamb\u00e9m caiu 44%; redu\u00e7\u00f5es s\u00e3o consequ\u00eancia de vacina\u00e7\u00e3o e protocolos de preven\u00e7\u00e3o O Governo de S\u00e3o Paulo anunciou nesta quarta-feira (14), que a letalidade dos [\u2026]","og_url":"https:\/\/verdadeon.com.br\/portal\/2021\/07\/14\/sao-paulo-registra-queda-de-46-nos-obitos-por-covid-19-entre-internados\/","og_site_name":"VerdadeOn","article_published_time":"2021-07-14T20:28:59+00:00","og_image":[{"width":998,"height":670,"url":"https:\/\/verdadeon.com.br\/portal\/wp-content\/uploads\/2021\/07\/51310569112_aacfc95269_k-e1626294426684.jpg","type":"image\/jpeg"}],"author":"Fernando Lima","twitter_card":"summary_large_image","twitter_misc":{"Escrito por":"Fernando Lima","Est. tempo de leitura":"2 minutos"},"schema":{"@context":"https:\/\/schema.org","@graph":[{"@type":"WebPage","@id":"https:\/\/verdadeon.com.br\/portal\/2021\/07\/14\/sao-paulo-registra-queda-de-46-nos-obitos-por-covid-19-entre-internados\/","url":"https:\/\/verdadeon.com.br\/portal\/2021\/07\/14\/sao-paulo-registra-queda-de-46-nos-obitos-por-covid-19-entre-internados\/","name":"S\u00e3o Paulo registra queda de 46% nos \u00f3bitos por Covid-19 entre internados - VerdadeOn","isPartOf":{"@id":"https:\/\/verdadeon.com.br\/portal\/#website"},"primaryImageOfPage":{"@id":"https:\/\/verdadeon.com.br\/portal\/2021\/07\/14\/sao-paulo-registra-queda-de-46-nos-obitos-por-covid-19-entre-internados\/#primaryimage"},"image":{"@id":"https:\/\/verdadeon.com.br\/portal\/2021\/07\/14\/sao-paulo-registra-queda-de-46-nos-obitos-por-covid-19-entre-internados\/#primaryimage"},"thumbnailUrl":"https:\/\/i0.wp.com\/verdadeon.com.br\/portal\/wp-content\/uploads\/2021\/07\/51310569112_aacfc95269_k-e1626294426684.jpg?fit=998%2C670&ssl=1","datePublished":"2021-07-14T20:28:59+00:00","author":{"@id":"https:\/\/verdadeon.com.br\/portal\/#\/schema\/person\/cc32be22b8e8599387c480bc83e1d11a"},"breadcrumb":{"@id":"https:\/\/verdadeon.com.br\/portal\/2021\/07\/14\/sao-paulo-registra-queda-de-46-nos-obitos-por-covid-19-entre-internados\/#breadcrumb"},"inLanguage":"pt-BR","potentialAction":[{"@type":"ReadAction","target":["https:\/\/verdadeon.com.br\/portal\/2021\/07\/14\/sao-paulo-registra-queda-de-46-nos-obitos-por-covid-19-entre-internados\/"]}]},{"@type":"ImageObject","inLanguage":"pt-BR","@id":"https:\/\/verdadeon.com.br\/portal\/2021\/07\/14\/sao-paulo-registra-queda-de-46-nos-obitos-por-covid-19-entre-internados\/#primaryimage","url":"https:\/\/i0.wp.com\/verdadeon.com.br\/portal\/wp-content\/uploads\/2021\/07\/51310569112_aacfc95269_k-e1626294426684.jpg?fit=998%2C670&ssl=1","contentUrl":"https:\/\/i0.wp.com\/verdadeon.com.br\/portal\/wp-content\/uploads\/2021\/07\/51310569112_aacfc95269_k-e1626294426684.jpg?fit=998%2C670&ssl=1","width":998,"height":670,"caption":"Dados foram apresentados durante coletiva de imprensa do Governo do Estado na capital nesta quarta-feira | Foto: Governo do Estado"},{"@type":"BreadcrumbList","@id":"https:\/\/verdadeon.com.br\/portal\/2021\/07\/14\/sao-paulo-registra-queda-de-46-nos-obitos-por-covid-19-entre-internados\/#breadcrumb","itemListElement":[{"@type":"ListItem","position":1,"name":"In\u00edcio","item":"https:\/\/verdadeon.com.br\/portal\/"},{"@type":"ListItem","position":2,"name":"S\u00e3o Paulo registra queda de 46% nos \u00f3bitos por Covid-19 entre internados"}]},{"@type":"WebSite","@id":"https:\/\/verdadeon.com.br\/portal\/#website","url":"https:\/\/verdadeon.com.br\/portal\/","name":"VerdadeOn","description":"Not\u00edcias di\u00e1rias sobre Franca, Regi\u00e3o, Esporte, Cultura, Cotidiano, Colunas. Cobertura nos principais eventos da cidade \u00e9 aqui - Verdadeon Franca","potentialAction":[{"@type":"SearchAction","target":{"@type":"EntryPoint","urlTemplate":"https:\/\/verdadeon.com.br\/portal\/?s={search_term_string}"},"query-input":{"@type":"PropertyValueSpecification","valueRequired":true,"valueName":"search_term_string"}}],"inLanguage":"pt-BR"},{"@type":"Person","@id":"https:\/\/verdadeon.com.br\/portal\/#\/schema\/person\/cc32be22b8e8599387c480bc83e1d11a","name":"Fernando Lima","image":{"@type":"ImageObject","inLanguage":"pt-BR","@id":"https:\/\/verdadeon.com.br\/portal\/#\/schema\/person\/image\/","url":"https:\/\/secure.gravatar.com\/avatar\/df4c8e132080d2b3a4841d5d232045464e0eed11a1d6e43115ca0843d48768d3?s=96&d=mm&r=g","contentUrl":"https:\/\/secure.gravatar.com\/avatar\/df4c8e132080d2b3a4841d5d232045464e0eed11a1d6e43115ca0843d48768d3?s=96&d=mm&r=g","caption":"Fernando Lima"},"sameAs":["http:\/\/verdadeon.com.br\/"],"url":"https:\/\/verdadeon.com.br\/portal\/author\/fernando-lima\/"}]}},"jetpack_publicize_connections":[],"jetpack_featured_media_url":"https:\/\/i0.wp.com\/verdadeon.com.br\/portal\/wp-content\/uploads\/2021\/07\/51310569112_aacfc95269_k-e1626294426684.jpg?fit=998%2C670&ssl=1","jetpack_sharing_enabled":true,"_links":{"self":[{"href":"https:\/\/verdadeon.com.br\/portal\/wp-json\/wp\/v2\/posts\/17945","targetHints":{"allow":["GET"]}}],"collection":[{"href":"https:\/\/verdadeon.com.br\/portal\/wp-json\/wp\/v2\/posts"}],"about":[{"href":"https:\/\/verdadeon.com.br\/portal\/wp-json\/wp\/v2\/types\/post"}],"author":[{"embeddable":true,"href":"https:\/\/verdadeon.com.br\/portal\/wp-json\/wp\/v2\/users\/7"}],"replies":[{"embeddable":true,"href":"https:\/\/verdadeon.com.br\/portal\/wp-json\/wp\/v2\/comments?post=17945"}],"version-history":[{"count":0,"href":"https:\/\/verdadeon.com.br\/portal\/wp-json\/wp\/v2\/posts\/17945\/revisions"}],"wp:featuredmedia":[{"embeddable":true,"href":"https:\/\/verdadeon.com.br\/portal\/wp-json\/wp\/v2\/media\/17946"}],"wp:attachment":[{"href":"https:\/\/verdadeon.com.br\/portal\/wp-json\/wp\/v2\/media?parent=17945"}],"wp:term":[{"taxonomy":"category","embeddable":true,"href":"https:\/\/verdadeon.com.br\/portal\/wp-json\/wp\/v2\/categories?post=17945"},{"taxonomy":"post_tag","embeddable":true,"href":"https:\/\/verdadeon.com.br\/portal\/wp-json\/wp\/v2\/tags?post=17945"}],"curies":[{"name":"wp","href":"https:\/\/api.w.org\/{rel}","templated":true}]}}