{"id":17926,"date":"2021-07-13T21:29:53","date_gmt":"2021-07-14T00:29:53","guid":{"rendered":"https:\/\/verdadeon.com.br\/portal\/?p=17926"},"modified":"2021-07-13T21:29:53","modified_gmt":"2021-07-14T00:29:53","slug":"deputada-graciela-destina-implante-anticoncepcional-para-mulheres-desprotegidas","status":"publish","type":"post","link":"https:\/\/verdadeon.com.br\/portal\/2021\/07\/13\/deputada-graciela-destina-implante-anticoncepcional-para-mulheres-desprotegidas\/","title":{"rendered":"Deputada Graciela destina implante anticoncepcional para mulheres desprotegidas"},"content":{"rendered":"<p>Moradoras de rua, portadoras de HIV e dependentes qu\u00edmicas, entre outras mulheres em situa\u00e7\u00e3o de vulnerabilidade social em Franca, poder\u00e3o colocar em breve um implante anticoncepcional para evitar gravidez indesejada.<br \/>\nTrata-se de um m\u00e9todo de alta efic\u00e1cia e que ser\u00e1 aplicado gratuitamente pela rede p\u00fablica gra\u00e7as ao trabalho da deputada estadual Delegada Graciela que destinou R$ 50 mil para a Prefeitura comprar os implantes.<br \/>\nO munic\u00edpio j\u00e1 adquiriu os produtos e iniciar\u00e1 a aplica\u00e7\u00e3o, que depende da autoriza\u00e7\u00e3o da mulher, nos pr\u00f3ximos dias. A Secretaria de Sa\u00fade j\u00e1 solicitou o recrutamento das pacientes junto ao servi\u00e7o de A\u00e7\u00e3o Social.<br \/>\nO implante contraceptivo consiste em um pequeno bastonete flex\u00edvel que pode ser aplicado na parte interna do bra\u00e7o, no abd\u00f4men ou gl\u00fateos. O horm\u00f4nio \u00e9 liberado gradualmente no organismo, com a fun\u00e7\u00e3o de inibir a ovula\u00e7\u00e3o e, assim, impedir a gravidez, por at\u00e9 3 anos. \u201cO m\u00e9todo \u00e9 de alt\u00edssima efic\u00e1cia para evitar gravidez n\u00e3o planejada, n\u00e3o tem efeitos colaterais significativos, e ajuda a evitar trag\u00e9dias na vida pessoal das mulheres em situa\u00e7\u00e3o de vulnerabilidade social\u201d, explicou o m\u00e9dico Raul Hellu, coordenador de Resid\u00eancia M\u00e9dica do Munic\u00edpio.<br \/>\nH\u00e1 133 mulheres vulner\u00e1veis cadastradas na Secretaria de A\u00e7\u00e3o Social de Franca, entre elas, 42 s\u00e3o moradoras de rua. \u201cEu fico muito feliz em saber que essas mulheres t\u00e3o sofridas v\u00e3o poder contar com um m\u00e9todo anticoncepcional confi\u00e1vel. Aproveito para informar que, al\u00e9m destes implantes que foram comprados com emenda de minha autoria, eu j\u00e1 destinei mais R$ 50 mil para a Prefeitura comprar nova remessa de implantes. Os recursos devem ser liberados nos pr\u00f3ximos meses\u201d, afirmou a deputada Delegada Graciela.<\/p>\n","protected":false},"excerpt":{"rendered":"<p>Moradoras de rua, portadoras de HIV e dependentes qu\u00edmicas, entre outras mulheres em situa\u00e7\u00e3o de vulnerabilidade social em Franca, poder\u00e3o colocar em breve um implante anticoncepcional<span class=\"excerpt-hellip\"> [\u2026]<\/span><\/p>\n","protected":false},"author":4,"featured_media":9419,"comment_status":"open","ping_status":"open","sticky":false,"template":"","format":"standard","meta":{"_jetpack_memberships_contains_paid_content":false,"footnotes":"","jetpack_publicize_message":"","jetpack_publicize_feature_enabled":true,"jetpack_social_post_already_shared":false,"jetpack_social_options":{"image_generator_settings":{"template":"highway","default_image_id":0,"enabled":false},"version":2}},"categories":[28,44],"tags":[],"class_list":["post-17926","post","type-post","status-publish","format-standard","has-post-thumbnail","hentry","category-cotidiano","category-noticias"],"yoast_head":"<!-- This site is optimized with the Yoast SEO plugin v25.6 - https:\/\/yoast.com\/wordpress\/plugins\/seo\/ -->\n<title>Deputada Graciela destina implante anticoncepcional para mulheres desprotegidas - VerdadeOn<\/title>\n<meta name=\"robots\" content=\"index, follow, max-snippet:-1, max-image-preview:large, max-video-preview:-1\" \/>\n<link rel=\"canonical\" href=\"https:\/\/verdadeon.com.br\/portal\/2021\/07\/13\/deputada-graciela-destina-implante-anticoncepcional-para-mulheres-desprotegidas\/\" \/>\n<meta property=\"og:locale\" content=\"pt_BR\" \/>\n<meta property=\"og:type\" content=\"article\" \/>\n<meta property=\"og:title\" content=\"Deputada Graciela destina implante anticoncepcional para mulheres desprotegidas - VerdadeOn\" \/>\n<meta property=\"og:description\" content=\"Moradoras de rua, portadoras de HIV e dependentes qu\u00edmicas, entre outras mulheres em situa\u00e7\u00e3o de vulnerabilidade social em Franca, poder\u00e3o colocar em breve um implante anticoncepcional [\u2026]\" \/>\n<meta property=\"og:url\" content=\"https:\/\/verdadeon.com.br\/portal\/2021\/07\/13\/deputada-graciela-destina-implante-anticoncepcional-para-mulheres-desprotegidas\/\" \/>\n<meta property=\"og:site_name\" content=\"VerdadeOn\" \/>\n<meta property=\"article:published_time\" content=\"2021-07-14T00:29:53+00:00\" \/>\n<meta property=\"og:image\" content=\"https:\/\/verdadeon.com.br\/portal\/wp-content\/uploads\/2020\/08\/WhatsApp-Image-2020-08-03-at-20.03.19.jpeg\" \/>\n\t<meta property=\"og:image:width\" content=\"1000\" \/>\n\t<meta property=\"og:image:height\" content=\"670\" \/>\n\t<meta property=\"og:image:type\" content=\"image\/jpeg\" \/>\n<meta name=\"author\" content=\"Fernando Calixto\" \/>\n<meta name=\"twitter:card\" content=\"summary_large_image\" \/>\n<meta name=\"twitter:label1\" content=\"Escrito por\" \/>\n\t<meta name=\"twitter:data1\" content=\"Fernando Calixto\" \/>\n\t<meta name=\"twitter:label2\" content=\"Est. tempo de leitura\" \/>\n\t<meta name=\"twitter:data2\" content=\"2 minutos\" \/>\n<script type=\"application\/ld+json\" class=\"yoast-schema-graph\">{\"@context\":\"https:\/\/schema.org\",\"@graph\":[{\"@type\":\"WebPage\",\"@id\":\"https:\/\/verdadeon.com.br\/portal\/2021\/07\/13\/deputada-graciela-destina-implante-anticoncepcional-para-mulheres-desprotegidas\/\",\"url\":\"https:\/\/verdadeon.com.br\/portal\/2021\/07\/13\/deputada-graciela-destina-implante-anticoncepcional-para-mulheres-desprotegidas\/\",\"name\":\"Deputada Graciela destina implante anticoncepcional para mulheres desprotegidas - VerdadeOn\",\"isPartOf\":{\"@id\":\"https:\/\/verdadeon.com.br\/portal\/#website\"},\"primaryImageOfPage\":{\"@id\":\"https:\/\/verdadeon.com.br\/portal\/2021\/07\/13\/deputada-graciela-destina-implante-anticoncepcional-para-mulheres-desprotegidas\/#primaryimage\"},\"image\":{\"@id\":\"https:\/\/verdadeon.com.br\/portal\/2021\/07\/13\/deputada-graciela-destina-implante-anticoncepcional-para-mulheres-desprotegidas\/#primaryimage\"},\"thumbnailUrl\":\"https:\/\/i0.wp.com\/verdadeon.com.br\/portal\/wp-content\/uploads\/2020\/08\/WhatsApp-Image-2020-08-03-at-20.03.19.jpeg?fit=1000%2C670&ssl=1\",\"datePublished\":\"2021-07-14T00:29:53+00:00\",\"author\":{\"@id\":\"https:\/\/verdadeon.com.br\/portal\/#\/schema\/person\/8994718f49ee62ba5610471e29ca1f62\"},\"breadcrumb\":{\"@id\":\"https:\/\/verdadeon.com.br\/portal\/2021\/07\/13\/deputada-graciela-destina-implante-anticoncepcional-para-mulheres-desprotegidas\/#breadcrumb\"},\"inLanguage\":\"pt-BR\",\"potentialAction\":[{\"@type\":\"ReadAction\",\"target\":[\"https:\/\/verdadeon.com.br\/portal\/2021\/07\/13\/deputada-graciela-destina-implante-anticoncepcional-para-mulheres-desprotegidas\/\"]}]},{\"@type\":\"ImageObject\",\"inLanguage\":\"pt-BR\",\"@id\":\"https:\/\/verdadeon.com.br\/portal\/2021\/07\/13\/deputada-graciela-destina-implante-anticoncepcional-para-mulheres-desprotegidas\/#primaryimage\",\"url\":\"https:\/\/i0.wp.com\/verdadeon.com.br\/portal\/wp-content\/uploads\/2020\/08\/WhatsApp-Image-2020-08-03-at-20.03.19.jpeg?fit=1000%2C670&ssl=1\",\"contentUrl\":\"https:\/\/i0.wp.com\/verdadeon.com.br\/portal\/wp-content\/uploads\/2020\/08\/WhatsApp-Image-2020-08-03-at-20.03.19.jpeg?fit=1000%2C670&ssl=1\",\"width\":1000,\"height\":670},{\"@type\":\"BreadcrumbList\",\"@id\":\"https:\/\/verdadeon.com.br\/portal\/2021\/07\/13\/deputada-graciela-destina-implante-anticoncepcional-para-mulheres-desprotegidas\/#breadcrumb\",\"itemListElement\":[{\"@type\":\"ListItem\",\"position\":1,\"name\":\"In\u00edcio\",\"item\":\"https:\/\/verdadeon.com.br\/portal\/\"},{\"@type\":\"ListItem\",\"position\":2,\"name\":\"Deputada Graciela destina implante anticoncepcional para mulheres desprotegidas\"}]},{\"@type\":\"WebSite\",\"@id\":\"https:\/\/verdadeon.com.br\/portal\/#website\",\"url\":\"https:\/\/verdadeon.com.br\/portal\/\",\"name\":\"VerdadeOn\",\"description\":\"Not\u00edcias di\u00e1rias sobre Franca, Regi\u00e3o, Esporte, Cultura, Cotidiano, Colunas. Cobertura nos principais eventos da cidade \u00e9 aqui - Verdadeon Franca\",\"potentialAction\":[{\"@type\":\"SearchAction\",\"target\":{\"@type\":\"EntryPoint\",\"urlTemplate\":\"https:\/\/verdadeon.com.br\/portal\/?s={search_term_string}\"},\"query-input\":{\"@type\":\"PropertyValueSpecification\",\"valueRequired\":true,\"valueName\":\"search_term_string\"}}],\"inLanguage\":\"pt-BR\"},{\"@type\":\"Person\",\"@id\":\"https:\/\/verdadeon.com.br\/portal\/#\/schema\/person\/8994718f49ee62ba5610471e29ca1f62\",\"name\":\"Fernando Calixto\",\"image\":{\"@type\":\"ImageObject\",\"inLanguage\":\"pt-BR\",\"@id\":\"https:\/\/verdadeon.com.br\/portal\/#\/schema\/person\/image\/\",\"url\":\"https:\/\/secure.gravatar.com\/avatar\/7578910c24966c0316c340f9dbd601e93ee9f9212e1033968b367af9306bd9fb?s=96&d=mm&r=g\",\"contentUrl\":\"https:\/\/secure.gravatar.com\/avatar\/7578910c24966c0316c340f9dbd601e93ee9f9212e1033968b367af9306bd9fb?s=96&d=mm&r=g\",\"caption\":\"Fernando Calixto\"},\"url\":\"https:\/\/verdadeon.com.br\/portal\/author\/fernando-calixto\/\"}]}<\/script>\n<!-- \/ Yoast SEO plugin. -->","yoast_head_json":{"title":"Deputada Graciela destina implante anticoncepcional para mulheres desprotegidas - VerdadeOn","robots":{"index":"index","follow":"follow","max-snippet":"max-snippet:-1","max-image-preview":"max-image-preview:large","max-video-preview":"max-video-preview:-1"},"canonical":"https:\/\/verdadeon.com.br\/portal\/2021\/07\/13\/deputada-graciela-destina-implante-anticoncepcional-para-mulheres-desprotegidas\/","og_locale":"pt_BR","og_type":"article","og_title":"Deputada Graciela destina implante anticoncepcional para mulheres desprotegidas - VerdadeOn","og_description":"Moradoras de rua, portadoras de HIV e dependentes qu\u00edmicas, entre outras mulheres em situa\u00e7\u00e3o de vulnerabilidade social em Franca, poder\u00e3o colocar em breve um implante anticoncepcional [\u2026]","og_url":"https:\/\/verdadeon.com.br\/portal\/2021\/07\/13\/deputada-graciela-destina-implante-anticoncepcional-para-mulheres-desprotegidas\/","og_site_name":"VerdadeOn","article_published_time":"2021-07-14T00:29:53+00:00","og_image":[{"width":1000,"height":670,"url":"https:\/\/verdadeon.com.br\/portal\/wp-content\/uploads\/2020\/08\/WhatsApp-Image-2020-08-03-at-20.03.19.jpeg","type":"image\/jpeg"}],"author":"Fernando Calixto","twitter_card":"summary_large_image","twitter_misc":{"Escrito por":"Fernando Calixto","Est. tempo de leitura":"2 minutos"},"schema":{"@context":"https:\/\/schema.org","@graph":[{"@type":"WebPage","@id":"https:\/\/verdadeon.com.br\/portal\/2021\/07\/13\/deputada-graciela-destina-implante-anticoncepcional-para-mulheres-desprotegidas\/","url":"https:\/\/verdadeon.com.br\/portal\/2021\/07\/13\/deputada-graciela-destina-implante-anticoncepcional-para-mulheres-desprotegidas\/","name":"Deputada Graciela destina implante anticoncepcional para mulheres desprotegidas - VerdadeOn","isPartOf":{"@id":"https:\/\/verdadeon.com.br\/portal\/#website"},"primaryImageOfPage":{"@id":"https:\/\/verdadeon.com.br\/portal\/2021\/07\/13\/deputada-graciela-destina-implante-anticoncepcional-para-mulheres-desprotegidas\/#primaryimage"},"image":{"@id":"https:\/\/verdadeon.com.br\/portal\/2021\/07\/13\/deputada-graciela-destina-implante-anticoncepcional-para-mulheres-desprotegidas\/#primaryimage"},"thumbnailUrl":"https:\/\/i0.wp.com\/verdadeon.com.br\/portal\/wp-content\/uploads\/2020\/08\/WhatsApp-Image-2020-08-03-at-20.03.19.jpeg?fit=1000%2C670&ssl=1","datePublished":"2021-07-14T00:29:53+00:00","author":{"@id":"https:\/\/verdadeon.com.br\/portal\/#\/schema\/person\/8994718f49ee62ba5610471e29ca1f62"},"breadcrumb":{"@id":"https:\/\/verdadeon.com.br\/portal\/2021\/07\/13\/deputada-graciela-destina-implante-anticoncepcional-para-mulheres-desprotegidas\/#breadcrumb"},"inLanguage":"pt-BR","potentialAction":[{"@type":"ReadAction","target":["https:\/\/verdadeon.com.br\/portal\/2021\/07\/13\/deputada-graciela-destina-implante-anticoncepcional-para-mulheres-desprotegidas\/"]}]},{"@type":"ImageObject","inLanguage":"pt-BR","@id":"https:\/\/verdadeon.com.br\/portal\/2021\/07\/13\/deputada-graciela-destina-implante-anticoncepcional-para-mulheres-desprotegidas\/#primaryimage","url":"https:\/\/i0.wp.com\/verdadeon.com.br\/portal\/wp-content\/uploads\/2020\/08\/WhatsApp-Image-2020-08-03-at-20.03.19.jpeg?fit=1000%2C670&ssl=1","contentUrl":"https:\/\/i0.wp.com\/verdadeon.com.br\/portal\/wp-content\/uploads\/2020\/08\/WhatsApp-Image-2020-08-03-at-20.03.19.jpeg?fit=1000%2C670&ssl=1","width":1000,"height":670},{"@type":"BreadcrumbList","@id":"https:\/\/verdadeon.com.br\/portal\/2021\/07\/13\/deputada-graciela-destina-implante-anticoncepcional-para-mulheres-desprotegidas\/#breadcrumb","itemListElement":[{"@type":"ListItem","position":1,"name":"In\u00edcio","item":"https:\/\/verdadeon.com.br\/portal\/"},{"@type":"ListItem","position":2,"name":"Deputada Graciela destina implante anticoncepcional para mulheres desprotegidas"}]},{"@type":"WebSite","@id":"https:\/\/verdadeon.com.br\/portal\/#website","url":"https:\/\/verdadeon.com.br\/portal\/","name":"VerdadeOn","description":"Not\u00edcias di\u00e1rias sobre Franca, Regi\u00e3o, Esporte, Cultura, Cotidiano, Colunas. Cobertura nos principais eventos da cidade \u00e9 aqui - Verdadeon Franca","potentialAction":[{"@type":"SearchAction","target":{"@type":"EntryPoint","urlTemplate":"https:\/\/verdadeon.com.br\/portal\/?s={search_term_string}"},"query-input":{"@type":"PropertyValueSpecification","valueRequired":true,"valueName":"search_term_string"}}],"inLanguage":"pt-BR"},{"@type":"Person","@id":"https:\/\/verdadeon.com.br\/portal\/#\/schema\/person\/8994718f49ee62ba5610471e29ca1f62","name":"Fernando Calixto","image":{"@type":"ImageObject","inLanguage":"pt-BR","@id":"https:\/\/verdadeon.com.br\/portal\/#\/schema\/person\/image\/","url":"https:\/\/secure.gravatar.com\/avatar\/7578910c24966c0316c340f9dbd601e93ee9f9212e1033968b367af9306bd9fb?s=96&d=mm&r=g","contentUrl":"https:\/\/secure.gravatar.com\/avatar\/7578910c24966c0316c340f9dbd601e93ee9f9212e1033968b367af9306bd9fb?s=96&d=mm&r=g","caption":"Fernando Calixto"},"url":"https:\/\/verdadeon.com.br\/portal\/author\/fernando-calixto\/"}]}},"jetpack_publicize_connections":[],"jetpack_featured_media_url":"https:\/\/i0.wp.com\/verdadeon.com.br\/portal\/wp-content\/uploads\/2020\/08\/WhatsApp-Image-2020-08-03-at-20.03.19.jpeg?fit=1000%2C670&ssl=1","jetpack_sharing_enabled":true,"_links":{"self":[{"href":"https:\/\/verdadeon.com.br\/portal\/wp-json\/wp\/v2\/posts\/17926","targetHints":{"allow":["GET"]}}],"collection":[{"href":"https:\/\/verdadeon.com.br\/portal\/wp-json\/wp\/v2\/posts"}],"about":[{"href":"https:\/\/verdadeon.com.br\/portal\/wp-json\/wp\/v2\/types\/post"}],"author":[{"embeddable":true,"href":"https:\/\/verdadeon.com.br\/portal\/wp-json\/wp\/v2\/users\/4"}],"replies":[{"embeddable":true,"href":"https:\/\/verdadeon.com.br\/portal\/wp-json\/wp\/v2\/comments?post=17926"}],"version-history":[{"count":0,"href":"https:\/\/verdadeon.com.br\/portal\/wp-json\/wp\/v2\/posts\/17926\/revisions"}],"wp:featuredmedia":[{"embeddable":true,"href":"https:\/\/verdadeon.com.br\/portal\/wp-json\/wp\/v2\/media\/9419"}],"wp:attachment":[{"href":"https:\/\/verdadeon.com.br\/portal\/wp-json\/wp\/v2\/media?parent=17926"}],"wp:term":[{"taxonomy":"category","embeddable":true,"href":"https:\/\/verdadeon.com.br\/portal\/wp-json\/wp\/v2\/categories?post=17926"},{"taxonomy":"post_tag","embeddable":true,"href":"https:\/\/verdadeon.com.br\/portal\/wp-json\/wp\/v2\/tags?post=17926"}],"curies":[{"name":"wp","href":"https:\/\/api.w.org\/{rel}","templated":true}]}}