{"id":17911,"date":"2021-07-13T18:26:40","date_gmt":"2021-07-13T21:26:40","guid":{"rendered":"https:\/\/verdadeon.com.br\/portal\/?p=17911"},"modified":"2021-07-13T18:26:40","modified_gmt":"2021-07-13T21:26:40","slug":"sao-paulo-ultrapassa-60-de-adultos-vacinados-com-pelo-menos-1-dose-contra-covid-19","status":"publish","type":"post","link":"https:\/\/verdadeon.com.br\/portal\/2021\/07\/13\/sao-paulo-ultrapassa-60-de-adultos-vacinados-com-pelo-menos-1-dose-contra-covid-19\/","title":{"rendered":"S\u00e3o Paulo ultrapassa 60% de adultos vacinados com pelo menos 1\u00b0 dose contra Covid-19"},"content":{"rendered":"<h2>Cerca de 7,4 milh\u00f5es de pessoas j\u00e1 conclu\u00edram o esquema de imuniza\u00e7\u00e3o com as duas doses<\/h2>\n<p>O Estado de S\u00e3o Paulo ultrapassou a marca de 60% de adultos j\u00e1 vacinados com pelo menos uma dose de imunizante contra COVID-19 e de 20% com cobertura vacinal completa.<\/p>\n<p>At\u00e9 \u00e0s 13h33 desta ter\u00e7a-feira (13), houve 21,8 milh\u00f5es de aplica\u00e7\u00f5es de primeira dose, o que representa 61,6% das pessoas com 18 anos ou mais de SP, que totalizam 35,3 milh\u00f5es segundo as estimativas do IBGE de 2020.<\/p>\n<p>Al\u00e9m disso, o Estado j\u00e1 tem 6,6 milh\u00f5es de registros de segunda dose e mais 827,8 mil aplica\u00e7\u00f5es de dose \u00fanica (vacina da Janssen). Os n\u00fameros totalizam 7,4 milh\u00f5es de pessoas que j\u00e1 conclu\u00edram seu esquema vacinal, ou seja, receberam as duas doses das vacinas que t\u00eam esta indica\u00e7\u00e3o em bula ou foram imunizadas com dose \u00fanica.<\/p>\n<h4>Novo lote<\/h4>\n<p>O estado recebeu um lote recorde de 12 mil litros de IFA (Insumo Farmac\u00eautico Ativo) para a produ\u00e7\u00e3o de 20 milh\u00f5es de vacinas do Instituto Butantan contra o coronav\u00edrus. As doses s\u00e3o destinadas ao PNI (Programa Nacional de Imuniza\u00e7\u00f5es) e v\u00e3o garantir a prote\u00e7\u00e3o de brasileiros em todo o pa\u00eds. \u201cCom essas 20 milh\u00f5es de doses, n\u00f3s vamos a um total de 83 milh\u00f5es de doses da vacina do Butantan sendo entregues para o Minist\u00e9rio da Sa\u00fade\u201d, disse o governador Jo\u00e3o Doria.<\/p>\n<p>A maior remessa de insumos j\u00e1 recebida pelo Butantan at\u00e9 agora chegou ao Aeroporto Internacional de Guarulhos em um voo da companhia Swiss Air, que saiu de Pequim (China) no domingo (11) e fez escala em Zurique (Su\u00ed\u00e7a). O Secret\u00e1rio de Sa\u00fade do Estado, Jean Gorinchteyn, acompanhou o desembarque.<\/p>\n<p>A mat\u00e9ria-prima foi enviada pela biofarmac\u00eautica Sinovac, parceira internacional do Butantan no desenvolvimento e produ\u00e7\u00e3o da vacina. Em S\u00e3o Paulo, os insumos passam por envase, rotulagem, embalagem e um r\u00edgido controle de qualidade para que as doses sejam oferecidas \u00e0 popula\u00e7\u00e3o. Esse processo dura em torno de 15 a 20 dias.<\/p>\n<p>At\u00e9 o momento, o Butantan j\u00e1 disponibilizou ao Brasil 53,149 milh\u00f5es de doses da vacina. O total corresponde a 43,4% de todas as doses aplicadas no Brasil at\u00e9 o momento, segundo informa\u00e7\u00f5es do PNI.<\/p>\n<p>A \u00faltima remessa de IFA foi recebida pelo Butantan em 26 de junho, com 6 mil litros de insumos para produ\u00e7\u00e3o de 10 milh\u00f5es de doses, que ser\u00e3o entregues ao Brasil nos pr\u00f3ximos dias. Um lote de 1 milh\u00e3o de doses prontas tamb\u00e9m chegou ao pa\u00eds em 29 de junho.<\/p>\n<p>Em 12 de maio, o Butantan chegou \u00e0 marca de 46 milh\u00f5es de doses entregues ao PNI, cumprindo integralmente o primeiro contrato firmado com o Minist\u00e9rio da Sa\u00fade. Agora, o objetivo \u00e9 concluir a oferta de outras 54 milh\u00f5es de doses referentes ao segundo contrato em agosto, um m\u00eas antes do previsto, para acelerar a campanha de vacina\u00e7\u00e3o no Brasil. Em S\u00e3o Paulo, toda a popula\u00e7\u00e3o com mais de 18 anos dever\u00e1 ser protegida com ao menos uma dose contra a COVID-19 at\u00e9 o dia 20 de agosto.<\/p>\n","protected":false},"excerpt":{"rendered":"<p>Cerca de 7,4 milh\u00f5es de pessoas j\u00e1 conclu\u00edram o esquema de imuniza\u00e7\u00e3o com as duas doses O Estado de S\u00e3o Paulo ultrapassou a marca de 60%<span class=\"excerpt-hellip\"> [\u2026]<\/span><\/p>\n","protected":false},"author":7,"featured_media":17917,"comment_status":"open","ping_status":"open","sticky":false,"template":"","format":"standard","meta":{"_jetpack_memberships_contains_paid_content":false,"footnotes":"","jetpack_publicize_message":"","jetpack_publicize_feature_enabled":true,"jetpack_social_post_already_shared":false,"jetpack_social_options":{"image_generator_settings":{"template":"highway","default_image_id":0,"enabled":false},"version":2}},"categories":[28,44],"tags":[],"class_list":["post-17911","post","type-post","status-publish","format-standard","has-post-thumbnail","hentry","category-cotidiano","category-noticias"],"yoast_head":"<!-- This site is optimized with the Yoast SEO plugin v25.6 - https:\/\/yoast.com\/wordpress\/plugins\/seo\/ -->\n<title>S\u00e3o Paulo ultrapassa 60% de adultos vacinados com pelo menos 1\u00b0 dose contra Covid-19 - VerdadeOn<\/title>\n<meta name=\"robots\" content=\"index, follow, max-snippet:-1, max-image-preview:large, max-video-preview:-1\" \/>\n<link rel=\"canonical\" href=\"https:\/\/verdadeon.com.br\/portal\/2021\/07\/13\/sao-paulo-ultrapassa-60-de-adultos-vacinados-com-pelo-menos-1-dose-contra-covid-19\/\" \/>\n<meta property=\"og:locale\" content=\"pt_BR\" \/>\n<meta property=\"og:type\" content=\"article\" \/>\n<meta property=\"og:title\" content=\"S\u00e3o Paulo ultrapassa 60% de adultos vacinados com pelo menos 1\u00b0 dose contra Covid-19 - VerdadeOn\" \/>\n<meta property=\"og:description\" content=\"Cerca de 7,4 milh\u00f5es de pessoas j\u00e1 conclu\u00edram o esquema de imuniza\u00e7\u00e3o com as duas doses O Estado de S\u00e3o Paulo ultrapassou a marca de 60% [\u2026]\" \/>\n<meta property=\"og:url\" content=\"https:\/\/verdadeon.com.br\/portal\/2021\/07\/13\/sao-paulo-ultrapassa-60-de-adultos-vacinados-com-pelo-menos-1-dose-contra-covid-19\/\" \/>\n<meta property=\"og:site_name\" content=\"VerdadeOn\" \/>\n<meta property=\"article:published_time\" content=\"2021-07-13T21:26:40+00:00\" \/>\n<meta property=\"og:image\" content=\"https:\/\/verdadeon.com.br\/portal\/wp-content\/uploads\/2021\/07\/50986051458_519fbd27a7_k.jpg\" \/>\n\t<meta property=\"og:image:width\" content=\"2048\" \/>\n\t<meta property=\"og:image:height\" content=\"1422\" \/>\n\t<meta property=\"og:image:type\" content=\"image\/jpeg\" \/>\n<meta name=\"author\" content=\"Fernando Lima\" \/>\n<meta name=\"twitter:card\" content=\"summary_large_image\" \/>\n<meta name=\"twitter:label1\" content=\"Escrito por\" \/>\n\t<meta name=\"twitter:data1\" content=\"Fernando Lima\" \/>\n\t<meta name=\"twitter:label2\" content=\"Est. tempo de leitura\" \/>\n\t<meta name=\"twitter:data2\" content=\"3 minutos\" \/>\n<script type=\"application\/ld+json\" class=\"yoast-schema-graph\">{\"@context\":\"https:\/\/schema.org\",\"@graph\":[{\"@type\":\"WebPage\",\"@id\":\"https:\/\/verdadeon.com.br\/portal\/2021\/07\/13\/sao-paulo-ultrapassa-60-de-adultos-vacinados-com-pelo-menos-1-dose-contra-covid-19\/\",\"url\":\"https:\/\/verdadeon.com.br\/portal\/2021\/07\/13\/sao-paulo-ultrapassa-60-de-adultos-vacinados-com-pelo-menos-1-dose-contra-covid-19\/\",\"name\":\"S\u00e3o Paulo ultrapassa 60% de adultos vacinados com pelo menos 1\u00b0 dose contra Covid-19 - VerdadeOn\",\"isPartOf\":{\"@id\":\"https:\/\/verdadeon.com.br\/portal\/#website\"},\"primaryImageOfPage\":{\"@id\":\"https:\/\/verdadeon.com.br\/portal\/2021\/07\/13\/sao-paulo-ultrapassa-60-de-adultos-vacinados-com-pelo-menos-1-dose-contra-covid-19\/#primaryimage\"},\"image\":{\"@id\":\"https:\/\/verdadeon.com.br\/portal\/2021\/07\/13\/sao-paulo-ultrapassa-60-de-adultos-vacinados-com-pelo-menos-1-dose-contra-covid-19\/#primaryimage\"},\"thumbnailUrl\":\"https:\/\/i0.wp.com\/verdadeon.com.br\/portal\/wp-content\/uploads\/2021\/07\/50986051458_519fbd27a7_k.jpg?fit=2048%2C1422&ssl=1\",\"datePublished\":\"2021-07-13T21:26:40+00:00\",\"author\":{\"@id\":\"https:\/\/verdadeon.com.br\/portal\/#\/schema\/person\/cc32be22b8e8599387c480bc83e1d11a\"},\"breadcrumb\":{\"@id\":\"https:\/\/verdadeon.com.br\/portal\/2021\/07\/13\/sao-paulo-ultrapassa-60-de-adultos-vacinados-com-pelo-menos-1-dose-contra-covid-19\/#breadcrumb\"},\"inLanguage\":\"pt-BR\",\"potentialAction\":[{\"@type\":\"ReadAction\",\"target\":[\"https:\/\/verdadeon.com.br\/portal\/2021\/07\/13\/sao-paulo-ultrapassa-60-de-adultos-vacinados-com-pelo-menos-1-dose-contra-covid-19\/\"]}]},{\"@type\":\"ImageObject\",\"inLanguage\":\"pt-BR\",\"@id\":\"https:\/\/verdadeon.com.br\/portal\/2021\/07\/13\/sao-paulo-ultrapassa-60-de-adultos-vacinados-com-pelo-menos-1-dose-contra-covid-19\/#primaryimage\",\"url\":\"https:\/\/i0.wp.com\/verdadeon.com.br\/portal\/wp-content\/uploads\/2021\/07\/50986051458_519fbd27a7_k.jpg?fit=2048%2C1422&ssl=1\",\"contentUrl\":\"https:\/\/i0.wp.com\/verdadeon.com.br\/portal\/wp-content\/uploads\/2021\/07\/50986051458_519fbd27a7_k.jpg?fit=2048%2C1422&ssl=1\",\"width\":2048,\"height\":1422,\"caption\":\"At\u00e9 esta ter\u00e7a-feira (13), houve 21,8 milh\u00f5es de aplica\u00e7\u00f5es de primeira dose, o que representa 61,6% das pessoas com 18 anos ou mais de SP | Foto: Governo do Estado\"},{\"@type\":\"BreadcrumbList\",\"@id\":\"https:\/\/verdadeon.com.br\/portal\/2021\/07\/13\/sao-paulo-ultrapassa-60-de-adultos-vacinados-com-pelo-menos-1-dose-contra-covid-19\/#breadcrumb\",\"itemListElement\":[{\"@type\":\"ListItem\",\"position\":1,\"name\":\"In\u00edcio\",\"item\":\"https:\/\/verdadeon.com.br\/portal\/\"},{\"@type\":\"ListItem\",\"position\":2,\"name\":\"S\u00e3o Paulo ultrapassa 60% de adultos vacinados com pelo menos 1\u00b0 dose contra Covid-19\"}]},{\"@type\":\"WebSite\",\"@id\":\"https:\/\/verdadeon.com.br\/portal\/#website\",\"url\":\"https:\/\/verdadeon.com.br\/portal\/\",\"name\":\"VerdadeOn\",\"description\":\"Not\u00edcias di\u00e1rias sobre Franca, Regi\u00e3o, Esporte, Cultura, Cotidiano, Colunas. Cobertura nos principais eventos da cidade \u00e9 aqui - Verdadeon Franca\",\"potentialAction\":[{\"@type\":\"SearchAction\",\"target\":{\"@type\":\"EntryPoint\",\"urlTemplate\":\"https:\/\/verdadeon.com.br\/portal\/?s={search_term_string}\"},\"query-input\":{\"@type\":\"PropertyValueSpecification\",\"valueRequired\":true,\"valueName\":\"search_term_string\"}}],\"inLanguage\":\"pt-BR\"},{\"@type\":\"Person\",\"@id\":\"https:\/\/verdadeon.com.br\/portal\/#\/schema\/person\/cc32be22b8e8599387c480bc83e1d11a\",\"name\":\"Fernando Lima\",\"image\":{\"@type\":\"ImageObject\",\"inLanguage\":\"pt-BR\",\"@id\":\"https:\/\/verdadeon.com.br\/portal\/#\/schema\/person\/image\/\",\"url\":\"https:\/\/secure.gravatar.com\/avatar\/df4c8e132080d2b3a4841d5d232045464e0eed11a1d6e43115ca0843d48768d3?s=96&d=mm&r=g\",\"contentUrl\":\"https:\/\/secure.gravatar.com\/avatar\/df4c8e132080d2b3a4841d5d232045464e0eed11a1d6e43115ca0843d48768d3?s=96&d=mm&r=g\",\"caption\":\"Fernando Lima\"},\"sameAs\":[\"http:\/\/verdadeon.com.br\/\"],\"url\":\"https:\/\/verdadeon.com.br\/portal\/author\/fernando-lima\/\"}]}<\/script>\n<!-- \/ Yoast SEO plugin. -->","yoast_head_json":{"title":"S\u00e3o Paulo ultrapassa 60% de adultos vacinados com pelo menos 1\u00b0 dose contra Covid-19 - VerdadeOn","robots":{"index":"index","follow":"follow","max-snippet":"max-snippet:-1","max-image-preview":"max-image-preview:large","max-video-preview":"max-video-preview:-1"},"canonical":"https:\/\/verdadeon.com.br\/portal\/2021\/07\/13\/sao-paulo-ultrapassa-60-de-adultos-vacinados-com-pelo-menos-1-dose-contra-covid-19\/","og_locale":"pt_BR","og_type":"article","og_title":"S\u00e3o Paulo ultrapassa 60% de adultos vacinados com pelo menos 1\u00b0 dose contra Covid-19 - VerdadeOn","og_description":"Cerca de 7,4 milh\u00f5es de pessoas j\u00e1 conclu\u00edram o esquema de imuniza\u00e7\u00e3o com as duas doses O Estado de S\u00e3o Paulo ultrapassou a marca de 60% [\u2026]","og_url":"https:\/\/verdadeon.com.br\/portal\/2021\/07\/13\/sao-paulo-ultrapassa-60-de-adultos-vacinados-com-pelo-menos-1-dose-contra-covid-19\/","og_site_name":"VerdadeOn","article_published_time":"2021-07-13T21:26:40+00:00","og_image":[{"width":2048,"height":1422,"url":"https:\/\/verdadeon.com.br\/portal\/wp-content\/uploads\/2021\/07\/50986051458_519fbd27a7_k.jpg","type":"image\/jpeg"}],"author":"Fernando Lima","twitter_card":"summary_large_image","twitter_misc":{"Escrito por":"Fernando Lima","Est. tempo de leitura":"3 minutos"},"schema":{"@context":"https:\/\/schema.org","@graph":[{"@type":"WebPage","@id":"https:\/\/verdadeon.com.br\/portal\/2021\/07\/13\/sao-paulo-ultrapassa-60-de-adultos-vacinados-com-pelo-menos-1-dose-contra-covid-19\/","url":"https:\/\/verdadeon.com.br\/portal\/2021\/07\/13\/sao-paulo-ultrapassa-60-de-adultos-vacinados-com-pelo-menos-1-dose-contra-covid-19\/","name":"S\u00e3o Paulo ultrapassa 60% de adultos vacinados com pelo menos 1\u00b0 dose contra Covid-19 - VerdadeOn","isPartOf":{"@id":"https:\/\/verdadeon.com.br\/portal\/#website"},"primaryImageOfPage":{"@id":"https:\/\/verdadeon.com.br\/portal\/2021\/07\/13\/sao-paulo-ultrapassa-60-de-adultos-vacinados-com-pelo-menos-1-dose-contra-covid-19\/#primaryimage"},"image":{"@id":"https:\/\/verdadeon.com.br\/portal\/2021\/07\/13\/sao-paulo-ultrapassa-60-de-adultos-vacinados-com-pelo-menos-1-dose-contra-covid-19\/#primaryimage"},"thumbnailUrl":"https:\/\/i0.wp.com\/verdadeon.com.br\/portal\/wp-content\/uploads\/2021\/07\/50986051458_519fbd27a7_k.jpg?fit=2048%2C1422&ssl=1","datePublished":"2021-07-13T21:26:40+00:00","author":{"@id":"https:\/\/verdadeon.com.br\/portal\/#\/schema\/person\/cc32be22b8e8599387c480bc83e1d11a"},"breadcrumb":{"@id":"https:\/\/verdadeon.com.br\/portal\/2021\/07\/13\/sao-paulo-ultrapassa-60-de-adultos-vacinados-com-pelo-menos-1-dose-contra-covid-19\/#breadcrumb"},"inLanguage":"pt-BR","potentialAction":[{"@type":"ReadAction","target":["https:\/\/verdadeon.com.br\/portal\/2021\/07\/13\/sao-paulo-ultrapassa-60-de-adultos-vacinados-com-pelo-menos-1-dose-contra-covid-19\/"]}]},{"@type":"ImageObject","inLanguage":"pt-BR","@id":"https:\/\/verdadeon.com.br\/portal\/2021\/07\/13\/sao-paulo-ultrapassa-60-de-adultos-vacinados-com-pelo-menos-1-dose-contra-covid-19\/#primaryimage","url":"https:\/\/i0.wp.com\/verdadeon.com.br\/portal\/wp-content\/uploads\/2021\/07\/50986051458_519fbd27a7_k.jpg?fit=2048%2C1422&ssl=1","contentUrl":"https:\/\/i0.wp.com\/verdadeon.com.br\/portal\/wp-content\/uploads\/2021\/07\/50986051458_519fbd27a7_k.jpg?fit=2048%2C1422&ssl=1","width":2048,"height":1422,"caption":"At\u00e9 esta ter\u00e7a-feira (13), houve 21,8 milh\u00f5es de aplica\u00e7\u00f5es de primeira dose, o que representa 61,6% das pessoas com 18 anos ou mais de SP | Foto: Governo do Estado"},{"@type":"BreadcrumbList","@id":"https:\/\/verdadeon.com.br\/portal\/2021\/07\/13\/sao-paulo-ultrapassa-60-de-adultos-vacinados-com-pelo-menos-1-dose-contra-covid-19\/#breadcrumb","itemListElement":[{"@type":"ListItem","position":1,"name":"In\u00edcio","item":"https:\/\/verdadeon.com.br\/portal\/"},{"@type":"ListItem","position":2,"name":"S\u00e3o Paulo ultrapassa 60% de adultos vacinados com pelo menos 1\u00b0 dose contra Covid-19"}]},{"@type":"WebSite","@id":"https:\/\/verdadeon.com.br\/portal\/#website","url":"https:\/\/verdadeon.com.br\/portal\/","name":"VerdadeOn","description":"Not\u00edcias di\u00e1rias sobre Franca, Regi\u00e3o, Esporte, Cultura, Cotidiano, Colunas. Cobertura nos principais eventos da cidade \u00e9 aqui - Verdadeon Franca","potentialAction":[{"@type":"SearchAction","target":{"@type":"EntryPoint","urlTemplate":"https:\/\/verdadeon.com.br\/portal\/?s={search_term_string}"},"query-input":{"@type":"PropertyValueSpecification","valueRequired":true,"valueName":"search_term_string"}}],"inLanguage":"pt-BR"},{"@type":"Person","@id":"https:\/\/verdadeon.com.br\/portal\/#\/schema\/person\/cc32be22b8e8599387c480bc83e1d11a","name":"Fernando Lima","image":{"@type":"ImageObject","inLanguage":"pt-BR","@id":"https:\/\/verdadeon.com.br\/portal\/#\/schema\/person\/image\/","url":"https:\/\/secure.gravatar.com\/avatar\/df4c8e132080d2b3a4841d5d232045464e0eed11a1d6e43115ca0843d48768d3?s=96&d=mm&r=g","contentUrl":"https:\/\/secure.gravatar.com\/avatar\/df4c8e132080d2b3a4841d5d232045464e0eed11a1d6e43115ca0843d48768d3?s=96&d=mm&r=g","caption":"Fernando Lima"},"sameAs":["http:\/\/verdadeon.com.br\/"],"url":"https:\/\/verdadeon.com.br\/portal\/author\/fernando-lima\/"}]}},"jetpack_publicize_connections":[],"jetpack_featured_media_url":"https:\/\/i0.wp.com\/verdadeon.com.br\/portal\/wp-content\/uploads\/2021\/07\/50986051458_519fbd27a7_k.jpg?fit=2048%2C1422&ssl=1","jetpack_sharing_enabled":true,"_links":{"self":[{"href":"https:\/\/verdadeon.com.br\/portal\/wp-json\/wp\/v2\/posts\/17911","targetHints":{"allow":["GET"]}}],"collection":[{"href":"https:\/\/verdadeon.com.br\/portal\/wp-json\/wp\/v2\/posts"}],"about":[{"href":"https:\/\/verdadeon.com.br\/portal\/wp-json\/wp\/v2\/types\/post"}],"author":[{"embeddable":true,"href":"https:\/\/verdadeon.com.br\/portal\/wp-json\/wp\/v2\/users\/7"}],"replies":[{"embeddable":true,"href":"https:\/\/verdadeon.com.br\/portal\/wp-json\/wp\/v2\/comments?post=17911"}],"version-history":[{"count":0,"href":"https:\/\/verdadeon.com.br\/portal\/wp-json\/wp\/v2\/posts\/17911\/revisions"}],"wp:featuredmedia":[{"embeddable":true,"href":"https:\/\/verdadeon.com.br\/portal\/wp-json\/wp\/v2\/media\/17917"}],"wp:attachment":[{"href":"https:\/\/verdadeon.com.br\/portal\/wp-json\/wp\/v2\/media?parent=17911"}],"wp:term":[{"taxonomy":"category","embeddable":true,"href":"https:\/\/verdadeon.com.br\/portal\/wp-json\/wp\/v2\/categories?post=17911"},{"taxonomy":"post_tag","embeddable":true,"href":"https:\/\/verdadeon.com.br\/portal\/wp-json\/wp\/v2\/tags?post=17911"}],"curies":[{"name":"wp","href":"https:\/\/api.w.org\/{rel}","templated":true}]}}