{"id":17902,"date":"2021-07-12T20:20:22","date_gmt":"2021-07-12T23:20:22","guid":{"rendered":"https:\/\/verdadeon.com.br\/portal\/?p=17902"},"modified":"2021-07-12T20:20:22","modified_gmt":"2021-07-12T23:20:22","slug":"vacinacao-contra-a-gripe-e-ampliada-para-toda-a-populacao-acima-dos-6-meses-em-franca","status":"publish","type":"post","link":"https:\/\/verdadeon.com.br\/portal\/2021\/07\/12\/vacinacao-contra-a-gripe-e-ampliada-para-toda-a-populacao-acima-dos-6-meses-em-franca\/","title":{"rendered":"Vacina\u00e7\u00e3o contra a gripe \u00e9 ampliada para toda a popula\u00e7\u00e3o acima dos 6 meses em Franca \u00a0"},"content":{"rendered":"<h2>Medida foi tomada em todo o estado ap\u00f3s meta de vacina\u00e7\u00e3o ficar abaixo da m\u00ednima ideal<\/h2>\n<p>Foram ampliadas nesta segunda-feira (12), as faixas et\u00e1rias e tamb\u00e9m os postos de vacina\u00e7\u00e3o da Campanha Nacional contra a Gripe Influenza em Franca, a partir de agora, poder\u00e3o receber o imunizante pessoas acima de 6 meses.<\/p>\n<p>De acordo com a secretaria de Sa\u00fade, neste primeiro dia o atendimento foi prestado nas Unidades B\u00e1sicas de Sa\u00fade da Vila S\u00e3o Sebasti\u00e3o, Santa Clara, Aeroporto 3, Santa Terezinha e Paulista, das 07h30 \u00e0s 16h. O mesmo esquema de lugares e hor\u00e1rios ser\u00e3o seguidos nesta ter\u00e7a-feira (13).<\/p>\n<p>Segundo a Vigil\u00e2ncia Epidemiol\u00f3gica, at\u00e9 esta segunda-feira, foram imunizadas 48.882 pessoas, sendo que os idosos est\u00e3o entre o maior p\u00fablico vacinado, com 23.578 doses, seguidos das crian\u00e7as com 12.271 vacinas aplicadas e profissionais de sa\u00fade, com 4.651 pessoas vacinadas.<\/p>\n<p>O cronograma da campanha j\u00e1 contemplou tamb\u00e9m gestantes, pu\u00e9rperas, professores, pessoas com comorbidades, trabalhadores do transporte coletivo, for\u00e7as de seguran\u00e7a e salvamento, funcion\u00e1rios do sistema prisional e pessoas privadas de liberdades.<\/p>\n<p>A vacina contra a Influenza pode ser aplicada obedecendo o intervalo de 15 dias ap\u00f3s a primeira ou segunda aplica\u00e7\u00f5es do imunizante contra a Covid-19. \u00c9 necess\u00e1rio que o interessado apresente o cart\u00e3o de vacina\u00e7\u00e3o para a avalia\u00e7\u00e3o da data.<\/p>\n<h4>Vacina contra Covid-19<\/h4>\n<p>Nesta ter\u00e7a-feira tamb\u00e9m continua a aplica\u00e7\u00e3o da vacina contra a Covid-19 em Franca, n\u00e3o foi aberto novo calend\u00e1rio de idade, permanecendo no p\u00fablico alvo acima dos 38 anos.<\/p>\n<p>Al\u00e9m das pessoas acima desta faixa, continua a aplica\u00e7\u00e3o em pacientes com comorbidades acima dos 18, dos profissionais de sa\u00fade e da educa\u00e7\u00e3o tamb\u00e9m acima dos 18, al\u00e9m das gestantes e pu\u00e9rperas.<\/p>\n","protected":false},"excerpt":{"rendered":"<p>Medida foi tomada em todo o estado ap\u00f3s meta de vacina\u00e7\u00e3o ficar abaixo da m\u00ednima ideal Foram ampliadas nesta segunda-feira (12), as faixas et\u00e1rias e tamb\u00e9m<span class=\"excerpt-hellip\"> [\u2026]<\/span><\/p>\n","protected":false},"author":7,"featured_media":4946,"comment_status":"open","ping_status":"open","sticky":false,"template":"","format":"standard","meta":{"_jetpack_memberships_contains_paid_content":false,"footnotes":"","jetpack_publicize_message":"","jetpack_publicize_feature_enabled":true,"jetpack_social_post_already_shared":false,"jetpack_social_options":{"image_generator_settings":{"template":"highway","default_image_id":0,"enabled":false},"version":2}},"categories":[28,44],"tags":[],"class_list":["post-17902","post","type-post","status-publish","format-standard","has-post-thumbnail","hentry","category-cotidiano","category-noticias"],"yoast_head":"<!-- This site is optimized with the Yoast SEO plugin v25.6 - https:\/\/yoast.com\/wordpress\/plugins\/seo\/ -->\n<title>Vacina\u00e7\u00e3o contra a gripe \u00e9 ampliada para toda a popula\u00e7\u00e3o acima dos 6 meses em Franca \u00a0 - VerdadeOn<\/title>\n<meta name=\"robots\" content=\"index, follow, max-snippet:-1, max-image-preview:large, max-video-preview:-1\" \/>\n<link rel=\"canonical\" href=\"https:\/\/verdadeon.com.br\/portal\/2021\/07\/12\/vacinacao-contra-a-gripe-e-ampliada-para-toda-a-populacao-acima-dos-6-meses-em-franca\/\" \/>\n<meta property=\"og:locale\" content=\"pt_BR\" \/>\n<meta property=\"og:type\" content=\"article\" \/>\n<meta property=\"og:title\" content=\"Vacina\u00e7\u00e3o contra a gripe \u00e9 ampliada para toda a popula\u00e7\u00e3o acima dos 6 meses em Franca \u00a0 - VerdadeOn\" \/>\n<meta property=\"og:description\" content=\"Medida foi tomada em todo o estado ap\u00f3s meta de vacina\u00e7\u00e3o ficar abaixo da m\u00ednima ideal Foram ampliadas nesta segunda-feira (12), as faixas et\u00e1rias e tamb\u00e9m [\u2026]\" \/>\n<meta property=\"og:url\" content=\"https:\/\/verdadeon.com.br\/portal\/2021\/07\/12\/vacinacao-contra-a-gripe-e-ampliada-para-toda-a-populacao-acima-dos-6-meses-em-franca\/\" \/>\n<meta property=\"og:site_name\" content=\"VerdadeOn\" \/>\n<meta property=\"article:published_time\" content=\"2021-07-12T23:20:22+00:00\" \/>\n<meta property=\"og:image\" content=\"https:\/\/verdadeon.com.br\/portal\/wp-content\/uploads\/2020\/03\/UBS-do-Jardim-Guanabara_Frasco-de-vacina-contra-H1N1-2.jpg\" \/>\n\t<meta property=\"og:image:width\" content=\"1000\" \/>\n\t<meta property=\"og:image:height\" content=\"669\" \/>\n\t<meta property=\"og:image:type\" content=\"image\/jpeg\" \/>\n<meta name=\"author\" content=\"Fernando Lima\" \/>\n<meta name=\"twitter:card\" content=\"summary_large_image\" \/>\n<meta name=\"twitter:label1\" content=\"Escrito por\" \/>\n\t<meta name=\"twitter:data1\" content=\"Fernando Lima\" \/>\n\t<meta name=\"twitter:label2\" content=\"Est. tempo de leitura\" \/>\n\t<meta name=\"twitter:data2\" content=\"2 minutos\" \/>\n<script type=\"application\/ld+json\" class=\"yoast-schema-graph\">{\"@context\":\"https:\/\/schema.org\",\"@graph\":[{\"@type\":\"WebPage\",\"@id\":\"https:\/\/verdadeon.com.br\/portal\/2021\/07\/12\/vacinacao-contra-a-gripe-e-ampliada-para-toda-a-populacao-acima-dos-6-meses-em-franca\/\",\"url\":\"https:\/\/verdadeon.com.br\/portal\/2021\/07\/12\/vacinacao-contra-a-gripe-e-ampliada-para-toda-a-populacao-acima-dos-6-meses-em-franca\/\",\"name\":\"Vacina\u00e7\u00e3o contra a gripe \u00e9 ampliada para toda a popula\u00e7\u00e3o acima dos 6 meses em Franca \u00a0 - VerdadeOn\",\"isPartOf\":{\"@id\":\"https:\/\/verdadeon.com.br\/portal\/#website\"},\"primaryImageOfPage\":{\"@id\":\"https:\/\/verdadeon.com.br\/portal\/2021\/07\/12\/vacinacao-contra-a-gripe-e-ampliada-para-toda-a-populacao-acima-dos-6-meses-em-franca\/#primaryimage\"},\"image\":{\"@id\":\"https:\/\/verdadeon.com.br\/portal\/2021\/07\/12\/vacinacao-contra-a-gripe-e-ampliada-para-toda-a-populacao-acima-dos-6-meses-em-franca\/#primaryimage\"},\"thumbnailUrl\":\"https:\/\/i0.wp.com\/verdadeon.com.br\/portal\/wp-content\/uploads\/2020\/03\/UBS-do-Jardim-Guanabara_Frasco-de-vacina-contra-H1N1-2.jpg?fit=1000%2C669&ssl=1\",\"datePublished\":\"2021-07-12T23:20:22+00:00\",\"author\":{\"@id\":\"https:\/\/verdadeon.com.br\/portal\/#\/schema\/person\/cc32be22b8e8599387c480bc83e1d11a\"},\"breadcrumb\":{\"@id\":\"https:\/\/verdadeon.com.br\/portal\/2021\/07\/12\/vacinacao-contra-a-gripe-e-ampliada-para-toda-a-populacao-acima-dos-6-meses-em-franca\/#breadcrumb\"},\"inLanguage\":\"pt-BR\",\"potentialAction\":[{\"@type\":\"ReadAction\",\"target\":[\"https:\/\/verdadeon.com.br\/portal\/2021\/07\/12\/vacinacao-contra-a-gripe-e-ampliada-para-toda-a-populacao-acima-dos-6-meses-em-franca\/\"]}]},{\"@type\":\"ImageObject\",\"inLanguage\":\"pt-BR\",\"@id\":\"https:\/\/verdadeon.com.br\/portal\/2021\/07\/12\/vacinacao-contra-a-gripe-e-ampliada-para-toda-a-populacao-acima-dos-6-meses-em-franca\/#primaryimage\",\"url\":\"https:\/\/i0.wp.com\/verdadeon.com.br\/portal\/wp-content\/uploads\/2020\/03\/UBS-do-Jardim-Guanabara_Frasco-de-vacina-contra-H1N1-2.jpg?fit=1000%2C669&ssl=1\",\"contentUrl\":\"https:\/\/i0.wp.com\/verdadeon.com.br\/portal\/wp-content\/uploads\/2020\/03\/UBS-do-Jardim-Guanabara_Frasco-de-vacina-contra-H1N1-2.jpg?fit=1000%2C669&ssl=1\",\"width\":1000,\"height\":669,\"caption\":\"Mesmo quem j\u00e1 foi vacinado contra a Covid-19, deve tomar a vacina contra a gripe, respeitando prazo de 15 dias | Foto: Divulga\u00e7\u00e3o\"},{\"@type\":\"BreadcrumbList\",\"@id\":\"https:\/\/verdadeon.com.br\/portal\/2021\/07\/12\/vacinacao-contra-a-gripe-e-ampliada-para-toda-a-populacao-acima-dos-6-meses-em-franca\/#breadcrumb\",\"itemListElement\":[{\"@type\":\"ListItem\",\"position\":1,\"name\":\"In\u00edcio\",\"item\":\"https:\/\/verdadeon.com.br\/portal\/\"},{\"@type\":\"ListItem\",\"position\":2,\"name\":\"Vacina\u00e7\u00e3o contra a gripe \u00e9 ampliada para toda a popula\u00e7\u00e3o acima dos 6 meses em Franca \u00a0\"}]},{\"@type\":\"WebSite\",\"@id\":\"https:\/\/verdadeon.com.br\/portal\/#website\",\"url\":\"https:\/\/verdadeon.com.br\/portal\/\",\"name\":\"VerdadeOn\",\"description\":\"Not\u00edcias di\u00e1rias sobre Franca, Regi\u00e3o, Esporte, Cultura, Cotidiano, Colunas. Cobertura nos principais eventos da cidade \u00e9 aqui - Verdadeon Franca\",\"potentialAction\":[{\"@type\":\"SearchAction\",\"target\":{\"@type\":\"EntryPoint\",\"urlTemplate\":\"https:\/\/verdadeon.com.br\/portal\/?s={search_term_string}\"},\"query-input\":{\"@type\":\"PropertyValueSpecification\",\"valueRequired\":true,\"valueName\":\"search_term_string\"}}],\"inLanguage\":\"pt-BR\"},{\"@type\":\"Person\",\"@id\":\"https:\/\/verdadeon.com.br\/portal\/#\/schema\/person\/cc32be22b8e8599387c480bc83e1d11a\",\"name\":\"Fernando Lima\",\"image\":{\"@type\":\"ImageObject\",\"inLanguage\":\"pt-BR\",\"@id\":\"https:\/\/verdadeon.com.br\/portal\/#\/schema\/person\/image\/\",\"url\":\"https:\/\/secure.gravatar.com\/avatar\/df4c8e132080d2b3a4841d5d232045464e0eed11a1d6e43115ca0843d48768d3?s=96&d=mm&r=g\",\"contentUrl\":\"https:\/\/secure.gravatar.com\/avatar\/df4c8e132080d2b3a4841d5d232045464e0eed11a1d6e43115ca0843d48768d3?s=96&d=mm&r=g\",\"caption\":\"Fernando Lima\"},\"sameAs\":[\"http:\/\/verdadeon.com.br\/\"],\"url\":\"https:\/\/verdadeon.com.br\/portal\/author\/fernando-lima\/\"}]}<\/script>\n<!-- \/ Yoast SEO plugin. -->","yoast_head_json":{"title":"Vacina\u00e7\u00e3o contra a gripe \u00e9 ampliada para toda a popula\u00e7\u00e3o acima dos 6 meses em Franca \u00a0 - VerdadeOn","robots":{"index":"index","follow":"follow","max-snippet":"max-snippet:-1","max-image-preview":"max-image-preview:large","max-video-preview":"max-video-preview:-1"},"canonical":"https:\/\/verdadeon.com.br\/portal\/2021\/07\/12\/vacinacao-contra-a-gripe-e-ampliada-para-toda-a-populacao-acima-dos-6-meses-em-franca\/","og_locale":"pt_BR","og_type":"article","og_title":"Vacina\u00e7\u00e3o contra a gripe \u00e9 ampliada para toda a popula\u00e7\u00e3o acima dos 6 meses em Franca \u00a0 - VerdadeOn","og_description":"Medida foi tomada em todo o estado ap\u00f3s meta de vacina\u00e7\u00e3o ficar abaixo da m\u00ednima ideal Foram ampliadas nesta segunda-feira (12), as faixas et\u00e1rias e tamb\u00e9m [\u2026]","og_url":"https:\/\/verdadeon.com.br\/portal\/2021\/07\/12\/vacinacao-contra-a-gripe-e-ampliada-para-toda-a-populacao-acima-dos-6-meses-em-franca\/","og_site_name":"VerdadeOn","article_published_time":"2021-07-12T23:20:22+00:00","og_image":[{"width":1000,"height":669,"url":"https:\/\/verdadeon.com.br\/portal\/wp-content\/uploads\/2020\/03\/UBS-do-Jardim-Guanabara_Frasco-de-vacina-contra-H1N1-2.jpg","type":"image\/jpeg"}],"author":"Fernando Lima","twitter_card":"summary_large_image","twitter_misc":{"Escrito por":"Fernando Lima","Est. tempo de leitura":"2 minutos"},"schema":{"@context":"https:\/\/schema.org","@graph":[{"@type":"WebPage","@id":"https:\/\/verdadeon.com.br\/portal\/2021\/07\/12\/vacinacao-contra-a-gripe-e-ampliada-para-toda-a-populacao-acima-dos-6-meses-em-franca\/","url":"https:\/\/verdadeon.com.br\/portal\/2021\/07\/12\/vacinacao-contra-a-gripe-e-ampliada-para-toda-a-populacao-acima-dos-6-meses-em-franca\/","name":"Vacina\u00e7\u00e3o contra a gripe \u00e9 ampliada para toda a popula\u00e7\u00e3o acima dos 6 meses em Franca \u00a0 - VerdadeOn","isPartOf":{"@id":"https:\/\/verdadeon.com.br\/portal\/#website"},"primaryImageOfPage":{"@id":"https:\/\/verdadeon.com.br\/portal\/2021\/07\/12\/vacinacao-contra-a-gripe-e-ampliada-para-toda-a-populacao-acima-dos-6-meses-em-franca\/#primaryimage"},"image":{"@id":"https:\/\/verdadeon.com.br\/portal\/2021\/07\/12\/vacinacao-contra-a-gripe-e-ampliada-para-toda-a-populacao-acima-dos-6-meses-em-franca\/#primaryimage"},"thumbnailUrl":"https:\/\/i0.wp.com\/verdadeon.com.br\/portal\/wp-content\/uploads\/2020\/03\/UBS-do-Jardim-Guanabara_Frasco-de-vacina-contra-H1N1-2.jpg?fit=1000%2C669&ssl=1","datePublished":"2021-07-12T23:20:22+00:00","author":{"@id":"https:\/\/verdadeon.com.br\/portal\/#\/schema\/person\/cc32be22b8e8599387c480bc83e1d11a"},"breadcrumb":{"@id":"https:\/\/verdadeon.com.br\/portal\/2021\/07\/12\/vacinacao-contra-a-gripe-e-ampliada-para-toda-a-populacao-acima-dos-6-meses-em-franca\/#breadcrumb"},"inLanguage":"pt-BR","potentialAction":[{"@type":"ReadAction","target":["https:\/\/verdadeon.com.br\/portal\/2021\/07\/12\/vacinacao-contra-a-gripe-e-ampliada-para-toda-a-populacao-acima-dos-6-meses-em-franca\/"]}]},{"@type":"ImageObject","inLanguage":"pt-BR","@id":"https:\/\/verdadeon.com.br\/portal\/2021\/07\/12\/vacinacao-contra-a-gripe-e-ampliada-para-toda-a-populacao-acima-dos-6-meses-em-franca\/#primaryimage","url":"https:\/\/i0.wp.com\/verdadeon.com.br\/portal\/wp-content\/uploads\/2020\/03\/UBS-do-Jardim-Guanabara_Frasco-de-vacina-contra-H1N1-2.jpg?fit=1000%2C669&ssl=1","contentUrl":"https:\/\/i0.wp.com\/verdadeon.com.br\/portal\/wp-content\/uploads\/2020\/03\/UBS-do-Jardim-Guanabara_Frasco-de-vacina-contra-H1N1-2.jpg?fit=1000%2C669&ssl=1","width":1000,"height":669,"caption":"Mesmo quem j\u00e1 foi vacinado contra a Covid-19, deve tomar a vacina contra a gripe, respeitando prazo de 15 dias | Foto: Divulga\u00e7\u00e3o"},{"@type":"BreadcrumbList","@id":"https:\/\/verdadeon.com.br\/portal\/2021\/07\/12\/vacinacao-contra-a-gripe-e-ampliada-para-toda-a-populacao-acima-dos-6-meses-em-franca\/#breadcrumb","itemListElement":[{"@type":"ListItem","position":1,"name":"In\u00edcio","item":"https:\/\/verdadeon.com.br\/portal\/"},{"@type":"ListItem","position":2,"name":"Vacina\u00e7\u00e3o contra a gripe \u00e9 ampliada para toda a popula\u00e7\u00e3o acima dos 6 meses em Franca \u00a0"}]},{"@type":"WebSite","@id":"https:\/\/verdadeon.com.br\/portal\/#website","url":"https:\/\/verdadeon.com.br\/portal\/","name":"VerdadeOn","description":"Not\u00edcias di\u00e1rias sobre Franca, Regi\u00e3o, Esporte, Cultura, Cotidiano, Colunas. Cobertura nos principais eventos da cidade \u00e9 aqui - Verdadeon Franca","potentialAction":[{"@type":"SearchAction","target":{"@type":"EntryPoint","urlTemplate":"https:\/\/verdadeon.com.br\/portal\/?s={search_term_string}"},"query-input":{"@type":"PropertyValueSpecification","valueRequired":true,"valueName":"search_term_string"}}],"inLanguage":"pt-BR"},{"@type":"Person","@id":"https:\/\/verdadeon.com.br\/portal\/#\/schema\/person\/cc32be22b8e8599387c480bc83e1d11a","name":"Fernando Lima","image":{"@type":"ImageObject","inLanguage":"pt-BR","@id":"https:\/\/verdadeon.com.br\/portal\/#\/schema\/person\/image\/","url":"https:\/\/secure.gravatar.com\/avatar\/df4c8e132080d2b3a4841d5d232045464e0eed11a1d6e43115ca0843d48768d3?s=96&d=mm&r=g","contentUrl":"https:\/\/secure.gravatar.com\/avatar\/df4c8e132080d2b3a4841d5d232045464e0eed11a1d6e43115ca0843d48768d3?s=96&d=mm&r=g","caption":"Fernando Lima"},"sameAs":["http:\/\/verdadeon.com.br\/"],"url":"https:\/\/verdadeon.com.br\/portal\/author\/fernando-lima\/"}]}},"jetpack_publicize_connections":[],"jetpack_featured_media_url":"https:\/\/i0.wp.com\/verdadeon.com.br\/portal\/wp-content\/uploads\/2020\/03\/UBS-do-Jardim-Guanabara_Frasco-de-vacina-contra-H1N1-2.jpg?fit=1000%2C669&ssl=1","jetpack_sharing_enabled":true,"_links":{"self":[{"href":"https:\/\/verdadeon.com.br\/portal\/wp-json\/wp\/v2\/posts\/17902","targetHints":{"allow":["GET"]}}],"collection":[{"href":"https:\/\/verdadeon.com.br\/portal\/wp-json\/wp\/v2\/posts"}],"about":[{"href":"https:\/\/verdadeon.com.br\/portal\/wp-json\/wp\/v2\/types\/post"}],"author":[{"embeddable":true,"href":"https:\/\/verdadeon.com.br\/portal\/wp-json\/wp\/v2\/users\/7"}],"replies":[{"embeddable":true,"href":"https:\/\/verdadeon.com.br\/portal\/wp-json\/wp\/v2\/comments?post=17902"}],"version-history":[{"count":0,"href":"https:\/\/verdadeon.com.br\/portal\/wp-json\/wp\/v2\/posts\/17902\/revisions"}],"wp:featuredmedia":[{"embeddable":true,"href":"https:\/\/verdadeon.com.br\/portal\/wp-json\/wp\/v2\/media\/4946"}],"wp:attachment":[{"href":"https:\/\/verdadeon.com.br\/portal\/wp-json\/wp\/v2\/media?parent=17902"}],"wp:term":[{"taxonomy":"category","embeddable":true,"href":"https:\/\/verdadeon.com.br\/portal\/wp-json\/wp\/v2\/categories?post=17902"},{"taxonomy":"post_tag","embeddable":true,"href":"https:\/\/verdadeon.com.br\/portal\/wp-json\/wp\/v2\/tags?post=17902"}],"curies":[{"name":"wp","href":"https:\/\/api.w.org\/{rel}","templated":true}]}}