{"id":17883,"date":"2021-07-10T16:00:53","date_gmt":"2021-07-10T19:00:53","guid":{"rendered":"https:\/\/verdadeon.com.br\/portal\/?p=17883"},"modified":"2021-07-10T13:41:02","modified_gmt":"2021-07-10T16:41:02","slug":"estudo-clinico-da-butanvac-primeira-vacina-com-producao-integral-no-brasil-e-iniciado","status":"publish","type":"post","link":"https:\/\/verdadeon.com.br\/portal\/2021\/07\/10\/estudo-clinico-da-butanvac-primeira-vacina-com-producao-integral-no-brasil-e-iniciado\/","title":{"rendered":"Estudo cl\u00ednico da Butanvac, primeira vacina com produ\u00e7\u00e3o integral no Brasil, \u00e9 iniciado"},"content":{"rendered":"<h2>A cidade de Ribeir\u00e3o Preto \u00e9 o polo da pesquisa, estudos s\u00e3o realizados pela Faculdade de Medicina da USP<\/h2>\n<p>O Governador Jo\u00e3o Doria, o Secret\u00e1rio da Sa\u00fade, Jean Gorinchteyn, e o Presidente do Instituto Butantan, Dimas Covas, acompanharam em Ribeir\u00e3o Preto o in\u00edcio dos ensaios cl\u00ednicos da ButanVac, primeira vacina contra o coronav\u00edrus com produ\u00e7\u00e3o integral no Brasil, sem necessidade de importa\u00e7\u00e3o de mat\u00e9ria-prima. Os estudos in\u00e9ditos s\u00e3o coordenados pelo m\u00e9dico da Faculdade de Medicina da USP de Ribeir\u00e3o Preto, Rodrigo Calado.<\/p>\n<p>\u201cHoje estamos iniciando o estudo cl\u00ednico da ButanVac, que tem desenvolvimento tecnol\u00f3gico do Instituto Butantan, com coopera\u00e7\u00e3o t\u00e9cnica de outras institui\u00e7\u00f5es internacionais. \u00c9 uma vacina brasileira, cujo insumo, envase e aplica\u00e7\u00e3o ser\u00e3o feitos aqui no Brasil, sem necessidade de importa\u00e7\u00e3o de nenhum item, principalmente o IFA (Insumo Farmac\u00eautico Ativo)\u201d, disse Doria.<\/p>\n<p>Os estudos cl\u00ednicos foram iniciados ap\u00f3s autoriza\u00e7\u00e3o da Anvisa (Ag\u00eancia Nacional de Vigil\u00e2ncia Sanit\u00e1ria), emitida na quarta-feira (7). Nesta sexta-feira, seis volunt\u00e1rios selecionados passaram pelos exames necess\u00e1rios para a triagem antes da aplica\u00e7\u00e3o da primeira dose no HC de Ribeir\u00e3o Preto, o que deve ocorrer nas pr\u00f3ximas semanas.<\/p>\n<p>As fases 1 e 2 dos ensaios cl\u00ednicos da ButanVac ser\u00e3o divididas nas etapas A, B e C. Na etapa A, realizada na Faculdade de Medicina da USP de Ribeir\u00e3o Preto, participar\u00e3o 418 volunt\u00e1rios que v\u00e3o receber vacina ou placebo, com objetivo de verificar a seguran\u00e7a do imunizante. J\u00e1 as etapas B e C ter\u00e3o como objetivo avaliar a resposta imune e envolver\u00e3o mais de 5 mil volunt\u00e1rios.<\/p>\n<p>Far\u00e3o parte do estudo inicialmente pessoas com mais de 18 anos n\u00e3o vacinadas e que n\u00e3o foram expostas ao v\u00edrus. As etapas seguintes tamb\u00e9m ir\u00e3o envolver pessoas vacinadas, independentemente do imunizante, e pessoas que tiveram COVID-19. A previs\u00e3o \u00e9 que a pesquisa dure em torno de 17 semanas. As conclus\u00f5es do estudo ser\u00e3o remetidas \u00e0 Anvisa para solicitar a autoriza\u00e7\u00e3o de uso emergencial.<\/p>\n<p>\u201c\u00c9 a primeira vacina nacional contra o coronav\u00edrus. Poucos s\u00e3o os pa\u00edses que chegaram \u00e0 vacina. Temos mais de 10 milh\u00f5es de doses prontas aguardando a conclus\u00e3o desse estudo que se inicia hoje. Isso \u00e9 um estudo que certamente ficar\u00e1 na hist\u00f3ria da ci\u00eancia e da sa\u00fade p\u00fablica do Brasil\u201d, destacou Dimas Covas, Presidente do Instituto Butantan.<\/p>\n<p><strong>Estudos da vacina<\/strong><\/p>\n<p>Inicialmente, o estudo cl\u00ednico vai avaliar se a vacina \u00e9 segura. Em um segundo momento, ser\u00e1 estudada a resposta imunol\u00f3gica que os participantes do estudo desenvolver\u00e3o. O estudo cl\u00ednico da ButanVac ser\u00e1 de compara\u00e7\u00e3o, ou seja, os resultados da pesquisa ser\u00e3o comparados aos das vacinas j\u00e1 descritas, permitindo inferir a efici\u00eancia da vacina.<\/p>\n<p>Nos ensaios cl\u00ednicos tradicionais, \u00e9 feito um paralelo entre o grupo vacinado e um grupo controle. Mas, como os marcadores imunol\u00f3gicos e par\u00e2metros de seguran\u00e7a j\u00e1 foram estabelecidos pelas demais vacinas em uso, espera-se que os resultados dos estudos cl\u00ednicos com a ButanVac fiquem prontos mais rapidamente. Os resultados v\u00e3o determinar se a vacina \u00e9 segura, se \u00e9 capaz de prevenir a COVID-19 e como ser\u00e1 seu desempenho diante das novas variantes.<\/p>\n<p><strong>Sobre a ButanVac<\/strong><\/p>\n<p>A ButanVac vem sendo chamada de vacina 2.0 contra a COVID-19. Sua principal vantagem \u00e9 que ela ser\u00e1 produzida inteiramente no Brasil, j\u00e1 que \u00e9 desenvolvida a partir da inocula\u00e7\u00e3o de um v\u00edrus modificado que cont\u00e9m a prote\u00edna S do SARS-CoV-2 em ovos embrionados de galinhas \u2013 mesma tecnologia da vacina contra a influenza (gripe). Al\u00e9m de ser barata e muito disseminada, essa t\u00e9cnica \u00e9 uma especialidade do Butantan: o instituto produz anualmente 80 milh\u00f5es de vacinas da gripe usando ovos.<\/p>\n<p>A tecnologia da ButanVac utiliza um vetor viral que cont\u00e9m a prote\u00edna Spike do novo coronav\u00edrus de forma \u00edntegra. O v\u00edrus utilizado como vetor \u00e9 o da doen\u00e7a de Newcastle, uma infec\u00e7\u00e3o que afeta aves. Essa tecnologia foi desenvolvida por cientistas na Icahn School of Medicine de Mount Sinai, em Nova York. A prote\u00edna S estabilizada do v\u00edrus SARS-CoV-2 utilizada na vacina com tecnologia HexaPro foi desenvolvida na Universidade do Texas em Austin.<\/p>\n<p>&nbsp;<\/p>\n","protected":false},"excerpt":{"rendered":"<p>A cidade de Ribeir\u00e3o Preto \u00e9 o polo da pesquisa, estudos s\u00e3o realizados pela Faculdade de Medicina da USP O Governador Jo\u00e3o Doria, o Secret\u00e1rio da<span class=\"excerpt-hellip\"> [\u2026]<\/span><\/p>\n","protected":false},"author":7,"featured_media":17884,"comment_status":"open","ping_status":"open","sticky":false,"template":"","format":"standard","meta":{"_jetpack_memberships_contains_paid_content":false,"footnotes":"","jetpack_publicize_message":"","jetpack_publicize_feature_enabled":true,"jetpack_social_post_already_shared":false,"jetpack_social_options":{"image_generator_settings":{"template":"highway","default_image_id":0,"enabled":false},"version":2}},"categories":[28,44],"tags":[],"class_list":["post-17883","post","type-post","status-publish","format-standard","has-post-thumbnail","hentry","category-cotidiano","category-noticias"],"yoast_head":"<!-- This site is optimized with the Yoast SEO plugin v25.6 - https:\/\/yoast.com\/wordpress\/plugins\/seo\/ -->\n<title>Estudo cl\u00ednico da Butanvac, primeira vacina com produ\u00e7\u00e3o integral no Brasil, \u00e9 iniciado - VerdadeOn<\/title>\n<meta name=\"robots\" content=\"index, follow, max-snippet:-1, max-image-preview:large, max-video-preview:-1\" \/>\n<link rel=\"canonical\" href=\"https:\/\/verdadeon.com.br\/portal\/2021\/07\/10\/estudo-clinico-da-butanvac-primeira-vacina-com-producao-integral-no-brasil-e-iniciado\/\" \/>\n<meta property=\"og:locale\" content=\"pt_BR\" \/>\n<meta property=\"og:type\" content=\"article\" \/>\n<meta property=\"og:title\" content=\"Estudo cl\u00ednico da Butanvac, primeira vacina com produ\u00e7\u00e3o integral no Brasil, \u00e9 iniciado - VerdadeOn\" \/>\n<meta property=\"og:description\" content=\"A cidade de Ribeir\u00e3o Preto \u00e9 o polo da pesquisa, estudos s\u00e3o realizados pela Faculdade de Medicina da USP O Governador Jo\u00e3o Doria, o Secret\u00e1rio da [\u2026]\" \/>\n<meta property=\"og:url\" content=\"https:\/\/verdadeon.com.br\/portal\/2021\/07\/10\/estudo-clinico-da-butanvac-primeira-vacina-com-producao-integral-no-brasil-e-iniciado\/\" \/>\n<meta property=\"og:site_name\" content=\"VerdadeOn\" \/>\n<meta property=\"article:published_time\" content=\"2021-07-10T19:00:53+00:00\" \/>\n<meta property=\"og:image\" content=\"https:\/\/verdadeon.com.br\/portal\/wp-content\/uploads\/2021\/07\/BUTANVAC.jpg\" \/>\n\t<meta property=\"og:image:width\" content=\"1024\" \/>\n\t<meta property=\"og:image:height\" content=\"682\" \/>\n\t<meta property=\"og:image:type\" content=\"image\/jpeg\" \/>\n<meta name=\"author\" content=\"Fernando Lima\" \/>\n<meta name=\"twitter:card\" content=\"summary_large_image\" \/>\n<meta name=\"twitter:label1\" content=\"Escrito por\" \/>\n\t<meta name=\"twitter:data1\" content=\"Fernando Lima\" \/>\n\t<meta name=\"twitter:label2\" content=\"Est. tempo de leitura\" \/>\n\t<meta name=\"twitter:data2\" content=\"3 minutos\" \/>\n<script type=\"application\/ld+json\" class=\"yoast-schema-graph\">{\"@context\":\"https:\/\/schema.org\",\"@graph\":[{\"@type\":\"WebPage\",\"@id\":\"https:\/\/verdadeon.com.br\/portal\/2021\/07\/10\/estudo-clinico-da-butanvac-primeira-vacina-com-producao-integral-no-brasil-e-iniciado\/\",\"url\":\"https:\/\/verdadeon.com.br\/portal\/2021\/07\/10\/estudo-clinico-da-butanvac-primeira-vacina-com-producao-integral-no-brasil-e-iniciado\/\",\"name\":\"Estudo cl\u00ednico da Butanvac, primeira vacina com produ\u00e7\u00e3o integral no Brasil, \u00e9 iniciado - VerdadeOn\",\"isPartOf\":{\"@id\":\"https:\/\/verdadeon.com.br\/portal\/#website\"},\"primaryImageOfPage\":{\"@id\":\"https:\/\/verdadeon.com.br\/portal\/2021\/07\/10\/estudo-clinico-da-butanvac-primeira-vacina-com-producao-integral-no-brasil-e-iniciado\/#primaryimage\"},\"image\":{\"@id\":\"https:\/\/verdadeon.com.br\/portal\/2021\/07\/10\/estudo-clinico-da-butanvac-primeira-vacina-com-producao-integral-no-brasil-e-iniciado\/#primaryimage\"},\"thumbnailUrl\":\"https:\/\/i0.wp.com\/verdadeon.com.br\/portal\/wp-content\/uploads\/2021\/07\/BUTANVAC.jpg?fit=1024%2C682&ssl=1\",\"datePublished\":\"2021-07-10T19:00:53+00:00\",\"author\":{\"@id\":\"https:\/\/verdadeon.com.br\/portal\/#\/schema\/person\/cc32be22b8e8599387c480bc83e1d11a\"},\"breadcrumb\":{\"@id\":\"https:\/\/verdadeon.com.br\/portal\/2021\/07\/10\/estudo-clinico-da-butanvac-primeira-vacina-com-producao-integral-no-brasil-e-iniciado\/#breadcrumb\"},\"inLanguage\":\"pt-BR\",\"potentialAction\":[{\"@type\":\"ReadAction\",\"target\":[\"https:\/\/verdadeon.com.br\/portal\/2021\/07\/10\/estudo-clinico-da-butanvac-primeira-vacina-com-producao-integral-no-brasil-e-iniciado\/\"]}]},{\"@type\":\"ImageObject\",\"inLanguage\":\"pt-BR\",\"@id\":\"https:\/\/verdadeon.com.br\/portal\/2021\/07\/10\/estudo-clinico-da-butanvac-primeira-vacina-com-producao-integral-no-brasil-e-iniciado\/#primaryimage\",\"url\":\"https:\/\/i0.wp.com\/verdadeon.com.br\/portal\/wp-content\/uploads\/2021\/07\/BUTANVAC.jpg?fit=1024%2C682&ssl=1\",\"contentUrl\":\"https:\/\/i0.wp.com\/verdadeon.com.br\/portal\/wp-content\/uploads\/2021\/07\/BUTANVAC.jpg?fit=1024%2C682&ssl=1\",\"width\":1024,\"height\":682,\"caption\":\"Os estudos da vacina passam por v\u00e1rios processos que j\u00e1 foram iniciados. No total eles devem durar 17 semanas | Foto: Governo do Estado\"},{\"@type\":\"BreadcrumbList\",\"@id\":\"https:\/\/verdadeon.com.br\/portal\/2021\/07\/10\/estudo-clinico-da-butanvac-primeira-vacina-com-producao-integral-no-brasil-e-iniciado\/#breadcrumb\",\"itemListElement\":[{\"@type\":\"ListItem\",\"position\":1,\"name\":\"In\u00edcio\",\"item\":\"https:\/\/verdadeon.com.br\/portal\/\"},{\"@type\":\"ListItem\",\"position\":2,\"name\":\"Estudo cl\u00ednico da Butanvac, primeira vacina com produ\u00e7\u00e3o integral no Brasil, \u00e9 iniciado\"}]},{\"@type\":\"WebSite\",\"@id\":\"https:\/\/verdadeon.com.br\/portal\/#website\",\"url\":\"https:\/\/verdadeon.com.br\/portal\/\",\"name\":\"VerdadeOn\",\"description\":\"Not\u00edcias di\u00e1rias sobre Franca, Regi\u00e3o, Esporte, Cultura, Cotidiano, Colunas. Cobertura nos principais eventos da cidade \u00e9 aqui - Verdadeon Franca\",\"potentialAction\":[{\"@type\":\"SearchAction\",\"target\":{\"@type\":\"EntryPoint\",\"urlTemplate\":\"https:\/\/verdadeon.com.br\/portal\/?s={search_term_string}\"},\"query-input\":{\"@type\":\"PropertyValueSpecification\",\"valueRequired\":true,\"valueName\":\"search_term_string\"}}],\"inLanguage\":\"pt-BR\"},{\"@type\":\"Person\",\"@id\":\"https:\/\/verdadeon.com.br\/portal\/#\/schema\/person\/cc32be22b8e8599387c480bc83e1d11a\",\"name\":\"Fernando Lima\",\"image\":{\"@type\":\"ImageObject\",\"inLanguage\":\"pt-BR\",\"@id\":\"https:\/\/verdadeon.com.br\/portal\/#\/schema\/person\/image\/\",\"url\":\"https:\/\/secure.gravatar.com\/avatar\/df4c8e132080d2b3a4841d5d232045464e0eed11a1d6e43115ca0843d48768d3?s=96&d=mm&r=g\",\"contentUrl\":\"https:\/\/secure.gravatar.com\/avatar\/df4c8e132080d2b3a4841d5d232045464e0eed11a1d6e43115ca0843d48768d3?s=96&d=mm&r=g\",\"caption\":\"Fernando Lima\"},\"sameAs\":[\"http:\/\/verdadeon.com.br\/\"],\"url\":\"https:\/\/verdadeon.com.br\/portal\/author\/fernando-lima\/\"}]}<\/script>\n<!-- \/ Yoast SEO plugin. -->","yoast_head_json":{"title":"Estudo cl\u00ednico da Butanvac, primeira vacina com produ\u00e7\u00e3o integral no Brasil, \u00e9 iniciado - VerdadeOn","robots":{"index":"index","follow":"follow","max-snippet":"max-snippet:-1","max-image-preview":"max-image-preview:large","max-video-preview":"max-video-preview:-1"},"canonical":"https:\/\/verdadeon.com.br\/portal\/2021\/07\/10\/estudo-clinico-da-butanvac-primeira-vacina-com-producao-integral-no-brasil-e-iniciado\/","og_locale":"pt_BR","og_type":"article","og_title":"Estudo cl\u00ednico da Butanvac, primeira vacina com produ\u00e7\u00e3o integral no Brasil, \u00e9 iniciado - VerdadeOn","og_description":"A cidade de Ribeir\u00e3o Preto \u00e9 o polo da pesquisa, estudos s\u00e3o realizados pela Faculdade de Medicina da USP O Governador Jo\u00e3o Doria, o Secret\u00e1rio da [\u2026]","og_url":"https:\/\/verdadeon.com.br\/portal\/2021\/07\/10\/estudo-clinico-da-butanvac-primeira-vacina-com-producao-integral-no-brasil-e-iniciado\/","og_site_name":"VerdadeOn","article_published_time":"2021-07-10T19:00:53+00:00","og_image":[{"width":1024,"height":682,"url":"https:\/\/verdadeon.com.br\/portal\/wp-content\/uploads\/2021\/07\/BUTANVAC.jpg","type":"image\/jpeg"}],"author":"Fernando Lima","twitter_card":"summary_large_image","twitter_misc":{"Escrito por":"Fernando Lima","Est. tempo de leitura":"3 minutos"},"schema":{"@context":"https:\/\/schema.org","@graph":[{"@type":"WebPage","@id":"https:\/\/verdadeon.com.br\/portal\/2021\/07\/10\/estudo-clinico-da-butanvac-primeira-vacina-com-producao-integral-no-brasil-e-iniciado\/","url":"https:\/\/verdadeon.com.br\/portal\/2021\/07\/10\/estudo-clinico-da-butanvac-primeira-vacina-com-producao-integral-no-brasil-e-iniciado\/","name":"Estudo cl\u00ednico da Butanvac, primeira vacina com produ\u00e7\u00e3o integral no Brasil, \u00e9 iniciado - VerdadeOn","isPartOf":{"@id":"https:\/\/verdadeon.com.br\/portal\/#website"},"primaryImageOfPage":{"@id":"https:\/\/verdadeon.com.br\/portal\/2021\/07\/10\/estudo-clinico-da-butanvac-primeira-vacina-com-producao-integral-no-brasil-e-iniciado\/#primaryimage"},"image":{"@id":"https:\/\/verdadeon.com.br\/portal\/2021\/07\/10\/estudo-clinico-da-butanvac-primeira-vacina-com-producao-integral-no-brasil-e-iniciado\/#primaryimage"},"thumbnailUrl":"https:\/\/i0.wp.com\/verdadeon.com.br\/portal\/wp-content\/uploads\/2021\/07\/BUTANVAC.jpg?fit=1024%2C682&ssl=1","datePublished":"2021-07-10T19:00:53+00:00","author":{"@id":"https:\/\/verdadeon.com.br\/portal\/#\/schema\/person\/cc32be22b8e8599387c480bc83e1d11a"},"breadcrumb":{"@id":"https:\/\/verdadeon.com.br\/portal\/2021\/07\/10\/estudo-clinico-da-butanvac-primeira-vacina-com-producao-integral-no-brasil-e-iniciado\/#breadcrumb"},"inLanguage":"pt-BR","potentialAction":[{"@type":"ReadAction","target":["https:\/\/verdadeon.com.br\/portal\/2021\/07\/10\/estudo-clinico-da-butanvac-primeira-vacina-com-producao-integral-no-brasil-e-iniciado\/"]}]},{"@type":"ImageObject","inLanguage":"pt-BR","@id":"https:\/\/verdadeon.com.br\/portal\/2021\/07\/10\/estudo-clinico-da-butanvac-primeira-vacina-com-producao-integral-no-brasil-e-iniciado\/#primaryimage","url":"https:\/\/i0.wp.com\/verdadeon.com.br\/portal\/wp-content\/uploads\/2021\/07\/BUTANVAC.jpg?fit=1024%2C682&ssl=1","contentUrl":"https:\/\/i0.wp.com\/verdadeon.com.br\/portal\/wp-content\/uploads\/2021\/07\/BUTANVAC.jpg?fit=1024%2C682&ssl=1","width":1024,"height":682,"caption":"Os estudos da vacina passam por v\u00e1rios processos que j\u00e1 foram iniciados. No total eles devem durar 17 semanas | Foto: Governo do Estado"},{"@type":"BreadcrumbList","@id":"https:\/\/verdadeon.com.br\/portal\/2021\/07\/10\/estudo-clinico-da-butanvac-primeira-vacina-com-producao-integral-no-brasil-e-iniciado\/#breadcrumb","itemListElement":[{"@type":"ListItem","position":1,"name":"In\u00edcio","item":"https:\/\/verdadeon.com.br\/portal\/"},{"@type":"ListItem","position":2,"name":"Estudo cl\u00ednico da Butanvac, primeira vacina com produ\u00e7\u00e3o integral no Brasil, \u00e9 iniciado"}]},{"@type":"WebSite","@id":"https:\/\/verdadeon.com.br\/portal\/#website","url":"https:\/\/verdadeon.com.br\/portal\/","name":"VerdadeOn","description":"Not\u00edcias di\u00e1rias sobre Franca, Regi\u00e3o, Esporte, Cultura, Cotidiano, Colunas. Cobertura nos principais eventos da cidade \u00e9 aqui - Verdadeon Franca","potentialAction":[{"@type":"SearchAction","target":{"@type":"EntryPoint","urlTemplate":"https:\/\/verdadeon.com.br\/portal\/?s={search_term_string}"},"query-input":{"@type":"PropertyValueSpecification","valueRequired":true,"valueName":"search_term_string"}}],"inLanguage":"pt-BR"},{"@type":"Person","@id":"https:\/\/verdadeon.com.br\/portal\/#\/schema\/person\/cc32be22b8e8599387c480bc83e1d11a","name":"Fernando Lima","image":{"@type":"ImageObject","inLanguage":"pt-BR","@id":"https:\/\/verdadeon.com.br\/portal\/#\/schema\/person\/image\/","url":"https:\/\/secure.gravatar.com\/avatar\/df4c8e132080d2b3a4841d5d232045464e0eed11a1d6e43115ca0843d48768d3?s=96&d=mm&r=g","contentUrl":"https:\/\/secure.gravatar.com\/avatar\/df4c8e132080d2b3a4841d5d232045464e0eed11a1d6e43115ca0843d48768d3?s=96&d=mm&r=g","caption":"Fernando Lima"},"sameAs":["http:\/\/verdadeon.com.br\/"],"url":"https:\/\/verdadeon.com.br\/portal\/author\/fernando-lima\/"}]}},"jetpack_publicize_connections":[],"jetpack_featured_media_url":"https:\/\/i0.wp.com\/verdadeon.com.br\/portal\/wp-content\/uploads\/2021\/07\/BUTANVAC.jpg?fit=1024%2C682&ssl=1","jetpack_sharing_enabled":true,"_links":{"self":[{"href":"https:\/\/verdadeon.com.br\/portal\/wp-json\/wp\/v2\/posts\/17883","targetHints":{"allow":["GET"]}}],"collection":[{"href":"https:\/\/verdadeon.com.br\/portal\/wp-json\/wp\/v2\/posts"}],"about":[{"href":"https:\/\/verdadeon.com.br\/portal\/wp-json\/wp\/v2\/types\/post"}],"author":[{"embeddable":true,"href":"https:\/\/verdadeon.com.br\/portal\/wp-json\/wp\/v2\/users\/7"}],"replies":[{"embeddable":true,"href":"https:\/\/verdadeon.com.br\/portal\/wp-json\/wp\/v2\/comments?post=17883"}],"version-history":[{"count":0,"href":"https:\/\/verdadeon.com.br\/portal\/wp-json\/wp\/v2\/posts\/17883\/revisions"}],"wp:featuredmedia":[{"embeddable":true,"href":"https:\/\/verdadeon.com.br\/portal\/wp-json\/wp\/v2\/media\/17884"}],"wp:attachment":[{"href":"https:\/\/verdadeon.com.br\/portal\/wp-json\/wp\/v2\/media?parent=17883"}],"wp:term":[{"taxonomy":"category","embeddable":true,"href":"https:\/\/verdadeon.com.br\/portal\/wp-json\/wp\/v2\/categories?post=17883"},{"taxonomy":"post_tag","embeddable":true,"href":"https:\/\/verdadeon.com.br\/portal\/wp-json\/wp\/v2\/tags?post=17883"}],"curies":[{"name":"wp","href":"https:\/\/api.w.org\/{rel}","templated":true}]}}