{"id":17878,"date":"2021-07-10T15:00:04","date_gmt":"2021-07-10T18:00:04","guid":{"rendered":"https:\/\/verdadeon.com.br\/portal\/?p=17878"},"modified":"2021-07-10T13:25:00","modified_gmt":"2021-07-10T16:25:00","slug":"media-movel-de-mortes-por-covid-19-em-franca-diminui-35-em-7-dias","status":"publish","type":"post","link":"https:\/\/verdadeon.com.br\/portal\/2021\/07\/10\/media-movel-de-mortes-por-covid-19-em-franca-diminui-35-em-7-dias\/","title":{"rendered":"M\u00e9dia m\u00f3vel de mortes por Covid-19 em Franca diminui 35% em 7 dias"},"content":{"rendered":"<h2>Dados s\u00e3o do boletim da Vigil\u00e2ncia Epidemiol\u00f3gica de Franca, divulgado diariamente<\/h2>\n<p>Em um per\u00edodo de sete dias a m\u00e9dia m\u00f3vel de mortes causadas pela covid-19, diminuiu 35% em Franca. Os dados foram levantados pelo Jornal Verdade, atrav\u00e9s dos \u00edndices que s\u00e3o divulgados diariamente pela secretaria de Sa\u00fade do munic\u00edpio.<\/p>\n<p>Os boletins analisados compreendem o per\u00edodo entre o dia 3 de julho at\u00e9 o dia 9 do mesmo m\u00eas. A m\u00e9dia m\u00f3vel de \u00f3bitos sempre \u00e9 calculada atrav\u00e9s dos \u00faltimos sete dias, por isso a escolha pelo per\u00edodo.<\/p>\n<p>No primeiro dia analisado, a m\u00e9dia estava em 3.7 \u00f3bitos ao dia, j\u00e1 no \u00faltimo boletim a mesma caiu para 2.4, uma redu\u00e7\u00e3o de 35%.<\/p>\n<p>Confira a varia\u00e7\u00e3o por dia:<\/p>\n<p>03\/07- M\u00e9dia m\u00f3vel- <strong>3.7<\/strong><\/p>\n<p>04\/07- M\u00e9dia m\u00f3vel- <strong>3.1<\/strong><\/p>\n<p>05\/07- M\u00e9dia m\u00f3vel- <strong>3.1<\/strong><\/p>\n<p>06\/07- M\u00e9dia m\u00f3vel- <strong>3.0<\/strong><\/p>\n<p>07\/07- M\u00e9dia m\u00f3vel- <strong>2.3<\/strong><\/p>\n<p>08\/07- M\u00e9dia m\u00f3vel- <strong>2.1<\/strong><\/p>\n<p>09\/07- M\u00e9dia m\u00f3vel- <strong>2.4<\/strong><\/p>\n<p>Mesmo com a m\u00e9dia diminuindo a mesma ainda \u00e9 considerada alta e longe da ideal, por isso \u00e9 necess\u00e1rio manter todos os cuidados indicados por especialistas, usando m\u00e1scaras, \u00e1lcool em gel, mantendo o distanciamento social e evitando aglomera\u00e7\u00f5es. Somente estes cuidados aliados com a vacina\u00e7\u00e3o em massa, vai decretar o fim da pandemia.<\/p>\n<h4>Perfil<\/h4>\n<p>De acordo com os dados da Vigil\u00e2ncia Epidemiol\u00f3gica de Franca, os idosos ainda s\u00e3o as maiores v\u00edtimas do coronav\u00edrus no munic\u00edpio, eles correspondem a 62,96% dos casos.<\/p>\n<p>A segunda comorbidade mais associada \u00e0s mortes na cidade \u00e9 a hipertens\u00e3o arterial presente em 38,43% dos casos. J\u00e1 o diabetes est\u00e1 presente em 23,03% das mortes, seguida pela obesidade com 14,47% e cardiopatia com 12,50%.<\/p>\n","protected":false},"excerpt":{"rendered":"<p>Dados s\u00e3o do boletim da Vigil\u00e2ncia Epidemiol\u00f3gica de Franca, divulgado diariamente Em um per\u00edodo de sete dias a m\u00e9dia m\u00f3vel de mortes causadas pela covid-19, diminuiu<span class=\"excerpt-hellip\"> [\u2026]<\/span><\/p>\n","protected":false},"author":7,"featured_media":17879,"comment_status":"open","ping_status":"open","sticky":false,"template":"","format":"standard","meta":{"_jetpack_memberships_contains_paid_content":false,"footnotes":"","jetpack_publicize_message":"","jetpack_publicize_feature_enabled":true,"jetpack_social_post_already_shared":false,"jetpack_social_options":{"image_generator_settings":{"template":"highway","default_image_id":0,"enabled":false},"version":2}},"categories":[28,81],"tags":[],"class_list":["post-17878","post","type-post","status-publish","format-standard","has-post-thumbnail","hentry","category-cotidiano","category-manchete"],"yoast_head":"<!-- This site is optimized with the Yoast SEO plugin v25.6 - https:\/\/yoast.com\/wordpress\/plugins\/seo\/ -->\n<title>M\u00e9dia m\u00f3vel de mortes por Covid-19 em Franca diminui 35% em 7 dias - VerdadeOn<\/title>\n<meta name=\"robots\" content=\"index, follow, max-snippet:-1, max-image-preview:large, max-video-preview:-1\" \/>\n<link rel=\"canonical\" href=\"https:\/\/verdadeon.com.br\/portal\/2021\/07\/10\/media-movel-de-mortes-por-covid-19-em-franca-diminui-35-em-7-dias\/\" \/>\n<meta property=\"og:locale\" content=\"pt_BR\" \/>\n<meta property=\"og:type\" content=\"article\" \/>\n<meta property=\"og:title\" content=\"M\u00e9dia m\u00f3vel de mortes por Covid-19 em Franca diminui 35% em 7 dias - VerdadeOn\" \/>\n<meta property=\"og:description\" content=\"Dados s\u00e3o do boletim da Vigil\u00e2ncia Epidemiol\u00f3gica de Franca, divulgado diariamente Em um per\u00edodo de sete dias a m\u00e9dia m\u00f3vel de mortes causadas pela covid-19, diminuiu [\u2026]\" \/>\n<meta property=\"og:url\" content=\"https:\/\/verdadeon.com.br\/portal\/2021\/07\/10\/media-movel-de-mortes-por-covid-19-em-franca-diminui-35-em-7-dias\/\" \/>\n<meta property=\"og:site_name\" content=\"VerdadeOn\" \/>\n<meta property=\"article:published_time\" content=\"2021-07-10T18:00:04+00:00\" \/>\n<meta property=\"og:image\" content=\"https:\/\/verdadeon.com.br\/portal\/wp-content\/uploads\/2021\/07\/MEDIA-MOVEL-MORTES-e1625934161616.png\" \/>\n\t<meta property=\"og:image:width\" content=\"999\" \/>\n\t<meta property=\"og:image:height\" content=\"669\" \/>\n\t<meta property=\"og:image:type\" content=\"image\/png\" \/>\n<meta name=\"author\" content=\"Fernando Lima\" \/>\n<meta name=\"twitter:card\" content=\"summary_large_image\" \/>\n<meta name=\"twitter:label1\" content=\"Escrito por\" \/>\n\t<meta name=\"twitter:data1\" content=\"Fernando Lima\" \/>\n\t<meta name=\"twitter:label2\" content=\"Est. tempo de leitura\" \/>\n\t<meta name=\"twitter:data2\" content=\"2 minutos\" \/>\n<script type=\"application\/ld+json\" class=\"yoast-schema-graph\">{\"@context\":\"https:\/\/schema.org\",\"@graph\":[{\"@type\":\"WebPage\",\"@id\":\"https:\/\/verdadeon.com.br\/portal\/2021\/07\/10\/media-movel-de-mortes-por-covid-19-em-franca-diminui-35-em-7-dias\/\",\"url\":\"https:\/\/verdadeon.com.br\/portal\/2021\/07\/10\/media-movel-de-mortes-por-covid-19-em-franca-diminui-35-em-7-dias\/\",\"name\":\"M\u00e9dia m\u00f3vel de mortes por Covid-19 em Franca diminui 35% em 7 dias - VerdadeOn\",\"isPartOf\":{\"@id\":\"https:\/\/verdadeon.com.br\/portal\/#website\"},\"primaryImageOfPage\":{\"@id\":\"https:\/\/verdadeon.com.br\/portal\/2021\/07\/10\/media-movel-de-mortes-por-covid-19-em-franca-diminui-35-em-7-dias\/#primaryimage\"},\"image\":{\"@id\":\"https:\/\/verdadeon.com.br\/portal\/2021\/07\/10\/media-movel-de-mortes-por-covid-19-em-franca-diminui-35-em-7-dias\/#primaryimage\"},\"thumbnailUrl\":\"https:\/\/i0.wp.com\/verdadeon.com.br\/portal\/wp-content\/uploads\/2021\/07\/MEDIA-MOVEL-MORTES-e1625934161616.png?fit=999%2C669&ssl=1\",\"datePublished\":\"2021-07-10T18:00:04+00:00\",\"author\":{\"@id\":\"https:\/\/verdadeon.com.br\/portal\/#\/schema\/person\/cc32be22b8e8599387c480bc83e1d11a\"},\"breadcrumb\":{\"@id\":\"https:\/\/verdadeon.com.br\/portal\/2021\/07\/10\/media-movel-de-mortes-por-covid-19-em-franca-diminui-35-em-7-dias\/#breadcrumb\"},\"inLanguage\":\"pt-BR\",\"potentialAction\":[{\"@type\":\"ReadAction\",\"target\":[\"https:\/\/verdadeon.com.br\/portal\/2021\/07\/10\/media-movel-de-mortes-por-covid-19-em-franca-diminui-35-em-7-dias\/\"]}]},{\"@type\":\"ImageObject\",\"inLanguage\":\"pt-BR\",\"@id\":\"https:\/\/verdadeon.com.br\/portal\/2021\/07\/10\/media-movel-de-mortes-por-covid-19-em-franca-diminui-35-em-7-dias\/#primaryimage\",\"url\":\"https:\/\/i0.wp.com\/verdadeon.com.br\/portal\/wp-content\/uploads\/2021\/07\/MEDIA-MOVEL-MORTES-e1625934161616.png?fit=999%2C669&ssl=1\",\"contentUrl\":\"https:\/\/i0.wp.com\/verdadeon.com.br\/portal\/wp-content\/uploads\/2021\/07\/MEDIA-MOVEL-MORTES-e1625934161616.png?fit=999%2C669&ssl=1\",\"width\":999,\"height\":669,\"caption\":\"M\u00e9dia de \u00f3bitos \u00e9 calculada com base nos sete dias anteriores. Em Franca a tend\u00eancia de queda continua, mas a m\u00e9dia ainda \u00e9 alta | Foto: Reprodu\u00e7\u00e3o\"},{\"@type\":\"BreadcrumbList\",\"@id\":\"https:\/\/verdadeon.com.br\/portal\/2021\/07\/10\/media-movel-de-mortes-por-covid-19-em-franca-diminui-35-em-7-dias\/#breadcrumb\",\"itemListElement\":[{\"@type\":\"ListItem\",\"position\":1,\"name\":\"In\u00edcio\",\"item\":\"https:\/\/verdadeon.com.br\/portal\/\"},{\"@type\":\"ListItem\",\"position\":2,\"name\":\"M\u00e9dia m\u00f3vel de mortes por Covid-19 em Franca diminui 35% em 7 dias\"}]},{\"@type\":\"WebSite\",\"@id\":\"https:\/\/verdadeon.com.br\/portal\/#website\",\"url\":\"https:\/\/verdadeon.com.br\/portal\/\",\"name\":\"VerdadeOn\",\"description\":\"Not\u00edcias di\u00e1rias sobre Franca, Regi\u00e3o, Esporte, Cultura, Cotidiano, Colunas. Cobertura nos principais eventos da cidade \u00e9 aqui - Verdadeon Franca\",\"potentialAction\":[{\"@type\":\"SearchAction\",\"target\":{\"@type\":\"EntryPoint\",\"urlTemplate\":\"https:\/\/verdadeon.com.br\/portal\/?s={search_term_string}\"},\"query-input\":{\"@type\":\"PropertyValueSpecification\",\"valueRequired\":true,\"valueName\":\"search_term_string\"}}],\"inLanguage\":\"pt-BR\"},{\"@type\":\"Person\",\"@id\":\"https:\/\/verdadeon.com.br\/portal\/#\/schema\/person\/cc32be22b8e8599387c480bc83e1d11a\",\"name\":\"Fernando Lima\",\"image\":{\"@type\":\"ImageObject\",\"inLanguage\":\"pt-BR\",\"@id\":\"https:\/\/verdadeon.com.br\/portal\/#\/schema\/person\/image\/\",\"url\":\"https:\/\/secure.gravatar.com\/avatar\/df4c8e132080d2b3a4841d5d232045464e0eed11a1d6e43115ca0843d48768d3?s=96&d=mm&r=g\",\"contentUrl\":\"https:\/\/secure.gravatar.com\/avatar\/df4c8e132080d2b3a4841d5d232045464e0eed11a1d6e43115ca0843d48768d3?s=96&d=mm&r=g\",\"caption\":\"Fernando Lima\"},\"sameAs\":[\"http:\/\/verdadeon.com.br\/\"],\"url\":\"https:\/\/verdadeon.com.br\/portal\/author\/fernando-lima\/\"}]}<\/script>\n<!-- \/ Yoast SEO plugin. -->","yoast_head_json":{"title":"M\u00e9dia m\u00f3vel de mortes por Covid-19 em Franca diminui 35% em 7 dias - VerdadeOn","robots":{"index":"index","follow":"follow","max-snippet":"max-snippet:-1","max-image-preview":"max-image-preview:large","max-video-preview":"max-video-preview:-1"},"canonical":"https:\/\/verdadeon.com.br\/portal\/2021\/07\/10\/media-movel-de-mortes-por-covid-19-em-franca-diminui-35-em-7-dias\/","og_locale":"pt_BR","og_type":"article","og_title":"M\u00e9dia m\u00f3vel de mortes por Covid-19 em Franca diminui 35% em 7 dias - VerdadeOn","og_description":"Dados s\u00e3o do boletim da Vigil\u00e2ncia Epidemiol\u00f3gica de Franca, divulgado diariamente Em um per\u00edodo de sete dias a m\u00e9dia m\u00f3vel de mortes causadas pela covid-19, diminuiu [\u2026]","og_url":"https:\/\/verdadeon.com.br\/portal\/2021\/07\/10\/media-movel-de-mortes-por-covid-19-em-franca-diminui-35-em-7-dias\/","og_site_name":"VerdadeOn","article_published_time":"2021-07-10T18:00:04+00:00","og_image":[{"width":999,"height":669,"url":"https:\/\/verdadeon.com.br\/portal\/wp-content\/uploads\/2021\/07\/MEDIA-MOVEL-MORTES-e1625934161616.png","type":"image\/png"}],"author":"Fernando Lima","twitter_card":"summary_large_image","twitter_misc":{"Escrito por":"Fernando Lima","Est. tempo de leitura":"2 minutos"},"schema":{"@context":"https:\/\/schema.org","@graph":[{"@type":"WebPage","@id":"https:\/\/verdadeon.com.br\/portal\/2021\/07\/10\/media-movel-de-mortes-por-covid-19-em-franca-diminui-35-em-7-dias\/","url":"https:\/\/verdadeon.com.br\/portal\/2021\/07\/10\/media-movel-de-mortes-por-covid-19-em-franca-diminui-35-em-7-dias\/","name":"M\u00e9dia m\u00f3vel de mortes por Covid-19 em Franca diminui 35% em 7 dias - VerdadeOn","isPartOf":{"@id":"https:\/\/verdadeon.com.br\/portal\/#website"},"primaryImageOfPage":{"@id":"https:\/\/verdadeon.com.br\/portal\/2021\/07\/10\/media-movel-de-mortes-por-covid-19-em-franca-diminui-35-em-7-dias\/#primaryimage"},"image":{"@id":"https:\/\/verdadeon.com.br\/portal\/2021\/07\/10\/media-movel-de-mortes-por-covid-19-em-franca-diminui-35-em-7-dias\/#primaryimage"},"thumbnailUrl":"https:\/\/i0.wp.com\/verdadeon.com.br\/portal\/wp-content\/uploads\/2021\/07\/MEDIA-MOVEL-MORTES-e1625934161616.png?fit=999%2C669&ssl=1","datePublished":"2021-07-10T18:00:04+00:00","author":{"@id":"https:\/\/verdadeon.com.br\/portal\/#\/schema\/person\/cc32be22b8e8599387c480bc83e1d11a"},"breadcrumb":{"@id":"https:\/\/verdadeon.com.br\/portal\/2021\/07\/10\/media-movel-de-mortes-por-covid-19-em-franca-diminui-35-em-7-dias\/#breadcrumb"},"inLanguage":"pt-BR","potentialAction":[{"@type":"ReadAction","target":["https:\/\/verdadeon.com.br\/portal\/2021\/07\/10\/media-movel-de-mortes-por-covid-19-em-franca-diminui-35-em-7-dias\/"]}]},{"@type":"ImageObject","inLanguage":"pt-BR","@id":"https:\/\/verdadeon.com.br\/portal\/2021\/07\/10\/media-movel-de-mortes-por-covid-19-em-franca-diminui-35-em-7-dias\/#primaryimage","url":"https:\/\/i0.wp.com\/verdadeon.com.br\/portal\/wp-content\/uploads\/2021\/07\/MEDIA-MOVEL-MORTES-e1625934161616.png?fit=999%2C669&ssl=1","contentUrl":"https:\/\/i0.wp.com\/verdadeon.com.br\/portal\/wp-content\/uploads\/2021\/07\/MEDIA-MOVEL-MORTES-e1625934161616.png?fit=999%2C669&ssl=1","width":999,"height":669,"caption":"M\u00e9dia de \u00f3bitos \u00e9 calculada com base nos sete dias anteriores. Em Franca a tend\u00eancia de queda continua, mas a m\u00e9dia ainda \u00e9 alta | Foto: Reprodu\u00e7\u00e3o"},{"@type":"BreadcrumbList","@id":"https:\/\/verdadeon.com.br\/portal\/2021\/07\/10\/media-movel-de-mortes-por-covid-19-em-franca-diminui-35-em-7-dias\/#breadcrumb","itemListElement":[{"@type":"ListItem","position":1,"name":"In\u00edcio","item":"https:\/\/verdadeon.com.br\/portal\/"},{"@type":"ListItem","position":2,"name":"M\u00e9dia m\u00f3vel de mortes por Covid-19 em Franca diminui 35% em 7 dias"}]},{"@type":"WebSite","@id":"https:\/\/verdadeon.com.br\/portal\/#website","url":"https:\/\/verdadeon.com.br\/portal\/","name":"VerdadeOn","description":"Not\u00edcias di\u00e1rias sobre Franca, Regi\u00e3o, Esporte, Cultura, Cotidiano, Colunas. Cobertura nos principais eventos da cidade \u00e9 aqui - Verdadeon Franca","potentialAction":[{"@type":"SearchAction","target":{"@type":"EntryPoint","urlTemplate":"https:\/\/verdadeon.com.br\/portal\/?s={search_term_string}"},"query-input":{"@type":"PropertyValueSpecification","valueRequired":true,"valueName":"search_term_string"}}],"inLanguage":"pt-BR"},{"@type":"Person","@id":"https:\/\/verdadeon.com.br\/portal\/#\/schema\/person\/cc32be22b8e8599387c480bc83e1d11a","name":"Fernando Lima","image":{"@type":"ImageObject","inLanguage":"pt-BR","@id":"https:\/\/verdadeon.com.br\/portal\/#\/schema\/person\/image\/","url":"https:\/\/secure.gravatar.com\/avatar\/df4c8e132080d2b3a4841d5d232045464e0eed11a1d6e43115ca0843d48768d3?s=96&d=mm&r=g","contentUrl":"https:\/\/secure.gravatar.com\/avatar\/df4c8e132080d2b3a4841d5d232045464e0eed11a1d6e43115ca0843d48768d3?s=96&d=mm&r=g","caption":"Fernando Lima"},"sameAs":["http:\/\/verdadeon.com.br\/"],"url":"https:\/\/verdadeon.com.br\/portal\/author\/fernando-lima\/"}]}},"jetpack_publicize_connections":[],"jetpack_featured_media_url":"https:\/\/i0.wp.com\/verdadeon.com.br\/portal\/wp-content\/uploads\/2021\/07\/MEDIA-MOVEL-MORTES-e1625934161616.png?fit=999%2C669&ssl=1","jetpack_sharing_enabled":true,"_links":{"self":[{"href":"https:\/\/verdadeon.com.br\/portal\/wp-json\/wp\/v2\/posts\/17878","targetHints":{"allow":["GET"]}}],"collection":[{"href":"https:\/\/verdadeon.com.br\/portal\/wp-json\/wp\/v2\/posts"}],"about":[{"href":"https:\/\/verdadeon.com.br\/portal\/wp-json\/wp\/v2\/types\/post"}],"author":[{"embeddable":true,"href":"https:\/\/verdadeon.com.br\/portal\/wp-json\/wp\/v2\/users\/7"}],"replies":[{"embeddable":true,"href":"https:\/\/verdadeon.com.br\/portal\/wp-json\/wp\/v2\/comments?post=17878"}],"version-history":[{"count":0,"href":"https:\/\/verdadeon.com.br\/portal\/wp-json\/wp\/v2\/posts\/17878\/revisions"}],"wp:featuredmedia":[{"embeddable":true,"href":"https:\/\/verdadeon.com.br\/portal\/wp-json\/wp\/v2\/media\/17879"}],"wp:attachment":[{"href":"https:\/\/verdadeon.com.br\/portal\/wp-json\/wp\/v2\/media?parent=17878"}],"wp:term":[{"taxonomy":"category","embeddable":true,"href":"https:\/\/verdadeon.com.br\/portal\/wp-json\/wp\/v2\/categories?post=17878"},{"taxonomy":"post_tag","embeddable":true,"href":"https:\/\/verdadeon.com.br\/portal\/wp-json\/wp\/v2\/tags?post=17878"}],"curies":[{"name":"wp","href":"https:\/\/api.w.org\/{rel}","templated":true}]}}