{"id":17856,"date":"2021-07-08T19:23:39","date_gmt":"2021-07-08T22:23:39","guid":{"rendered":"https:\/\/verdadeon.com.br\/portal\/?p=17856"},"modified":"2021-07-08T19:22:07","modified_gmt":"2021-07-08T22:22:07","slug":"confira-os-postos-de-vacinacao-contra-a-covid-19-do-mutirao-deste-feriado","status":"publish","type":"post","link":"https:\/\/verdadeon.com.br\/portal\/2021\/07\/08\/confira-os-postos-de-vacinacao-contra-a-covid-19-do-mutirao-deste-feriado\/","title":{"rendered":"Confira os postos de vacina\u00e7\u00e3o contra a Covid-19 do mutir\u00e3o deste feriado"},"content":{"rendered":"<h2>Expectativa da secretaria de Sa\u00fade \u00e9 vacinar pelo menos nove mil pessoas neste feriado<\/h2>\n<p>O mutir\u00e3o de vacina\u00e7\u00e3o contra a covid-19 para as pessoas acima dos 38 anos, ter\u00e1 in\u00edcio nesta sexta-feira (8), \u00e0s 7h30 em 16 postos de atendimento. A aplica\u00e7\u00e3o acontece at\u00e9 \u00e0s 16h e a organiza\u00e7\u00e3o ser\u00e1 atrav\u00e9s de distribui\u00e7\u00e3o de senhas.<\/p>\n<p>Segundo a secretaria de Sa\u00fade a expectativa \u00e9 a e de repetir o feito do primeiro mutir\u00e3o e vacinar pelo menos nove mil moradores de Franca.<\/p>\n<p>As pessoas que estejam aptas a receber a vacina devem fazer o pr\u00e9-cadastro pelo Whatsapp (11) 95220-2923 ou pelo site www.vacinaja.sp.gov.br, que mesmo n\u00e3o sendo obrigat\u00f3rio, agiliza o atendimento. Os interessados dever\u00e3o apresentar um documento de identidade com foto, o CPF e um comprovante de endere\u00e7o.<br \/>\n\u201cEsta \u00e9 uma a\u00e7\u00e3o importante, determinada pelo prefeito Alexandre Ferreira, visando facilitar o atendimento para muitas pessoas que durante a semana, n\u00e3o t\u00eam tempo h\u00e1bil para comparecer as unidades&#8221;, declarou o secret\u00e1rio Lucas Souza.<br \/>\nO secret\u00e1rio solicitou que as pessoas nesta faixa et\u00e1ria, compare\u00e7am a um dos postos, utilizando m\u00e1scara de prote\u00e7\u00e3o, respeitando o distanciamento social, a fim de evitarem aglomera\u00e7\u00f5es, munidas do documento pessoal com foto e um comprovante de endere\u00e7o.<\/p>\n<h4>Confira a rela\u00e7\u00e3o dos postos para esta sexta-feira, das 07h30 \u00e0s 13h:<\/h4>\n<p>UBS S\u00e3o Sebasti\u00e3o<br \/>\nUBS Guanabara<br \/>\nUBS Paulista<br \/>\nUBS Santa Terezinha<br \/>\nUBS Horto<br \/>\nUBS Aeroporto 1<br \/>\nUBS Aeroporto 3<br \/>\nUBS Planalto<br \/>\nUBS Progresso<br \/>\nUBS Brasil\u00e2ndia<br \/>\nUBS Santa Clara<br \/>\nESF Paineiras<br \/>\nESF Lu\u00edza<br \/>\nInternacional Esporte Clube (entrada pela rua Cavalheiro Petr\u00e1glia, 99, Esta\u00e7\u00e3o)<br \/>\nEscola Sesi Santa Cruz (entrada pela Rua Augusto Vitor Engholm &#8211; port\u00e3o 7)<br \/>\nEscola Industrial (entrada pela rua Campos Salles), no Centro.<\/p>\n<h2><\/h2>\n","protected":false},"excerpt":{"rendered":"<p>Expectativa da secretaria de Sa\u00fade \u00e9 vacinar pelo menos nove mil pessoas neste feriado O mutir\u00e3o de vacina\u00e7\u00e3o contra a covid-19 para as pessoas acima dos<span class=\"excerpt-hellip\"> [\u2026]<\/span><\/p>\n","protected":false},"author":7,"featured_media":17857,"comment_status":"open","ping_status":"open","sticky":false,"template":"","format":"standard","meta":{"_jetpack_memberships_contains_paid_content":false,"footnotes":"","jetpack_publicize_message":"","jetpack_publicize_feature_enabled":true,"jetpack_social_post_already_shared":false,"jetpack_social_options":{"image_generator_settings":{"template":"highway","default_image_id":0,"enabled":false},"version":2}},"categories":[28,44],"tags":[],"class_list":["post-17856","post","type-post","status-publish","format-standard","has-post-thumbnail","hentry","category-cotidiano","category-noticias"],"yoast_head":"<!-- This site is optimized with the Yoast SEO plugin v25.6 - https:\/\/yoast.com\/wordpress\/plugins\/seo\/ -->\n<title>Confira os postos de vacina\u00e7\u00e3o contra a Covid-19 do mutir\u00e3o deste feriado - VerdadeOn<\/title>\n<meta name=\"robots\" content=\"index, follow, max-snippet:-1, max-image-preview:large, max-video-preview:-1\" \/>\n<link rel=\"canonical\" href=\"https:\/\/verdadeon.com.br\/portal\/2021\/07\/08\/confira-os-postos-de-vacinacao-contra-a-covid-19-do-mutirao-deste-feriado\/\" \/>\n<meta property=\"og:locale\" content=\"pt_BR\" \/>\n<meta property=\"og:type\" content=\"article\" \/>\n<meta property=\"og:title\" content=\"Confira os postos de vacina\u00e7\u00e3o contra a Covid-19 do mutir\u00e3o deste feriado - VerdadeOn\" \/>\n<meta property=\"og:description\" content=\"Expectativa da secretaria de Sa\u00fade \u00e9 vacinar pelo menos nove mil pessoas neste feriado O mutir\u00e3o de vacina\u00e7\u00e3o contra a covid-19 para as pessoas acima dos [\u2026]\" \/>\n<meta property=\"og:url\" content=\"https:\/\/verdadeon.com.br\/portal\/2021\/07\/08\/confira-os-postos-de-vacinacao-contra-a-covid-19-do-mutirao-deste-feriado\/\" \/>\n<meta property=\"og:site_name\" content=\"VerdadeOn\" \/>\n<meta property=\"article:published_time\" content=\"2021-07-08T22:23:39+00:00\" \/>\n<meta property=\"og:image\" content=\"https:\/\/verdadeon.com.br\/portal\/wp-content\/uploads\/2021\/07\/WhatsApp-Image-2021-07-08-at-10.17.14.jpeg\" \/>\n\t<meta property=\"og:image:width\" content=\"1280\" \/>\n\t<meta property=\"og:image:height\" content=\"948\" \/>\n\t<meta property=\"og:image:type\" content=\"image\/jpeg\" \/>\n<meta name=\"author\" content=\"Fernando Lima\" \/>\n<meta name=\"twitter:card\" content=\"summary_large_image\" \/>\n<meta name=\"twitter:label1\" content=\"Escrito por\" \/>\n\t<meta name=\"twitter:data1\" content=\"Fernando Lima\" \/>\n\t<meta name=\"twitter:label2\" content=\"Est. tempo de leitura\" \/>\n\t<meta name=\"twitter:data2\" content=\"2 minutos\" \/>\n<script type=\"application\/ld+json\" class=\"yoast-schema-graph\">{\"@context\":\"https:\/\/schema.org\",\"@graph\":[{\"@type\":\"WebPage\",\"@id\":\"https:\/\/verdadeon.com.br\/portal\/2021\/07\/08\/confira-os-postos-de-vacinacao-contra-a-covid-19-do-mutirao-deste-feriado\/\",\"url\":\"https:\/\/verdadeon.com.br\/portal\/2021\/07\/08\/confira-os-postos-de-vacinacao-contra-a-covid-19-do-mutirao-deste-feriado\/\",\"name\":\"Confira os postos de vacina\u00e7\u00e3o contra a Covid-19 do mutir\u00e3o deste feriado - VerdadeOn\",\"isPartOf\":{\"@id\":\"https:\/\/verdadeon.com.br\/portal\/#website\"},\"primaryImageOfPage\":{\"@id\":\"https:\/\/verdadeon.com.br\/portal\/2021\/07\/08\/confira-os-postos-de-vacinacao-contra-a-covid-19-do-mutirao-deste-feriado\/#primaryimage\"},\"image\":{\"@id\":\"https:\/\/verdadeon.com.br\/portal\/2021\/07\/08\/confira-os-postos-de-vacinacao-contra-a-covid-19-do-mutirao-deste-feriado\/#primaryimage\"},\"thumbnailUrl\":\"https:\/\/i0.wp.com\/verdadeon.com.br\/portal\/wp-content\/uploads\/2021\/07\/WhatsApp-Image-2021-07-08-at-10.17.14.jpeg?fit=1280%2C948&ssl=1\",\"datePublished\":\"2021-07-08T22:23:39+00:00\",\"author\":{\"@id\":\"https:\/\/verdadeon.com.br\/portal\/#\/schema\/person\/cc32be22b8e8599387c480bc83e1d11a\"},\"breadcrumb\":{\"@id\":\"https:\/\/verdadeon.com.br\/portal\/2021\/07\/08\/confira-os-postos-de-vacinacao-contra-a-covid-19-do-mutirao-deste-feriado\/#breadcrumb\"},\"inLanguage\":\"pt-BR\",\"potentialAction\":[{\"@type\":\"ReadAction\",\"target\":[\"https:\/\/verdadeon.com.br\/portal\/2021\/07\/08\/confira-os-postos-de-vacinacao-contra-a-covid-19-do-mutirao-deste-feriado\/\"]}]},{\"@type\":\"ImageObject\",\"inLanguage\":\"pt-BR\",\"@id\":\"https:\/\/verdadeon.com.br\/portal\/2021\/07\/08\/confira-os-postos-de-vacinacao-contra-a-covid-19-do-mutirao-deste-feriado\/#primaryimage\",\"url\":\"https:\/\/i0.wp.com\/verdadeon.com.br\/portal\/wp-content\/uploads\/2021\/07\/WhatsApp-Image-2021-07-08-at-10.17.14.jpeg?fit=1280%2C948&ssl=1\",\"contentUrl\":\"https:\/\/i0.wp.com\/verdadeon.com.br\/portal\/wp-content\/uploads\/2021\/07\/WhatsApp-Image-2021-07-08-at-10.17.14.jpeg?fit=1280%2C948&ssl=1\",\"width\":1280,\"height\":948,\"caption\":\"A aplica\u00e7\u00e3o acontece das 7h30 \u00e0s 13h00 nos 16 postos de vacina\u00e7\u00e3o em diferentes regi\u00f5es da cidade | Foto: Divulga\u00e7\u00e3o\"},{\"@type\":\"BreadcrumbList\",\"@id\":\"https:\/\/verdadeon.com.br\/portal\/2021\/07\/08\/confira-os-postos-de-vacinacao-contra-a-covid-19-do-mutirao-deste-feriado\/#breadcrumb\",\"itemListElement\":[{\"@type\":\"ListItem\",\"position\":1,\"name\":\"In\u00edcio\",\"item\":\"https:\/\/verdadeon.com.br\/portal\/\"},{\"@type\":\"ListItem\",\"position\":2,\"name\":\"Confira os postos de vacina\u00e7\u00e3o contra a Covid-19 do mutir\u00e3o deste feriado\"}]},{\"@type\":\"WebSite\",\"@id\":\"https:\/\/verdadeon.com.br\/portal\/#website\",\"url\":\"https:\/\/verdadeon.com.br\/portal\/\",\"name\":\"VerdadeOn\",\"description\":\"Not\u00edcias di\u00e1rias sobre Franca, Regi\u00e3o, Esporte, Cultura, Cotidiano, Colunas. Cobertura nos principais eventos da cidade \u00e9 aqui - Verdadeon Franca\",\"potentialAction\":[{\"@type\":\"SearchAction\",\"target\":{\"@type\":\"EntryPoint\",\"urlTemplate\":\"https:\/\/verdadeon.com.br\/portal\/?s={search_term_string}\"},\"query-input\":{\"@type\":\"PropertyValueSpecification\",\"valueRequired\":true,\"valueName\":\"search_term_string\"}}],\"inLanguage\":\"pt-BR\"},{\"@type\":\"Person\",\"@id\":\"https:\/\/verdadeon.com.br\/portal\/#\/schema\/person\/cc32be22b8e8599387c480bc83e1d11a\",\"name\":\"Fernando Lima\",\"image\":{\"@type\":\"ImageObject\",\"inLanguage\":\"pt-BR\",\"@id\":\"https:\/\/verdadeon.com.br\/portal\/#\/schema\/person\/image\/\",\"url\":\"https:\/\/secure.gravatar.com\/avatar\/df4c8e132080d2b3a4841d5d232045464e0eed11a1d6e43115ca0843d48768d3?s=96&d=mm&r=g\",\"contentUrl\":\"https:\/\/secure.gravatar.com\/avatar\/df4c8e132080d2b3a4841d5d232045464e0eed11a1d6e43115ca0843d48768d3?s=96&d=mm&r=g\",\"caption\":\"Fernando Lima\"},\"sameAs\":[\"http:\/\/verdadeon.com.br\/\"],\"url\":\"https:\/\/verdadeon.com.br\/portal\/author\/fernando-lima\/\"}]}<\/script>\n<!-- \/ Yoast SEO plugin. -->","yoast_head_json":{"title":"Confira os postos de vacina\u00e7\u00e3o contra a Covid-19 do mutir\u00e3o deste feriado - VerdadeOn","robots":{"index":"index","follow":"follow","max-snippet":"max-snippet:-1","max-image-preview":"max-image-preview:large","max-video-preview":"max-video-preview:-1"},"canonical":"https:\/\/verdadeon.com.br\/portal\/2021\/07\/08\/confira-os-postos-de-vacinacao-contra-a-covid-19-do-mutirao-deste-feriado\/","og_locale":"pt_BR","og_type":"article","og_title":"Confira os postos de vacina\u00e7\u00e3o contra a Covid-19 do mutir\u00e3o deste feriado - VerdadeOn","og_description":"Expectativa da secretaria de Sa\u00fade \u00e9 vacinar pelo menos nove mil pessoas neste feriado O mutir\u00e3o de vacina\u00e7\u00e3o contra a covid-19 para as pessoas acima dos [\u2026]","og_url":"https:\/\/verdadeon.com.br\/portal\/2021\/07\/08\/confira-os-postos-de-vacinacao-contra-a-covid-19-do-mutirao-deste-feriado\/","og_site_name":"VerdadeOn","article_published_time":"2021-07-08T22:23:39+00:00","og_image":[{"width":1280,"height":948,"url":"https:\/\/verdadeon.com.br\/portal\/wp-content\/uploads\/2021\/07\/WhatsApp-Image-2021-07-08-at-10.17.14.jpeg","type":"image\/jpeg"}],"author":"Fernando Lima","twitter_card":"summary_large_image","twitter_misc":{"Escrito por":"Fernando Lima","Est. tempo de leitura":"2 minutos"},"schema":{"@context":"https:\/\/schema.org","@graph":[{"@type":"WebPage","@id":"https:\/\/verdadeon.com.br\/portal\/2021\/07\/08\/confira-os-postos-de-vacinacao-contra-a-covid-19-do-mutirao-deste-feriado\/","url":"https:\/\/verdadeon.com.br\/portal\/2021\/07\/08\/confira-os-postos-de-vacinacao-contra-a-covid-19-do-mutirao-deste-feriado\/","name":"Confira os postos de vacina\u00e7\u00e3o contra a Covid-19 do mutir\u00e3o deste feriado - VerdadeOn","isPartOf":{"@id":"https:\/\/verdadeon.com.br\/portal\/#website"},"primaryImageOfPage":{"@id":"https:\/\/verdadeon.com.br\/portal\/2021\/07\/08\/confira-os-postos-de-vacinacao-contra-a-covid-19-do-mutirao-deste-feriado\/#primaryimage"},"image":{"@id":"https:\/\/verdadeon.com.br\/portal\/2021\/07\/08\/confira-os-postos-de-vacinacao-contra-a-covid-19-do-mutirao-deste-feriado\/#primaryimage"},"thumbnailUrl":"https:\/\/i0.wp.com\/verdadeon.com.br\/portal\/wp-content\/uploads\/2021\/07\/WhatsApp-Image-2021-07-08-at-10.17.14.jpeg?fit=1280%2C948&ssl=1","datePublished":"2021-07-08T22:23:39+00:00","author":{"@id":"https:\/\/verdadeon.com.br\/portal\/#\/schema\/person\/cc32be22b8e8599387c480bc83e1d11a"},"breadcrumb":{"@id":"https:\/\/verdadeon.com.br\/portal\/2021\/07\/08\/confira-os-postos-de-vacinacao-contra-a-covid-19-do-mutirao-deste-feriado\/#breadcrumb"},"inLanguage":"pt-BR","potentialAction":[{"@type":"ReadAction","target":["https:\/\/verdadeon.com.br\/portal\/2021\/07\/08\/confira-os-postos-de-vacinacao-contra-a-covid-19-do-mutirao-deste-feriado\/"]}]},{"@type":"ImageObject","inLanguage":"pt-BR","@id":"https:\/\/verdadeon.com.br\/portal\/2021\/07\/08\/confira-os-postos-de-vacinacao-contra-a-covid-19-do-mutirao-deste-feriado\/#primaryimage","url":"https:\/\/i0.wp.com\/verdadeon.com.br\/portal\/wp-content\/uploads\/2021\/07\/WhatsApp-Image-2021-07-08-at-10.17.14.jpeg?fit=1280%2C948&ssl=1","contentUrl":"https:\/\/i0.wp.com\/verdadeon.com.br\/portal\/wp-content\/uploads\/2021\/07\/WhatsApp-Image-2021-07-08-at-10.17.14.jpeg?fit=1280%2C948&ssl=1","width":1280,"height":948,"caption":"A aplica\u00e7\u00e3o acontece das 7h30 \u00e0s 13h00 nos 16 postos de vacina\u00e7\u00e3o em diferentes regi\u00f5es da cidade | Foto: Divulga\u00e7\u00e3o"},{"@type":"BreadcrumbList","@id":"https:\/\/verdadeon.com.br\/portal\/2021\/07\/08\/confira-os-postos-de-vacinacao-contra-a-covid-19-do-mutirao-deste-feriado\/#breadcrumb","itemListElement":[{"@type":"ListItem","position":1,"name":"In\u00edcio","item":"https:\/\/verdadeon.com.br\/portal\/"},{"@type":"ListItem","position":2,"name":"Confira os postos de vacina\u00e7\u00e3o contra a Covid-19 do mutir\u00e3o deste feriado"}]},{"@type":"WebSite","@id":"https:\/\/verdadeon.com.br\/portal\/#website","url":"https:\/\/verdadeon.com.br\/portal\/","name":"VerdadeOn","description":"Not\u00edcias di\u00e1rias sobre Franca, Regi\u00e3o, Esporte, Cultura, Cotidiano, Colunas. Cobertura nos principais eventos da cidade \u00e9 aqui - Verdadeon Franca","potentialAction":[{"@type":"SearchAction","target":{"@type":"EntryPoint","urlTemplate":"https:\/\/verdadeon.com.br\/portal\/?s={search_term_string}"},"query-input":{"@type":"PropertyValueSpecification","valueRequired":true,"valueName":"search_term_string"}}],"inLanguage":"pt-BR"},{"@type":"Person","@id":"https:\/\/verdadeon.com.br\/portal\/#\/schema\/person\/cc32be22b8e8599387c480bc83e1d11a","name":"Fernando Lima","image":{"@type":"ImageObject","inLanguage":"pt-BR","@id":"https:\/\/verdadeon.com.br\/portal\/#\/schema\/person\/image\/","url":"https:\/\/secure.gravatar.com\/avatar\/df4c8e132080d2b3a4841d5d232045464e0eed11a1d6e43115ca0843d48768d3?s=96&d=mm&r=g","contentUrl":"https:\/\/secure.gravatar.com\/avatar\/df4c8e132080d2b3a4841d5d232045464e0eed11a1d6e43115ca0843d48768d3?s=96&d=mm&r=g","caption":"Fernando Lima"},"sameAs":["http:\/\/verdadeon.com.br\/"],"url":"https:\/\/verdadeon.com.br\/portal\/author\/fernando-lima\/"}]}},"jetpack_publicize_connections":[],"jetpack_featured_media_url":"https:\/\/i0.wp.com\/verdadeon.com.br\/portal\/wp-content\/uploads\/2021\/07\/WhatsApp-Image-2021-07-08-at-10.17.14.jpeg?fit=1280%2C948&ssl=1","jetpack_sharing_enabled":true,"_links":{"self":[{"href":"https:\/\/verdadeon.com.br\/portal\/wp-json\/wp\/v2\/posts\/17856","targetHints":{"allow":["GET"]}}],"collection":[{"href":"https:\/\/verdadeon.com.br\/portal\/wp-json\/wp\/v2\/posts"}],"about":[{"href":"https:\/\/verdadeon.com.br\/portal\/wp-json\/wp\/v2\/types\/post"}],"author":[{"embeddable":true,"href":"https:\/\/verdadeon.com.br\/portal\/wp-json\/wp\/v2\/users\/7"}],"replies":[{"embeddable":true,"href":"https:\/\/verdadeon.com.br\/portal\/wp-json\/wp\/v2\/comments?post=17856"}],"version-history":[{"count":0,"href":"https:\/\/verdadeon.com.br\/portal\/wp-json\/wp\/v2\/posts\/17856\/revisions"}],"wp:featuredmedia":[{"embeddable":true,"href":"https:\/\/verdadeon.com.br\/portal\/wp-json\/wp\/v2\/media\/17857"}],"wp:attachment":[{"href":"https:\/\/verdadeon.com.br\/portal\/wp-json\/wp\/v2\/media?parent=17856"}],"wp:term":[{"taxonomy":"category","embeddable":true,"href":"https:\/\/verdadeon.com.br\/portal\/wp-json\/wp\/v2\/categories?post=17856"},{"taxonomy":"post_tag","embeddable":true,"href":"https:\/\/verdadeon.com.br\/portal\/wp-json\/wp\/v2\/tags?post=17856"}],"curies":[{"name":"wp","href":"https:\/\/api.w.org\/{rel}","templated":true}]}}