{"id":17850,"date":"2021-07-08T17:35:08","date_gmt":"2021-07-08T20:35:08","guid":{"rendered":"https:\/\/verdadeon.com.br\/portal\/?p=17850"},"modified":"2021-07-08T17:35:08","modified_gmt":"2021-07-08T20:35:08","slug":"centro-de-testagem-do-alvaro-azzuz-fica-lotado-por-conta-do-teste-rapido-da-covid","status":"publish","type":"post","link":"https:\/\/verdadeon.com.br\/portal\/2021\/07\/08\/centro-de-testagem-do-alvaro-azzuz-fica-lotado-por-conta-do-teste-rapido-da-covid\/","title":{"rendered":"Centro de testagem do \u00c1lvaro Azzuz fica lotado por conta do teste r\u00e1pido da covid"},"content":{"rendered":"<h2>H\u00e1 dois dias Prefeitura anunciou que iniciaria a testagem r\u00e1pida, antes testes levavam at\u00e9 10 dias para o resultado<\/h2>\n<p>Ap\u00f3s dias de calmaria o P.S. \u00c1lvaro Azzuz na zona norte de Franca, viveu uma quinta-feira (8), de muito movimento. Por volta das 14h a fila para o centro de testagem tinha quase 100 pessoas aguardando. Nos outros dias a fila n\u00e3o passava de uma m\u00e9dia de quatro a cinco pacientes.<\/p>\n<p>O cantor aposentado Jos\u00e9 Raul Querino, de 65 anos, contou que levou a filha dele para ser testada j\u00e1 que foi um pedido do patr\u00e3o dela. &#8220;Ela estava com uns sintomas parecidos com gripe, ele pediu para ela vir aqui e eu trouxe. A fila t\u00e1 t\u00e3o grande que eu nem acreditei, mas \u00e9 porque agora fica mais r\u00e1pido o resultado, isso \u00e9 bom, mas precisa ter paci\u00eancia para encarar a espera&#8221;, relatou o cantor.<\/p>\n<p>Para ser testado \u00e9 necess\u00e1rio passar pela triagem de um m\u00e9dico, ele vai indicar se \u00e9 necess\u00e1rio ou n\u00e3o realizar o exame, o que tem causado confus\u00e3o em alguns pacientes que acreditaram que era uma testagem aleat\u00f3ria.<\/p>\n<p>H\u00e1 meses a m\u00e9dia de casos suspeitos em Franca gira em torno de 3.500 casos, agora a expectativa com o resultado r\u00e1pido \u00e9 que esta m\u00e9dia diminua com o decorrer dos dias.<\/p>\n<p>A m\u00e9dia de pacientes atendidos tamb\u00e9m subiu nos \u00faltimos dias no P.S., no pico da contamina\u00e7\u00e3o o local chegou a registrar cerca de 600 atendimentos por dia, com a baixa essa m\u00e9dia ficou em cerca de 390 pessoas a cada 24h.<\/p>\n<p>Com o in\u00edcio da testagem a m\u00e9dia voltou a subir e gira em torno de 450 pacientes diariamente. Mesmo assim a CROSS continua com a fila praticamente zerada, visto o n\u00famero de leitos dispon\u00edveis na cidade.<\/p>\n<p>&nbsp;<\/p>\n","protected":false},"excerpt":{"rendered":"<p>H\u00e1 dois dias Prefeitura anunciou que iniciaria a testagem r\u00e1pida, antes testes levavam at\u00e9 10 dias para o resultado Ap\u00f3s dias de calmaria o P.S. \u00c1lvaro<span class=\"excerpt-hellip\"> [\u2026]<\/span><\/p>\n","protected":false},"author":7,"featured_media":17852,"comment_status":"open","ping_status":"open","sticky":false,"template":"","format":"standard","meta":{"_jetpack_memberships_contains_paid_content":false,"footnotes":"","jetpack_publicize_message":"","jetpack_publicize_feature_enabled":true,"jetpack_social_post_already_shared":false,"jetpack_social_options":{"image_generator_settings":{"template":"highway","default_image_id":0,"enabled":false},"version":2}},"categories":[28,81],"tags":[],"class_list":["post-17850","post","type-post","status-publish","format-standard","has-post-thumbnail","hentry","category-cotidiano","category-manchete"],"yoast_head":"<!-- This site is optimized with the Yoast SEO plugin v25.6 - https:\/\/yoast.com\/wordpress\/plugins\/seo\/ -->\n<title>Centro de testagem do \u00c1lvaro Azzuz fica lotado por conta do teste r\u00e1pido da covid - VerdadeOn<\/title>\n<meta name=\"robots\" content=\"index, follow, max-snippet:-1, max-image-preview:large, max-video-preview:-1\" \/>\n<link rel=\"canonical\" href=\"https:\/\/verdadeon.com.br\/portal\/2021\/07\/08\/centro-de-testagem-do-alvaro-azzuz-fica-lotado-por-conta-do-teste-rapido-da-covid\/\" \/>\n<meta property=\"og:locale\" content=\"pt_BR\" \/>\n<meta property=\"og:type\" content=\"article\" \/>\n<meta property=\"og:title\" content=\"Centro de testagem do \u00c1lvaro Azzuz fica lotado por conta do teste r\u00e1pido da covid - VerdadeOn\" \/>\n<meta property=\"og:description\" content=\"H\u00e1 dois dias Prefeitura anunciou que iniciaria a testagem r\u00e1pida, antes testes levavam at\u00e9 10 dias para o resultado Ap\u00f3s dias de calmaria o P.S. \u00c1lvaro [\u2026]\" \/>\n<meta property=\"og:url\" content=\"https:\/\/verdadeon.com.br\/portal\/2021\/07\/08\/centro-de-testagem-do-alvaro-azzuz-fica-lotado-por-conta-do-teste-rapido-da-covid\/\" \/>\n<meta property=\"og:site_name\" content=\"VerdadeOn\" \/>\n<meta property=\"article:published_time\" content=\"2021-07-08T20:35:08+00:00\" \/>\n<meta property=\"og:image\" content=\"https:\/\/verdadeon.com.br\/portal\/wp-content\/uploads\/2021\/07\/Sem-Titulo-1-1.jpg\" \/>\n\t<meta property=\"og:image:width\" content=\"1000\" \/>\n\t<meta property=\"og:image:height\" content=\"670\" \/>\n\t<meta property=\"og:image:type\" content=\"image\/jpeg\" \/>\n<meta name=\"author\" content=\"Fernando Lima\" \/>\n<meta name=\"twitter:card\" content=\"summary_large_image\" \/>\n<meta name=\"twitter:label1\" content=\"Escrito por\" \/>\n\t<meta name=\"twitter:data1\" content=\"Fernando Lima\" \/>\n\t<meta name=\"twitter:label2\" content=\"Est. tempo de leitura\" \/>\n\t<meta name=\"twitter:data2\" content=\"2 minutos\" \/>\n<script type=\"application\/ld+json\" class=\"yoast-schema-graph\">{\"@context\":\"https:\/\/schema.org\",\"@graph\":[{\"@type\":\"WebPage\",\"@id\":\"https:\/\/verdadeon.com.br\/portal\/2021\/07\/08\/centro-de-testagem-do-alvaro-azzuz-fica-lotado-por-conta-do-teste-rapido-da-covid\/\",\"url\":\"https:\/\/verdadeon.com.br\/portal\/2021\/07\/08\/centro-de-testagem-do-alvaro-azzuz-fica-lotado-por-conta-do-teste-rapido-da-covid\/\",\"name\":\"Centro de testagem do \u00c1lvaro Azzuz fica lotado por conta do teste r\u00e1pido da covid - VerdadeOn\",\"isPartOf\":{\"@id\":\"https:\/\/verdadeon.com.br\/portal\/#website\"},\"primaryImageOfPage\":{\"@id\":\"https:\/\/verdadeon.com.br\/portal\/2021\/07\/08\/centro-de-testagem-do-alvaro-azzuz-fica-lotado-por-conta-do-teste-rapido-da-covid\/#primaryimage\"},\"image\":{\"@id\":\"https:\/\/verdadeon.com.br\/portal\/2021\/07\/08\/centro-de-testagem-do-alvaro-azzuz-fica-lotado-por-conta-do-teste-rapido-da-covid\/#primaryimage\"},\"thumbnailUrl\":\"https:\/\/i0.wp.com\/verdadeon.com.br\/portal\/wp-content\/uploads\/2021\/07\/Sem-Titulo-1-1.jpg?fit=1000%2C670&ssl=1\",\"datePublished\":\"2021-07-08T20:35:08+00:00\",\"author\":{\"@id\":\"https:\/\/verdadeon.com.br\/portal\/#\/schema\/person\/cc32be22b8e8599387c480bc83e1d11a\"},\"breadcrumb\":{\"@id\":\"https:\/\/verdadeon.com.br\/portal\/2021\/07\/08\/centro-de-testagem-do-alvaro-azzuz-fica-lotado-por-conta-do-teste-rapido-da-covid\/#breadcrumb\"},\"inLanguage\":\"pt-BR\",\"potentialAction\":[{\"@type\":\"ReadAction\",\"target\":[\"https:\/\/verdadeon.com.br\/portal\/2021\/07\/08\/centro-de-testagem-do-alvaro-azzuz-fica-lotado-por-conta-do-teste-rapido-da-covid\/\"]}]},{\"@type\":\"ImageObject\",\"inLanguage\":\"pt-BR\",\"@id\":\"https:\/\/verdadeon.com.br\/portal\/2021\/07\/08\/centro-de-testagem-do-alvaro-azzuz-fica-lotado-por-conta-do-teste-rapido-da-covid\/#primaryimage\",\"url\":\"https:\/\/i0.wp.com\/verdadeon.com.br\/portal\/wp-content\/uploads\/2021\/07\/Sem-Titulo-1-1.jpg?fit=1000%2C670&ssl=1\",\"contentUrl\":\"https:\/\/i0.wp.com\/verdadeon.com.br\/portal\/wp-content\/uploads\/2021\/07\/Sem-Titulo-1-1.jpg?fit=1000%2C670&ssl=1\",\"width\":1000,\"height\":670,\"caption\":\"H\u00e1 dias o centro de testagem n\u00e3o registrava movimento t\u00e3o intenso como nesta quinta-feira | Foto: Fernando Lima\"},{\"@type\":\"BreadcrumbList\",\"@id\":\"https:\/\/verdadeon.com.br\/portal\/2021\/07\/08\/centro-de-testagem-do-alvaro-azzuz-fica-lotado-por-conta-do-teste-rapido-da-covid\/#breadcrumb\",\"itemListElement\":[{\"@type\":\"ListItem\",\"position\":1,\"name\":\"In\u00edcio\",\"item\":\"https:\/\/verdadeon.com.br\/portal\/\"},{\"@type\":\"ListItem\",\"position\":2,\"name\":\"Centro de testagem do \u00c1lvaro Azzuz fica lotado por conta do teste r\u00e1pido da covid\"}]},{\"@type\":\"WebSite\",\"@id\":\"https:\/\/verdadeon.com.br\/portal\/#website\",\"url\":\"https:\/\/verdadeon.com.br\/portal\/\",\"name\":\"VerdadeOn\",\"description\":\"Not\u00edcias di\u00e1rias sobre Franca, Regi\u00e3o, Esporte, Cultura, Cotidiano, Colunas. Cobertura nos principais eventos da cidade \u00e9 aqui - Verdadeon Franca\",\"potentialAction\":[{\"@type\":\"SearchAction\",\"target\":{\"@type\":\"EntryPoint\",\"urlTemplate\":\"https:\/\/verdadeon.com.br\/portal\/?s={search_term_string}\"},\"query-input\":{\"@type\":\"PropertyValueSpecification\",\"valueRequired\":true,\"valueName\":\"search_term_string\"}}],\"inLanguage\":\"pt-BR\"},{\"@type\":\"Person\",\"@id\":\"https:\/\/verdadeon.com.br\/portal\/#\/schema\/person\/cc32be22b8e8599387c480bc83e1d11a\",\"name\":\"Fernando Lima\",\"image\":{\"@type\":\"ImageObject\",\"inLanguage\":\"pt-BR\",\"@id\":\"https:\/\/verdadeon.com.br\/portal\/#\/schema\/person\/image\/\",\"url\":\"https:\/\/secure.gravatar.com\/avatar\/df4c8e132080d2b3a4841d5d232045464e0eed11a1d6e43115ca0843d48768d3?s=96&d=mm&r=g\",\"contentUrl\":\"https:\/\/secure.gravatar.com\/avatar\/df4c8e132080d2b3a4841d5d232045464e0eed11a1d6e43115ca0843d48768d3?s=96&d=mm&r=g\",\"caption\":\"Fernando Lima\"},\"sameAs\":[\"http:\/\/verdadeon.com.br\/\"],\"url\":\"https:\/\/verdadeon.com.br\/portal\/author\/fernando-lima\/\"}]}<\/script>\n<!-- \/ Yoast SEO plugin. -->","yoast_head_json":{"title":"Centro de testagem do \u00c1lvaro Azzuz fica lotado por conta do teste r\u00e1pido da covid - VerdadeOn","robots":{"index":"index","follow":"follow","max-snippet":"max-snippet:-1","max-image-preview":"max-image-preview:large","max-video-preview":"max-video-preview:-1"},"canonical":"https:\/\/verdadeon.com.br\/portal\/2021\/07\/08\/centro-de-testagem-do-alvaro-azzuz-fica-lotado-por-conta-do-teste-rapido-da-covid\/","og_locale":"pt_BR","og_type":"article","og_title":"Centro de testagem do \u00c1lvaro Azzuz fica lotado por conta do teste r\u00e1pido da covid - VerdadeOn","og_description":"H\u00e1 dois dias Prefeitura anunciou que iniciaria a testagem r\u00e1pida, antes testes levavam at\u00e9 10 dias para o resultado Ap\u00f3s dias de calmaria o P.S. \u00c1lvaro [\u2026]","og_url":"https:\/\/verdadeon.com.br\/portal\/2021\/07\/08\/centro-de-testagem-do-alvaro-azzuz-fica-lotado-por-conta-do-teste-rapido-da-covid\/","og_site_name":"VerdadeOn","article_published_time":"2021-07-08T20:35:08+00:00","og_image":[{"width":1000,"height":670,"url":"https:\/\/verdadeon.com.br\/portal\/wp-content\/uploads\/2021\/07\/Sem-Titulo-1-1.jpg","type":"image\/jpeg"}],"author":"Fernando Lima","twitter_card":"summary_large_image","twitter_misc":{"Escrito por":"Fernando Lima","Est. tempo de leitura":"2 minutos"},"schema":{"@context":"https:\/\/schema.org","@graph":[{"@type":"WebPage","@id":"https:\/\/verdadeon.com.br\/portal\/2021\/07\/08\/centro-de-testagem-do-alvaro-azzuz-fica-lotado-por-conta-do-teste-rapido-da-covid\/","url":"https:\/\/verdadeon.com.br\/portal\/2021\/07\/08\/centro-de-testagem-do-alvaro-azzuz-fica-lotado-por-conta-do-teste-rapido-da-covid\/","name":"Centro de testagem do \u00c1lvaro Azzuz fica lotado por conta do teste r\u00e1pido da covid - VerdadeOn","isPartOf":{"@id":"https:\/\/verdadeon.com.br\/portal\/#website"},"primaryImageOfPage":{"@id":"https:\/\/verdadeon.com.br\/portal\/2021\/07\/08\/centro-de-testagem-do-alvaro-azzuz-fica-lotado-por-conta-do-teste-rapido-da-covid\/#primaryimage"},"image":{"@id":"https:\/\/verdadeon.com.br\/portal\/2021\/07\/08\/centro-de-testagem-do-alvaro-azzuz-fica-lotado-por-conta-do-teste-rapido-da-covid\/#primaryimage"},"thumbnailUrl":"https:\/\/i0.wp.com\/verdadeon.com.br\/portal\/wp-content\/uploads\/2021\/07\/Sem-Titulo-1-1.jpg?fit=1000%2C670&ssl=1","datePublished":"2021-07-08T20:35:08+00:00","author":{"@id":"https:\/\/verdadeon.com.br\/portal\/#\/schema\/person\/cc32be22b8e8599387c480bc83e1d11a"},"breadcrumb":{"@id":"https:\/\/verdadeon.com.br\/portal\/2021\/07\/08\/centro-de-testagem-do-alvaro-azzuz-fica-lotado-por-conta-do-teste-rapido-da-covid\/#breadcrumb"},"inLanguage":"pt-BR","potentialAction":[{"@type":"ReadAction","target":["https:\/\/verdadeon.com.br\/portal\/2021\/07\/08\/centro-de-testagem-do-alvaro-azzuz-fica-lotado-por-conta-do-teste-rapido-da-covid\/"]}]},{"@type":"ImageObject","inLanguage":"pt-BR","@id":"https:\/\/verdadeon.com.br\/portal\/2021\/07\/08\/centro-de-testagem-do-alvaro-azzuz-fica-lotado-por-conta-do-teste-rapido-da-covid\/#primaryimage","url":"https:\/\/i0.wp.com\/verdadeon.com.br\/portal\/wp-content\/uploads\/2021\/07\/Sem-Titulo-1-1.jpg?fit=1000%2C670&ssl=1","contentUrl":"https:\/\/i0.wp.com\/verdadeon.com.br\/portal\/wp-content\/uploads\/2021\/07\/Sem-Titulo-1-1.jpg?fit=1000%2C670&ssl=1","width":1000,"height":670,"caption":"H\u00e1 dias o centro de testagem n\u00e3o registrava movimento t\u00e3o intenso como nesta quinta-feira | Foto: Fernando Lima"},{"@type":"BreadcrumbList","@id":"https:\/\/verdadeon.com.br\/portal\/2021\/07\/08\/centro-de-testagem-do-alvaro-azzuz-fica-lotado-por-conta-do-teste-rapido-da-covid\/#breadcrumb","itemListElement":[{"@type":"ListItem","position":1,"name":"In\u00edcio","item":"https:\/\/verdadeon.com.br\/portal\/"},{"@type":"ListItem","position":2,"name":"Centro de testagem do \u00c1lvaro Azzuz fica lotado por conta do teste r\u00e1pido da covid"}]},{"@type":"WebSite","@id":"https:\/\/verdadeon.com.br\/portal\/#website","url":"https:\/\/verdadeon.com.br\/portal\/","name":"VerdadeOn","description":"Not\u00edcias di\u00e1rias sobre Franca, Regi\u00e3o, Esporte, Cultura, Cotidiano, Colunas. Cobertura nos principais eventos da cidade \u00e9 aqui - Verdadeon Franca","potentialAction":[{"@type":"SearchAction","target":{"@type":"EntryPoint","urlTemplate":"https:\/\/verdadeon.com.br\/portal\/?s={search_term_string}"},"query-input":{"@type":"PropertyValueSpecification","valueRequired":true,"valueName":"search_term_string"}}],"inLanguage":"pt-BR"},{"@type":"Person","@id":"https:\/\/verdadeon.com.br\/portal\/#\/schema\/person\/cc32be22b8e8599387c480bc83e1d11a","name":"Fernando Lima","image":{"@type":"ImageObject","inLanguage":"pt-BR","@id":"https:\/\/verdadeon.com.br\/portal\/#\/schema\/person\/image\/","url":"https:\/\/secure.gravatar.com\/avatar\/df4c8e132080d2b3a4841d5d232045464e0eed11a1d6e43115ca0843d48768d3?s=96&d=mm&r=g","contentUrl":"https:\/\/secure.gravatar.com\/avatar\/df4c8e132080d2b3a4841d5d232045464e0eed11a1d6e43115ca0843d48768d3?s=96&d=mm&r=g","caption":"Fernando Lima"},"sameAs":["http:\/\/verdadeon.com.br\/"],"url":"https:\/\/verdadeon.com.br\/portal\/author\/fernando-lima\/"}]}},"jetpack_publicize_connections":[],"jetpack_featured_media_url":"https:\/\/i0.wp.com\/verdadeon.com.br\/portal\/wp-content\/uploads\/2021\/07\/Sem-Titulo-1-1.jpg?fit=1000%2C670&ssl=1","jetpack_sharing_enabled":true,"_links":{"self":[{"href":"https:\/\/verdadeon.com.br\/portal\/wp-json\/wp\/v2\/posts\/17850","targetHints":{"allow":["GET"]}}],"collection":[{"href":"https:\/\/verdadeon.com.br\/portal\/wp-json\/wp\/v2\/posts"}],"about":[{"href":"https:\/\/verdadeon.com.br\/portal\/wp-json\/wp\/v2\/types\/post"}],"author":[{"embeddable":true,"href":"https:\/\/verdadeon.com.br\/portal\/wp-json\/wp\/v2\/users\/7"}],"replies":[{"embeddable":true,"href":"https:\/\/verdadeon.com.br\/portal\/wp-json\/wp\/v2\/comments?post=17850"}],"version-history":[{"count":0,"href":"https:\/\/verdadeon.com.br\/portal\/wp-json\/wp\/v2\/posts\/17850\/revisions"}],"wp:featuredmedia":[{"embeddable":true,"href":"https:\/\/verdadeon.com.br\/portal\/wp-json\/wp\/v2\/media\/17852"}],"wp:attachment":[{"href":"https:\/\/verdadeon.com.br\/portal\/wp-json\/wp\/v2\/media?parent=17850"}],"wp:term":[{"taxonomy":"category","embeddable":true,"href":"https:\/\/verdadeon.com.br\/portal\/wp-json\/wp\/v2\/categories?post=17850"},{"taxonomy":"post_tag","embeddable":true,"href":"https:\/\/verdadeon.com.br\/portal\/wp-json\/wp\/v2\/tags?post=17850"}],"curies":[{"name":"wp","href":"https:\/\/api.w.org\/{rel}","templated":true}]}}