{"id":17774,"date":"2021-07-06T00:17:32","date_gmt":"2021-07-06T03:17:32","guid":{"rendered":"https:\/\/verdadeon.com.br\/portal\/?p=17774"},"modified":"2021-07-06T00:17:32","modified_gmt":"2021-07-06T03:17:32","slug":"brasil-vence-peru-e-esta-em-mais-uma-final-da-copa-america","status":"publish","type":"post","link":"https:\/\/verdadeon.com.br\/portal\/2021\/07\/06\/brasil-vence-peru-e-esta-em-mais-uma-final-da-copa-america\/","title":{"rendered":"Brasil vence Peru e est\u00e1 em  mais uma final da Copa Am\u00e9rica"},"content":{"rendered":"<h2>Lucas Paquet\u00e1 volta a ser decisivo e garante triunfo de 1 a 0<\/h2>\n<p>O Brasil garantiu a classifica\u00e7\u00e3o para a final da Copa Am\u00e9rica ap\u00f3s derrotar o Peru por 1 a 0 (gra\u00e7as a um gol de Lucas Paquet\u00e1) na noite desta segunda-feira (5) no est\u00e1dio Nilton Santos, no Rio de Janeiro.<br \/>\nAgora, a equipe comandada pelo t\u00e9cnico Tite aguarda o confronto de Argentina e Col\u00f4mbia, na noite da pr\u00f3xima ter\u00e7a-feira (6) no est\u00e1dio Man\u00e9 Garrincha, em Bras\u00edlia, para saber quem ser\u00e1 o seu advers\u00e1rio na grande decis\u00e3o.<br \/>\nA sele\u00e7\u00e3o brasileira fez uma \u00f3tima apresenta\u00e7\u00e3o na etapa inicial, pressionando a equipe peruana e criando in\u00fameras oportunidades. A primeira saiu, logo aos 7 minutos, dos p\u00e9s do camisa 10 Neymar, que bateu para fora ap\u00f3s receber de Richarlison.<br \/>\nO Brasil continuou a ter boas oportunidades com Casemiro, Everton e Richarlison, mas foi dos p\u00e9s de Paquet\u00e1 que saiu o gol da vit\u00f3ria. Aos 34 minutos Neymar avan\u00e7ou pela ponta esquerda, se livrou de dois marcadores e cruzou rasteiro para o meio da \u00e1rea, onde o camisa 17 chegou batendo de primeira para superar o goleiro Gallese.<br \/>\nAp\u00f3s o intervalo, a sele\u00e7\u00e3o peruana at\u00e9 melhorou, mas foi insuficiente para criar maiores problemas para o time comandado por Tite, que agora aguarda para saber quem ser\u00e1 seu advers\u00e1rio na grande final da Copa Am\u00e9rica, programada para acontecer no pr\u00f3ximo s\u00e1bado (10), a partir das 21h (hor\u00e1rio de Bras\u00edlia), no est\u00e1dio do Maracan\u00e3, no Rio de Janeiro.<\/p>\n","protected":false},"excerpt":{"rendered":"<p>Lucas Paquet\u00e1 volta a ser decisivo e garante triunfo de 1 a 0 O Brasil garantiu a classifica\u00e7\u00e3o para a final da Copa Am\u00e9rica ap\u00f3s derrotar<span class=\"excerpt-hellip\"> [\u2026]<\/span><\/p>\n","protected":false},"author":4,"featured_media":17775,"comment_status":"open","ping_status":"open","sticky":false,"template":"","format":"standard","meta":{"_jetpack_memberships_contains_paid_content":false,"footnotes":"","jetpack_publicize_message":"","jetpack_publicize_feature_enabled":true,"jetpack_social_post_already_shared":false,"jetpack_social_options":{"image_generator_settings":{"template":"highway","default_image_id":0,"enabled":false},"version":2}},"categories":[29,44],"tags":[],"class_list":["post-17774","post","type-post","status-publish","format-standard","has-post-thumbnail","hentry","category-esportes","category-noticias"],"yoast_head":"<!-- This site is optimized with the Yoast SEO plugin v25.6 - https:\/\/yoast.com\/wordpress\/plugins\/seo\/ -->\n<title>Brasil vence Peru e est\u00e1 em mais uma final da Copa Am\u00e9rica - VerdadeOn<\/title>\n<meta name=\"robots\" content=\"index, follow, max-snippet:-1, max-image-preview:large, max-video-preview:-1\" \/>\n<link rel=\"canonical\" href=\"https:\/\/verdadeon.com.br\/portal\/2021\/07\/06\/brasil-vence-peru-e-esta-em-mais-uma-final-da-copa-america\/\" \/>\n<meta property=\"og:locale\" content=\"pt_BR\" \/>\n<meta property=\"og:type\" content=\"article\" \/>\n<meta property=\"og:title\" content=\"Brasil vence Peru e est\u00e1 em mais uma final da Copa Am\u00e9rica - VerdadeOn\" \/>\n<meta property=\"og:description\" content=\"Lucas Paquet\u00e1 volta a ser decisivo e garante triunfo de 1 a 0 O Brasil garantiu a classifica\u00e7\u00e3o para a final da Copa Am\u00e9rica ap\u00f3s derrotar [\u2026]\" \/>\n<meta property=\"og:url\" content=\"https:\/\/verdadeon.com.br\/portal\/2021\/07\/06\/brasil-vence-peru-e-esta-em-mais-uma-final-da-copa-america\/\" \/>\n<meta property=\"og:site_name\" content=\"VerdadeOn\" \/>\n<meta property=\"article:published_time\" content=\"2021-07-06T03:17:32+00:00\" \/>\n<meta property=\"og:image\" content=\"https:\/\/verdadeon.com.br\/portal\/wp-content\/uploads\/2021\/07\/51292702616_3cd6b88cb7_k.jpg\" \/>\n\t<meta property=\"og:image:width\" content=\"1000\" \/>\n\t<meta property=\"og:image:height\" content=\"670\" \/>\n\t<meta property=\"og:image:type\" content=\"image\/jpeg\" \/>\n<meta name=\"author\" content=\"Fernando Calixto\" \/>\n<meta name=\"twitter:card\" content=\"summary_large_image\" \/>\n<meta name=\"twitter:label1\" content=\"Escrito por\" \/>\n\t<meta name=\"twitter:data1\" content=\"Fernando Calixto\" \/>\n\t<meta name=\"twitter:label2\" content=\"Est. tempo de leitura\" \/>\n\t<meta name=\"twitter:data2\" content=\"2 minutos\" \/>\n<script type=\"application\/ld+json\" class=\"yoast-schema-graph\">{\"@context\":\"https:\/\/schema.org\",\"@graph\":[{\"@type\":\"WebPage\",\"@id\":\"https:\/\/verdadeon.com.br\/portal\/2021\/07\/06\/brasil-vence-peru-e-esta-em-mais-uma-final-da-copa-america\/\",\"url\":\"https:\/\/verdadeon.com.br\/portal\/2021\/07\/06\/brasil-vence-peru-e-esta-em-mais-uma-final-da-copa-america\/\",\"name\":\"Brasil vence Peru e est\u00e1 em mais uma final da Copa Am\u00e9rica - VerdadeOn\",\"isPartOf\":{\"@id\":\"https:\/\/verdadeon.com.br\/portal\/#website\"},\"primaryImageOfPage\":{\"@id\":\"https:\/\/verdadeon.com.br\/portal\/2021\/07\/06\/brasil-vence-peru-e-esta-em-mais-uma-final-da-copa-america\/#primaryimage\"},\"image\":{\"@id\":\"https:\/\/verdadeon.com.br\/portal\/2021\/07\/06\/brasil-vence-peru-e-esta-em-mais-uma-final-da-copa-america\/#primaryimage\"},\"thumbnailUrl\":\"https:\/\/i0.wp.com\/verdadeon.com.br\/portal\/wp-content\/uploads\/2021\/07\/51292702616_3cd6b88cb7_k.jpg?fit=1000%2C670&ssl=1\",\"datePublished\":\"2021-07-06T03:17:32+00:00\",\"author\":{\"@id\":\"https:\/\/verdadeon.com.br\/portal\/#\/schema\/person\/8994718f49ee62ba5610471e29ca1f62\"},\"breadcrumb\":{\"@id\":\"https:\/\/verdadeon.com.br\/portal\/2021\/07\/06\/brasil-vence-peru-e-esta-em-mais-uma-final-da-copa-america\/#breadcrumb\"},\"inLanguage\":\"pt-BR\",\"potentialAction\":[{\"@type\":\"ReadAction\",\"target\":[\"https:\/\/verdadeon.com.br\/portal\/2021\/07\/06\/brasil-vence-peru-e-esta-em-mais-uma-final-da-copa-america\/\"]}]},{\"@type\":\"ImageObject\",\"inLanguage\":\"pt-BR\",\"@id\":\"https:\/\/verdadeon.com.br\/portal\/2021\/07\/06\/brasil-vence-peru-e-esta-em-mais-uma-final-da-copa-america\/#primaryimage\",\"url\":\"https:\/\/i0.wp.com\/verdadeon.com.br\/portal\/wp-content\/uploads\/2021\/07\/51292702616_3cd6b88cb7_k.jpg?fit=1000%2C670&ssl=1\",\"contentUrl\":\"https:\/\/i0.wp.com\/verdadeon.com.br\/portal\/wp-content\/uploads\/2021\/07\/51292702616_3cd6b88cb7_k.jpg?fit=1000%2C670&ssl=1\",\"width\":1000,\"height\":670,\"caption\":\"Neymar e Lucas Paquet\u00e1 comemoram gol do Brasil na vit\u00f3ria sobre o Peru no est\u00e1dio Nilton Santos, no Rio de Janeiro | Foto: Lucas Figueiresdo\/CBF\"},{\"@type\":\"BreadcrumbList\",\"@id\":\"https:\/\/verdadeon.com.br\/portal\/2021\/07\/06\/brasil-vence-peru-e-esta-em-mais-uma-final-da-copa-america\/#breadcrumb\",\"itemListElement\":[{\"@type\":\"ListItem\",\"position\":1,\"name\":\"In\u00edcio\",\"item\":\"https:\/\/verdadeon.com.br\/portal\/\"},{\"@type\":\"ListItem\",\"position\":2,\"name\":\"Brasil vence Peru e est\u00e1 em mais uma final da Copa Am\u00e9rica\"}]},{\"@type\":\"WebSite\",\"@id\":\"https:\/\/verdadeon.com.br\/portal\/#website\",\"url\":\"https:\/\/verdadeon.com.br\/portal\/\",\"name\":\"VerdadeOn\",\"description\":\"Not\u00edcias di\u00e1rias sobre Franca, Regi\u00e3o, Esporte, Cultura, Cotidiano, Colunas. Cobertura nos principais eventos da cidade \u00e9 aqui - Verdadeon Franca\",\"potentialAction\":[{\"@type\":\"SearchAction\",\"target\":{\"@type\":\"EntryPoint\",\"urlTemplate\":\"https:\/\/verdadeon.com.br\/portal\/?s={search_term_string}\"},\"query-input\":{\"@type\":\"PropertyValueSpecification\",\"valueRequired\":true,\"valueName\":\"search_term_string\"}}],\"inLanguage\":\"pt-BR\"},{\"@type\":\"Person\",\"@id\":\"https:\/\/verdadeon.com.br\/portal\/#\/schema\/person\/8994718f49ee62ba5610471e29ca1f62\",\"name\":\"Fernando Calixto\",\"image\":{\"@type\":\"ImageObject\",\"inLanguage\":\"pt-BR\",\"@id\":\"https:\/\/verdadeon.com.br\/portal\/#\/schema\/person\/image\/\",\"url\":\"https:\/\/secure.gravatar.com\/avatar\/7578910c24966c0316c340f9dbd601e93ee9f9212e1033968b367af9306bd9fb?s=96&d=mm&r=g\",\"contentUrl\":\"https:\/\/secure.gravatar.com\/avatar\/7578910c24966c0316c340f9dbd601e93ee9f9212e1033968b367af9306bd9fb?s=96&d=mm&r=g\",\"caption\":\"Fernando Calixto\"},\"url\":\"https:\/\/verdadeon.com.br\/portal\/author\/fernando-calixto\/\"}]}<\/script>\n<!-- \/ Yoast SEO plugin. -->","yoast_head_json":{"title":"Brasil vence Peru e est\u00e1 em mais uma final da Copa Am\u00e9rica - VerdadeOn","robots":{"index":"index","follow":"follow","max-snippet":"max-snippet:-1","max-image-preview":"max-image-preview:large","max-video-preview":"max-video-preview:-1"},"canonical":"https:\/\/verdadeon.com.br\/portal\/2021\/07\/06\/brasil-vence-peru-e-esta-em-mais-uma-final-da-copa-america\/","og_locale":"pt_BR","og_type":"article","og_title":"Brasil vence Peru e est\u00e1 em mais uma final da Copa Am\u00e9rica - VerdadeOn","og_description":"Lucas Paquet\u00e1 volta a ser decisivo e garante triunfo de 1 a 0 O Brasil garantiu a classifica\u00e7\u00e3o para a final da Copa Am\u00e9rica ap\u00f3s derrotar [\u2026]","og_url":"https:\/\/verdadeon.com.br\/portal\/2021\/07\/06\/brasil-vence-peru-e-esta-em-mais-uma-final-da-copa-america\/","og_site_name":"VerdadeOn","article_published_time":"2021-07-06T03:17:32+00:00","og_image":[{"width":1000,"height":670,"url":"https:\/\/verdadeon.com.br\/portal\/wp-content\/uploads\/2021\/07\/51292702616_3cd6b88cb7_k.jpg","type":"image\/jpeg"}],"author":"Fernando Calixto","twitter_card":"summary_large_image","twitter_misc":{"Escrito por":"Fernando Calixto","Est. tempo de leitura":"2 minutos"},"schema":{"@context":"https:\/\/schema.org","@graph":[{"@type":"WebPage","@id":"https:\/\/verdadeon.com.br\/portal\/2021\/07\/06\/brasil-vence-peru-e-esta-em-mais-uma-final-da-copa-america\/","url":"https:\/\/verdadeon.com.br\/portal\/2021\/07\/06\/brasil-vence-peru-e-esta-em-mais-uma-final-da-copa-america\/","name":"Brasil vence Peru e est\u00e1 em mais uma final da Copa Am\u00e9rica - VerdadeOn","isPartOf":{"@id":"https:\/\/verdadeon.com.br\/portal\/#website"},"primaryImageOfPage":{"@id":"https:\/\/verdadeon.com.br\/portal\/2021\/07\/06\/brasil-vence-peru-e-esta-em-mais-uma-final-da-copa-america\/#primaryimage"},"image":{"@id":"https:\/\/verdadeon.com.br\/portal\/2021\/07\/06\/brasil-vence-peru-e-esta-em-mais-uma-final-da-copa-america\/#primaryimage"},"thumbnailUrl":"https:\/\/i0.wp.com\/verdadeon.com.br\/portal\/wp-content\/uploads\/2021\/07\/51292702616_3cd6b88cb7_k.jpg?fit=1000%2C670&ssl=1","datePublished":"2021-07-06T03:17:32+00:00","author":{"@id":"https:\/\/verdadeon.com.br\/portal\/#\/schema\/person\/8994718f49ee62ba5610471e29ca1f62"},"breadcrumb":{"@id":"https:\/\/verdadeon.com.br\/portal\/2021\/07\/06\/brasil-vence-peru-e-esta-em-mais-uma-final-da-copa-america\/#breadcrumb"},"inLanguage":"pt-BR","potentialAction":[{"@type":"ReadAction","target":["https:\/\/verdadeon.com.br\/portal\/2021\/07\/06\/brasil-vence-peru-e-esta-em-mais-uma-final-da-copa-america\/"]}]},{"@type":"ImageObject","inLanguage":"pt-BR","@id":"https:\/\/verdadeon.com.br\/portal\/2021\/07\/06\/brasil-vence-peru-e-esta-em-mais-uma-final-da-copa-america\/#primaryimage","url":"https:\/\/i0.wp.com\/verdadeon.com.br\/portal\/wp-content\/uploads\/2021\/07\/51292702616_3cd6b88cb7_k.jpg?fit=1000%2C670&ssl=1","contentUrl":"https:\/\/i0.wp.com\/verdadeon.com.br\/portal\/wp-content\/uploads\/2021\/07\/51292702616_3cd6b88cb7_k.jpg?fit=1000%2C670&ssl=1","width":1000,"height":670,"caption":"Neymar e Lucas Paquet\u00e1 comemoram gol do Brasil na vit\u00f3ria sobre o Peru no est\u00e1dio Nilton Santos, no Rio de Janeiro | Foto: Lucas Figueiresdo\/CBF"},{"@type":"BreadcrumbList","@id":"https:\/\/verdadeon.com.br\/portal\/2021\/07\/06\/brasil-vence-peru-e-esta-em-mais-uma-final-da-copa-america\/#breadcrumb","itemListElement":[{"@type":"ListItem","position":1,"name":"In\u00edcio","item":"https:\/\/verdadeon.com.br\/portal\/"},{"@type":"ListItem","position":2,"name":"Brasil vence Peru e est\u00e1 em mais uma final da Copa Am\u00e9rica"}]},{"@type":"WebSite","@id":"https:\/\/verdadeon.com.br\/portal\/#website","url":"https:\/\/verdadeon.com.br\/portal\/","name":"VerdadeOn","description":"Not\u00edcias di\u00e1rias sobre Franca, Regi\u00e3o, Esporte, Cultura, Cotidiano, Colunas. Cobertura nos principais eventos da cidade \u00e9 aqui - Verdadeon Franca","potentialAction":[{"@type":"SearchAction","target":{"@type":"EntryPoint","urlTemplate":"https:\/\/verdadeon.com.br\/portal\/?s={search_term_string}"},"query-input":{"@type":"PropertyValueSpecification","valueRequired":true,"valueName":"search_term_string"}}],"inLanguage":"pt-BR"},{"@type":"Person","@id":"https:\/\/verdadeon.com.br\/portal\/#\/schema\/person\/8994718f49ee62ba5610471e29ca1f62","name":"Fernando Calixto","image":{"@type":"ImageObject","inLanguage":"pt-BR","@id":"https:\/\/verdadeon.com.br\/portal\/#\/schema\/person\/image\/","url":"https:\/\/secure.gravatar.com\/avatar\/7578910c24966c0316c340f9dbd601e93ee9f9212e1033968b367af9306bd9fb?s=96&d=mm&r=g","contentUrl":"https:\/\/secure.gravatar.com\/avatar\/7578910c24966c0316c340f9dbd601e93ee9f9212e1033968b367af9306bd9fb?s=96&d=mm&r=g","caption":"Fernando Calixto"},"url":"https:\/\/verdadeon.com.br\/portal\/author\/fernando-calixto\/"}]}},"jetpack_publicize_connections":[],"jetpack_featured_media_url":"https:\/\/i0.wp.com\/verdadeon.com.br\/portal\/wp-content\/uploads\/2021\/07\/51292702616_3cd6b88cb7_k.jpg?fit=1000%2C670&ssl=1","jetpack_sharing_enabled":true,"_links":{"self":[{"href":"https:\/\/verdadeon.com.br\/portal\/wp-json\/wp\/v2\/posts\/17774","targetHints":{"allow":["GET"]}}],"collection":[{"href":"https:\/\/verdadeon.com.br\/portal\/wp-json\/wp\/v2\/posts"}],"about":[{"href":"https:\/\/verdadeon.com.br\/portal\/wp-json\/wp\/v2\/types\/post"}],"author":[{"embeddable":true,"href":"https:\/\/verdadeon.com.br\/portal\/wp-json\/wp\/v2\/users\/4"}],"replies":[{"embeddable":true,"href":"https:\/\/verdadeon.com.br\/portal\/wp-json\/wp\/v2\/comments?post=17774"}],"version-history":[{"count":0,"href":"https:\/\/verdadeon.com.br\/portal\/wp-json\/wp\/v2\/posts\/17774\/revisions"}],"wp:featuredmedia":[{"embeddable":true,"href":"https:\/\/verdadeon.com.br\/portal\/wp-json\/wp\/v2\/media\/17775"}],"wp:attachment":[{"href":"https:\/\/verdadeon.com.br\/portal\/wp-json\/wp\/v2\/media?parent=17774"}],"wp:term":[{"taxonomy":"category","embeddable":true,"href":"https:\/\/verdadeon.com.br\/portal\/wp-json\/wp\/v2\/categories?post=17774"},{"taxonomy":"post_tag","embeddable":true,"href":"https:\/\/verdadeon.com.br\/portal\/wp-json\/wp\/v2\/tags?post=17774"}],"curies":[{"name":"wp","href":"https:\/\/api.w.org\/{rel}","templated":true}]}}