{"id":17768,"date":"2021-07-05T18:06:09","date_gmt":"2021-07-05T21:06:09","guid":{"rendered":"https:\/\/verdadeon.com.br\/portal\/?p=17768"},"modified":"2021-07-05T18:06:09","modified_gmt":"2021-07-05T21:06:09","slug":"volei-de-praia-brasil-ja-sabe-quem-serao-seus-adversarios-em-toquio","status":"publish","type":"post","link":"https:\/\/verdadeon.com.br\/portal\/2021\/07\/05\/volei-de-praia-brasil-ja-sabe-quem-serao-seus-adversarios-em-toquio\/","title":{"rendered":"V\u00f4lei de praia: Brasil j\u00e1 sabe quem ser\u00e3o seus advers\u00e1rios em T\u00f3quio"},"content":{"rendered":"<h2 class=\"col-10 offset-1 animated fadeInDown dealy-900 display-8 display-md-8 alt-font font-italic my-1 text-center\">Das quatros duplas classificadas, tr\u00eas ser\u00e3o cabe\u00e7as de chave<\/h2>\n<p>O Brasil conheceu nesta segunda-feira (5) seus primeiros advers\u00e1rios nas disputas do v\u00f4lei de praia na Olimp\u00edada de T\u00f3quio (Jap\u00e3o). Pelo sorteio realizado em Moscou (R\u00fassia), tr\u00eas das quatros duplas nacionais ser\u00e3o cabe\u00e7as de chave: \u00c1gatha\/Duda (Grupo C) e Ana Patr\u00edcia\/Rebecca (Grupo D), \u00a0e na disputa masculinas Alison\/\u00c1lvaro Filho (Grupo D). Os parceiros Evandro\/Bruno Schmidt ca\u00edram na chave E (Pol\u00f4nia, Chile e Marrocos). <img data-recalc-dims=\"1\" decoding=\"async\" src=\"https:\/\/i0.wp.com\/agenciabrasil.ebc.com.br\/ebc.png?w=1220&#038;ssl=1\" \/><img data-recalc-dims=\"1\" decoding=\"async\" src=\"https:\/\/i0.wp.com\/agenciabrasil.ebc.com.br\/ebc.gif?w=1220&#038;ssl=1\" \/><\/p>\n<p>As advers\u00e1rias de \u00c1gatha e Duda no Grupo C ser\u00e3o Bansley\/Brandie (Canad\u00e1), Wang\/Xia (China) e Gallay\/Pereyra (Argentina). Na Grupo D, as cabe\u00e7as de chave Ana Patr\u00edcia\/Rebecca ter\u00e3o pela frente Claes\/Spencil (EUA), Kravcenoka\/Graudina (Let\u00f4nia) e Makokha\/Khadambi (Marrocos).<\/p>\n<p>J\u00e1 na competi\u00e7\u00e3o masculina, Alison\/\u00c1lvaro Filho enfrentar\u00e3o no grupo D Brouwer\/Meeuwsen (Holanda), Lucena\/ Dalhausser e Azaad\/Capogrosso (Argentina). Por fim, Evandro\/Bruno Schimidt competir\u00e3o na chave E com Fijalek\/Bryl (Pol\u00f4nia), Marco Grimalt\/Esteban Grimalt (Chile) e Elgraoui\/Abisha (Marrocos).<\/p>\n<p>Do total de 24 duplas que iniciar\u00e3o a disputa em T\u00f3quio em 24 de julho, avan\u00e7am direto \u00e0s oitavas de final as duas primeiras colocadas em cada chave (ser\u00e3o ao todo seis). Al\u00e9m delas, tamb\u00e9m se classificar\u00e3o as duas melhores terceiras colocadas. Haver\u00e1 ainda repescagem entre o restante das terceiras colocadas e a dupla que vencer tamb\u00e9m garantir\u00e1 presen\u00e7a nas oitavas.<\/p>\n<p>Nos \u00faltimos 25 anos,\u00a0o Brasil sempre subiu ao p\u00f3dio em Olimp\u00edadas. No feminino, o pais\u00a0conquistou um ouro, tr\u00eas pratas e dois bronzes. Na disputa masculina, foram mais dois ouros, duas pratas e um bronze.<\/p>\n<p>Confira abaixo quem foram os medalhistas:<\/p>\n<p><strong>Atlanta (EUA)<\/strong>\u00a0&#8211; 1996\u00a0&#8211;\u00a0 Jacqueline Silva\/Sandra Pires (ouro)\u00a0e M\u00f4nica Rodrigues\/Adriana Samuel (prata);<\/p>\n<p><strong>Sidney (Austr\u00e1lia)<\/strong>\u00a0&#8211; 2000 &#8211; Adriana Behar\/Shelda Bed\u00ea (prata), e Adriana Samuel\/Sandra Pires (bronze);<\/p>\n<p><strong>Atenas (Gr\u00e9cia)<\/strong>\u00a0-2004 &#8211; Ricardo Santos\/Emanuel Rego (ouro);<\/p>\n<p><strong>Pequim (China)\u00a0<\/strong>&#8211; 2008 &#8211; M\u00e1rcio Ara\u00fajo\/F\u00e1bio Lu\u00eds Magalh\u00e3es (prata) e Ricardo Santos\/Emanuel Rego (bronze);<\/p>\n<p><strong>Londres (Inglaterra)\u00a0<\/strong>&#8211; 2012 &#8211; Alison\/Bruno Schmidt (ouro)\u00a0 Juliana Siva\/Larissa Fran\u00e7a (bronze);<\/p>\n<p><strong>Rio (Brasil)\u00a0<\/strong>&#8211; 2016 &#8211; Alison\/Bruno Schmidt (ouro) e \u00c1gatha\/B\u00e1rbara Seixas (prata).<\/p>\n<p>Fonte: Ag\u00eancia Brasil<\/p>\n","protected":false},"excerpt":{"rendered":"<p>Das quatros duplas classificadas, tr\u00eas ser\u00e3o cabe\u00e7as de chave O Brasil conheceu nesta segunda-feira (5) seus primeiros advers\u00e1rios nas disputas do v\u00f4lei de praia na Olimp\u00edada<span class=\"excerpt-hellip\"> [\u2026]<\/span><\/p>\n","protected":false},"author":7,"featured_media":17769,"comment_status":"open","ping_status":"open","sticky":false,"template":"","format":"standard","meta":{"_jetpack_memberships_contains_paid_content":false,"footnotes":"","jetpack_publicize_message":"","jetpack_publicize_feature_enabled":true,"jetpack_social_post_already_shared":false,"jetpack_social_options":{"image_generator_settings":{"template":"highway","default_image_id":0,"enabled":false},"version":2}},"categories":[28,44],"tags":[],"class_list":["post-17768","post","type-post","status-publish","format-standard","has-post-thumbnail","hentry","category-cotidiano","category-noticias"],"yoast_head":"<!-- This site is optimized with the Yoast SEO plugin v25.6 - https:\/\/yoast.com\/wordpress\/plugins\/seo\/ -->\n<title>V\u00f4lei de praia: Brasil j\u00e1 sabe quem ser\u00e3o seus advers\u00e1rios em T\u00f3quio - VerdadeOn<\/title>\n<meta name=\"robots\" content=\"index, follow, max-snippet:-1, max-image-preview:large, max-video-preview:-1\" \/>\n<link rel=\"canonical\" href=\"https:\/\/verdadeon.com.br\/portal\/2021\/07\/05\/volei-de-praia-brasil-ja-sabe-quem-serao-seus-adversarios-em-toquio\/\" \/>\n<meta property=\"og:locale\" content=\"pt_BR\" \/>\n<meta property=\"og:type\" content=\"article\" \/>\n<meta property=\"og:title\" content=\"V\u00f4lei de praia: Brasil j\u00e1 sabe quem ser\u00e3o seus advers\u00e1rios em T\u00f3quio - VerdadeOn\" \/>\n<meta property=\"og:description\" content=\"Das quatros duplas classificadas, tr\u00eas ser\u00e3o cabe\u00e7as de chave O Brasil conheceu nesta segunda-feira (5) seus primeiros advers\u00e1rios nas disputas do v\u00f4lei de praia na Olimp\u00edada [\u2026]\" \/>\n<meta property=\"og:url\" content=\"https:\/\/verdadeon.com.br\/portal\/2021\/07\/05\/volei-de-praia-brasil-ja-sabe-quem-serao-seus-adversarios-em-toquio\/\" \/>\n<meta property=\"og:site_name\" content=\"VerdadeOn\" \/>\n<meta property=\"article:published_time\" content=\"2021-07-05T21:06:09+00:00\" \/>\n<meta property=\"og:image\" content=\"https:\/\/verdadeon.com.br\/portal\/wp-content\/uploads\/2021\/07\/TOQUIO.jpg\" \/>\n\t<meta property=\"og:image:width\" content=\"1170\" \/>\n\t<meta property=\"og:image:height\" content=\"700\" \/>\n\t<meta property=\"og:image:type\" content=\"image\/jpeg\" \/>\n<meta name=\"author\" content=\"Fernando Lima\" \/>\n<meta name=\"twitter:card\" content=\"summary_large_image\" \/>\n<meta name=\"twitter:label1\" content=\"Escrito por\" \/>\n\t<meta name=\"twitter:data1\" content=\"Fernando Lima\" \/>\n\t<meta name=\"twitter:label2\" content=\"Est. tempo de leitura\" \/>\n\t<meta name=\"twitter:data2\" content=\"2 minutos\" \/>\n<script type=\"application\/ld+json\" class=\"yoast-schema-graph\">{\"@context\":\"https:\/\/schema.org\",\"@graph\":[{\"@type\":\"WebPage\",\"@id\":\"https:\/\/verdadeon.com.br\/portal\/2021\/07\/05\/volei-de-praia-brasil-ja-sabe-quem-serao-seus-adversarios-em-toquio\/\",\"url\":\"https:\/\/verdadeon.com.br\/portal\/2021\/07\/05\/volei-de-praia-brasil-ja-sabe-quem-serao-seus-adversarios-em-toquio\/\",\"name\":\"V\u00f4lei de praia: Brasil j\u00e1 sabe quem ser\u00e3o seus advers\u00e1rios em T\u00f3quio - VerdadeOn\",\"isPartOf\":{\"@id\":\"https:\/\/verdadeon.com.br\/portal\/#website\"},\"primaryImageOfPage\":{\"@id\":\"https:\/\/verdadeon.com.br\/portal\/2021\/07\/05\/volei-de-praia-brasil-ja-sabe-quem-serao-seus-adversarios-em-toquio\/#primaryimage\"},\"image\":{\"@id\":\"https:\/\/verdadeon.com.br\/portal\/2021\/07\/05\/volei-de-praia-brasil-ja-sabe-quem-serao-seus-adversarios-em-toquio\/#primaryimage\"},\"thumbnailUrl\":\"https:\/\/i0.wp.com\/verdadeon.com.br\/portal\/wp-content\/uploads\/2021\/07\/TOQUIO.jpg?fit=1170%2C700&ssl=1\",\"datePublished\":\"2021-07-05T21:06:09+00:00\",\"author\":{\"@id\":\"https:\/\/verdadeon.com.br\/portal\/#\/schema\/person\/cc32be22b8e8599387c480bc83e1d11a\"},\"breadcrumb\":{\"@id\":\"https:\/\/verdadeon.com.br\/portal\/2021\/07\/05\/volei-de-praia-brasil-ja-sabe-quem-serao-seus-adversarios-em-toquio\/#breadcrumb\"},\"inLanguage\":\"pt-BR\",\"potentialAction\":[{\"@type\":\"ReadAction\",\"target\":[\"https:\/\/verdadeon.com.br\/portal\/2021\/07\/05\/volei-de-praia-brasil-ja-sabe-quem-serao-seus-adversarios-em-toquio\/\"]}]},{\"@type\":\"ImageObject\",\"inLanguage\":\"pt-BR\",\"@id\":\"https:\/\/verdadeon.com.br\/portal\/2021\/07\/05\/volei-de-praia-brasil-ja-sabe-quem-serao-seus-adversarios-em-toquio\/#primaryimage\",\"url\":\"https:\/\/i0.wp.com\/verdadeon.com.br\/portal\/wp-content\/uploads\/2021\/07\/TOQUIO.jpg?fit=1170%2C700&ssl=1\",\"contentUrl\":\"https:\/\/i0.wp.com\/verdadeon.com.br\/portal\/wp-content\/uploads\/2021\/07\/TOQUIO.jpg?fit=1170%2C700&ssl=1\",\"width\":1170,\"height\":700,\"caption\":\"Nos \u00faltimos 25 anos, o Brasil sempre subiu ao p\u00f3dio em Olimp\u00edadas com as duplas do v\u00f4lei de praia | Foto: Ag\u00eancia Brasil\"},{\"@type\":\"BreadcrumbList\",\"@id\":\"https:\/\/verdadeon.com.br\/portal\/2021\/07\/05\/volei-de-praia-brasil-ja-sabe-quem-serao-seus-adversarios-em-toquio\/#breadcrumb\",\"itemListElement\":[{\"@type\":\"ListItem\",\"position\":1,\"name\":\"In\u00edcio\",\"item\":\"https:\/\/verdadeon.com.br\/portal\/\"},{\"@type\":\"ListItem\",\"position\":2,\"name\":\"V\u00f4lei de praia: Brasil j\u00e1 sabe quem ser\u00e3o seus advers\u00e1rios em T\u00f3quio\"}]},{\"@type\":\"WebSite\",\"@id\":\"https:\/\/verdadeon.com.br\/portal\/#website\",\"url\":\"https:\/\/verdadeon.com.br\/portal\/\",\"name\":\"VerdadeOn\",\"description\":\"Not\u00edcias di\u00e1rias sobre Franca, Regi\u00e3o, Esporte, Cultura, Cotidiano, Colunas. Cobertura nos principais eventos da cidade \u00e9 aqui - Verdadeon Franca\",\"potentialAction\":[{\"@type\":\"SearchAction\",\"target\":{\"@type\":\"EntryPoint\",\"urlTemplate\":\"https:\/\/verdadeon.com.br\/portal\/?s={search_term_string}\"},\"query-input\":{\"@type\":\"PropertyValueSpecification\",\"valueRequired\":true,\"valueName\":\"search_term_string\"}}],\"inLanguage\":\"pt-BR\"},{\"@type\":\"Person\",\"@id\":\"https:\/\/verdadeon.com.br\/portal\/#\/schema\/person\/cc32be22b8e8599387c480bc83e1d11a\",\"name\":\"Fernando Lima\",\"image\":{\"@type\":\"ImageObject\",\"inLanguage\":\"pt-BR\",\"@id\":\"https:\/\/verdadeon.com.br\/portal\/#\/schema\/person\/image\/\",\"url\":\"https:\/\/secure.gravatar.com\/avatar\/df4c8e132080d2b3a4841d5d232045464e0eed11a1d6e43115ca0843d48768d3?s=96&d=mm&r=g\",\"contentUrl\":\"https:\/\/secure.gravatar.com\/avatar\/df4c8e132080d2b3a4841d5d232045464e0eed11a1d6e43115ca0843d48768d3?s=96&d=mm&r=g\",\"caption\":\"Fernando Lima\"},\"sameAs\":[\"http:\/\/verdadeon.com.br\/\"],\"url\":\"https:\/\/verdadeon.com.br\/portal\/author\/fernando-lima\/\"}]}<\/script>\n<!-- \/ Yoast SEO plugin. -->","yoast_head_json":{"title":"V\u00f4lei de praia: Brasil j\u00e1 sabe quem ser\u00e3o seus advers\u00e1rios em T\u00f3quio - VerdadeOn","robots":{"index":"index","follow":"follow","max-snippet":"max-snippet:-1","max-image-preview":"max-image-preview:large","max-video-preview":"max-video-preview:-1"},"canonical":"https:\/\/verdadeon.com.br\/portal\/2021\/07\/05\/volei-de-praia-brasil-ja-sabe-quem-serao-seus-adversarios-em-toquio\/","og_locale":"pt_BR","og_type":"article","og_title":"V\u00f4lei de praia: Brasil j\u00e1 sabe quem ser\u00e3o seus advers\u00e1rios em T\u00f3quio - VerdadeOn","og_description":"Das quatros duplas classificadas, tr\u00eas ser\u00e3o cabe\u00e7as de chave O Brasil conheceu nesta segunda-feira (5) seus primeiros advers\u00e1rios nas disputas do v\u00f4lei de praia na Olimp\u00edada [\u2026]","og_url":"https:\/\/verdadeon.com.br\/portal\/2021\/07\/05\/volei-de-praia-brasil-ja-sabe-quem-serao-seus-adversarios-em-toquio\/","og_site_name":"VerdadeOn","article_published_time":"2021-07-05T21:06:09+00:00","og_image":[{"width":1170,"height":700,"url":"https:\/\/verdadeon.com.br\/portal\/wp-content\/uploads\/2021\/07\/TOQUIO.jpg","type":"image\/jpeg"}],"author":"Fernando Lima","twitter_card":"summary_large_image","twitter_misc":{"Escrito por":"Fernando Lima","Est. tempo de leitura":"2 minutos"},"schema":{"@context":"https:\/\/schema.org","@graph":[{"@type":"WebPage","@id":"https:\/\/verdadeon.com.br\/portal\/2021\/07\/05\/volei-de-praia-brasil-ja-sabe-quem-serao-seus-adversarios-em-toquio\/","url":"https:\/\/verdadeon.com.br\/portal\/2021\/07\/05\/volei-de-praia-brasil-ja-sabe-quem-serao-seus-adversarios-em-toquio\/","name":"V\u00f4lei de praia: Brasil j\u00e1 sabe quem ser\u00e3o seus advers\u00e1rios em T\u00f3quio - VerdadeOn","isPartOf":{"@id":"https:\/\/verdadeon.com.br\/portal\/#website"},"primaryImageOfPage":{"@id":"https:\/\/verdadeon.com.br\/portal\/2021\/07\/05\/volei-de-praia-brasil-ja-sabe-quem-serao-seus-adversarios-em-toquio\/#primaryimage"},"image":{"@id":"https:\/\/verdadeon.com.br\/portal\/2021\/07\/05\/volei-de-praia-brasil-ja-sabe-quem-serao-seus-adversarios-em-toquio\/#primaryimage"},"thumbnailUrl":"https:\/\/i0.wp.com\/verdadeon.com.br\/portal\/wp-content\/uploads\/2021\/07\/TOQUIO.jpg?fit=1170%2C700&ssl=1","datePublished":"2021-07-05T21:06:09+00:00","author":{"@id":"https:\/\/verdadeon.com.br\/portal\/#\/schema\/person\/cc32be22b8e8599387c480bc83e1d11a"},"breadcrumb":{"@id":"https:\/\/verdadeon.com.br\/portal\/2021\/07\/05\/volei-de-praia-brasil-ja-sabe-quem-serao-seus-adversarios-em-toquio\/#breadcrumb"},"inLanguage":"pt-BR","potentialAction":[{"@type":"ReadAction","target":["https:\/\/verdadeon.com.br\/portal\/2021\/07\/05\/volei-de-praia-brasil-ja-sabe-quem-serao-seus-adversarios-em-toquio\/"]}]},{"@type":"ImageObject","inLanguage":"pt-BR","@id":"https:\/\/verdadeon.com.br\/portal\/2021\/07\/05\/volei-de-praia-brasil-ja-sabe-quem-serao-seus-adversarios-em-toquio\/#primaryimage","url":"https:\/\/i0.wp.com\/verdadeon.com.br\/portal\/wp-content\/uploads\/2021\/07\/TOQUIO.jpg?fit=1170%2C700&ssl=1","contentUrl":"https:\/\/i0.wp.com\/verdadeon.com.br\/portal\/wp-content\/uploads\/2021\/07\/TOQUIO.jpg?fit=1170%2C700&ssl=1","width":1170,"height":700,"caption":"Nos \u00faltimos 25 anos, o Brasil sempre subiu ao p\u00f3dio em Olimp\u00edadas com as duplas do v\u00f4lei de praia | Foto: Ag\u00eancia Brasil"},{"@type":"BreadcrumbList","@id":"https:\/\/verdadeon.com.br\/portal\/2021\/07\/05\/volei-de-praia-brasil-ja-sabe-quem-serao-seus-adversarios-em-toquio\/#breadcrumb","itemListElement":[{"@type":"ListItem","position":1,"name":"In\u00edcio","item":"https:\/\/verdadeon.com.br\/portal\/"},{"@type":"ListItem","position":2,"name":"V\u00f4lei de praia: Brasil j\u00e1 sabe quem ser\u00e3o seus advers\u00e1rios em T\u00f3quio"}]},{"@type":"WebSite","@id":"https:\/\/verdadeon.com.br\/portal\/#website","url":"https:\/\/verdadeon.com.br\/portal\/","name":"VerdadeOn","description":"Not\u00edcias di\u00e1rias sobre Franca, Regi\u00e3o, Esporte, Cultura, Cotidiano, Colunas. Cobertura nos principais eventos da cidade \u00e9 aqui - Verdadeon Franca","potentialAction":[{"@type":"SearchAction","target":{"@type":"EntryPoint","urlTemplate":"https:\/\/verdadeon.com.br\/portal\/?s={search_term_string}"},"query-input":{"@type":"PropertyValueSpecification","valueRequired":true,"valueName":"search_term_string"}}],"inLanguage":"pt-BR"},{"@type":"Person","@id":"https:\/\/verdadeon.com.br\/portal\/#\/schema\/person\/cc32be22b8e8599387c480bc83e1d11a","name":"Fernando Lima","image":{"@type":"ImageObject","inLanguage":"pt-BR","@id":"https:\/\/verdadeon.com.br\/portal\/#\/schema\/person\/image\/","url":"https:\/\/secure.gravatar.com\/avatar\/df4c8e132080d2b3a4841d5d232045464e0eed11a1d6e43115ca0843d48768d3?s=96&d=mm&r=g","contentUrl":"https:\/\/secure.gravatar.com\/avatar\/df4c8e132080d2b3a4841d5d232045464e0eed11a1d6e43115ca0843d48768d3?s=96&d=mm&r=g","caption":"Fernando Lima"},"sameAs":["http:\/\/verdadeon.com.br\/"],"url":"https:\/\/verdadeon.com.br\/portal\/author\/fernando-lima\/"}]}},"jetpack_publicize_connections":[],"jetpack_featured_media_url":"https:\/\/i0.wp.com\/verdadeon.com.br\/portal\/wp-content\/uploads\/2021\/07\/TOQUIO.jpg?fit=1170%2C700&ssl=1","jetpack_sharing_enabled":true,"_links":{"self":[{"href":"https:\/\/verdadeon.com.br\/portal\/wp-json\/wp\/v2\/posts\/17768","targetHints":{"allow":["GET"]}}],"collection":[{"href":"https:\/\/verdadeon.com.br\/portal\/wp-json\/wp\/v2\/posts"}],"about":[{"href":"https:\/\/verdadeon.com.br\/portal\/wp-json\/wp\/v2\/types\/post"}],"author":[{"embeddable":true,"href":"https:\/\/verdadeon.com.br\/portal\/wp-json\/wp\/v2\/users\/7"}],"replies":[{"embeddable":true,"href":"https:\/\/verdadeon.com.br\/portal\/wp-json\/wp\/v2\/comments?post=17768"}],"version-history":[{"count":0,"href":"https:\/\/verdadeon.com.br\/portal\/wp-json\/wp\/v2\/posts\/17768\/revisions"}],"wp:featuredmedia":[{"embeddable":true,"href":"https:\/\/verdadeon.com.br\/portal\/wp-json\/wp\/v2\/media\/17769"}],"wp:attachment":[{"href":"https:\/\/verdadeon.com.br\/portal\/wp-json\/wp\/v2\/media?parent=17768"}],"wp:term":[{"taxonomy":"category","embeddable":true,"href":"https:\/\/verdadeon.com.br\/portal\/wp-json\/wp\/v2\/categories?post=17768"},{"taxonomy":"post_tag","embeddable":true,"href":"https:\/\/verdadeon.com.br\/portal\/wp-json\/wp\/v2\/tags?post=17768"}],"curies":[{"name":"wp","href":"https:\/\/api.w.org\/{rel}","templated":true}]}}