{"id":17762,"date":"2021-07-05T16:59:58","date_gmt":"2021-07-05T19:59:58","guid":{"rendered":"https:\/\/verdadeon.com.br\/portal\/?p=17762"},"modified":"2021-07-05T16:59:58","modified_gmt":"2021-07-05T19:59:58","slug":"o-maior-prejuizo-e-o-espiritual-diz-joao-berbel-apos-incendio-destruir-150-mil-livros","status":"publish","type":"post","link":"https:\/\/verdadeon.com.br\/portal\/2021\/07\/05\/o-maior-prejuizo-e-o-espiritual-diz-joao-berbel-apos-incendio-destruir-150-mil-livros\/","title":{"rendered":"\u201cO maior preju\u00edzo \u00e9 o espiritual\u201d, diz Jo\u00e3o Berbel ap\u00f3s inc\u00eandio destruir 150 mil livros"},"content":{"rendered":"<h2>Cerca de 300 obras psicografadas estavam no local que foi atingido pelas chamas no s\u00e1bado<\/h2>\n<p>Fernando Lima<\/p>\n<p>O m\u00e9dium e fundador do Instituto de Medicina do Al\u00e9m (IMA) de Franca, Jo\u00e3o Berbel, ainda se recupera do abalo que foi o inc\u00eandio que atingiu um dep\u00f3sito de livros em um barrac\u00e3o na Casa de Acolhimento Madre Tereza de Calcut\u00e1 no final de semana. \u201cS\u00e3o 25 anos de trabalho que foram queimados com o inc\u00eandio. N\u00f3s sempre fomos muito perseguidos aqui, e tenho certeza de que o inc\u00eandio foi criminoso, mas j\u00e1 o perdoei. A nossa obra n\u00e3o pode parar, mas n\u00e3o tenho mais idade para ficar o dia todo escrevendo livros como antigamente\u201d, destacou Berbel.<\/p>\n<p>A segunda-feira foi de trabalho intenso e de muita tristeza para os volunt\u00e1rios, funcion\u00e1rios e fundadores do IMA. O cheiro de fuma\u00e7a ainda era forte no barrac\u00e3o, que fica do outro lado da cal\u00e7ada do Hospital da Caridade, este felizmente n\u00e3o foi atingido pelas chamas j\u00e1 que fica em outro complexo.<\/p>\n<p>O presidente do Hospital da Caridade, Wellington Alves Berbel, explicou que todos os livros que foram queimados, seriam vendidos e s\u00e3o parte importante da renda do IMA. \u201cAtendemos pelo menos 50 fam\u00edlias carentes, damos assist\u00eancia para elas. Temos tamb\u00e9m as crian\u00e7as que recebem todo tipo de apoio psicol\u00f3gico porque s\u00e3o consideradas de alta vulnerabilidade social. Todo este trabalho tem um custo e a venda dos livros era uma importante fonte de renda. Estamos preocupados\u201d, destacou.<\/p>\n<p>A esposa de Jo\u00e3o Berbel, Arlete Alves da Silva Berbel, respons\u00e1vel pela editora dos livros, afirmou que o preju\u00edzo com o inc\u00eandio ultrapassa a casa do milh\u00e3o. \u201cCerca de R$ 1,5 milh\u00e3o a R$ 2 milh\u00f5es pelo menos. Estamos nos sentindo atacados da maneira mais cruel que existe, porque afetaram o trabalho que fazemos h\u00e1 tantos anos por aqui. Mas tenho f\u00e9 que vamos nos reeguer\u201d.<\/p>\n<h2>O inc\u00eandio<\/h2>\n<p>Foi no s\u00e1bado por volta das 17h que o fundador do IMA foi avisado que o dep\u00f3sito estava sendo incendiado. Dois homens que passavam pela rua avistaram e sentiram o cheiro de fuma\u00e7a. Eles correram at\u00e9 a casa de Jo\u00e3o Berbel que acionou os bombeiros. \u201cAt\u00e9 a chegada deles n\u00f3s tentamos ajudar tamb\u00e9m a apagar o fogo. Foram tr\u00eas horas de trabalho, mas muita coisa foi destru\u00edda. Quando cheguei n\u00e3o dava pra enxergar nada neste barrac\u00e3o por causa da fuma\u00e7a\u201d, relatou o m\u00e9dium.<\/p>\n<p>Agora a entidade realiza uma campanha de arrecada\u00e7\u00e3o para continuar os trabalhos que s\u00e3o desenvolvidos. Quem quiser pode doar qualquer valor para o PIX: <a href=\"mailto:diretoria@espiritismodralonso.com.br\">diretoria@espiritismodralonso.com.br<\/a> .<\/p>\n<p>&nbsp;<\/p>\n","protected":false},"excerpt":{"rendered":"<p>Cerca de 300 obras psicografadas estavam no local que foi atingido pelas chamas no s\u00e1bado Fernando Lima O m\u00e9dium e fundador do Instituto de Medicina do<span class=\"excerpt-hellip\"> [\u2026]<\/span><\/p>\n","protected":false},"author":7,"featured_media":17764,"comment_status":"open","ping_status":"open","sticky":false,"template":"","format":"standard","meta":{"_jetpack_memberships_contains_paid_content":false,"footnotes":"","jetpack_publicize_message":"","jetpack_publicize_feature_enabled":true,"jetpack_social_post_already_shared":false,"jetpack_social_options":{"image_generator_settings":{"template":"highway","default_image_id":0,"enabled":false},"version":2}},"categories":[28,81],"tags":[],"class_list":["post-17762","post","type-post","status-publish","format-standard","has-post-thumbnail","hentry","category-cotidiano","category-manchete"],"yoast_head":"<!-- This site is optimized with the Yoast SEO plugin v25.6 - https:\/\/yoast.com\/wordpress\/plugins\/seo\/ -->\n<title>\u201cO maior preju\u00edzo \u00e9 o espiritual\u201d, diz Jo\u00e3o Berbel ap\u00f3s inc\u00eandio destruir 150 mil livros - VerdadeOn<\/title>\n<meta name=\"robots\" content=\"index, follow, max-snippet:-1, max-image-preview:large, max-video-preview:-1\" \/>\n<link rel=\"canonical\" href=\"https:\/\/verdadeon.com.br\/portal\/2021\/07\/05\/o-maior-prejuizo-e-o-espiritual-diz-joao-berbel-apos-incendio-destruir-150-mil-livros\/\" \/>\n<meta property=\"og:locale\" content=\"pt_BR\" \/>\n<meta property=\"og:type\" content=\"article\" \/>\n<meta property=\"og:title\" content=\"\u201cO maior preju\u00edzo \u00e9 o espiritual\u201d, diz Jo\u00e3o Berbel ap\u00f3s inc\u00eandio destruir 150 mil livros - VerdadeOn\" \/>\n<meta property=\"og:description\" content=\"Cerca de 300 obras psicografadas estavam no local que foi atingido pelas chamas no s\u00e1bado Fernando Lima O m\u00e9dium e fundador do Instituto de Medicina do [\u2026]\" \/>\n<meta property=\"og:url\" content=\"https:\/\/verdadeon.com.br\/portal\/2021\/07\/05\/o-maior-prejuizo-e-o-espiritual-diz-joao-berbel-apos-incendio-destruir-150-mil-livros\/\" \/>\n<meta property=\"og:site_name\" content=\"VerdadeOn\" \/>\n<meta property=\"article:published_time\" content=\"2021-07-05T19:59:58+00:00\" \/>\n<meta property=\"og:image\" content=\"https:\/\/verdadeon.com.br\/portal\/wp-content\/uploads\/2021\/07\/INCENDIO.png\" \/>\n\t<meta property=\"og:image:width\" content=\"1432\" \/>\n\t<meta property=\"og:image:height\" content=\"1212\" \/>\n\t<meta property=\"og:image:type\" content=\"image\/png\" \/>\n<meta name=\"author\" content=\"Fernando Lima\" \/>\n<meta name=\"twitter:card\" content=\"summary_large_image\" \/>\n<meta name=\"twitter:label1\" content=\"Escrito por\" \/>\n\t<meta name=\"twitter:data1\" content=\"Fernando Lima\" \/>\n\t<meta name=\"twitter:label2\" content=\"Est. tempo de leitura\" \/>\n\t<meta name=\"twitter:data2\" content=\"2 minutos\" \/>\n<script type=\"application\/ld+json\" class=\"yoast-schema-graph\">{\"@context\":\"https:\/\/schema.org\",\"@graph\":[{\"@type\":\"WebPage\",\"@id\":\"https:\/\/verdadeon.com.br\/portal\/2021\/07\/05\/o-maior-prejuizo-e-o-espiritual-diz-joao-berbel-apos-incendio-destruir-150-mil-livros\/\",\"url\":\"https:\/\/verdadeon.com.br\/portal\/2021\/07\/05\/o-maior-prejuizo-e-o-espiritual-diz-joao-berbel-apos-incendio-destruir-150-mil-livros\/\",\"name\":\"\u201cO maior preju\u00edzo \u00e9 o espiritual\u201d, diz Jo\u00e3o Berbel ap\u00f3s inc\u00eandio destruir 150 mil livros - VerdadeOn\",\"isPartOf\":{\"@id\":\"https:\/\/verdadeon.com.br\/portal\/#website\"},\"primaryImageOfPage\":{\"@id\":\"https:\/\/verdadeon.com.br\/portal\/2021\/07\/05\/o-maior-prejuizo-e-o-espiritual-diz-joao-berbel-apos-incendio-destruir-150-mil-livros\/#primaryimage\"},\"image\":{\"@id\":\"https:\/\/verdadeon.com.br\/portal\/2021\/07\/05\/o-maior-prejuizo-e-o-espiritual-diz-joao-berbel-apos-incendio-destruir-150-mil-livros\/#primaryimage\"},\"thumbnailUrl\":\"https:\/\/i0.wp.com\/verdadeon.com.br\/portal\/wp-content\/uploads\/2021\/07\/INCENDIO.png?fit=1432%2C1212&ssl=1\",\"datePublished\":\"2021-07-05T19:59:58+00:00\",\"author\":{\"@id\":\"https:\/\/verdadeon.com.br\/portal\/#\/schema\/person\/cc32be22b8e8599387c480bc83e1d11a\"},\"breadcrumb\":{\"@id\":\"https:\/\/verdadeon.com.br\/portal\/2021\/07\/05\/o-maior-prejuizo-e-o-espiritual-diz-joao-berbel-apos-incendio-destruir-150-mil-livros\/#breadcrumb\"},\"inLanguage\":\"pt-BR\",\"potentialAction\":[{\"@type\":\"ReadAction\",\"target\":[\"https:\/\/verdadeon.com.br\/portal\/2021\/07\/05\/o-maior-prejuizo-e-o-espiritual-diz-joao-berbel-apos-incendio-destruir-150-mil-livros\/\"]}]},{\"@type\":\"ImageObject\",\"inLanguage\":\"pt-BR\",\"@id\":\"https:\/\/verdadeon.com.br\/portal\/2021\/07\/05\/o-maior-prejuizo-e-o-espiritual-diz-joao-berbel-apos-incendio-destruir-150-mil-livros\/#primaryimage\",\"url\":\"https:\/\/i0.wp.com\/verdadeon.com.br\/portal\/wp-content\/uploads\/2021\/07\/INCENDIO.png?fit=1432%2C1212&ssl=1\",\"contentUrl\":\"https:\/\/i0.wp.com\/verdadeon.com.br\/portal\/wp-content\/uploads\/2021\/07\/INCENDIO.png?fit=1432%2C1212&ssl=1\",\"width\":1432,\"height\":1212,\"caption\":\"As obras s\u00e3o resultado de mais de 25 anos de trabalho, e faziam parte at\u00e9 mesmo de uma encomenda que o IMA havia recebido. Preju\u00edzo chega a quase R$ 2 milh\u00f5es | Foto: IMA\"},{\"@type\":\"BreadcrumbList\",\"@id\":\"https:\/\/verdadeon.com.br\/portal\/2021\/07\/05\/o-maior-prejuizo-e-o-espiritual-diz-joao-berbel-apos-incendio-destruir-150-mil-livros\/#breadcrumb\",\"itemListElement\":[{\"@type\":\"ListItem\",\"position\":1,\"name\":\"In\u00edcio\",\"item\":\"https:\/\/verdadeon.com.br\/portal\/\"},{\"@type\":\"ListItem\",\"position\":2,\"name\":\"\u201cO maior preju\u00edzo \u00e9 o espiritual\u201d, diz Jo\u00e3o Berbel ap\u00f3s inc\u00eandio destruir 150 mil livros\"}]},{\"@type\":\"WebSite\",\"@id\":\"https:\/\/verdadeon.com.br\/portal\/#website\",\"url\":\"https:\/\/verdadeon.com.br\/portal\/\",\"name\":\"VerdadeOn\",\"description\":\"Not\u00edcias di\u00e1rias sobre Franca, Regi\u00e3o, Esporte, Cultura, Cotidiano, Colunas. Cobertura nos principais eventos da cidade \u00e9 aqui - Verdadeon Franca\",\"potentialAction\":[{\"@type\":\"SearchAction\",\"target\":{\"@type\":\"EntryPoint\",\"urlTemplate\":\"https:\/\/verdadeon.com.br\/portal\/?s={search_term_string}\"},\"query-input\":{\"@type\":\"PropertyValueSpecification\",\"valueRequired\":true,\"valueName\":\"search_term_string\"}}],\"inLanguage\":\"pt-BR\"},{\"@type\":\"Person\",\"@id\":\"https:\/\/verdadeon.com.br\/portal\/#\/schema\/person\/cc32be22b8e8599387c480bc83e1d11a\",\"name\":\"Fernando Lima\",\"image\":{\"@type\":\"ImageObject\",\"inLanguage\":\"pt-BR\",\"@id\":\"https:\/\/verdadeon.com.br\/portal\/#\/schema\/person\/image\/\",\"url\":\"https:\/\/secure.gravatar.com\/avatar\/df4c8e132080d2b3a4841d5d232045464e0eed11a1d6e43115ca0843d48768d3?s=96&d=mm&r=g\",\"contentUrl\":\"https:\/\/secure.gravatar.com\/avatar\/df4c8e132080d2b3a4841d5d232045464e0eed11a1d6e43115ca0843d48768d3?s=96&d=mm&r=g\",\"caption\":\"Fernando Lima\"},\"sameAs\":[\"http:\/\/verdadeon.com.br\/\"],\"url\":\"https:\/\/verdadeon.com.br\/portal\/author\/fernando-lima\/\"}]}<\/script>\n<!-- \/ Yoast SEO plugin. -->","yoast_head_json":{"title":"\u201cO maior preju\u00edzo \u00e9 o espiritual\u201d, diz Jo\u00e3o Berbel ap\u00f3s inc\u00eandio destruir 150 mil livros - VerdadeOn","robots":{"index":"index","follow":"follow","max-snippet":"max-snippet:-1","max-image-preview":"max-image-preview:large","max-video-preview":"max-video-preview:-1"},"canonical":"https:\/\/verdadeon.com.br\/portal\/2021\/07\/05\/o-maior-prejuizo-e-o-espiritual-diz-joao-berbel-apos-incendio-destruir-150-mil-livros\/","og_locale":"pt_BR","og_type":"article","og_title":"\u201cO maior preju\u00edzo \u00e9 o espiritual\u201d, diz Jo\u00e3o Berbel ap\u00f3s inc\u00eandio destruir 150 mil livros - VerdadeOn","og_description":"Cerca de 300 obras psicografadas estavam no local que foi atingido pelas chamas no s\u00e1bado Fernando Lima O m\u00e9dium e fundador do Instituto de Medicina do [\u2026]","og_url":"https:\/\/verdadeon.com.br\/portal\/2021\/07\/05\/o-maior-prejuizo-e-o-espiritual-diz-joao-berbel-apos-incendio-destruir-150-mil-livros\/","og_site_name":"VerdadeOn","article_published_time":"2021-07-05T19:59:58+00:00","og_image":[{"width":1432,"height":1212,"url":"https:\/\/verdadeon.com.br\/portal\/wp-content\/uploads\/2021\/07\/INCENDIO.png","type":"image\/png"}],"author":"Fernando Lima","twitter_card":"summary_large_image","twitter_misc":{"Escrito por":"Fernando Lima","Est. tempo de leitura":"2 minutos"},"schema":{"@context":"https:\/\/schema.org","@graph":[{"@type":"WebPage","@id":"https:\/\/verdadeon.com.br\/portal\/2021\/07\/05\/o-maior-prejuizo-e-o-espiritual-diz-joao-berbel-apos-incendio-destruir-150-mil-livros\/","url":"https:\/\/verdadeon.com.br\/portal\/2021\/07\/05\/o-maior-prejuizo-e-o-espiritual-diz-joao-berbel-apos-incendio-destruir-150-mil-livros\/","name":"\u201cO maior preju\u00edzo \u00e9 o espiritual\u201d, diz Jo\u00e3o Berbel ap\u00f3s inc\u00eandio destruir 150 mil livros - VerdadeOn","isPartOf":{"@id":"https:\/\/verdadeon.com.br\/portal\/#website"},"primaryImageOfPage":{"@id":"https:\/\/verdadeon.com.br\/portal\/2021\/07\/05\/o-maior-prejuizo-e-o-espiritual-diz-joao-berbel-apos-incendio-destruir-150-mil-livros\/#primaryimage"},"image":{"@id":"https:\/\/verdadeon.com.br\/portal\/2021\/07\/05\/o-maior-prejuizo-e-o-espiritual-diz-joao-berbel-apos-incendio-destruir-150-mil-livros\/#primaryimage"},"thumbnailUrl":"https:\/\/i0.wp.com\/verdadeon.com.br\/portal\/wp-content\/uploads\/2021\/07\/INCENDIO.png?fit=1432%2C1212&ssl=1","datePublished":"2021-07-05T19:59:58+00:00","author":{"@id":"https:\/\/verdadeon.com.br\/portal\/#\/schema\/person\/cc32be22b8e8599387c480bc83e1d11a"},"breadcrumb":{"@id":"https:\/\/verdadeon.com.br\/portal\/2021\/07\/05\/o-maior-prejuizo-e-o-espiritual-diz-joao-berbel-apos-incendio-destruir-150-mil-livros\/#breadcrumb"},"inLanguage":"pt-BR","potentialAction":[{"@type":"ReadAction","target":["https:\/\/verdadeon.com.br\/portal\/2021\/07\/05\/o-maior-prejuizo-e-o-espiritual-diz-joao-berbel-apos-incendio-destruir-150-mil-livros\/"]}]},{"@type":"ImageObject","inLanguage":"pt-BR","@id":"https:\/\/verdadeon.com.br\/portal\/2021\/07\/05\/o-maior-prejuizo-e-o-espiritual-diz-joao-berbel-apos-incendio-destruir-150-mil-livros\/#primaryimage","url":"https:\/\/i0.wp.com\/verdadeon.com.br\/portal\/wp-content\/uploads\/2021\/07\/INCENDIO.png?fit=1432%2C1212&ssl=1","contentUrl":"https:\/\/i0.wp.com\/verdadeon.com.br\/portal\/wp-content\/uploads\/2021\/07\/INCENDIO.png?fit=1432%2C1212&ssl=1","width":1432,"height":1212,"caption":"As obras s\u00e3o resultado de mais de 25 anos de trabalho, e faziam parte at\u00e9 mesmo de uma encomenda que o IMA havia recebido. Preju\u00edzo chega a quase R$ 2 milh\u00f5es | Foto: IMA"},{"@type":"BreadcrumbList","@id":"https:\/\/verdadeon.com.br\/portal\/2021\/07\/05\/o-maior-prejuizo-e-o-espiritual-diz-joao-berbel-apos-incendio-destruir-150-mil-livros\/#breadcrumb","itemListElement":[{"@type":"ListItem","position":1,"name":"In\u00edcio","item":"https:\/\/verdadeon.com.br\/portal\/"},{"@type":"ListItem","position":2,"name":"\u201cO maior preju\u00edzo \u00e9 o espiritual\u201d, diz Jo\u00e3o Berbel ap\u00f3s inc\u00eandio destruir 150 mil livros"}]},{"@type":"WebSite","@id":"https:\/\/verdadeon.com.br\/portal\/#website","url":"https:\/\/verdadeon.com.br\/portal\/","name":"VerdadeOn","description":"Not\u00edcias di\u00e1rias sobre Franca, Regi\u00e3o, Esporte, Cultura, Cotidiano, Colunas. Cobertura nos principais eventos da cidade \u00e9 aqui - Verdadeon Franca","potentialAction":[{"@type":"SearchAction","target":{"@type":"EntryPoint","urlTemplate":"https:\/\/verdadeon.com.br\/portal\/?s={search_term_string}"},"query-input":{"@type":"PropertyValueSpecification","valueRequired":true,"valueName":"search_term_string"}}],"inLanguage":"pt-BR"},{"@type":"Person","@id":"https:\/\/verdadeon.com.br\/portal\/#\/schema\/person\/cc32be22b8e8599387c480bc83e1d11a","name":"Fernando Lima","image":{"@type":"ImageObject","inLanguage":"pt-BR","@id":"https:\/\/verdadeon.com.br\/portal\/#\/schema\/person\/image\/","url":"https:\/\/secure.gravatar.com\/avatar\/df4c8e132080d2b3a4841d5d232045464e0eed11a1d6e43115ca0843d48768d3?s=96&d=mm&r=g","contentUrl":"https:\/\/secure.gravatar.com\/avatar\/df4c8e132080d2b3a4841d5d232045464e0eed11a1d6e43115ca0843d48768d3?s=96&d=mm&r=g","caption":"Fernando Lima"},"sameAs":["http:\/\/verdadeon.com.br\/"],"url":"https:\/\/verdadeon.com.br\/portal\/author\/fernando-lima\/"}]}},"jetpack_publicize_connections":[],"jetpack_featured_media_url":"https:\/\/i0.wp.com\/verdadeon.com.br\/portal\/wp-content\/uploads\/2021\/07\/INCENDIO.png?fit=1432%2C1212&ssl=1","jetpack_sharing_enabled":true,"_links":{"self":[{"href":"https:\/\/verdadeon.com.br\/portal\/wp-json\/wp\/v2\/posts\/17762","targetHints":{"allow":["GET"]}}],"collection":[{"href":"https:\/\/verdadeon.com.br\/portal\/wp-json\/wp\/v2\/posts"}],"about":[{"href":"https:\/\/verdadeon.com.br\/portal\/wp-json\/wp\/v2\/types\/post"}],"author":[{"embeddable":true,"href":"https:\/\/verdadeon.com.br\/portal\/wp-json\/wp\/v2\/users\/7"}],"replies":[{"embeddable":true,"href":"https:\/\/verdadeon.com.br\/portal\/wp-json\/wp\/v2\/comments?post=17762"}],"version-history":[{"count":0,"href":"https:\/\/verdadeon.com.br\/portal\/wp-json\/wp\/v2\/posts\/17762\/revisions"}],"wp:featuredmedia":[{"embeddable":true,"href":"https:\/\/verdadeon.com.br\/portal\/wp-json\/wp\/v2\/media\/17764"}],"wp:attachment":[{"href":"https:\/\/verdadeon.com.br\/portal\/wp-json\/wp\/v2\/media?parent=17762"}],"wp:term":[{"taxonomy":"category","embeddable":true,"href":"https:\/\/verdadeon.com.br\/portal\/wp-json\/wp\/v2\/categories?post=17762"},{"taxonomy":"post_tag","embeddable":true,"href":"https:\/\/verdadeon.com.br\/portal\/wp-json\/wp\/v2\/tags?post=17762"}],"curies":[{"name":"wp","href":"https:\/\/api.w.org\/{rel}","templated":true}]}}