{"id":17738,"date":"2021-07-03T16:00:20","date_gmt":"2021-07-03T19:00:20","guid":{"rendered":"https:\/\/verdadeon.com.br\/portal\/?p=17738"},"modified":"2021-07-03T13:26:31","modified_gmt":"2021-07-03T16:26:31","slug":"serrana-vacina-faz-cair-em-95-as-mortes-e-em-80-os-casos-de-covid","status":"publish","type":"post","link":"https:\/\/verdadeon.com.br\/portal\/2021\/07\/03\/serrana-vacina-faz-cair-em-95-as-mortes-e-em-80-os-casos-de-covid\/","title":{"rendered":"Serrana: vacina faz cair em 95% as mortes e em 80% os casos de covid"},"content":{"rendered":"<h2>Cidade foi beneficiada com o &#8220;Projeto S&#8221; do Butantan e colhe os resultados positivos da vacina\u00e7\u00e3o em massa<\/h2>\n<p>A imuniza\u00e7\u00e3o de toda a popula\u00e7\u00e3o adulta do munic\u00edpio de Serrana com a vacina CoronaVac, do Instituto Butantan, fez os casos sintom\u00e1ticos de covid-19 ca\u00edrem 80%, as interna\u00e7\u00f5es, 86%, e as mortes, em 95% ap\u00f3s a segunda vacina\u00e7\u00e3o do \u00faltimo grupo.<img data-recalc-dims=\"1\" decoding=\"async\" src=\"https:\/\/i0.wp.com\/agenciabrasil.ebc.com.br\/ebc.png?w=1220&#038;ssl=1\" \/><img data-recalc-dims=\"1\" decoding=\"async\" src=\"https:\/\/i0.wp.com\/agenciabrasil.ebc.com.br\/ebc.gif?w=1220&#038;ssl=1\" \/><\/p>\n<p>Essa \u00e9 a principal conclus\u00e3o do Projeto S, estudo cl\u00ednico de efetividade in\u00e9dito no mundo realizado pelo Instituto Butantan na cidade. A redu\u00e7\u00e3o foi constatada por meio da compara\u00e7\u00e3o dos dados desde o in\u00edcio do projeto at\u00e9 completar a vacina\u00e7\u00e3o de todos os grupos com o restante do trimestre avaliado (fevereiro, mar\u00e7o e abril de 2021).<\/p>\n<p>Os resultados tamb\u00e9m mostraram que a vacina\u00e7\u00e3o protege tanto os adultos que receberam as duas doses do imunizante quanto as crian\u00e7as e adolescentes com menos de 18 anos, que n\u00e3o foram vacinados, explica o diretor do estudo e de ensaios cl\u00ednicos do Instituto Butantan, Ricardo Palacios. &#8220;A redu\u00e7\u00e3o de casos em pessoas que n\u00e3o receberam a vacina indica a queda da circula\u00e7\u00e3o do v\u00edrus. Isso refor\u00e7a a vacina\u00e7\u00e3o como uma medida de sa\u00fade p\u00fablica, e n\u00e3o somente individual&#8221;.<\/p>\n<h2>Cintur\u00e3o imunol\u00f3gico<\/h2>\n<p>Outra conclus\u00e3o do estudo \u00e9 a avalia\u00e7\u00e3o da incid\u00eancia da doen\u00e7a em Serrana na compara\u00e7\u00e3o com as cidades vizinhas. Serrana tem cerca de 10 mil moradores que trabalham diariamente em Ribeir\u00e3o Preto, cidade distante a 24 km. Enquanto Ribeir\u00e3o Preto e outras cidades da regi\u00e3o v\u00eam apresentando alta nos casos de covid-19, Serrana manteve taxas de incid\u00eancia baixas devido \u00e0 vacina\u00e7\u00e3o. Al\u00e9m da queda das infec\u00e7\u00f5es, os moradores que transitam em outras cidades n\u00e3o trouxeram incremento relevante nos casos. O Projeto S criou um \u201ccintur\u00e3o imunol\u00f3gico\u201d em Serrana, uma barreira coletiva contra o v\u00edrus, reduzindo drasticamente a transmiss\u00e3o no munic\u00edpio.<\/p>\n<p>&#8220;As importantes conclus\u00f5es do estudo poder\u00e3o embasar as estrat\u00e9gias de imuniza\u00e7\u00e3o no Brasil e no mundo, e oferecem uma esperan\u00e7a do controle da pandemia com vacinas como a CoronaVac\u201d, afirma o presidente do Instituto Butantan, Dimas Covas. &#8220;N\u00e3o precisamos criar ilhas para atingir a imunidade da popula\u00e7\u00e3o&#8221;, complementa Ricardo Palacios. &#8220;N\u00f3s conseguimos satisfazer a vontade das pessoas de retomarem suas vidas quando a vacina \u00e9 ofertada. Isso nos gera uma luz de esperan\u00e7a&#8221;.<\/p>\n<h2>Pesquisa pioneira<\/h2>\n<p>A pesquisa, pioneira no mundo, foi desenvolvida pelo Instituto Butantan, aprovada pelo Comit\u00ea de \u00c9tica em Pesquisa da Faculdade de Medicina de Ribeir\u00e3o Preto da Universidade de S\u00e3o Paulo (USP) e avaliada pela Ag\u00eancia Nacional de Vigil\u00e2ncia Sanit\u00e1ria.\u00a0 O estudo foi realizado em parceria com a Secretaria de Sa\u00fade e a Prefeitura Municipal de Serrana. O objetivo do projeto \u00e9 entender qual a efetividade da CoronaVac, ou seja, como a imuniza\u00e7\u00e3o de uma parte da popula\u00e7\u00e3o pode afetar o curso da epidemia. Na pr\u00e1tica, entender como a vacina se comporta no mundo real.<\/p>\n<p>O m\u00e9todo utilizado para o ensaio cl\u00ednico \u00e9 chamado de implementa\u00e7\u00e3o escalonada por conglomerados (<em>stepped-wedge trial)<\/em>. Serrana foi dividida em 25 \u00e1reas, formando quatro grupos: verde, amarelo, cinza e azul, que receberam o imunizante seguindo esta ordem. A vacina foi ofertada a todos os maiores de 18 anos eleg\u00edveis para o estudo nestas \u00e1reas, de forma sequencial, em quatro etapas.<\/p>\n<p>Entre 17 de fevereiro e abril deste ano, ao longo de oito semanas, cerca de 27 mil moradores do munic\u00edpio receberam o esquema vacinal completo: duas doses da CoronaVac com intervalo de 28 dias entre a primeira e a segunda. Isso representou uma cobertura pr\u00f3xima a 95% da popula\u00e7\u00e3o adulta, segundo censo de sa\u00fade feito previamente pelo Instituto Butantan.<\/p>\n<h2>Prote\u00e7\u00e3o para os n\u00e3o vacinados<\/h2>\n<p>O m\u00e9todo de escalonamento permitiu avaliar e comparar as quatro \u00e1reas vacinadas, explicou Ricardo Palacios. &#8220;Percebemos que os fen\u00f4menos observados n\u00e3o acontecem aleatoriamente, mas se repetem nos quatro grupos em momentos diferentes&#8221;, afirma. &#8220;O resultado mais importante foi entender que podemos controlar a pandemia mesmo sem vacinar toda a popula\u00e7\u00e3o. Quando atingida a cobertura de 70% a 75%, a queda na incid\u00eancia foi percebida at\u00e9 no grupo que ainda n\u00e3o tinha completado o esquema vacinal&#8221;, afirma o diretor do estudo.<\/p>\n<p>\u201cA vacina \u00e9 segura, eficaz, eficiente, de alt\u00edssima qualidade, e contribui para prevenir o desenvolvimento da doen\u00e7a, complica\u00e7\u00f5es e \u00f3bitos entre os infectados. Agora tamb\u00e9m sabemos que ela provoca efeito ben\u00e9fico em uma popula\u00e7\u00e3o inteira, protegendo tanto os vacinados quanto os n\u00e3o vacinados e reduzindo a circula\u00e7\u00e3o viral de forma expressiva\u201d, conclui Dimas Covas.<\/p>\n<h2>Intervalos de confian\u00e7a dos \u00edndices de redu\u00e7\u00e3o<\/h2>\n<p>Casos sintom\u00e1ticos<\/p>\n<p>&#8211; Queda de 80% (Intervalo de Confian\u00e7a 76,9% &#8211; 82,7%)<\/p>\n<p>Interna\u00e7\u00f5es<\/p>\n<p>&#8211; Queda de 86% (Intervalo de Confian\u00e7a 74,1% &#8211; 92,3%)<\/p>\n<p>Mortes<\/p>\n<p>&#8211; Queda de 95% (Intervalo de Confian\u00e7a 62,7% &#8211; 99,3%)<\/p>\n","protected":false},"excerpt":{"rendered":"<p>Cidade foi beneficiada com o &#8220;Projeto S&#8221; do Butantan e colhe os resultados positivos da vacina\u00e7\u00e3o em massa A imuniza\u00e7\u00e3o de toda a popula\u00e7\u00e3o adulta do<span class=\"excerpt-hellip\"> [\u2026]<\/span><\/p>\n","protected":false},"author":7,"featured_media":17739,"comment_status":"open","ping_status":"open","sticky":false,"template":"","format":"standard","meta":{"_jetpack_memberships_contains_paid_content":false,"footnotes":"","jetpack_publicize_message":"","jetpack_publicize_feature_enabled":true,"jetpack_social_post_already_shared":false,"jetpack_social_options":{"image_generator_settings":{"template":"highway","default_image_id":0,"enabled":false},"version":2}},"categories":[28,44],"tags":[],"class_list":["post-17738","post","type-post","status-publish","format-standard","has-post-thumbnail","hentry","category-cotidiano","category-noticias"],"yoast_head":"<!-- This site is optimized with the Yoast SEO plugin v25.6 - https:\/\/yoast.com\/wordpress\/plugins\/seo\/ -->\n<title>Serrana: vacina faz cair em 95% as mortes e em 80% os casos de covid - VerdadeOn<\/title>\n<meta name=\"robots\" content=\"index, follow, max-snippet:-1, max-image-preview:large, max-video-preview:-1\" \/>\n<link rel=\"canonical\" href=\"https:\/\/verdadeon.com.br\/portal\/2021\/07\/03\/serrana-vacina-faz-cair-em-95-as-mortes-e-em-80-os-casos-de-covid\/\" \/>\n<meta property=\"og:locale\" content=\"pt_BR\" \/>\n<meta property=\"og:type\" content=\"article\" \/>\n<meta property=\"og:title\" content=\"Serrana: vacina faz cair em 95% as mortes e em 80% os casos de covid - VerdadeOn\" \/>\n<meta property=\"og:description\" content=\"Cidade foi beneficiada com o &#8220;Projeto S&#8221; do Butantan e colhe os resultados positivos da vacina\u00e7\u00e3o em massa A imuniza\u00e7\u00e3o de toda a popula\u00e7\u00e3o adulta do [\u2026]\" \/>\n<meta property=\"og:url\" content=\"https:\/\/verdadeon.com.br\/portal\/2021\/07\/03\/serrana-vacina-faz-cair-em-95-as-mortes-e-em-80-os-casos-de-covid\/\" \/>\n<meta property=\"og:site_name\" content=\"VerdadeOn\" \/>\n<meta property=\"article:published_time\" content=\"2021-07-03T19:00:20+00:00\" \/>\n<meta property=\"og:image\" content=\"https:\/\/verdadeon.com.br\/portal\/wp-content\/uploads\/2021\/07\/CORONAVAC-2.jpg\" \/>\n\t<meta property=\"og:image:width\" content=\"1170\" \/>\n\t<meta property=\"og:image:height\" content=\"700\" \/>\n\t<meta property=\"og:image:type\" content=\"image\/jpeg\" \/>\n<meta name=\"author\" content=\"Fernando Lima\" \/>\n<meta name=\"twitter:card\" content=\"summary_large_image\" \/>\n<meta name=\"twitter:label1\" content=\"Escrito por\" \/>\n\t<meta name=\"twitter:data1\" content=\"Fernando Lima\" \/>\n\t<meta name=\"twitter:label2\" content=\"Est. tempo de leitura\" \/>\n\t<meta name=\"twitter:data2\" content=\"4 minutos\" \/>\n<script type=\"application\/ld+json\" class=\"yoast-schema-graph\">{\"@context\":\"https:\/\/schema.org\",\"@graph\":[{\"@type\":\"WebPage\",\"@id\":\"https:\/\/verdadeon.com.br\/portal\/2021\/07\/03\/serrana-vacina-faz-cair-em-95-as-mortes-e-em-80-os-casos-de-covid\/\",\"url\":\"https:\/\/verdadeon.com.br\/portal\/2021\/07\/03\/serrana-vacina-faz-cair-em-95-as-mortes-e-em-80-os-casos-de-covid\/\",\"name\":\"Serrana: vacina faz cair em 95% as mortes e em 80% os casos de covid - VerdadeOn\",\"isPartOf\":{\"@id\":\"https:\/\/verdadeon.com.br\/portal\/#website\"},\"primaryImageOfPage\":{\"@id\":\"https:\/\/verdadeon.com.br\/portal\/2021\/07\/03\/serrana-vacina-faz-cair-em-95-as-mortes-e-em-80-os-casos-de-covid\/#primaryimage\"},\"image\":{\"@id\":\"https:\/\/verdadeon.com.br\/portal\/2021\/07\/03\/serrana-vacina-faz-cair-em-95-as-mortes-e-em-80-os-casos-de-covid\/#primaryimage\"},\"thumbnailUrl\":\"https:\/\/i0.wp.com\/verdadeon.com.br\/portal\/wp-content\/uploads\/2021\/07\/CORONAVAC-2.jpg?fit=1170%2C700&ssl=1\",\"datePublished\":\"2021-07-03T19:00:20+00:00\",\"author\":{\"@id\":\"https:\/\/verdadeon.com.br\/portal\/#\/schema\/person\/cc32be22b8e8599387c480bc83e1d11a\"},\"breadcrumb\":{\"@id\":\"https:\/\/verdadeon.com.br\/portal\/2021\/07\/03\/serrana-vacina-faz-cair-em-95-as-mortes-e-em-80-os-casos-de-covid\/#breadcrumb\"},\"inLanguage\":\"pt-BR\",\"potentialAction\":[{\"@type\":\"ReadAction\",\"target\":[\"https:\/\/verdadeon.com.br\/portal\/2021\/07\/03\/serrana-vacina-faz-cair-em-95-as-mortes-e-em-80-os-casos-de-covid\/\"]}]},{\"@type\":\"ImageObject\",\"inLanguage\":\"pt-BR\",\"@id\":\"https:\/\/verdadeon.com.br\/portal\/2021\/07\/03\/serrana-vacina-faz-cair-em-95-as-mortes-e-em-80-os-casos-de-covid\/#primaryimage\",\"url\":\"https:\/\/i0.wp.com\/verdadeon.com.br\/portal\/wp-content\/uploads\/2021\/07\/CORONAVAC-2.jpg?fit=1170%2C700&ssl=1\",\"contentUrl\":\"https:\/\/i0.wp.com\/verdadeon.com.br\/portal\/wp-content\/uploads\/2021\/07\/CORONAVAC-2.jpg?fit=1170%2C700&ssl=1\",\"width\":1170,\"height\":700,\"caption\":\"Resultados do Projeto S, come\u00e7aram a ser divulgados em maio, ap\u00f3s vacina\u00e7\u00e3o em massa em Serrana | Foto: Ag\u00eancia Brasil\"},{\"@type\":\"BreadcrumbList\",\"@id\":\"https:\/\/verdadeon.com.br\/portal\/2021\/07\/03\/serrana-vacina-faz-cair-em-95-as-mortes-e-em-80-os-casos-de-covid\/#breadcrumb\",\"itemListElement\":[{\"@type\":\"ListItem\",\"position\":1,\"name\":\"In\u00edcio\",\"item\":\"https:\/\/verdadeon.com.br\/portal\/\"},{\"@type\":\"ListItem\",\"position\":2,\"name\":\"Serrana: vacina faz cair em 95% as mortes e em 80% os casos de covid\"}]},{\"@type\":\"WebSite\",\"@id\":\"https:\/\/verdadeon.com.br\/portal\/#website\",\"url\":\"https:\/\/verdadeon.com.br\/portal\/\",\"name\":\"VerdadeOn\",\"description\":\"Not\u00edcias di\u00e1rias sobre Franca, Regi\u00e3o, Esporte, Cultura, Cotidiano, Colunas. Cobertura nos principais eventos da cidade \u00e9 aqui - Verdadeon Franca\",\"potentialAction\":[{\"@type\":\"SearchAction\",\"target\":{\"@type\":\"EntryPoint\",\"urlTemplate\":\"https:\/\/verdadeon.com.br\/portal\/?s={search_term_string}\"},\"query-input\":{\"@type\":\"PropertyValueSpecification\",\"valueRequired\":true,\"valueName\":\"search_term_string\"}}],\"inLanguage\":\"pt-BR\"},{\"@type\":\"Person\",\"@id\":\"https:\/\/verdadeon.com.br\/portal\/#\/schema\/person\/cc32be22b8e8599387c480bc83e1d11a\",\"name\":\"Fernando Lima\",\"image\":{\"@type\":\"ImageObject\",\"inLanguage\":\"pt-BR\",\"@id\":\"https:\/\/verdadeon.com.br\/portal\/#\/schema\/person\/image\/\",\"url\":\"https:\/\/secure.gravatar.com\/avatar\/df4c8e132080d2b3a4841d5d232045464e0eed11a1d6e43115ca0843d48768d3?s=96&d=mm&r=g\",\"contentUrl\":\"https:\/\/secure.gravatar.com\/avatar\/df4c8e132080d2b3a4841d5d232045464e0eed11a1d6e43115ca0843d48768d3?s=96&d=mm&r=g\",\"caption\":\"Fernando Lima\"},\"sameAs\":[\"http:\/\/verdadeon.com.br\/\"],\"url\":\"https:\/\/verdadeon.com.br\/portal\/author\/fernando-lima\/\"}]}<\/script>\n<!-- \/ Yoast SEO plugin. -->","yoast_head_json":{"title":"Serrana: vacina faz cair em 95% as mortes e em 80% os casos de covid - VerdadeOn","robots":{"index":"index","follow":"follow","max-snippet":"max-snippet:-1","max-image-preview":"max-image-preview:large","max-video-preview":"max-video-preview:-1"},"canonical":"https:\/\/verdadeon.com.br\/portal\/2021\/07\/03\/serrana-vacina-faz-cair-em-95-as-mortes-e-em-80-os-casos-de-covid\/","og_locale":"pt_BR","og_type":"article","og_title":"Serrana: vacina faz cair em 95% as mortes e em 80% os casos de covid - VerdadeOn","og_description":"Cidade foi beneficiada com o &#8220;Projeto S&#8221; do Butantan e colhe os resultados positivos da vacina\u00e7\u00e3o em massa A imuniza\u00e7\u00e3o de toda a popula\u00e7\u00e3o adulta do [\u2026]","og_url":"https:\/\/verdadeon.com.br\/portal\/2021\/07\/03\/serrana-vacina-faz-cair-em-95-as-mortes-e-em-80-os-casos-de-covid\/","og_site_name":"VerdadeOn","article_published_time":"2021-07-03T19:00:20+00:00","og_image":[{"width":1170,"height":700,"url":"https:\/\/verdadeon.com.br\/portal\/wp-content\/uploads\/2021\/07\/CORONAVAC-2.jpg","type":"image\/jpeg"}],"author":"Fernando Lima","twitter_card":"summary_large_image","twitter_misc":{"Escrito por":"Fernando Lima","Est. tempo de leitura":"4 minutos"},"schema":{"@context":"https:\/\/schema.org","@graph":[{"@type":"WebPage","@id":"https:\/\/verdadeon.com.br\/portal\/2021\/07\/03\/serrana-vacina-faz-cair-em-95-as-mortes-e-em-80-os-casos-de-covid\/","url":"https:\/\/verdadeon.com.br\/portal\/2021\/07\/03\/serrana-vacina-faz-cair-em-95-as-mortes-e-em-80-os-casos-de-covid\/","name":"Serrana: vacina faz cair em 95% as mortes e em 80% os casos de covid - VerdadeOn","isPartOf":{"@id":"https:\/\/verdadeon.com.br\/portal\/#website"},"primaryImageOfPage":{"@id":"https:\/\/verdadeon.com.br\/portal\/2021\/07\/03\/serrana-vacina-faz-cair-em-95-as-mortes-e-em-80-os-casos-de-covid\/#primaryimage"},"image":{"@id":"https:\/\/verdadeon.com.br\/portal\/2021\/07\/03\/serrana-vacina-faz-cair-em-95-as-mortes-e-em-80-os-casos-de-covid\/#primaryimage"},"thumbnailUrl":"https:\/\/i0.wp.com\/verdadeon.com.br\/portal\/wp-content\/uploads\/2021\/07\/CORONAVAC-2.jpg?fit=1170%2C700&ssl=1","datePublished":"2021-07-03T19:00:20+00:00","author":{"@id":"https:\/\/verdadeon.com.br\/portal\/#\/schema\/person\/cc32be22b8e8599387c480bc83e1d11a"},"breadcrumb":{"@id":"https:\/\/verdadeon.com.br\/portal\/2021\/07\/03\/serrana-vacina-faz-cair-em-95-as-mortes-e-em-80-os-casos-de-covid\/#breadcrumb"},"inLanguage":"pt-BR","potentialAction":[{"@type":"ReadAction","target":["https:\/\/verdadeon.com.br\/portal\/2021\/07\/03\/serrana-vacina-faz-cair-em-95-as-mortes-e-em-80-os-casos-de-covid\/"]}]},{"@type":"ImageObject","inLanguage":"pt-BR","@id":"https:\/\/verdadeon.com.br\/portal\/2021\/07\/03\/serrana-vacina-faz-cair-em-95-as-mortes-e-em-80-os-casos-de-covid\/#primaryimage","url":"https:\/\/i0.wp.com\/verdadeon.com.br\/portal\/wp-content\/uploads\/2021\/07\/CORONAVAC-2.jpg?fit=1170%2C700&ssl=1","contentUrl":"https:\/\/i0.wp.com\/verdadeon.com.br\/portal\/wp-content\/uploads\/2021\/07\/CORONAVAC-2.jpg?fit=1170%2C700&ssl=1","width":1170,"height":700,"caption":"Resultados do Projeto S, come\u00e7aram a ser divulgados em maio, ap\u00f3s vacina\u00e7\u00e3o em massa em Serrana | Foto: Ag\u00eancia Brasil"},{"@type":"BreadcrumbList","@id":"https:\/\/verdadeon.com.br\/portal\/2021\/07\/03\/serrana-vacina-faz-cair-em-95-as-mortes-e-em-80-os-casos-de-covid\/#breadcrumb","itemListElement":[{"@type":"ListItem","position":1,"name":"In\u00edcio","item":"https:\/\/verdadeon.com.br\/portal\/"},{"@type":"ListItem","position":2,"name":"Serrana: vacina faz cair em 95% as mortes e em 80% os casos de covid"}]},{"@type":"WebSite","@id":"https:\/\/verdadeon.com.br\/portal\/#website","url":"https:\/\/verdadeon.com.br\/portal\/","name":"VerdadeOn","description":"Not\u00edcias di\u00e1rias sobre Franca, Regi\u00e3o, Esporte, Cultura, Cotidiano, Colunas. Cobertura nos principais eventos da cidade \u00e9 aqui - Verdadeon Franca","potentialAction":[{"@type":"SearchAction","target":{"@type":"EntryPoint","urlTemplate":"https:\/\/verdadeon.com.br\/portal\/?s={search_term_string}"},"query-input":{"@type":"PropertyValueSpecification","valueRequired":true,"valueName":"search_term_string"}}],"inLanguage":"pt-BR"},{"@type":"Person","@id":"https:\/\/verdadeon.com.br\/portal\/#\/schema\/person\/cc32be22b8e8599387c480bc83e1d11a","name":"Fernando Lima","image":{"@type":"ImageObject","inLanguage":"pt-BR","@id":"https:\/\/verdadeon.com.br\/portal\/#\/schema\/person\/image\/","url":"https:\/\/secure.gravatar.com\/avatar\/df4c8e132080d2b3a4841d5d232045464e0eed11a1d6e43115ca0843d48768d3?s=96&d=mm&r=g","contentUrl":"https:\/\/secure.gravatar.com\/avatar\/df4c8e132080d2b3a4841d5d232045464e0eed11a1d6e43115ca0843d48768d3?s=96&d=mm&r=g","caption":"Fernando Lima"},"sameAs":["http:\/\/verdadeon.com.br\/"],"url":"https:\/\/verdadeon.com.br\/portal\/author\/fernando-lima\/"}]}},"jetpack_publicize_connections":[],"jetpack_featured_media_url":"https:\/\/i0.wp.com\/verdadeon.com.br\/portal\/wp-content\/uploads\/2021\/07\/CORONAVAC-2.jpg?fit=1170%2C700&ssl=1","jetpack_sharing_enabled":true,"_links":{"self":[{"href":"https:\/\/verdadeon.com.br\/portal\/wp-json\/wp\/v2\/posts\/17738","targetHints":{"allow":["GET"]}}],"collection":[{"href":"https:\/\/verdadeon.com.br\/portal\/wp-json\/wp\/v2\/posts"}],"about":[{"href":"https:\/\/verdadeon.com.br\/portal\/wp-json\/wp\/v2\/types\/post"}],"author":[{"embeddable":true,"href":"https:\/\/verdadeon.com.br\/portal\/wp-json\/wp\/v2\/users\/7"}],"replies":[{"embeddable":true,"href":"https:\/\/verdadeon.com.br\/portal\/wp-json\/wp\/v2\/comments?post=17738"}],"version-history":[{"count":0,"href":"https:\/\/verdadeon.com.br\/portal\/wp-json\/wp\/v2\/posts\/17738\/revisions"}],"wp:featuredmedia":[{"embeddable":true,"href":"https:\/\/verdadeon.com.br\/portal\/wp-json\/wp\/v2\/media\/17739"}],"wp:attachment":[{"href":"https:\/\/verdadeon.com.br\/portal\/wp-json\/wp\/v2\/media?parent=17738"}],"wp:term":[{"taxonomy":"category","embeddable":true,"href":"https:\/\/verdadeon.com.br\/portal\/wp-json\/wp\/v2\/categories?post=17738"},{"taxonomy":"post_tag","embeddable":true,"href":"https:\/\/verdadeon.com.br\/portal\/wp-json\/wp\/v2\/tags?post=17738"}],"curies":[{"name":"wp","href":"https:\/\/api.w.org\/{rel}","templated":true}]}}