{"id":17632,"date":"2021-06-29T20:12:19","date_gmt":"2021-06-29T23:12:19","guid":{"rendered":"https:\/\/verdadeon.com.br\/portal\/?p=17632"},"modified":"2021-06-29T20:12:19","modified_gmt":"2021-06-29T23:12:19","slug":"atendimento-preferencial-para-profissionais-de-saude-e-seguranca-e-aprovado-na-camara-municipal","status":"publish","type":"post","link":"https:\/\/verdadeon.com.br\/portal\/2021\/06\/29\/atendimento-preferencial-para-profissionais-de-saude-e-seguranca-e-aprovado-na-camara-municipal\/","title":{"rendered":"Atendimento preferencial para profissionais de sa\u00fade e seguran\u00e7a \u00e9 aprovado na C\u00e2mara Municipal"},"content":{"rendered":"<h2>No total tr\u00eas projetos foram apreciados e aprovados pelos parlamentares francanos<\/h2>\n<p>Tr\u00eas Projetos de Lei foram aprovados por unanimidade na C\u00e2mara Municipal de Franca durante a 26\u00aa Sess\u00e3o Ordin\u00e1ria. Um deles, apreciado em projeto de urg\u00eancia, foi o PL n\u00ba 87\/2021, do prefeito Alexandre Ferreira (MDB) que pedia autoriza\u00e7\u00e3o para celebrar conv\u00eanio com a Funda\u00e7\u00e3o Espirita Allan Kardec, no valor de R$ 223.152,96.<\/p>\n<p>De acordo com o texto, o dinheiro ser\u00e1 utilizado para a manuten\u00e7\u00e3o do atendimento do Servi\u00e7o de Emerg\u00eancia Psiqui\u00e1trica nas depend\u00eancias do hospital. Na manh\u00e3 desta ter\u00e7a-feira (29), o presidente da institui\u00e7\u00e3o, M\u00e1rio Martinez, discursou na C\u00e2mara sobre a falta de recursos que enfrentam.<\/p>\n<p>Outra mat\u00e9ria que recebeu o sinal verde foi o PL n\u00ba 52\/2021, de autoria dos vereadores Donizete da Farm\u00e1cia (MDB) e Della Motta (Podemos), que havia sido adiada por quatro semanas para receber ajustes. Ela modifica a Lei Municipal n\u00ba 5.582\/2001 a fim de estender o direito a atendimento preferencial aos profissionais de sa\u00fade e da seguran\u00e7a p\u00fablica diagnosticados com a covid-19, al\u00e9m das pessoas com mobilidade reduzida, em estabelecimentos de sa\u00fade no munic\u00edpio de Franca. A Lei atual contempla apenas o idoso, portadores de defici\u00eancia e pessoas diagnosticadas com c\u00e2ncer ou neoplasia maligna.<\/p>\n<p>Os vereadores ainda forneceram seu aval ao PL n\u00ba 73\/2021, do vereador Pastor Palamoni (PSD), que denomina \u201cPastor Jos\u00e9 Fernandes Garcia\u201d a Rua 107 do Residencial S\u00e3o Jo\u00e3o Batista. Por fim, um Requerimento, tr\u00eas Mo\u00e7\u00f5es de Aplausos e uma Mo\u00e7\u00e3o de Rep\u00fadio tamb\u00e9m contaram com a chancela do Plen\u00e1rio.<\/p>\n<h2>Tribuna<\/h2>\n<p>Um dia ap\u00f3s a comemora\u00e7\u00e3o do Dia Internacional do Orgulho LGBTQIA+ (l\u00e9sbicas, gays, bissexuais, transexuais\/travestis\/transg\u00eaneros, queer, intersexuais, assexuais e outros), dois ativistas utilizaram a Tribuna da C\u00e2mara Municipal de Franca, durante a Sess\u00e3o para reivindicar avan\u00e7os em pautas da causa no \u00e2mbito municipal.<\/p>\n<p>O primeiro a fazer uso da palavra foi o educador e presidente do Coletivo Arco-\u00cdris, Eduardo Valentino. Ele contou um pouco da hist\u00f3ria do ativismo\u00a0LGBTQIA+,\u00a0que come\u00e7ou em 1969 com a Rebeli\u00e3o\u00a0de Stonewall, um bar novaiorquino voltado \u00e0 popula\u00e7\u00e3o gay que era alvo constante de viol\u00eancia policial. Eduardo tamb\u00e9m informou sobre o trabalho beneficente do seu coletivo, respons\u00e1vel pela\u00a0distribui\u00e7\u00e3o de cestas b\u00e1sicas para a comunidade carente, doa\u00e7\u00e3o de marmitas a moradores de rua e projetos de inclus\u00e3o no mercado de trabalho.<\/p>\n<p>Em seguida, Valentino lamentou que n\u00e3o houve manifesta\u00e7\u00f5es do Poder P\u00fablico de Franca em comemora\u00e7\u00e3o ao dia do Orgulho. \u201cQueremos trazer a causa LGBTQIA+ para dentro da C\u00e2mara e da Prefeitura e ver falas que nos representem. A comunidade tinha medo de falar, mas agora ela tem seus representantes na cidade\u201d, posicionou-se.<\/p>\n<p>Em seguida, foi a vez do advogado Guilherme Cortez se manifestar. Ele cobrou a regulamenta\u00e7\u00e3o da Lei Municipal n\u00ba 5.938\/2003 de autoria do ex-vereador Marcial In\u00e1cio da Silva, rec\u00e9m-falecido. A lei pune toda e qualquer forma de discrimina\u00e7\u00e3o por orienta\u00e7\u00e3o sexual, pr\u00e1tica de viol\u00eancia ou manifesta\u00e7\u00e3o que atente contra cidad\u00e3os heterossexuais, homossexuais, bissexuais ou transexual. Entre as san\u00e7\u00f5es previstas, est\u00e3o advert\u00eancias por escrito, multa no valor de 40 a 120 Unidades Fiscais do Munic\u00edpio de Franca (de R$ 2.591,2 a R$ 7.773,6 reais), suspens\u00e3o tempor\u00e1ria de alvar\u00e1 de funcionamento e at\u00e9 cassa\u00e7\u00e3o do alvar\u00e1 do estabelecimento onde esse tipo de conduta for praticada. Apesar de ter sido promulgada pelo ent\u00e3o prefeito Gilmar Dominici em 2003, a lei de Marcial nunca foi regulamentada.<\/p>\n<p>O jovem destacou que apenas punir n\u00e3o resolve o problema da intoler\u00e2ncia: o importante \u00e9 garantir que a comunidade LGBTQIA+ tenha acesso a educa\u00e7\u00e3o, sa\u00fade e oportunidades no mercado de trabalho.<\/p>\n<p>Em resposta, os vereadores Gilson Pelizaro (PT), Marcelo Tidy (DEM) e Lindsay Cardoso (Cidadania) se prontificaram a elaborar Requerimento cobrando a regulamenta\u00e7\u00e3o da Lei n\u00ba 5.938 pelo Poder Executivo. Gilson, Tidy, Carlinho Petr\u00f3polis Farm\u00e1cia (PL) e Zezinho Cabeleireiro (PP) parabenizaram a a\u00e7\u00e3o dos ativistas.<\/p>\n<p>&nbsp;<\/p>\n","protected":false},"excerpt":{"rendered":"<p>No total tr\u00eas projetos foram apreciados e aprovados pelos parlamentares francanos Tr\u00eas Projetos de Lei foram aprovados por unanimidade na C\u00e2mara Municipal de Franca durante a<span class=\"excerpt-hellip\"> [\u2026]<\/span><\/p>\n","protected":false},"author":7,"featured_media":17633,"comment_status":"open","ping_status":"open","sticky":false,"template":"","format":"standard","meta":{"_jetpack_memberships_contains_paid_content":false,"footnotes":"","jetpack_publicize_message":"","jetpack_publicize_feature_enabled":true,"jetpack_social_post_already_shared":false,"jetpack_social_options":{"image_generator_settings":{"template":"highway","default_image_id":0,"enabled":false},"version":2}},"categories":[28,81],"tags":[],"class_list":["post-17632","post","type-post","status-publish","format-standard","has-post-thumbnail","hentry","category-cotidiano","category-manchete"],"yoast_head":"<!-- This site is optimized with the Yoast SEO plugin v25.6 - https:\/\/yoast.com\/wordpress\/plugins\/seo\/ -->\n<title>Atendimento preferencial para profissionais de sa\u00fade e seguran\u00e7a \u00e9 aprovado na C\u00e2mara Municipal - VerdadeOn<\/title>\n<meta name=\"robots\" content=\"index, follow, max-snippet:-1, max-image-preview:large, max-video-preview:-1\" \/>\n<link rel=\"canonical\" href=\"https:\/\/verdadeon.com.br\/portal\/2021\/06\/29\/atendimento-preferencial-para-profissionais-de-saude-e-seguranca-e-aprovado-na-camara-municipal\/\" \/>\n<meta property=\"og:locale\" content=\"pt_BR\" \/>\n<meta property=\"og:type\" content=\"article\" \/>\n<meta property=\"og:title\" content=\"Atendimento preferencial para profissionais de sa\u00fade e seguran\u00e7a \u00e9 aprovado na C\u00e2mara Municipal - VerdadeOn\" \/>\n<meta property=\"og:description\" content=\"No total tr\u00eas projetos foram apreciados e aprovados pelos parlamentares francanos Tr\u00eas Projetos de Lei foram aprovados por unanimidade na C\u00e2mara Municipal de Franca durante a [\u2026]\" \/>\n<meta property=\"og:url\" content=\"https:\/\/verdadeon.com.br\/portal\/2021\/06\/29\/atendimento-preferencial-para-profissionais-de-saude-e-seguranca-e-aprovado-na-camara-municipal\/\" \/>\n<meta property=\"og:site_name\" content=\"VerdadeOn\" \/>\n<meta property=\"article:published_time\" content=\"2021-06-29T23:12:19+00:00\" \/>\n<meta property=\"og:image\" content=\"https:\/\/verdadeon.com.br\/portal\/wp-content\/uploads\/2021\/06\/Sessao-26-29-06-scaled.jpg\" \/>\n\t<meta property=\"og:image:width\" content=\"2560\" \/>\n\t<meta property=\"og:image:height\" content=\"1920\" \/>\n\t<meta property=\"og:image:type\" content=\"image\/jpeg\" \/>\n<meta name=\"author\" content=\"Fernando Lima\" \/>\n<meta name=\"twitter:card\" content=\"summary_large_image\" \/>\n<meta name=\"twitter:label1\" content=\"Escrito por\" \/>\n\t<meta name=\"twitter:data1\" content=\"Fernando Lima\" \/>\n\t<meta name=\"twitter:label2\" content=\"Est. tempo de leitura\" \/>\n\t<meta name=\"twitter:data2\" content=\"3 minutos\" \/>\n<script type=\"application\/ld+json\" class=\"yoast-schema-graph\">{\"@context\":\"https:\/\/schema.org\",\"@graph\":[{\"@type\":\"WebPage\",\"@id\":\"https:\/\/verdadeon.com.br\/portal\/2021\/06\/29\/atendimento-preferencial-para-profissionais-de-saude-e-seguranca-e-aprovado-na-camara-municipal\/\",\"url\":\"https:\/\/verdadeon.com.br\/portal\/2021\/06\/29\/atendimento-preferencial-para-profissionais-de-saude-e-seguranca-e-aprovado-na-camara-municipal\/\",\"name\":\"Atendimento preferencial para profissionais de sa\u00fade e seguran\u00e7a \u00e9 aprovado na C\u00e2mara Municipal - VerdadeOn\",\"isPartOf\":{\"@id\":\"https:\/\/verdadeon.com.br\/portal\/#website\"},\"primaryImageOfPage\":{\"@id\":\"https:\/\/verdadeon.com.br\/portal\/2021\/06\/29\/atendimento-preferencial-para-profissionais-de-saude-e-seguranca-e-aprovado-na-camara-municipal\/#primaryimage\"},\"image\":{\"@id\":\"https:\/\/verdadeon.com.br\/portal\/2021\/06\/29\/atendimento-preferencial-para-profissionais-de-saude-e-seguranca-e-aprovado-na-camara-municipal\/#primaryimage\"},\"thumbnailUrl\":\"https:\/\/i0.wp.com\/verdadeon.com.br\/portal\/wp-content\/uploads\/2021\/06\/Sessao-26-29-06-scaled.jpg?fit=2560%2C1920&ssl=1\",\"datePublished\":\"2021-06-29T23:12:19+00:00\",\"author\":{\"@id\":\"https:\/\/verdadeon.com.br\/portal\/#\/schema\/person\/cc32be22b8e8599387c480bc83e1d11a\"},\"breadcrumb\":{\"@id\":\"https:\/\/verdadeon.com.br\/portal\/2021\/06\/29\/atendimento-preferencial-para-profissionais-de-saude-e-seguranca-e-aprovado-na-camara-municipal\/#breadcrumb\"},\"inLanguage\":\"pt-BR\",\"potentialAction\":[{\"@type\":\"ReadAction\",\"target\":[\"https:\/\/verdadeon.com.br\/portal\/2021\/06\/29\/atendimento-preferencial-para-profissionais-de-saude-e-seguranca-e-aprovado-na-camara-municipal\/\"]}]},{\"@type\":\"ImageObject\",\"inLanguage\":\"pt-BR\",\"@id\":\"https:\/\/verdadeon.com.br\/portal\/2021\/06\/29\/atendimento-preferencial-para-profissionais-de-saude-e-seguranca-e-aprovado-na-camara-municipal\/#primaryimage\",\"url\":\"https:\/\/i0.wp.com\/verdadeon.com.br\/portal\/wp-content\/uploads\/2021\/06\/Sessao-26-29-06-scaled.jpg?fit=2560%2C1920&ssl=1\",\"contentUrl\":\"https:\/\/i0.wp.com\/verdadeon.com.br\/portal\/wp-content\/uploads\/2021\/06\/Sessao-26-29-06-scaled.jpg?fit=2560%2C1920&ssl=1\",\"width\":2560,\"height\":1920,\"caption\":\"Mesa Diretora da C\u00e2mara Municipal de Franca durante Sess\u00e3o Ordin\u00e1ria | Foto: C\u00e2mara Municipal\"},{\"@type\":\"BreadcrumbList\",\"@id\":\"https:\/\/verdadeon.com.br\/portal\/2021\/06\/29\/atendimento-preferencial-para-profissionais-de-saude-e-seguranca-e-aprovado-na-camara-municipal\/#breadcrumb\",\"itemListElement\":[{\"@type\":\"ListItem\",\"position\":1,\"name\":\"In\u00edcio\",\"item\":\"https:\/\/verdadeon.com.br\/portal\/\"},{\"@type\":\"ListItem\",\"position\":2,\"name\":\"Atendimento preferencial para profissionais de sa\u00fade e seguran\u00e7a \u00e9 aprovado na C\u00e2mara Municipal\"}]},{\"@type\":\"WebSite\",\"@id\":\"https:\/\/verdadeon.com.br\/portal\/#website\",\"url\":\"https:\/\/verdadeon.com.br\/portal\/\",\"name\":\"VerdadeOn\",\"description\":\"Not\u00edcias di\u00e1rias sobre Franca, Regi\u00e3o, Esporte, Cultura, Cotidiano, Colunas. Cobertura nos principais eventos da cidade \u00e9 aqui - Verdadeon Franca\",\"potentialAction\":[{\"@type\":\"SearchAction\",\"target\":{\"@type\":\"EntryPoint\",\"urlTemplate\":\"https:\/\/verdadeon.com.br\/portal\/?s={search_term_string}\"},\"query-input\":{\"@type\":\"PropertyValueSpecification\",\"valueRequired\":true,\"valueName\":\"search_term_string\"}}],\"inLanguage\":\"pt-BR\"},{\"@type\":\"Person\",\"@id\":\"https:\/\/verdadeon.com.br\/portal\/#\/schema\/person\/cc32be22b8e8599387c480bc83e1d11a\",\"name\":\"Fernando Lima\",\"image\":{\"@type\":\"ImageObject\",\"inLanguage\":\"pt-BR\",\"@id\":\"https:\/\/verdadeon.com.br\/portal\/#\/schema\/person\/image\/\",\"url\":\"https:\/\/secure.gravatar.com\/avatar\/df4c8e132080d2b3a4841d5d232045464e0eed11a1d6e43115ca0843d48768d3?s=96&d=mm&r=g\",\"contentUrl\":\"https:\/\/secure.gravatar.com\/avatar\/df4c8e132080d2b3a4841d5d232045464e0eed11a1d6e43115ca0843d48768d3?s=96&d=mm&r=g\",\"caption\":\"Fernando Lima\"},\"sameAs\":[\"http:\/\/verdadeon.com.br\/\"],\"url\":\"https:\/\/verdadeon.com.br\/portal\/author\/fernando-lima\/\"}]}<\/script>\n<!-- \/ Yoast SEO plugin. -->","yoast_head_json":{"title":"Atendimento preferencial para profissionais de sa\u00fade e seguran\u00e7a \u00e9 aprovado na C\u00e2mara Municipal - VerdadeOn","robots":{"index":"index","follow":"follow","max-snippet":"max-snippet:-1","max-image-preview":"max-image-preview:large","max-video-preview":"max-video-preview:-1"},"canonical":"https:\/\/verdadeon.com.br\/portal\/2021\/06\/29\/atendimento-preferencial-para-profissionais-de-saude-e-seguranca-e-aprovado-na-camara-municipal\/","og_locale":"pt_BR","og_type":"article","og_title":"Atendimento preferencial para profissionais de sa\u00fade e seguran\u00e7a \u00e9 aprovado na C\u00e2mara Municipal - VerdadeOn","og_description":"No total tr\u00eas projetos foram apreciados e aprovados pelos parlamentares francanos Tr\u00eas Projetos de Lei foram aprovados por unanimidade na C\u00e2mara Municipal de Franca durante a [\u2026]","og_url":"https:\/\/verdadeon.com.br\/portal\/2021\/06\/29\/atendimento-preferencial-para-profissionais-de-saude-e-seguranca-e-aprovado-na-camara-municipal\/","og_site_name":"VerdadeOn","article_published_time":"2021-06-29T23:12:19+00:00","og_image":[{"width":2560,"height":1920,"url":"https:\/\/verdadeon.com.br\/portal\/wp-content\/uploads\/2021\/06\/Sessao-26-29-06-scaled.jpg","type":"image\/jpeg"}],"author":"Fernando Lima","twitter_card":"summary_large_image","twitter_misc":{"Escrito por":"Fernando Lima","Est. tempo de leitura":"3 minutos"},"schema":{"@context":"https:\/\/schema.org","@graph":[{"@type":"WebPage","@id":"https:\/\/verdadeon.com.br\/portal\/2021\/06\/29\/atendimento-preferencial-para-profissionais-de-saude-e-seguranca-e-aprovado-na-camara-municipal\/","url":"https:\/\/verdadeon.com.br\/portal\/2021\/06\/29\/atendimento-preferencial-para-profissionais-de-saude-e-seguranca-e-aprovado-na-camara-municipal\/","name":"Atendimento preferencial para profissionais de sa\u00fade e seguran\u00e7a \u00e9 aprovado na C\u00e2mara Municipal - VerdadeOn","isPartOf":{"@id":"https:\/\/verdadeon.com.br\/portal\/#website"},"primaryImageOfPage":{"@id":"https:\/\/verdadeon.com.br\/portal\/2021\/06\/29\/atendimento-preferencial-para-profissionais-de-saude-e-seguranca-e-aprovado-na-camara-municipal\/#primaryimage"},"image":{"@id":"https:\/\/verdadeon.com.br\/portal\/2021\/06\/29\/atendimento-preferencial-para-profissionais-de-saude-e-seguranca-e-aprovado-na-camara-municipal\/#primaryimage"},"thumbnailUrl":"https:\/\/i0.wp.com\/verdadeon.com.br\/portal\/wp-content\/uploads\/2021\/06\/Sessao-26-29-06-scaled.jpg?fit=2560%2C1920&ssl=1","datePublished":"2021-06-29T23:12:19+00:00","author":{"@id":"https:\/\/verdadeon.com.br\/portal\/#\/schema\/person\/cc32be22b8e8599387c480bc83e1d11a"},"breadcrumb":{"@id":"https:\/\/verdadeon.com.br\/portal\/2021\/06\/29\/atendimento-preferencial-para-profissionais-de-saude-e-seguranca-e-aprovado-na-camara-municipal\/#breadcrumb"},"inLanguage":"pt-BR","potentialAction":[{"@type":"ReadAction","target":["https:\/\/verdadeon.com.br\/portal\/2021\/06\/29\/atendimento-preferencial-para-profissionais-de-saude-e-seguranca-e-aprovado-na-camara-municipal\/"]}]},{"@type":"ImageObject","inLanguage":"pt-BR","@id":"https:\/\/verdadeon.com.br\/portal\/2021\/06\/29\/atendimento-preferencial-para-profissionais-de-saude-e-seguranca-e-aprovado-na-camara-municipal\/#primaryimage","url":"https:\/\/i0.wp.com\/verdadeon.com.br\/portal\/wp-content\/uploads\/2021\/06\/Sessao-26-29-06-scaled.jpg?fit=2560%2C1920&ssl=1","contentUrl":"https:\/\/i0.wp.com\/verdadeon.com.br\/portal\/wp-content\/uploads\/2021\/06\/Sessao-26-29-06-scaled.jpg?fit=2560%2C1920&ssl=1","width":2560,"height":1920,"caption":"Mesa Diretora da C\u00e2mara Municipal de Franca durante Sess\u00e3o Ordin\u00e1ria | Foto: C\u00e2mara Municipal"},{"@type":"BreadcrumbList","@id":"https:\/\/verdadeon.com.br\/portal\/2021\/06\/29\/atendimento-preferencial-para-profissionais-de-saude-e-seguranca-e-aprovado-na-camara-municipal\/#breadcrumb","itemListElement":[{"@type":"ListItem","position":1,"name":"In\u00edcio","item":"https:\/\/verdadeon.com.br\/portal\/"},{"@type":"ListItem","position":2,"name":"Atendimento preferencial para profissionais de sa\u00fade e seguran\u00e7a \u00e9 aprovado na C\u00e2mara Municipal"}]},{"@type":"WebSite","@id":"https:\/\/verdadeon.com.br\/portal\/#website","url":"https:\/\/verdadeon.com.br\/portal\/","name":"VerdadeOn","description":"Not\u00edcias di\u00e1rias sobre Franca, Regi\u00e3o, Esporte, Cultura, Cotidiano, Colunas. Cobertura nos principais eventos da cidade \u00e9 aqui - Verdadeon Franca","potentialAction":[{"@type":"SearchAction","target":{"@type":"EntryPoint","urlTemplate":"https:\/\/verdadeon.com.br\/portal\/?s={search_term_string}"},"query-input":{"@type":"PropertyValueSpecification","valueRequired":true,"valueName":"search_term_string"}}],"inLanguage":"pt-BR"},{"@type":"Person","@id":"https:\/\/verdadeon.com.br\/portal\/#\/schema\/person\/cc32be22b8e8599387c480bc83e1d11a","name":"Fernando Lima","image":{"@type":"ImageObject","inLanguage":"pt-BR","@id":"https:\/\/verdadeon.com.br\/portal\/#\/schema\/person\/image\/","url":"https:\/\/secure.gravatar.com\/avatar\/df4c8e132080d2b3a4841d5d232045464e0eed11a1d6e43115ca0843d48768d3?s=96&d=mm&r=g","contentUrl":"https:\/\/secure.gravatar.com\/avatar\/df4c8e132080d2b3a4841d5d232045464e0eed11a1d6e43115ca0843d48768d3?s=96&d=mm&r=g","caption":"Fernando Lima"},"sameAs":["http:\/\/verdadeon.com.br\/"],"url":"https:\/\/verdadeon.com.br\/portal\/author\/fernando-lima\/"}]}},"jetpack_publicize_connections":[],"jetpack_featured_media_url":"https:\/\/i0.wp.com\/verdadeon.com.br\/portal\/wp-content\/uploads\/2021\/06\/Sessao-26-29-06-scaled.jpg?fit=2560%2C1920&ssl=1","jetpack_sharing_enabled":true,"_links":{"self":[{"href":"https:\/\/verdadeon.com.br\/portal\/wp-json\/wp\/v2\/posts\/17632","targetHints":{"allow":["GET"]}}],"collection":[{"href":"https:\/\/verdadeon.com.br\/portal\/wp-json\/wp\/v2\/posts"}],"about":[{"href":"https:\/\/verdadeon.com.br\/portal\/wp-json\/wp\/v2\/types\/post"}],"author":[{"embeddable":true,"href":"https:\/\/verdadeon.com.br\/portal\/wp-json\/wp\/v2\/users\/7"}],"replies":[{"embeddable":true,"href":"https:\/\/verdadeon.com.br\/portal\/wp-json\/wp\/v2\/comments?post=17632"}],"version-history":[{"count":0,"href":"https:\/\/verdadeon.com.br\/portal\/wp-json\/wp\/v2\/posts\/17632\/revisions"}],"wp:featuredmedia":[{"embeddable":true,"href":"https:\/\/verdadeon.com.br\/portal\/wp-json\/wp\/v2\/media\/17633"}],"wp:attachment":[{"href":"https:\/\/verdadeon.com.br\/portal\/wp-json\/wp\/v2\/media?parent=17632"}],"wp:term":[{"taxonomy":"category","embeddable":true,"href":"https:\/\/verdadeon.com.br\/portal\/wp-json\/wp\/v2\/categories?post=17632"},{"taxonomy":"post_tag","embeddable":true,"href":"https:\/\/verdadeon.com.br\/portal\/wp-json\/wp\/v2\/tags?post=17632"}],"curies":[{"name":"wp","href":"https:\/\/api.w.org\/{rel}","templated":true}]}}