{"id":17616,"date":"2021-06-28T18:11:30","date_gmt":"2021-06-28T21:11:30","guid":{"rendered":"https:\/\/verdadeon.com.br\/portal\/?p=17616"},"modified":"2021-06-28T18:11:30","modified_gmt":"2021-06-28T21:11:30","slug":"com-reducao-de-transmissao-e-mortes-atividades-serao-flexibilizadas-em-franca","status":"publish","type":"post","link":"https:\/\/verdadeon.com.br\/portal\/2021\/06\/28\/com-reducao-de-transmissao-e-mortes-atividades-serao-flexibilizadas-em-franca\/","title":{"rendered":"Com redu\u00e7\u00e3o de transmiss\u00e3o e mortes, atividades ser\u00e3o flexibilizadas em Franca"},"content":{"rendered":"<h2>Atualmente todo o com\u00e9rcio est\u00e1 autorizado a funcionar com apenas 30% da capacidade, o que deve ser mudado<\/h2>\n<p>Vinte dias ap\u00f3s o fim do lockdown, mais atividades econ\u00f4micas devem ser liberadas em Franca, como os bares que est\u00e3o autorizados apenas por drive thru, take away e delivery. O an\u00fancio foi feito em um v\u00eddeo nas redes sociais da Prefeitura de Franca. Os detalhes de hor\u00e1rio, porcentagem de clientes entre outros, devem ser publicados no Di\u00e1rio Oficial do Munic\u00edpio nesta ter\u00e7a-feira (29).<\/p>\n<p>\u201cDiante deste cen\u00e1rio podemos dar um passo a mais nas atividades econ\u00f4micas. Amanh\u00e3 vamos publicar um decreto com novas regras que se aproximam muito da fase de transi\u00e7\u00e3o do Plano S\u00e3o Paulo. Isso n\u00e3o significa que podemos relaxar nos cuidados, muito pelo contr\u00e1rio, \u00e9 momento de responsabilidade de todos especialmente dos bares. A fiscaliza\u00e7\u00e3o continua, se houver desrespeito \u00e0s normas vamos tomar medidas s\u00e9rias\u201d, afirmou Alexandre Ferreira.<\/p>\n<p>Desde quando o lockdown teve fim no dia 10 de junho, todo o com\u00e9rcio estava autorizado a atender apenas por drive thru e take away. Ap\u00f3s bons n\u00fameros a Prefeitura decidiu flexibilizar um pouco mais, autorizando a entrada de clientes no interior das lojas com at\u00e9 30% da capacidade. Naquela oportunidade a Prefeitura informou que caso os n\u00fameros voltassem a crescer, as restri\u00e7\u00f5es voltariam, mas n\u00e3o foi o que se viu.<\/p>\n<p>Como o Jornal Verdade mostrou na sua \u00faltima edi\u00e7\u00e3o, a m\u00e9dia m\u00f3vel de \u00f3bitos diminuiu mais de 40% em oito dias. Al\u00e9m disso a taxa de transmiss\u00e3o da doen\u00e7a diminuiu ainda mais, chegando aos atuais 0,87, antes do lockdown ela estava em 1.66.<\/p>\n","protected":false},"excerpt":{"rendered":"<p>Atualmente todo o com\u00e9rcio est\u00e1 autorizado a funcionar com apenas 30% da capacidade, o que deve ser mudado Vinte dias ap\u00f3s o fim do lockdown, mais<span class=\"excerpt-hellip\"> [\u2026]<\/span><\/p>\n","protected":false},"author":7,"featured_media":17617,"comment_status":"open","ping_status":"open","sticky":false,"template":"","format":"standard","meta":{"_jetpack_memberships_contains_paid_content":false,"footnotes":"","jetpack_publicize_message":"","jetpack_publicize_feature_enabled":true,"jetpack_social_post_already_shared":false,"jetpack_social_options":{"image_generator_settings":{"template":"highway","default_image_id":0,"enabled":false},"version":2}},"categories":[28,81],"tags":[],"class_list":["post-17616","post","type-post","status-publish","format-standard","has-post-thumbnail","hentry","category-cotidiano","category-manchete"],"yoast_head":"<!-- This site is optimized with the Yoast SEO plugin v25.6 - https:\/\/yoast.com\/wordpress\/plugins\/seo\/ -->\n<title>Com redu\u00e7\u00e3o de transmiss\u00e3o e mortes, atividades ser\u00e3o flexibilizadas em Franca - VerdadeOn<\/title>\n<meta name=\"robots\" content=\"index, follow, max-snippet:-1, max-image-preview:large, max-video-preview:-1\" \/>\n<link rel=\"canonical\" href=\"https:\/\/verdadeon.com.br\/portal\/2021\/06\/28\/com-reducao-de-transmissao-e-mortes-atividades-serao-flexibilizadas-em-franca\/\" \/>\n<meta property=\"og:locale\" content=\"pt_BR\" \/>\n<meta property=\"og:type\" content=\"article\" \/>\n<meta property=\"og:title\" content=\"Com redu\u00e7\u00e3o de transmiss\u00e3o e mortes, atividades ser\u00e3o flexibilizadas em Franca - VerdadeOn\" \/>\n<meta property=\"og:description\" content=\"Atualmente todo o com\u00e9rcio est\u00e1 autorizado a funcionar com apenas 30% da capacidade, o que deve ser mudado Vinte dias ap\u00f3s o fim do lockdown, mais [\u2026]\" \/>\n<meta property=\"og:url\" content=\"https:\/\/verdadeon.com.br\/portal\/2021\/06\/28\/com-reducao-de-transmissao-e-mortes-atividades-serao-flexibilizadas-em-franca\/\" \/>\n<meta property=\"og:site_name\" content=\"VerdadeOn\" \/>\n<meta property=\"article:published_time\" content=\"2021-06-28T21:11:30+00:00\" \/>\n<meta property=\"og:image\" content=\"https:\/\/verdadeon.com.br\/portal\/wp-content\/uploads\/2021\/06\/ALEXANDRE-FERREIRA-e1624914570747.png\" \/>\n\t<meta property=\"og:image:width\" content=\"1000\" \/>\n\t<meta property=\"og:image:height\" content=\"669\" \/>\n\t<meta property=\"og:image:type\" content=\"image\/png\" \/>\n<meta name=\"author\" content=\"Fernando Lima\" \/>\n<meta name=\"twitter:card\" content=\"summary_large_image\" \/>\n<meta name=\"twitter:label1\" content=\"Escrito por\" \/>\n\t<meta name=\"twitter:data1\" content=\"Fernando Lima\" \/>\n\t<meta name=\"twitter:label2\" content=\"Est. tempo de leitura\" \/>\n\t<meta name=\"twitter:data2\" content=\"2 minutos\" \/>\n<script type=\"application\/ld+json\" class=\"yoast-schema-graph\">{\"@context\":\"https:\/\/schema.org\",\"@graph\":[{\"@type\":\"WebPage\",\"@id\":\"https:\/\/verdadeon.com.br\/portal\/2021\/06\/28\/com-reducao-de-transmissao-e-mortes-atividades-serao-flexibilizadas-em-franca\/\",\"url\":\"https:\/\/verdadeon.com.br\/portal\/2021\/06\/28\/com-reducao-de-transmissao-e-mortes-atividades-serao-flexibilizadas-em-franca\/\",\"name\":\"Com redu\u00e7\u00e3o de transmiss\u00e3o e mortes, atividades ser\u00e3o flexibilizadas em Franca - VerdadeOn\",\"isPartOf\":{\"@id\":\"https:\/\/verdadeon.com.br\/portal\/#website\"},\"primaryImageOfPage\":{\"@id\":\"https:\/\/verdadeon.com.br\/portal\/2021\/06\/28\/com-reducao-de-transmissao-e-mortes-atividades-serao-flexibilizadas-em-franca\/#primaryimage\"},\"image\":{\"@id\":\"https:\/\/verdadeon.com.br\/portal\/2021\/06\/28\/com-reducao-de-transmissao-e-mortes-atividades-serao-flexibilizadas-em-franca\/#primaryimage\"},\"thumbnailUrl\":\"https:\/\/i0.wp.com\/verdadeon.com.br\/portal\/wp-content\/uploads\/2021\/06\/ALEXANDRE-FERREIRA-e1624914570747.png?fit=1000%2C669&ssl=1\",\"datePublished\":\"2021-06-28T21:11:30+00:00\",\"author\":{\"@id\":\"https:\/\/verdadeon.com.br\/portal\/#\/schema\/person\/cc32be22b8e8599387c480bc83e1d11a\"},\"breadcrumb\":{\"@id\":\"https:\/\/verdadeon.com.br\/portal\/2021\/06\/28\/com-reducao-de-transmissao-e-mortes-atividades-serao-flexibilizadas-em-franca\/#breadcrumb\"},\"inLanguage\":\"pt-BR\",\"potentialAction\":[{\"@type\":\"ReadAction\",\"target\":[\"https:\/\/verdadeon.com.br\/portal\/2021\/06\/28\/com-reducao-de-transmissao-e-mortes-atividades-serao-flexibilizadas-em-franca\/\"]}]},{\"@type\":\"ImageObject\",\"inLanguage\":\"pt-BR\",\"@id\":\"https:\/\/verdadeon.com.br\/portal\/2021\/06\/28\/com-reducao-de-transmissao-e-mortes-atividades-serao-flexibilizadas-em-franca\/#primaryimage\",\"url\":\"https:\/\/i0.wp.com\/verdadeon.com.br\/portal\/wp-content\/uploads\/2021\/06\/ALEXANDRE-FERREIRA-e1624914570747.png?fit=1000%2C669&ssl=1\",\"contentUrl\":\"https:\/\/i0.wp.com\/verdadeon.com.br\/portal\/wp-content\/uploads\/2021\/06\/ALEXANDRE-FERREIRA-e1624914570747.png?fit=1000%2C669&ssl=1\",\"width\":1000,\"height\":669,\"caption\":\"Prefeito Alexandre Ferreira em v\u00eddeo publicado nas redes sociais na segunda-feira\"},{\"@type\":\"BreadcrumbList\",\"@id\":\"https:\/\/verdadeon.com.br\/portal\/2021\/06\/28\/com-reducao-de-transmissao-e-mortes-atividades-serao-flexibilizadas-em-franca\/#breadcrumb\",\"itemListElement\":[{\"@type\":\"ListItem\",\"position\":1,\"name\":\"In\u00edcio\",\"item\":\"https:\/\/verdadeon.com.br\/portal\/\"},{\"@type\":\"ListItem\",\"position\":2,\"name\":\"Com redu\u00e7\u00e3o de transmiss\u00e3o e mortes, atividades ser\u00e3o flexibilizadas em Franca\"}]},{\"@type\":\"WebSite\",\"@id\":\"https:\/\/verdadeon.com.br\/portal\/#website\",\"url\":\"https:\/\/verdadeon.com.br\/portal\/\",\"name\":\"VerdadeOn\",\"description\":\"Not\u00edcias di\u00e1rias sobre Franca, Regi\u00e3o, Esporte, Cultura, Cotidiano, Colunas. Cobertura nos principais eventos da cidade \u00e9 aqui - Verdadeon Franca\",\"potentialAction\":[{\"@type\":\"SearchAction\",\"target\":{\"@type\":\"EntryPoint\",\"urlTemplate\":\"https:\/\/verdadeon.com.br\/portal\/?s={search_term_string}\"},\"query-input\":{\"@type\":\"PropertyValueSpecification\",\"valueRequired\":true,\"valueName\":\"search_term_string\"}}],\"inLanguage\":\"pt-BR\"},{\"@type\":\"Person\",\"@id\":\"https:\/\/verdadeon.com.br\/portal\/#\/schema\/person\/cc32be22b8e8599387c480bc83e1d11a\",\"name\":\"Fernando Lima\",\"image\":{\"@type\":\"ImageObject\",\"inLanguage\":\"pt-BR\",\"@id\":\"https:\/\/verdadeon.com.br\/portal\/#\/schema\/person\/image\/\",\"url\":\"https:\/\/secure.gravatar.com\/avatar\/df4c8e132080d2b3a4841d5d232045464e0eed11a1d6e43115ca0843d48768d3?s=96&d=mm&r=g\",\"contentUrl\":\"https:\/\/secure.gravatar.com\/avatar\/df4c8e132080d2b3a4841d5d232045464e0eed11a1d6e43115ca0843d48768d3?s=96&d=mm&r=g\",\"caption\":\"Fernando Lima\"},\"sameAs\":[\"http:\/\/verdadeon.com.br\/\"],\"url\":\"https:\/\/verdadeon.com.br\/portal\/author\/fernando-lima\/\"}]}<\/script>\n<!-- \/ Yoast SEO plugin. -->","yoast_head_json":{"title":"Com redu\u00e7\u00e3o de transmiss\u00e3o e mortes, atividades ser\u00e3o flexibilizadas em Franca - VerdadeOn","robots":{"index":"index","follow":"follow","max-snippet":"max-snippet:-1","max-image-preview":"max-image-preview:large","max-video-preview":"max-video-preview:-1"},"canonical":"https:\/\/verdadeon.com.br\/portal\/2021\/06\/28\/com-reducao-de-transmissao-e-mortes-atividades-serao-flexibilizadas-em-franca\/","og_locale":"pt_BR","og_type":"article","og_title":"Com redu\u00e7\u00e3o de transmiss\u00e3o e mortes, atividades ser\u00e3o flexibilizadas em Franca - VerdadeOn","og_description":"Atualmente todo o com\u00e9rcio est\u00e1 autorizado a funcionar com apenas 30% da capacidade, o que deve ser mudado Vinte dias ap\u00f3s o fim do lockdown, mais [\u2026]","og_url":"https:\/\/verdadeon.com.br\/portal\/2021\/06\/28\/com-reducao-de-transmissao-e-mortes-atividades-serao-flexibilizadas-em-franca\/","og_site_name":"VerdadeOn","article_published_time":"2021-06-28T21:11:30+00:00","og_image":[{"width":1000,"height":669,"url":"https:\/\/verdadeon.com.br\/portal\/wp-content\/uploads\/2021\/06\/ALEXANDRE-FERREIRA-e1624914570747.png","type":"image\/png"}],"author":"Fernando Lima","twitter_card":"summary_large_image","twitter_misc":{"Escrito por":"Fernando Lima","Est. tempo de leitura":"2 minutos"},"schema":{"@context":"https:\/\/schema.org","@graph":[{"@type":"WebPage","@id":"https:\/\/verdadeon.com.br\/portal\/2021\/06\/28\/com-reducao-de-transmissao-e-mortes-atividades-serao-flexibilizadas-em-franca\/","url":"https:\/\/verdadeon.com.br\/portal\/2021\/06\/28\/com-reducao-de-transmissao-e-mortes-atividades-serao-flexibilizadas-em-franca\/","name":"Com redu\u00e7\u00e3o de transmiss\u00e3o e mortes, atividades ser\u00e3o flexibilizadas em Franca - VerdadeOn","isPartOf":{"@id":"https:\/\/verdadeon.com.br\/portal\/#website"},"primaryImageOfPage":{"@id":"https:\/\/verdadeon.com.br\/portal\/2021\/06\/28\/com-reducao-de-transmissao-e-mortes-atividades-serao-flexibilizadas-em-franca\/#primaryimage"},"image":{"@id":"https:\/\/verdadeon.com.br\/portal\/2021\/06\/28\/com-reducao-de-transmissao-e-mortes-atividades-serao-flexibilizadas-em-franca\/#primaryimage"},"thumbnailUrl":"https:\/\/i0.wp.com\/verdadeon.com.br\/portal\/wp-content\/uploads\/2021\/06\/ALEXANDRE-FERREIRA-e1624914570747.png?fit=1000%2C669&ssl=1","datePublished":"2021-06-28T21:11:30+00:00","author":{"@id":"https:\/\/verdadeon.com.br\/portal\/#\/schema\/person\/cc32be22b8e8599387c480bc83e1d11a"},"breadcrumb":{"@id":"https:\/\/verdadeon.com.br\/portal\/2021\/06\/28\/com-reducao-de-transmissao-e-mortes-atividades-serao-flexibilizadas-em-franca\/#breadcrumb"},"inLanguage":"pt-BR","potentialAction":[{"@type":"ReadAction","target":["https:\/\/verdadeon.com.br\/portal\/2021\/06\/28\/com-reducao-de-transmissao-e-mortes-atividades-serao-flexibilizadas-em-franca\/"]}]},{"@type":"ImageObject","inLanguage":"pt-BR","@id":"https:\/\/verdadeon.com.br\/portal\/2021\/06\/28\/com-reducao-de-transmissao-e-mortes-atividades-serao-flexibilizadas-em-franca\/#primaryimage","url":"https:\/\/i0.wp.com\/verdadeon.com.br\/portal\/wp-content\/uploads\/2021\/06\/ALEXANDRE-FERREIRA-e1624914570747.png?fit=1000%2C669&ssl=1","contentUrl":"https:\/\/i0.wp.com\/verdadeon.com.br\/portal\/wp-content\/uploads\/2021\/06\/ALEXANDRE-FERREIRA-e1624914570747.png?fit=1000%2C669&ssl=1","width":1000,"height":669,"caption":"Prefeito Alexandre Ferreira em v\u00eddeo publicado nas redes sociais na segunda-feira"},{"@type":"BreadcrumbList","@id":"https:\/\/verdadeon.com.br\/portal\/2021\/06\/28\/com-reducao-de-transmissao-e-mortes-atividades-serao-flexibilizadas-em-franca\/#breadcrumb","itemListElement":[{"@type":"ListItem","position":1,"name":"In\u00edcio","item":"https:\/\/verdadeon.com.br\/portal\/"},{"@type":"ListItem","position":2,"name":"Com redu\u00e7\u00e3o de transmiss\u00e3o e mortes, atividades ser\u00e3o flexibilizadas em Franca"}]},{"@type":"WebSite","@id":"https:\/\/verdadeon.com.br\/portal\/#website","url":"https:\/\/verdadeon.com.br\/portal\/","name":"VerdadeOn","description":"Not\u00edcias di\u00e1rias sobre Franca, Regi\u00e3o, Esporte, Cultura, Cotidiano, Colunas. Cobertura nos principais eventos da cidade \u00e9 aqui - Verdadeon Franca","potentialAction":[{"@type":"SearchAction","target":{"@type":"EntryPoint","urlTemplate":"https:\/\/verdadeon.com.br\/portal\/?s={search_term_string}"},"query-input":{"@type":"PropertyValueSpecification","valueRequired":true,"valueName":"search_term_string"}}],"inLanguage":"pt-BR"},{"@type":"Person","@id":"https:\/\/verdadeon.com.br\/portal\/#\/schema\/person\/cc32be22b8e8599387c480bc83e1d11a","name":"Fernando Lima","image":{"@type":"ImageObject","inLanguage":"pt-BR","@id":"https:\/\/verdadeon.com.br\/portal\/#\/schema\/person\/image\/","url":"https:\/\/secure.gravatar.com\/avatar\/df4c8e132080d2b3a4841d5d232045464e0eed11a1d6e43115ca0843d48768d3?s=96&d=mm&r=g","contentUrl":"https:\/\/secure.gravatar.com\/avatar\/df4c8e132080d2b3a4841d5d232045464e0eed11a1d6e43115ca0843d48768d3?s=96&d=mm&r=g","caption":"Fernando Lima"},"sameAs":["http:\/\/verdadeon.com.br\/"],"url":"https:\/\/verdadeon.com.br\/portal\/author\/fernando-lima\/"}]}},"jetpack_publicize_connections":[],"jetpack_featured_media_url":"https:\/\/i0.wp.com\/verdadeon.com.br\/portal\/wp-content\/uploads\/2021\/06\/ALEXANDRE-FERREIRA-e1624914570747.png?fit=1000%2C669&ssl=1","jetpack_sharing_enabled":true,"_links":{"self":[{"href":"https:\/\/verdadeon.com.br\/portal\/wp-json\/wp\/v2\/posts\/17616","targetHints":{"allow":["GET"]}}],"collection":[{"href":"https:\/\/verdadeon.com.br\/portal\/wp-json\/wp\/v2\/posts"}],"about":[{"href":"https:\/\/verdadeon.com.br\/portal\/wp-json\/wp\/v2\/types\/post"}],"author":[{"embeddable":true,"href":"https:\/\/verdadeon.com.br\/portal\/wp-json\/wp\/v2\/users\/7"}],"replies":[{"embeddable":true,"href":"https:\/\/verdadeon.com.br\/portal\/wp-json\/wp\/v2\/comments?post=17616"}],"version-history":[{"count":0,"href":"https:\/\/verdadeon.com.br\/portal\/wp-json\/wp\/v2\/posts\/17616\/revisions"}],"wp:featuredmedia":[{"embeddable":true,"href":"https:\/\/verdadeon.com.br\/portal\/wp-json\/wp\/v2\/media\/17617"}],"wp:attachment":[{"href":"https:\/\/verdadeon.com.br\/portal\/wp-json\/wp\/v2\/media?parent=17616"}],"wp:term":[{"taxonomy":"category","embeddable":true,"href":"https:\/\/verdadeon.com.br\/portal\/wp-json\/wp\/v2\/categories?post=17616"},{"taxonomy":"post_tag","embeddable":true,"href":"https:\/\/verdadeon.com.br\/portal\/wp-json\/wp\/v2\/tags?post=17616"}],"curies":[{"name":"wp","href":"https:\/\/api.w.org\/{rel}","templated":true}]}}