{"id":17592,"date":"2021-06-26T13:15:09","date_gmt":"2021-06-26T16:15:09","guid":{"rendered":"https:\/\/verdadeon.com.br\/portal\/?p=17592"},"modified":"2021-06-26T10:44:57","modified_gmt":"2021-06-26T13:44:57","slug":"pessoas-acima-dos-45-anos-comecam-a-ser-vacinadas-na-segunda-feira-em-franca","status":"publish","type":"post","link":"https:\/\/verdadeon.com.br\/portal\/2021\/06\/26\/pessoas-acima-dos-45-anos-comecam-a-ser-vacinadas-na-segunda-feira-em-franca\/","title":{"rendered":"Pessoas acima dos 45 anos come\u00e7am a ser vacinadas na segunda-feira em Franca"},"content":{"rendered":"<h2>Aplica\u00e7\u00e3o da vacina contra a Covid-19 acontece em diferentes pontos da cidade<\/h2>\n<p>Moradores de Franca acima dos 45 anos, j\u00e1 poder\u00e3o ser vacinados contra a Covid-19 com a primeira dose na pr\u00f3xima segunda-feira (28). Ser\u00e3o oito postos de atendimento: UBS do Leporace, do Brasil\u00e2ndia, Aeroporto 1, S\u00e3o Sebasti\u00e3o e Paulista.<\/p>\n<p>Al\u00e9m disso o ESF (Estrat\u00e9gia de Sa\u00fade da Fam\u00edlia) do Lu\u00edza, a Escola Sesi da Santa Cruz (entrada pela Av. Eliza Verzola Gosuen &#8211; port\u00e3o 10) e o Internacional Clube (entrada pela Rua Cavalheiro Petr\u00e1glia, 99), na Esta\u00e7\u00e3o, tamb\u00e9m v\u00e3o atender, todos os locais das 07h30 \u00e0s 16h.\u00a0Os interessados dever\u00e3o apresentar um documento de identidade com foto, o CPF e um comprovante de endere\u00e7o.<\/p>\n<p>As pessoas que estejam aptas a receber a vacina devem fazer o pr\u00e9-cadastro pelo Whatsapp (11) 95220-2923 ou pelo site\u00a0<a href=\"http:\/\/www.vacinaja.sp.gov.br\/\" data-saferedirecturl=\"https:\/\/www.google.com\/url?q=http:\/\/www.vacinaja.sp.gov.br&amp;source=gmail&amp;ust=1624796284061000&amp;usg=AFQjCNH9KtA56HP_1P8jND2MbRgo0rTZHQ\">www.vacinaja.sp.gov.br<\/a>, que mesmo n\u00e3o sendo obrigat\u00f3rio, agiliza o atendimento, que ser\u00e1 prestado mediante a distribui\u00e7\u00e3o de senhas e a quantidade de doses dispon\u00edveis.<\/p>\n<h3><strong>Outro grupos <\/strong><\/h3>\n<p>As pessoas que apresentam comorbidades, na faixa et\u00e1ria de 18 anos ou mais, continuar\u00e3o sendo atendidas na pr\u00f3xima segunda-feira, com a primeira dose da vacina, na UBS Guanabara, das 07h30 \u00e0s 16h.<\/p>\n<p>Para as gestantes em qualquer idade gestacional e pu\u00e9rperas (at\u00e9 45 dias p\u00f3s-parto) sem comorbidades, com idade de 18 anos ou mais, a aplica\u00e7\u00e3o da primeira e segunda doses (Coronavac) continua na UBS Paulistano, no per\u00edodo das 07h30 \u00e0s 13h, exclusivo, para a primeira dose e das 13 \u00e0s 16h, para a segunda aplica\u00e7\u00e3o do imunizante.\u00a0 As interessadas dever\u00e3o apresentar o original e c\u00f3pias do cart\u00e3o de Pr\u00e9-Natal, receitas ou laudo m\u00e9dico para as gestantes. J\u00e1 as pu\u00e9rperas dever\u00e3o levar original e c\u00f3pia da certid\u00e3o de nascimento da crian\u00e7a, al\u00e9m de um documento de identidade com foto e o CPF, que s\u00e3o priorit\u00e1rios para todos os p\u00fablicos.<\/p>\n<p>Para a aplica\u00e7\u00e3o, exclusiva, da segunda dose da vacina contra a Covid-19 (Astrazeneca), os interessados dever\u00e3o comparecer a UBS do Aeroporto 3, das 07h30 \u00e0s 12h, observando a data agendada para o recebimento da segunda dose, que deve apresentar o intervalo de 12 semanas entre as vacinas. Dever\u00e3o apresentar o cart\u00e3o comprovando a primeira dose, documento de identidade com foto e o CPF.<\/p>\n<p>&nbsp;<\/p>\n","protected":false},"excerpt":{"rendered":"<p>Aplica\u00e7\u00e3o da vacina contra a Covid-19 acontece em diferentes pontos da cidade Moradores de Franca acima dos 45 anos, j\u00e1 poder\u00e3o ser vacinados contra a Covid-19<span class=\"excerpt-hellip\"> [\u2026]<\/span><\/p>\n","protected":false},"author":7,"featured_media":11681,"comment_status":"open","ping_status":"open","sticky":false,"template":"","format":"standard","meta":{"_jetpack_memberships_contains_paid_content":false,"footnotes":"","jetpack_publicize_message":"","jetpack_publicize_feature_enabled":true,"jetpack_social_post_already_shared":false,"jetpack_social_options":{"image_generator_settings":{"template":"highway","default_image_id":0,"enabled":false},"version":2}},"categories":[28,81],"tags":[],"class_list":["post-17592","post","type-post","status-publish","format-standard","has-post-thumbnail","hentry","category-cotidiano","category-manchete"],"yoast_head":"<!-- This site is optimized with the Yoast SEO plugin v25.6 - https:\/\/yoast.com\/wordpress\/plugins\/seo\/ -->\n<title>Pessoas acima dos 45 anos come\u00e7am a ser vacinadas na segunda-feira em Franca - VerdadeOn<\/title>\n<meta name=\"robots\" content=\"index, follow, max-snippet:-1, max-image-preview:large, max-video-preview:-1\" \/>\n<link rel=\"canonical\" href=\"https:\/\/verdadeon.com.br\/portal\/2021\/06\/26\/pessoas-acima-dos-45-anos-comecam-a-ser-vacinadas-na-segunda-feira-em-franca\/\" \/>\n<meta property=\"og:locale\" content=\"pt_BR\" \/>\n<meta property=\"og:type\" content=\"article\" \/>\n<meta property=\"og:title\" content=\"Pessoas acima dos 45 anos come\u00e7am a ser vacinadas na segunda-feira em Franca - VerdadeOn\" \/>\n<meta property=\"og:description\" content=\"Aplica\u00e7\u00e3o da vacina contra a Covid-19 acontece em diferentes pontos da cidade Moradores de Franca acima dos 45 anos, j\u00e1 poder\u00e3o ser vacinados contra a Covid-19 [\u2026]\" \/>\n<meta property=\"og:url\" content=\"https:\/\/verdadeon.com.br\/portal\/2021\/06\/26\/pessoas-acima-dos-45-anos-comecam-a-ser-vacinadas-na-segunda-feira-em-franca\/\" \/>\n<meta property=\"og:site_name\" content=\"VerdadeOn\" \/>\n<meta property=\"article:published_time\" content=\"2021-06-26T16:15:09+00:00\" \/>\n<meta property=\"og:image\" content=\"https:\/\/verdadeon.com.br\/portal\/wp-content\/uploads\/2020\/11\/2020-11-04t192156z_1_lynxmpega31lb_rtroptp_4_health-coronavirus-britain-vaccine.jpg\" \/>\n\t<meta property=\"og:image:width\" content=\"1000\" \/>\n\t<meta property=\"og:image:height\" content=\"670\" \/>\n\t<meta property=\"og:image:type\" content=\"image\/jpeg\" \/>\n<meta name=\"author\" content=\"Fernando Lima\" \/>\n<meta name=\"twitter:card\" content=\"summary_large_image\" \/>\n<meta name=\"twitter:label1\" content=\"Escrito por\" \/>\n\t<meta name=\"twitter:data1\" content=\"Fernando Lima\" \/>\n\t<meta name=\"twitter:label2\" content=\"Est. tempo de leitura\" \/>\n\t<meta name=\"twitter:data2\" content=\"2 minutos\" \/>\n<script type=\"application\/ld+json\" class=\"yoast-schema-graph\">{\"@context\":\"https:\/\/schema.org\",\"@graph\":[{\"@type\":\"WebPage\",\"@id\":\"https:\/\/verdadeon.com.br\/portal\/2021\/06\/26\/pessoas-acima-dos-45-anos-comecam-a-ser-vacinadas-na-segunda-feira-em-franca\/\",\"url\":\"https:\/\/verdadeon.com.br\/portal\/2021\/06\/26\/pessoas-acima-dos-45-anos-comecam-a-ser-vacinadas-na-segunda-feira-em-franca\/\",\"name\":\"Pessoas acima dos 45 anos come\u00e7am a ser vacinadas na segunda-feira em Franca - VerdadeOn\",\"isPartOf\":{\"@id\":\"https:\/\/verdadeon.com.br\/portal\/#website\"},\"primaryImageOfPage\":{\"@id\":\"https:\/\/verdadeon.com.br\/portal\/2021\/06\/26\/pessoas-acima-dos-45-anos-comecam-a-ser-vacinadas-na-segunda-feira-em-franca\/#primaryimage\"},\"image\":{\"@id\":\"https:\/\/verdadeon.com.br\/portal\/2021\/06\/26\/pessoas-acima-dos-45-anos-comecam-a-ser-vacinadas-na-segunda-feira-em-franca\/#primaryimage\"},\"thumbnailUrl\":\"https:\/\/i0.wp.com\/verdadeon.com.br\/portal\/wp-content\/uploads\/2020\/11\/2020-11-04t192156z_1_lynxmpega31lb_rtroptp_4_health-coronavirus-britain-vaccine.jpg?fit=1000%2C670&ssl=1\",\"datePublished\":\"2021-06-26T16:15:09+00:00\",\"author\":{\"@id\":\"https:\/\/verdadeon.com.br\/portal\/#\/schema\/person\/cc32be22b8e8599387c480bc83e1d11a\"},\"breadcrumb\":{\"@id\":\"https:\/\/verdadeon.com.br\/portal\/2021\/06\/26\/pessoas-acima-dos-45-anos-comecam-a-ser-vacinadas-na-segunda-feira-em-franca\/#breadcrumb\"},\"inLanguage\":\"pt-BR\",\"potentialAction\":[{\"@type\":\"ReadAction\",\"target\":[\"https:\/\/verdadeon.com.br\/portal\/2021\/06\/26\/pessoas-acima-dos-45-anos-comecam-a-ser-vacinadas-na-segunda-feira-em-franca\/\"]}]},{\"@type\":\"ImageObject\",\"inLanguage\":\"pt-BR\",\"@id\":\"https:\/\/verdadeon.com.br\/portal\/2021\/06\/26\/pessoas-acima-dos-45-anos-comecam-a-ser-vacinadas-na-segunda-feira-em-franca\/#primaryimage\",\"url\":\"https:\/\/i0.wp.com\/verdadeon.com.br\/portal\/wp-content\/uploads\/2020\/11\/2020-11-04t192156z_1_lynxmpega31lb_rtroptp_4_health-coronavirus-britain-vaccine.jpg?fit=1000%2C670&ssl=1\",\"contentUrl\":\"https:\/\/i0.wp.com\/verdadeon.com.br\/portal\/wp-content\/uploads\/2020\/11\/2020-11-04t192156z_1_lynxmpega31lb_rtroptp_4_health-coronavirus-britain-vaccine.jpg?fit=1000%2C670&ssl=1\",\"width\":1000,\"height\":670,\"caption\":\"Al\u00e9m das pessoas acima dos 45 anos, outros grupos seguem sendo imunizados na cidade | Foto: Ag\u00eancia Brasil\"},{\"@type\":\"BreadcrumbList\",\"@id\":\"https:\/\/verdadeon.com.br\/portal\/2021\/06\/26\/pessoas-acima-dos-45-anos-comecam-a-ser-vacinadas-na-segunda-feira-em-franca\/#breadcrumb\",\"itemListElement\":[{\"@type\":\"ListItem\",\"position\":1,\"name\":\"In\u00edcio\",\"item\":\"https:\/\/verdadeon.com.br\/portal\/\"},{\"@type\":\"ListItem\",\"position\":2,\"name\":\"Pessoas acima dos 45 anos come\u00e7am a ser vacinadas na segunda-feira em Franca\"}]},{\"@type\":\"WebSite\",\"@id\":\"https:\/\/verdadeon.com.br\/portal\/#website\",\"url\":\"https:\/\/verdadeon.com.br\/portal\/\",\"name\":\"VerdadeOn\",\"description\":\"Not\u00edcias di\u00e1rias sobre Franca, Regi\u00e3o, Esporte, Cultura, Cotidiano, Colunas. Cobertura nos principais eventos da cidade \u00e9 aqui - Verdadeon Franca\",\"potentialAction\":[{\"@type\":\"SearchAction\",\"target\":{\"@type\":\"EntryPoint\",\"urlTemplate\":\"https:\/\/verdadeon.com.br\/portal\/?s={search_term_string}\"},\"query-input\":{\"@type\":\"PropertyValueSpecification\",\"valueRequired\":true,\"valueName\":\"search_term_string\"}}],\"inLanguage\":\"pt-BR\"},{\"@type\":\"Person\",\"@id\":\"https:\/\/verdadeon.com.br\/portal\/#\/schema\/person\/cc32be22b8e8599387c480bc83e1d11a\",\"name\":\"Fernando Lima\",\"image\":{\"@type\":\"ImageObject\",\"inLanguage\":\"pt-BR\",\"@id\":\"https:\/\/verdadeon.com.br\/portal\/#\/schema\/person\/image\/\",\"url\":\"https:\/\/secure.gravatar.com\/avatar\/df4c8e132080d2b3a4841d5d232045464e0eed11a1d6e43115ca0843d48768d3?s=96&d=mm&r=g\",\"contentUrl\":\"https:\/\/secure.gravatar.com\/avatar\/df4c8e132080d2b3a4841d5d232045464e0eed11a1d6e43115ca0843d48768d3?s=96&d=mm&r=g\",\"caption\":\"Fernando Lima\"},\"sameAs\":[\"http:\/\/verdadeon.com.br\/\"],\"url\":\"https:\/\/verdadeon.com.br\/portal\/author\/fernando-lima\/\"}]}<\/script>\n<!-- \/ Yoast SEO plugin. -->","yoast_head_json":{"title":"Pessoas acima dos 45 anos come\u00e7am a ser vacinadas na segunda-feira em Franca - VerdadeOn","robots":{"index":"index","follow":"follow","max-snippet":"max-snippet:-1","max-image-preview":"max-image-preview:large","max-video-preview":"max-video-preview:-1"},"canonical":"https:\/\/verdadeon.com.br\/portal\/2021\/06\/26\/pessoas-acima-dos-45-anos-comecam-a-ser-vacinadas-na-segunda-feira-em-franca\/","og_locale":"pt_BR","og_type":"article","og_title":"Pessoas acima dos 45 anos come\u00e7am a ser vacinadas na segunda-feira em Franca - VerdadeOn","og_description":"Aplica\u00e7\u00e3o da vacina contra a Covid-19 acontece em diferentes pontos da cidade Moradores de Franca acima dos 45 anos, j\u00e1 poder\u00e3o ser vacinados contra a Covid-19 [\u2026]","og_url":"https:\/\/verdadeon.com.br\/portal\/2021\/06\/26\/pessoas-acima-dos-45-anos-comecam-a-ser-vacinadas-na-segunda-feira-em-franca\/","og_site_name":"VerdadeOn","article_published_time":"2021-06-26T16:15:09+00:00","og_image":[{"width":1000,"height":670,"url":"https:\/\/verdadeon.com.br\/portal\/wp-content\/uploads\/2020\/11\/2020-11-04t192156z_1_lynxmpega31lb_rtroptp_4_health-coronavirus-britain-vaccine.jpg","type":"image\/jpeg"}],"author":"Fernando Lima","twitter_card":"summary_large_image","twitter_misc":{"Escrito por":"Fernando Lima","Est. tempo de leitura":"2 minutos"},"schema":{"@context":"https:\/\/schema.org","@graph":[{"@type":"WebPage","@id":"https:\/\/verdadeon.com.br\/portal\/2021\/06\/26\/pessoas-acima-dos-45-anos-comecam-a-ser-vacinadas-na-segunda-feira-em-franca\/","url":"https:\/\/verdadeon.com.br\/portal\/2021\/06\/26\/pessoas-acima-dos-45-anos-comecam-a-ser-vacinadas-na-segunda-feira-em-franca\/","name":"Pessoas acima dos 45 anos come\u00e7am a ser vacinadas na segunda-feira em Franca - VerdadeOn","isPartOf":{"@id":"https:\/\/verdadeon.com.br\/portal\/#website"},"primaryImageOfPage":{"@id":"https:\/\/verdadeon.com.br\/portal\/2021\/06\/26\/pessoas-acima-dos-45-anos-comecam-a-ser-vacinadas-na-segunda-feira-em-franca\/#primaryimage"},"image":{"@id":"https:\/\/verdadeon.com.br\/portal\/2021\/06\/26\/pessoas-acima-dos-45-anos-comecam-a-ser-vacinadas-na-segunda-feira-em-franca\/#primaryimage"},"thumbnailUrl":"https:\/\/i0.wp.com\/verdadeon.com.br\/portal\/wp-content\/uploads\/2020\/11\/2020-11-04t192156z_1_lynxmpega31lb_rtroptp_4_health-coronavirus-britain-vaccine.jpg?fit=1000%2C670&ssl=1","datePublished":"2021-06-26T16:15:09+00:00","author":{"@id":"https:\/\/verdadeon.com.br\/portal\/#\/schema\/person\/cc32be22b8e8599387c480bc83e1d11a"},"breadcrumb":{"@id":"https:\/\/verdadeon.com.br\/portal\/2021\/06\/26\/pessoas-acima-dos-45-anos-comecam-a-ser-vacinadas-na-segunda-feira-em-franca\/#breadcrumb"},"inLanguage":"pt-BR","potentialAction":[{"@type":"ReadAction","target":["https:\/\/verdadeon.com.br\/portal\/2021\/06\/26\/pessoas-acima-dos-45-anos-comecam-a-ser-vacinadas-na-segunda-feira-em-franca\/"]}]},{"@type":"ImageObject","inLanguage":"pt-BR","@id":"https:\/\/verdadeon.com.br\/portal\/2021\/06\/26\/pessoas-acima-dos-45-anos-comecam-a-ser-vacinadas-na-segunda-feira-em-franca\/#primaryimage","url":"https:\/\/i0.wp.com\/verdadeon.com.br\/portal\/wp-content\/uploads\/2020\/11\/2020-11-04t192156z_1_lynxmpega31lb_rtroptp_4_health-coronavirus-britain-vaccine.jpg?fit=1000%2C670&ssl=1","contentUrl":"https:\/\/i0.wp.com\/verdadeon.com.br\/portal\/wp-content\/uploads\/2020\/11\/2020-11-04t192156z_1_lynxmpega31lb_rtroptp_4_health-coronavirus-britain-vaccine.jpg?fit=1000%2C670&ssl=1","width":1000,"height":670,"caption":"Al\u00e9m das pessoas acima dos 45 anos, outros grupos seguem sendo imunizados na cidade | Foto: Ag\u00eancia Brasil"},{"@type":"BreadcrumbList","@id":"https:\/\/verdadeon.com.br\/portal\/2021\/06\/26\/pessoas-acima-dos-45-anos-comecam-a-ser-vacinadas-na-segunda-feira-em-franca\/#breadcrumb","itemListElement":[{"@type":"ListItem","position":1,"name":"In\u00edcio","item":"https:\/\/verdadeon.com.br\/portal\/"},{"@type":"ListItem","position":2,"name":"Pessoas acima dos 45 anos come\u00e7am a ser vacinadas na segunda-feira em Franca"}]},{"@type":"WebSite","@id":"https:\/\/verdadeon.com.br\/portal\/#website","url":"https:\/\/verdadeon.com.br\/portal\/","name":"VerdadeOn","description":"Not\u00edcias di\u00e1rias sobre Franca, Regi\u00e3o, Esporte, Cultura, Cotidiano, Colunas. Cobertura nos principais eventos da cidade \u00e9 aqui - Verdadeon Franca","potentialAction":[{"@type":"SearchAction","target":{"@type":"EntryPoint","urlTemplate":"https:\/\/verdadeon.com.br\/portal\/?s={search_term_string}"},"query-input":{"@type":"PropertyValueSpecification","valueRequired":true,"valueName":"search_term_string"}}],"inLanguage":"pt-BR"},{"@type":"Person","@id":"https:\/\/verdadeon.com.br\/portal\/#\/schema\/person\/cc32be22b8e8599387c480bc83e1d11a","name":"Fernando Lima","image":{"@type":"ImageObject","inLanguage":"pt-BR","@id":"https:\/\/verdadeon.com.br\/portal\/#\/schema\/person\/image\/","url":"https:\/\/secure.gravatar.com\/avatar\/df4c8e132080d2b3a4841d5d232045464e0eed11a1d6e43115ca0843d48768d3?s=96&d=mm&r=g","contentUrl":"https:\/\/secure.gravatar.com\/avatar\/df4c8e132080d2b3a4841d5d232045464e0eed11a1d6e43115ca0843d48768d3?s=96&d=mm&r=g","caption":"Fernando Lima"},"sameAs":["http:\/\/verdadeon.com.br\/"],"url":"https:\/\/verdadeon.com.br\/portal\/author\/fernando-lima\/"}]}},"jetpack_publicize_connections":[],"jetpack_featured_media_url":"https:\/\/i0.wp.com\/verdadeon.com.br\/portal\/wp-content\/uploads\/2020\/11\/2020-11-04t192156z_1_lynxmpega31lb_rtroptp_4_health-coronavirus-britain-vaccine.jpg?fit=1000%2C670&ssl=1","jetpack_sharing_enabled":true,"_links":{"self":[{"href":"https:\/\/verdadeon.com.br\/portal\/wp-json\/wp\/v2\/posts\/17592","targetHints":{"allow":["GET"]}}],"collection":[{"href":"https:\/\/verdadeon.com.br\/portal\/wp-json\/wp\/v2\/posts"}],"about":[{"href":"https:\/\/verdadeon.com.br\/portal\/wp-json\/wp\/v2\/types\/post"}],"author":[{"embeddable":true,"href":"https:\/\/verdadeon.com.br\/portal\/wp-json\/wp\/v2\/users\/7"}],"replies":[{"embeddable":true,"href":"https:\/\/verdadeon.com.br\/portal\/wp-json\/wp\/v2\/comments?post=17592"}],"version-history":[{"count":0,"href":"https:\/\/verdadeon.com.br\/portal\/wp-json\/wp\/v2\/posts\/17592\/revisions"}],"wp:featuredmedia":[{"embeddable":true,"href":"https:\/\/verdadeon.com.br\/portal\/wp-json\/wp\/v2\/media\/11681"}],"wp:attachment":[{"href":"https:\/\/verdadeon.com.br\/portal\/wp-json\/wp\/v2\/media?parent=17592"}],"wp:term":[{"taxonomy":"category","embeddable":true,"href":"https:\/\/verdadeon.com.br\/portal\/wp-json\/wp\/v2\/categories?post=17592"},{"taxonomy":"post_tag","embeddable":true,"href":"https:\/\/verdadeon.com.br\/portal\/wp-json\/wp\/v2\/tags?post=17592"}],"curies":[{"name":"wp","href":"https:\/\/api.w.org\/{rel}","templated":true}]}}