{"id":17575,"date":"2021-06-26T07:00:40","date_gmt":"2021-06-26T10:00:40","guid":{"rendered":"https:\/\/verdadeon.com.br\/portal\/?p=17575"},"modified":"2021-06-25T23:41:40","modified_gmt":"2021-06-26T02:41:40","slug":"documento-verdade-uma-entrevista-com-chico-xavier","status":"publish","type":"post","link":"https:\/\/verdadeon.com.br\/portal\/2021\/06\/26\/documento-verdade-uma-entrevista-com-chico-xavier\/","title":{"rendered":"Documento Verdade: Uma entrevista com Chico Xavier"},"content":{"rendered":"<h2>A pergunta e resposta que deram grande repercuss\u00e3o \u00e0 entrevista parece que vale para os tempos de hoje. Chico, por que essa insatisfa\u00e7\u00e3o do mundo atual ?<\/h2>\n<h4>Realindo J\u00fanior<\/h4>\n<p>Foi em maio de 1.971. Chico Xavier veio a Franca para as comemora\u00e7\u00f5es do 26.o Anivers\u00e1rio do Educand\u00e1rio Pestalozzi. A dire\u00e7\u00e3o da r\u00e1dio PRB -5 deu a este rep\u00f3rter a incumb\u00eancia de realizar a entrevista com o conceituado l\u00edder esp\u00edrita, que ent\u00e3o j\u00e1 havia psicografado 106 livros. Depois chegou a mais de 450. A pergunta e resposta que deram grande repercuss\u00e3o \u00e0 entrevista parece que vale para os tempos de hoje. Chico, por que essa insatisfa\u00e7\u00e3o do mundo atual ?<br \/>\n&#8220;Os nossos guias espirituais traduzem a nossa insatisfa\u00e7\u00e3o, no mundo inteiro, como sendo a aus\u00eancia de Jesus Cristo em nossos cora\u00e7\u00f5es! &#8221;<br \/>\nE prosseguiu na resposta : &#8220;Quando nos adaptarmos em definitivo ao esp\u00edrito da doutrina para a viv\u00eancia crist\u00e3, em nossas rela\u00e7\u00f5es m\u00fatuas, toda insatisfa\u00e7\u00e3o desaparecer\u00e1, porque estabelecida a paz em nossa consci\u00eancia com o nosso dever cumprido, as pr\u00f3prias doen\u00e7as naturalmente recuar\u00e3o, pois muitas delas s\u00e3o simples consequ\u00eancias de nossos desajustes espirituais, em decorr\u00eancia de nosso afastamento de Cristo, como luz divina para nossos cora\u00e7\u00f5es. Estamos nos referindo n\u00e3o s\u00f3 ao Espiritismo Evang\u00e9lico, mas a todo o Cristianismo, a todas as escolas crist\u00e3s. Os crist\u00e3os t\u00eam necessidade nessa uni\u00e3o em torno da verdade. N\u00f3s precisamos de Cristo&#8221; &#8211; disse Chico Xavier.<br \/>\nEle respondeu sobre outros temas interessantes como Os tempos est\u00e3o chegados e a Juventude de hoje. Pelo r\u00e1dio, a entrevista foi repetida tr\u00eas vezes. Os ouvintes solicitavam, desejavam ouvir novamente. Publicada em jornal local, chegou ent\u00e3o \u00e0s m\u00e3os de Chico Xavier e do zeloso dr. Elias Barbosa, que cuidava das edi\u00e7\u00f5es dos livros. O livro Entrevistas, de Francisco C\u00e2ndido Xavier, onde a reportagem foi publicada, tem edi\u00e7\u00e3o atualmente esgotada. A r\u00e1dio Idefran lembrou os 50 anos da entrevista deste rep\u00f3rter com Chico Xavier. Fernando Palermo, diretor do Idefran, cuidou da Entrevista que est\u00e1 no ar esta semana.<\/p>\n","protected":false},"excerpt":{"rendered":"<p>A pergunta e resposta que deram grande repercuss\u00e3o \u00e0 entrevista parece que vale para os tempos de hoje. Chico, por que essa insatisfa\u00e7\u00e3o do mundo atual<span class=\"excerpt-hellip\"> [\u2026]<\/span><\/p>\n","protected":false},"author":4,"featured_media":17576,"comment_status":"open","ping_status":"open","sticky":false,"template":"","format":"standard","meta":{"_jetpack_memberships_contains_paid_content":false,"footnotes":"","jetpack_publicize_message":"","jetpack_publicize_feature_enabled":true,"jetpack_social_post_already_shared":false,"jetpack_social_options":{"image_generator_settings":{"template":"highway","default_image_id":0,"enabled":false},"version":2}},"categories":[28,44],"tags":[],"class_list":["post-17575","post","type-post","status-publish","format-standard","has-post-thumbnail","hentry","category-cotidiano","category-noticias"],"yoast_head":"<!-- This site is optimized with the Yoast SEO plugin v25.6 - https:\/\/yoast.com\/wordpress\/plugins\/seo\/ -->\n<title>Documento Verdade: Uma entrevista com Chico Xavier - VerdadeOn<\/title>\n<meta name=\"robots\" content=\"index, follow, max-snippet:-1, max-image-preview:large, max-video-preview:-1\" \/>\n<link rel=\"canonical\" href=\"https:\/\/verdadeon.com.br\/portal\/2021\/06\/26\/documento-verdade-uma-entrevista-com-chico-xavier\/\" \/>\n<meta property=\"og:locale\" content=\"pt_BR\" \/>\n<meta property=\"og:type\" content=\"article\" \/>\n<meta property=\"og:title\" content=\"Documento Verdade: Uma entrevista com Chico Xavier - VerdadeOn\" \/>\n<meta property=\"og:description\" content=\"A pergunta e resposta que deram grande repercuss\u00e3o \u00e0 entrevista parece que vale para os tempos de hoje. Chico, por que essa insatisfa\u00e7\u00e3o do mundo atual [\u2026]\" \/>\n<meta property=\"og:url\" content=\"https:\/\/verdadeon.com.br\/portal\/2021\/06\/26\/documento-verdade-uma-entrevista-com-chico-xavier\/\" \/>\n<meta property=\"og:site_name\" content=\"VerdadeOn\" \/>\n<meta property=\"article:published_time\" content=\"2021-06-26T10:00:40+00:00\" \/>\n<meta property=\"og:image\" content=\"https:\/\/verdadeon.com.br\/portal\/wp-content\/uploads\/2021\/06\/WhatsApp-Image-2021-06-25-at-14.40.52-1.jpeg\" \/>\n\t<meta property=\"og:image:width\" content=\"1000\" \/>\n\t<meta property=\"og:image:height\" content=\"670\" \/>\n\t<meta property=\"og:image:type\" content=\"image\/jpeg\" \/>\n<meta name=\"author\" content=\"Fernando Calixto\" \/>\n<meta name=\"twitter:card\" content=\"summary_large_image\" \/>\n<meta name=\"twitter:label1\" content=\"Escrito por\" \/>\n\t<meta name=\"twitter:data1\" content=\"Fernando Calixto\" \/>\n\t<meta name=\"twitter:label2\" content=\"Est. tempo de leitura\" \/>\n\t<meta name=\"twitter:data2\" content=\"2 minutos\" \/>\n<script type=\"application\/ld+json\" class=\"yoast-schema-graph\">{\"@context\":\"https:\/\/schema.org\",\"@graph\":[{\"@type\":\"WebPage\",\"@id\":\"https:\/\/verdadeon.com.br\/portal\/2021\/06\/26\/documento-verdade-uma-entrevista-com-chico-xavier\/\",\"url\":\"https:\/\/verdadeon.com.br\/portal\/2021\/06\/26\/documento-verdade-uma-entrevista-com-chico-xavier\/\",\"name\":\"Documento Verdade: Uma entrevista com Chico Xavier - VerdadeOn\",\"isPartOf\":{\"@id\":\"https:\/\/verdadeon.com.br\/portal\/#website\"},\"primaryImageOfPage\":{\"@id\":\"https:\/\/verdadeon.com.br\/portal\/2021\/06\/26\/documento-verdade-uma-entrevista-com-chico-xavier\/#primaryimage\"},\"image\":{\"@id\":\"https:\/\/verdadeon.com.br\/portal\/2021\/06\/26\/documento-verdade-uma-entrevista-com-chico-xavier\/#primaryimage\"},\"thumbnailUrl\":\"https:\/\/i0.wp.com\/verdadeon.com.br\/portal\/wp-content\/uploads\/2021\/06\/WhatsApp-Image-2021-06-25-at-14.40.52-1.jpeg?fit=1000%2C670&ssl=1\",\"datePublished\":\"2021-06-26T10:00:40+00:00\",\"author\":{\"@id\":\"https:\/\/verdadeon.com.br\/portal\/#\/schema\/person\/8994718f49ee62ba5610471e29ca1f62\"},\"breadcrumb\":{\"@id\":\"https:\/\/verdadeon.com.br\/portal\/2021\/06\/26\/documento-verdade-uma-entrevista-com-chico-xavier\/#breadcrumb\"},\"inLanguage\":\"pt-BR\",\"potentialAction\":[{\"@type\":\"ReadAction\",\"target\":[\"https:\/\/verdadeon.com.br\/portal\/2021\/06\/26\/documento-verdade-uma-entrevista-com-chico-xavier\/\"]}]},{\"@type\":\"ImageObject\",\"inLanguage\":\"pt-BR\",\"@id\":\"https:\/\/verdadeon.com.br\/portal\/2021\/06\/26\/documento-verdade-uma-entrevista-com-chico-xavier\/#primaryimage\",\"url\":\"https:\/\/i0.wp.com\/verdadeon.com.br\/portal\/wp-content\/uploads\/2021\/06\/WhatsApp-Image-2021-06-25-at-14.40.52-1.jpeg?fit=1000%2C670&ssl=1\",\"contentUrl\":\"https:\/\/i0.wp.com\/verdadeon.com.br\/portal\/wp-content\/uploads\/2021\/06\/WhatsApp-Image-2021-06-25-at-14.40.52-1.jpeg?fit=1000%2C670&ssl=1\",\"width\":1000,\"height\":670,\"caption\":\"A foto acima lembra o momento da Entrevista, aparecendo da esquerda para a direita Ricardo Spinosa, diretor da PRB-5, dr. Thomaz Novelino, diretor do Educand\u00e1rio Pestalozzi, Chico Xavier, o fot\u00f3grafo Osmar Martins e este rep\u00f3rter.\"},{\"@type\":\"BreadcrumbList\",\"@id\":\"https:\/\/verdadeon.com.br\/portal\/2021\/06\/26\/documento-verdade-uma-entrevista-com-chico-xavier\/#breadcrumb\",\"itemListElement\":[{\"@type\":\"ListItem\",\"position\":1,\"name\":\"In\u00edcio\",\"item\":\"https:\/\/verdadeon.com.br\/portal\/\"},{\"@type\":\"ListItem\",\"position\":2,\"name\":\"Documento Verdade: Uma entrevista com Chico Xavier\"}]},{\"@type\":\"WebSite\",\"@id\":\"https:\/\/verdadeon.com.br\/portal\/#website\",\"url\":\"https:\/\/verdadeon.com.br\/portal\/\",\"name\":\"VerdadeOn\",\"description\":\"Not\u00edcias di\u00e1rias sobre Franca, Regi\u00e3o, Esporte, Cultura, Cotidiano, Colunas. Cobertura nos principais eventos da cidade \u00e9 aqui - Verdadeon Franca\",\"potentialAction\":[{\"@type\":\"SearchAction\",\"target\":{\"@type\":\"EntryPoint\",\"urlTemplate\":\"https:\/\/verdadeon.com.br\/portal\/?s={search_term_string}\"},\"query-input\":{\"@type\":\"PropertyValueSpecification\",\"valueRequired\":true,\"valueName\":\"search_term_string\"}}],\"inLanguage\":\"pt-BR\"},{\"@type\":\"Person\",\"@id\":\"https:\/\/verdadeon.com.br\/portal\/#\/schema\/person\/8994718f49ee62ba5610471e29ca1f62\",\"name\":\"Fernando Calixto\",\"image\":{\"@type\":\"ImageObject\",\"inLanguage\":\"pt-BR\",\"@id\":\"https:\/\/verdadeon.com.br\/portal\/#\/schema\/person\/image\/\",\"url\":\"https:\/\/secure.gravatar.com\/avatar\/7578910c24966c0316c340f9dbd601e93ee9f9212e1033968b367af9306bd9fb?s=96&d=mm&r=g\",\"contentUrl\":\"https:\/\/secure.gravatar.com\/avatar\/7578910c24966c0316c340f9dbd601e93ee9f9212e1033968b367af9306bd9fb?s=96&d=mm&r=g\",\"caption\":\"Fernando Calixto\"},\"url\":\"https:\/\/verdadeon.com.br\/portal\/author\/fernando-calixto\/\"}]}<\/script>\n<!-- \/ Yoast SEO plugin. -->","yoast_head_json":{"title":"Documento Verdade: Uma entrevista com Chico Xavier - VerdadeOn","robots":{"index":"index","follow":"follow","max-snippet":"max-snippet:-1","max-image-preview":"max-image-preview:large","max-video-preview":"max-video-preview:-1"},"canonical":"https:\/\/verdadeon.com.br\/portal\/2021\/06\/26\/documento-verdade-uma-entrevista-com-chico-xavier\/","og_locale":"pt_BR","og_type":"article","og_title":"Documento Verdade: Uma entrevista com Chico Xavier - VerdadeOn","og_description":"A pergunta e resposta que deram grande repercuss\u00e3o \u00e0 entrevista parece que vale para os tempos de hoje. Chico, por que essa insatisfa\u00e7\u00e3o do mundo atual [\u2026]","og_url":"https:\/\/verdadeon.com.br\/portal\/2021\/06\/26\/documento-verdade-uma-entrevista-com-chico-xavier\/","og_site_name":"VerdadeOn","article_published_time":"2021-06-26T10:00:40+00:00","og_image":[{"width":1000,"height":670,"url":"https:\/\/verdadeon.com.br\/portal\/wp-content\/uploads\/2021\/06\/WhatsApp-Image-2021-06-25-at-14.40.52-1.jpeg","type":"image\/jpeg"}],"author":"Fernando Calixto","twitter_card":"summary_large_image","twitter_misc":{"Escrito por":"Fernando Calixto","Est. tempo de leitura":"2 minutos"},"schema":{"@context":"https:\/\/schema.org","@graph":[{"@type":"WebPage","@id":"https:\/\/verdadeon.com.br\/portal\/2021\/06\/26\/documento-verdade-uma-entrevista-com-chico-xavier\/","url":"https:\/\/verdadeon.com.br\/portal\/2021\/06\/26\/documento-verdade-uma-entrevista-com-chico-xavier\/","name":"Documento Verdade: Uma entrevista com Chico Xavier - VerdadeOn","isPartOf":{"@id":"https:\/\/verdadeon.com.br\/portal\/#website"},"primaryImageOfPage":{"@id":"https:\/\/verdadeon.com.br\/portal\/2021\/06\/26\/documento-verdade-uma-entrevista-com-chico-xavier\/#primaryimage"},"image":{"@id":"https:\/\/verdadeon.com.br\/portal\/2021\/06\/26\/documento-verdade-uma-entrevista-com-chico-xavier\/#primaryimage"},"thumbnailUrl":"https:\/\/i0.wp.com\/verdadeon.com.br\/portal\/wp-content\/uploads\/2021\/06\/WhatsApp-Image-2021-06-25-at-14.40.52-1.jpeg?fit=1000%2C670&ssl=1","datePublished":"2021-06-26T10:00:40+00:00","author":{"@id":"https:\/\/verdadeon.com.br\/portal\/#\/schema\/person\/8994718f49ee62ba5610471e29ca1f62"},"breadcrumb":{"@id":"https:\/\/verdadeon.com.br\/portal\/2021\/06\/26\/documento-verdade-uma-entrevista-com-chico-xavier\/#breadcrumb"},"inLanguage":"pt-BR","potentialAction":[{"@type":"ReadAction","target":["https:\/\/verdadeon.com.br\/portal\/2021\/06\/26\/documento-verdade-uma-entrevista-com-chico-xavier\/"]}]},{"@type":"ImageObject","inLanguage":"pt-BR","@id":"https:\/\/verdadeon.com.br\/portal\/2021\/06\/26\/documento-verdade-uma-entrevista-com-chico-xavier\/#primaryimage","url":"https:\/\/i0.wp.com\/verdadeon.com.br\/portal\/wp-content\/uploads\/2021\/06\/WhatsApp-Image-2021-06-25-at-14.40.52-1.jpeg?fit=1000%2C670&ssl=1","contentUrl":"https:\/\/i0.wp.com\/verdadeon.com.br\/portal\/wp-content\/uploads\/2021\/06\/WhatsApp-Image-2021-06-25-at-14.40.52-1.jpeg?fit=1000%2C670&ssl=1","width":1000,"height":670,"caption":"A foto acima lembra o momento da Entrevista, aparecendo da esquerda para a direita Ricardo Spinosa, diretor da PRB-5, dr. Thomaz Novelino, diretor do Educand\u00e1rio Pestalozzi, Chico Xavier, o fot\u00f3grafo Osmar Martins e este rep\u00f3rter."},{"@type":"BreadcrumbList","@id":"https:\/\/verdadeon.com.br\/portal\/2021\/06\/26\/documento-verdade-uma-entrevista-com-chico-xavier\/#breadcrumb","itemListElement":[{"@type":"ListItem","position":1,"name":"In\u00edcio","item":"https:\/\/verdadeon.com.br\/portal\/"},{"@type":"ListItem","position":2,"name":"Documento Verdade: Uma entrevista com Chico Xavier"}]},{"@type":"WebSite","@id":"https:\/\/verdadeon.com.br\/portal\/#website","url":"https:\/\/verdadeon.com.br\/portal\/","name":"VerdadeOn","description":"Not\u00edcias di\u00e1rias sobre Franca, Regi\u00e3o, Esporte, Cultura, Cotidiano, Colunas. Cobertura nos principais eventos da cidade \u00e9 aqui - Verdadeon Franca","potentialAction":[{"@type":"SearchAction","target":{"@type":"EntryPoint","urlTemplate":"https:\/\/verdadeon.com.br\/portal\/?s={search_term_string}"},"query-input":{"@type":"PropertyValueSpecification","valueRequired":true,"valueName":"search_term_string"}}],"inLanguage":"pt-BR"},{"@type":"Person","@id":"https:\/\/verdadeon.com.br\/portal\/#\/schema\/person\/8994718f49ee62ba5610471e29ca1f62","name":"Fernando Calixto","image":{"@type":"ImageObject","inLanguage":"pt-BR","@id":"https:\/\/verdadeon.com.br\/portal\/#\/schema\/person\/image\/","url":"https:\/\/secure.gravatar.com\/avatar\/7578910c24966c0316c340f9dbd601e93ee9f9212e1033968b367af9306bd9fb?s=96&d=mm&r=g","contentUrl":"https:\/\/secure.gravatar.com\/avatar\/7578910c24966c0316c340f9dbd601e93ee9f9212e1033968b367af9306bd9fb?s=96&d=mm&r=g","caption":"Fernando Calixto"},"url":"https:\/\/verdadeon.com.br\/portal\/author\/fernando-calixto\/"}]}},"jetpack_publicize_connections":[],"jetpack_featured_media_url":"https:\/\/i0.wp.com\/verdadeon.com.br\/portal\/wp-content\/uploads\/2021\/06\/WhatsApp-Image-2021-06-25-at-14.40.52-1.jpeg?fit=1000%2C670&ssl=1","jetpack_sharing_enabled":true,"_links":{"self":[{"href":"https:\/\/verdadeon.com.br\/portal\/wp-json\/wp\/v2\/posts\/17575","targetHints":{"allow":["GET"]}}],"collection":[{"href":"https:\/\/verdadeon.com.br\/portal\/wp-json\/wp\/v2\/posts"}],"about":[{"href":"https:\/\/verdadeon.com.br\/portal\/wp-json\/wp\/v2\/types\/post"}],"author":[{"embeddable":true,"href":"https:\/\/verdadeon.com.br\/portal\/wp-json\/wp\/v2\/users\/4"}],"replies":[{"embeddable":true,"href":"https:\/\/verdadeon.com.br\/portal\/wp-json\/wp\/v2\/comments?post=17575"}],"version-history":[{"count":0,"href":"https:\/\/verdadeon.com.br\/portal\/wp-json\/wp\/v2\/posts\/17575\/revisions"}],"wp:featuredmedia":[{"embeddable":true,"href":"https:\/\/verdadeon.com.br\/portal\/wp-json\/wp\/v2\/media\/17576"}],"wp:attachment":[{"href":"https:\/\/verdadeon.com.br\/portal\/wp-json\/wp\/v2\/media?parent=17575"}],"wp:term":[{"taxonomy":"category","embeddable":true,"href":"https:\/\/verdadeon.com.br\/portal\/wp-json\/wp\/v2\/categories?post=17575"},{"taxonomy":"post_tag","embeddable":true,"href":"https:\/\/verdadeon.com.br\/portal\/wp-json\/wp\/v2\/tags?post=17575"}],"curies":[{"name":"wp","href":"https:\/\/api.w.org\/{rel}","templated":true}]}}