{"id":17565,"date":"2021-06-25T17:10:16","date_gmt":"2021-06-25T20:10:16","guid":{"rendered":"https:\/\/verdadeon.com.br\/portal\/?p=17565"},"modified":"2021-06-25T17:10:16","modified_gmt":"2021-06-25T20:10:16","slug":"alvaro-azzuz-encerra-a-semana-sem-pacientes-intubados","status":"publish","type":"post","link":"https:\/\/verdadeon.com.br\/portal\/2021\/06\/25\/alvaro-azzuz-encerra-a-semana-sem-pacientes-intubados\/","title":{"rendered":"\u00c1lvaro Azzuz encerra a semana sem pacientes intubados"},"content":{"rendered":"<h2>M\u00e9dia no local chegou a ser de quase 600 pessoas por dia, mas caiu drasticamente ap\u00f3s lockdown<\/h2>\n<p>A semana terminou no Pronto Socorro Doutor \u00c1lvaro Azzuz, sem pacientes intubados por conta da covid-19. A informa\u00e7\u00e3o foi divulgada atrav\u00e9s do boletim do local divulgado diariamente.<\/p>\n<p>O m\u00e9dico Rafael Talarico destacou que 388 pacientes passaram por consulta no local nas \u00faltimas 24h, uma queda de 41 consultas em rela\u00e7\u00e3o ao dia anterior. Nesta sexta-feira (25), seis pacientes estavam regulados pela CROSS, que \u00e9 o sistema de transfer\u00eancia para leitos de UTI do Governo do Estado, destes, cinco esperam transfer\u00eancia para enfermaria, e apenas um aguardava um leito de UTI. Na quinta-feira (24), a cidade viveu um dia hist\u00f3rico, pela primeira vez em meses, nenhum paciente aguardava na fila para leitos, ela foi zerada.<\/p>\n<p>O m\u00e9dico informou que a situa\u00e7\u00e3o atual apresenta um cen\u00e1rio bem diferente do per\u00edodo pr\u00e9-lockdown, onde chegaram a ser acolhidas quase 70 pessoas, em observa\u00e7\u00e3o, sendo 38 pacientes em UTI e desses 14 entubados. Segundo ele, a queda nos n\u00fameros registrados na unidade \u00e9 reflexo dos 15 dias de lockdown institu\u00eddos na cidade, no per\u00edodo de 27 de maio a 10 de junho, onde o \u00edndice de isolamento social contribuiu para a redu\u00e7\u00e3o da taxa de transmiss\u00e3o da doen\u00e7a, que hoje, est\u00e1 em 0,97. No final de maio, o \u00edndice era 1,66.\u00a0 &#8220;O esfor\u00e7o de todos, tanto da popula\u00e7\u00e3o, bem como dos profissionais de sa\u00fade foi e continuar\u00e1 sendo essencial para vencermos essa luta contra a Covid-19. Pedimos a todos que continuem seguindo os protocolos sanit\u00e1rios de preven\u00e7\u00e3o, com o uso obrigat\u00f3rio de m\u00e1scara, higienize as m\u00e3os e evite aglomera\u00e7\u00f5es para que possamos manter os baixos \u00edndices&#8221;, refor\u00e7ou o m\u00e9dico.<\/p>\n<p>Talarico ressaltou o trabalho de todos os profissionais da sa\u00fade, que est\u00e3o atuando no atendimento de pacientes da Covid-19, como enfermeiros, t\u00e9cnicos de enfermagem, m\u00e9dicos, bem como os profissionais que est\u00e3o trabalhando, de forma volunt\u00e1ria e citou, como exemplo, as fisioterapeutas, cujo tratamento tem feito a diferen\u00e7a para a recupera\u00e7\u00e3o dos pacientes, em alguns casos, evitando o processo de entuba\u00e7\u00e3o, resultando na alta m\u00e9dica.<\/p>\n<p>Lucas Souza, secret\u00e1rio de Sa\u00fade, fez quest\u00e3o de agradecer a todos os profissionais que, segundo ele, enfrentaram com coragem e dedica\u00e7\u00e3o, o momento delicado que a cidade passou, com o aumento substancial de casos de Covid, carregando todo o sistema de sa\u00fade. &#8220;Hoje, a sensa\u00e7\u00e3o \u00e9 de gratid\u00e3o, com o trabalho de voc\u00eas, aliada as decis\u00f5es acertivas das medidas restritivas adotadas pela Prefeitura. \u00c9 n\u00edtida a queda de atendimentos no Pronto-Socorro. Sabemos que ainda h\u00e1 muito a ser feito, mas estamos no caminho certo&#8221;, garantiu.<\/p>\n","protected":false},"excerpt":{"rendered":"<p>M\u00e9dia no local chegou a ser de quase 600 pessoas por dia, mas caiu drasticamente ap\u00f3s lockdown A semana terminou no Pronto Socorro Doutor \u00c1lvaro Azzuz,<span class=\"excerpt-hellip\"> [\u2026]<\/span><\/p>\n","protected":false},"author":7,"featured_media":5671,"comment_status":"open","ping_status":"open","sticky":false,"template":"","format":"standard","meta":{"_jetpack_memberships_contains_paid_content":false,"footnotes":"","jetpack_publicize_message":"","jetpack_publicize_feature_enabled":true,"jetpack_social_post_already_shared":false,"jetpack_social_options":{"image_generator_settings":{"template":"highway","default_image_id":0,"enabled":false},"version":2}},"categories":[28,81],"tags":[],"class_list":["post-17565","post","type-post","status-publish","format-standard","has-post-thumbnail","hentry","category-cotidiano","category-manchete"],"yoast_head":"<!-- This site is optimized with the Yoast SEO plugin v25.6 - https:\/\/yoast.com\/wordpress\/plugins\/seo\/ -->\n<title>\u00c1lvaro Azzuz encerra a semana sem pacientes intubados - VerdadeOn<\/title>\n<meta name=\"robots\" content=\"index, follow, max-snippet:-1, max-image-preview:large, max-video-preview:-1\" \/>\n<link rel=\"canonical\" href=\"https:\/\/verdadeon.com.br\/portal\/2021\/06\/25\/alvaro-azzuz-encerra-a-semana-sem-pacientes-intubados\/\" \/>\n<meta property=\"og:locale\" content=\"pt_BR\" \/>\n<meta property=\"og:type\" content=\"article\" \/>\n<meta property=\"og:title\" content=\"\u00c1lvaro Azzuz encerra a semana sem pacientes intubados - VerdadeOn\" \/>\n<meta property=\"og:description\" content=\"M\u00e9dia no local chegou a ser de quase 600 pessoas por dia, mas caiu drasticamente ap\u00f3s lockdown A semana terminou no Pronto Socorro Doutor \u00c1lvaro Azzuz, [\u2026]\" \/>\n<meta property=\"og:url\" content=\"https:\/\/verdadeon.com.br\/portal\/2021\/06\/25\/alvaro-azzuz-encerra-a-semana-sem-pacientes-intubados\/\" \/>\n<meta property=\"og:site_name\" content=\"VerdadeOn\" \/>\n<meta property=\"article:published_time\" content=\"2021-06-25T20:10:16+00:00\" \/>\n<meta property=\"og:image\" content=\"https:\/\/verdadeon.com.br\/portal\/wp-content\/uploads\/2020\/03\/Pronto-socorro-de-Franca-Dr-Alvaro-foto-Lindomar-Cailton-5.jpg\" \/>\n\t<meta property=\"og:image:width\" content=\"1000\" \/>\n\t<meta property=\"og:image:height\" content=\"668\" \/>\n\t<meta property=\"og:image:type\" content=\"image\/jpeg\" \/>\n<meta name=\"author\" content=\"Fernando Lima\" \/>\n<meta name=\"twitter:card\" content=\"summary_large_image\" \/>\n<meta name=\"twitter:label1\" content=\"Escrito por\" \/>\n\t<meta name=\"twitter:data1\" content=\"Fernando Lima\" \/>\n\t<meta name=\"twitter:label2\" content=\"Est. tempo de leitura\" \/>\n\t<meta name=\"twitter:data2\" content=\"2 minutos\" \/>\n<script type=\"application\/ld+json\" class=\"yoast-schema-graph\">{\"@context\":\"https:\/\/schema.org\",\"@graph\":[{\"@type\":\"WebPage\",\"@id\":\"https:\/\/verdadeon.com.br\/portal\/2021\/06\/25\/alvaro-azzuz-encerra-a-semana-sem-pacientes-intubados\/\",\"url\":\"https:\/\/verdadeon.com.br\/portal\/2021\/06\/25\/alvaro-azzuz-encerra-a-semana-sem-pacientes-intubados\/\",\"name\":\"\u00c1lvaro Azzuz encerra a semana sem pacientes intubados - VerdadeOn\",\"isPartOf\":{\"@id\":\"https:\/\/verdadeon.com.br\/portal\/#website\"},\"primaryImageOfPage\":{\"@id\":\"https:\/\/verdadeon.com.br\/portal\/2021\/06\/25\/alvaro-azzuz-encerra-a-semana-sem-pacientes-intubados\/#primaryimage\"},\"image\":{\"@id\":\"https:\/\/verdadeon.com.br\/portal\/2021\/06\/25\/alvaro-azzuz-encerra-a-semana-sem-pacientes-intubados\/#primaryimage\"},\"thumbnailUrl\":\"https:\/\/i0.wp.com\/verdadeon.com.br\/portal\/wp-content\/uploads\/2020\/03\/Pronto-socorro-de-Franca-Dr-Alvaro-foto-Lindomar-Cailton-5.jpg?fit=1000%2C668&ssl=1\",\"datePublished\":\"2021-06-25T20:10:16+00:00\",\"author\":{\"@id\":\"https:\/\/verdadeon.com.br\/portal\/#\/schema\/person\/cc32be22b8e8599387c480bc83e1d11a\"},\"breadcrumb\":{\"@id\":\"https:\/\/verdadeon.com.br\/portal\/2021\/06\/25\/alvaro-azzuz-encerra-a-semana-sem-pacientes-intubados\/#breadcrumb\"},\"inLanguage\":\"pt-BR\",\"potentialAction\":[{\"@type\":\"ReadAction\",\"target\":[\"https:\/\/verdadeon.com.br\/portal\/2021\/06\/25\/alvaro-azzuz-encerra-a-semana-sem-pacientes-intubados\/\"]}]},{\"@type\":\"ImageObject\",\"inLanguage\":\"pt-BR\",\"@id\":\"https:\/\/verdadeon.com.br\/portal\/2021\/06\/25\/alvaro-azzuz-encerra-a-semana-sem-pacientes-intubados\/#primaryimage\",\"url\":\"https:\/\/i0.wp.com\/verdadeon.com.br\/portal\/wp-content\/uploads\/2020\/03\/Pronto-socorro-de-Franca-Dr-Alvaro-foto-Lindomar-Cailton-5.jpg?fit=1000%2C668&ssl=1\",\"contentUrl\":\"https:\/\/i0.wp.com\/verdadeon.com.br\/portal\/wp-content\/uploads\/2020\/03\/Pronto-socorro-de-Franca-Dr-Alvaro-foto-Lindomar-Cailton-5.jpg?fit=1000%2C668&ssl=1\",\"width\":1000,\"height\":668,\"caption\":\"Homem morre no Pronto-Socorro ap\u00f3s parada card\u00edaca (\u00a9Jornal Verdade)\"},{\"@type\":\"BreadcrumbList\",\"@id\":\"https:\/\/verdadeon.com.br\/portal\/2021\/06\/25\/alvaro-azzuz-encerra-a-semana-sem-pacientes-intubados\/#breadcrumb\",\"itemListElement\":[{\"@type\":\"ListItem\",\"position\":1,\"name\":\"In\u00edcio\",\"item\":\"https:\/\/verdadeon.com.br\/portal\/\"},{\"@type\":\"ListItem\",\"position\":2,\"name\":\"\u00c1lvaro Azzuz encerra a semana sem pacientes intubados\"}]},{\"@type\":\"WebSite\",\"@id\":\"https:\/\/verdadeon.com.br\/portal\/#website\",\"url\":\"https:\/\/verdadeon.com.br\/portal\/\",\"name\":\"VerdadeOn\",\"description\":\"Not\u00edcias di\u00e1rias sobre Franca, Regi\u00e3o, Esporte, Cultura, Cotidiano, Colunas. Cobertura nos principais eventos da cidade \u00e9 aqui - Verdadeon Franca\",\"potentialAction\":[{\"@type\":\"SearchAction\",\"target\":{\"@type\":\"EntryPoint\",\"urlTemplate\":\"https:\/\/verdadeon.com.br\/portal\/?s={search_term_string}\"},\"query-input\":{\"@type\":\"PropertyValueSpecification\",\"valueRequired\":true,\"valueName\":\"search_term_string\"}}],\"inLanguage\":\"pt-BR\"},{\"@type\":\"Person\",\"@id\":\"https:\/\/verdadeon.com.br\/portal\/#\/schema\/person\/cc32be22b8e8599387c480bc83e1d11a\",\"name\":\"Fernando Lima\",\"image\":{\"@type\":\"ImageObject\",\"inLanguage\":\"pt-BR\",\"@id\":\"https:\/\/verdadeon.com.br\/portal\/#\/schema\/person\/image\/\",\"url\":\"https:\/\/secure.gravatar.com\/avatar\/df4c8e132080d2b3a4841d5d232045464e0eed11a1d6e43115ca0843d48768d3?s=96&d=mm&r=g\",\"contentUrl\":\"https:\/\/secure.gravatar.com\/avatar\/df4c8e132080d2b3a4841d5d232045464e0eed11a1d6e43115ca0843d48768d3?s=96&d=mm&r=g\",\"caption\":\"Fernando Lima\"},\"sameAs\":[\"http:\/\/verdadeon.com.br\/\"],\"url\":\"https:\/\/verdadeon.com.br\/portal\/author\/fernando-lima\/\"}]}<\/script>\n<!-- \/ Yoast SEO plugin. -->","yoast_head_json":{"title":"\u00c1lvaro Azzuz encerra a semana sem pacientes intubados - VerdadeOn","robots":{"index":"index","follow":"follow","max-snippet":"max-snippet:-1","max-image-preview":"max-image-preview:large","max-video-preview":"max-video-preview:-1"},"canonical":"https:\/\/verdadeon.com.br\/portal\/2021\/06\/25\/alvaro-azzuz-encerra-a-semana-sem-pacientes-intubados\/","og_locale":"pt_BR","og_type":"article","og_title":"\u00c1lvaro Azzuz encerra a semana sem pacientes intubados - VerdadeOn","og_description":"M\u00e9dia no local chegou a ser de quase 600 pessoas por dia, mas caiu drasticamente ap\u00f3s lockdown A semana terminou no Pronto Socorro Doutor \u00c1lvaro Azzuz, [\u2026]","og_url":"https:\/\/verdadeon.com.br\/portal\/2021\/06\/25\/alvaro-azzuz-encerra-a-semana-sem-pacientes-intubados\/","og_site_name":"VerdadeOn","article_published_time":"2021-06-25T20:10:16+00:00","og_image":[{"width":1000,"height":668,"url":"https:\/\/verdadeon.com.br\/portal\/wp-content\/uploads\/2020\/03\/Pronto-socorro-de-Franca-Dr-Alvaro-foto-Lindomar-Cailton-5.jpg","type":"image\/jpeg"}],"author":"Fernando Lima","twitter_card":"summary_large_image","twitter_misc":{"Escrito por":"Fernando Lima","Est. tempo de leitura":"2 minutos"},"schema":{"@context":"https:\/\/schema.org","@graph":[{"@type":"WebPage","@id":"https:\/\/verdadeon.com.br\/portal\/2021\/06\/25\/alvaro-azzuz-encerra-a-semana-sem-pacientes-intubados\/","url":"https:\/\/verdadeon.com.br\/portal\/2021\/06\/25\/alvaro-azzuz-encerra-a-semana-sem-pacientes-intubados\/","name":"\u00c1lvaro Azzuz encerra a semana sem pacientes intubados - VerdadeOn","isPartOf":{"@id":"https:\/\/verdadeon.com.br\/portal\/#website"},"primaryImageOfPage":{"@id":"https:\/\/verdadeon.com.br\/portal\/2021\/06\/25\/alvaro-azzuz-encerra-a-semana-sem-pacientes-intubados\/#primaryimage"},"image":{"@id":"https:\/\/verdadeon.com.br\/portal\/2021\/06\/25\/alvaro-azzuz-encerra-a-semana-sem-pacientes-intubados\/#primaryimage"},"thumbnailUrl":"https:\/\/i0.wp.com\/verdadeon.com.br\/portal\/wp-content\/uploads\/2020\/03\/Pronto-socorro-de-Franca-Dr-Alvaro-foto-Lindomar-Cailton-5.jpg?fit=1000%2C668&ssl=1","datePublished":"2021-06-25T20:10:16+00:00","author":{"@id":"https:\/\/verdadeon.com.br\/portal\/#\/schema\/person\/cc32be22b8e8599387c480bc83e1d11a"},"breadcrumb":{"@id":"https:\/\/verdadeon.com.br\/portal\/2021\/06\/25\/alvaro-azzuz-encerra-a-semana-sem-pacientes-intubados\/#breadcrumb"},"inLanguage":"pt-BR","potentialAction":[{"@type":"ReadAction","target":["https:\/\/verdadeon.com.br\/portal\/2021\/06\/25\/alvaro-azzuz-encerra-a-semana-sem-pacientes-intubados\/"]}]},{"@type":"ImageObject","inLanguage":"pt-BR","@id":"https:\/\/verdadeon.com.br\/portal\/2021\/06\/25\/alvaro-azzuz-encerra-a-semana-sem-pacientes-intubados\/#primaryimage","url":"https:\/\/i0.wp.com\/verdadeon.com.br\/portal\/wp-content\/uploads\/2020\/03\/Pronto-socorro-de-Franca-Dr-Alvaro-foto-Lindomar-Cailton-5.jpg?fit=1000%2C668&ssl=1","contentUrl":"https:\/\/i0.wp.com\/verdadeon.com.br\/portal\/wp-content\/uploads\/2020\/03\/Pronto-socorro-de-Franca-Dr-Alvaro-foto-Lindomar-Cailton-5.jpg?fit=1000%2C668&ssl=1","width":1000,"height":668,"caption":"Homem morre no Pronto-Socorro ap\u00f3s parada card\u00edaca (\u00a9Jornal Verdade)"},{"@type":"BreadcrumbList","@id":"https:\/\/verdadeon.com.br\/portal\/2021\/06\/25\/alvaro-azzuz-encerra-a-semana-sem-pacientes-intubados\/#breadcrumb","itemListElement":[{"@type":"ListItem","position":1,"name":"In\u00edcio","item":"https:\/\/verdadeon.com.br\/portal\/"},{"@type":"ListItem","position":2,"name":"\u00c1lvaro Azzuz encerra a semana sem pacientes intubados"}]},{"@type":"WebSite","@id":"https:\/\/verdadeon.com.br\/portal\/#website","url":"https:\/\/verdadeon.com.br\/portal\/","name":"VerdadeOn","description":"Not\u00edcias di\u00e1rias sobre Franca, Regi\u00e3o, Esporte, Cultura, Cotidiano, Colunas. Cobertura nos principais eventos da cidade \u00e9 aqui - Verdadeon Franca","potentialAction":[{"@type":"SearchAction","target":{"@type":"EntryPoint","urlTemplate":"https:\/\/verdadeon.com.br\/portal\/?s={search_term_string}"},"query-input":{"@type":"PropertyValueSpecification","valueRequired":true,"valueName":"search_term_string"}}],"inLanguage":"pt-BR"},{"@type":"Person","@id":"https:\/\/verdadeon.com.br\/portal\/#\/schema\/person\/cc32be22b8e8599387c480bc83e1d11a","name":"Fernando Lima","image":{"@type":"ImageObject","inLanguage":"pt-BR","@id":"https:\/\/verdadeon.com.br\/portal\/#\/schema\/person\/image\/","url":"https:\/\/secure.gravatar.com\/avatar\/df4c8e132080d2b3a4841d5d232045464e0eed11a1d6e43115ca0843d48768d3?s=96&d=mm&r=g","contentUrl":"https:\/\/secure.gravatar.com\/avatar\/df4c8e132080d2b3a4841d5d232045464e0eed11a1d6e43115ca0843d48768d3?s=96&d=mm&r=g","caption":"Fernando Lima"},"sameAs":["http:\/\/verdadeon.com.br\/"],"url":"https:\/\/verdadeon.com.br\/portal\/author\/fernando-lima\/"}]}},"jetpack_publicize_connections":[],"jetpack_featured_media_url":"https:\/\/i0.wp.com\/verdadeon.com.br\/portal\/wp-content\/uploads\/2020\/03\/Pronto-socorro-de-Franca-Dr-Alvaro-foto-Lindomar-Cailton-5.jpg?fit=1000%2C668&ssl=1","jetpack_sharing_enabled":true,"_links":{"self":[{"href":"https:\/\/verdadeon.com.br\/portal\/wp-json\/wp\/v2\/posts\/17565","targetHints":{"allow":["GET"]}}],"collection":[{"href":"https:\/\/verdadeon.com.br\/portal\/wp-json\/wp\/v2\/posts"}],"about":[{"href":"https:\/\/verdadeon.com.br\/portal\/wp-json\/wp\/v2\/types\/post"}],"author":[{"embeddable":true,"href":"https:\/\/verdadeon.com.br\/portal\/wp-json\/wp\/v2\/users\/7"}],"replies":[{"embeddable":true,"href":"https:\/\/verdadeon.com.br\/portal\/wp-json\/wp\/v2\/comments?post=17565"}],"version-history":[{"count":0,"href":"https:\/\/verdadeon.com.br\/portal\/wp-json\/wp\/v2\/posts\/17565\/revisions"}],"wp:featuredmedia":[{"embeddable":true,"href":"https:\/\/verdadeon.com.br\/portal\/wp-json\/wp\/v2\/media\/5671"}],"wp:attachment":[{"href":"https:\/\/verdadeon.com.br\/portal\/wp-json\/wp\/v2\/media?parent=17565"}],"wp:term":[{"taxonomy":"category","embeddable":true,"href":"https:\/\/verdadeon.com.br\/portal\/wp-json\/wp\/v2\/categories?post=17565"},{"taxonomy":"post_tag","embeddable":true,"href":"https:\/\/verdadeon.com.br\/portal\/wp-json\/wp\/v2\/tags?post=17565"}],"curies":[{"name":"wp","href":"https:\/\/api.w.org\/{rel}","templated":true}]}}