{"id":17562,"date":"2021-06-25T17:04:03","date_gmt":"2021-06-25T20:04:03","guid":{"rendered":"https:\/\/verdadeon.com.br\/portal\/?p=17562"},"modified":"2021-06-25T17:04:03","modified_gmt":"2021-06-25T20:04:03","slug":"apae-realiza-feijoada-para-compra-de-cestas-basicas-para-familias-atendidas","status":"publish","type":"post","link":"https:\/\/verdadeon.com.br\/portal\/2021\/06\/25\/apae-realiza-feijoada-para-compra-de-cestas-basicas-para-familias-atendidas\/","title":{"rendered":"APAE realiza feijoada para compra de cestas b\u00e1sicas para fam\u00edlias atendidas"},"content":{"rendered":"<h2>Institui\u00e7\u00e3o assiste mais de 400 fam\u00edlias de usu\u00e1rios que\u00a0 passam dificuldades na pandemia<\/h2>\n<p>A APAE de Franca realiza no pr\u00f3ximo domingo (27), a Feijoada da APAE, com o intuito de buscar recursos para compra de cestas b\u00e1sicas para suprir as necessidades b\u00e1sicas das fam\u00edlias atendidas que est\u00e3o vivenciando um momento de vulnerabilidade social agravado pela pandemia pelo covid-19.<\/p>\n<p>O evento ser\u00e1 no formato de drive thru, com toda seguran\u00e7a e seguindo todos os protocolos de preven\u00e7\u00e3o ao covid-19. \u201cEstamos bem pr\u00f3ximos de superar a nossa meta, atingindo 1.600 tickets de feijoada vendidos, restam poucas unidades, se acaso voc\u00ea ainda n\u00e3o reservou entre em contato com o celular\/whatsapp (16) 99969-6358 e prestigie essa a\u00e7\u00e3o\u201d, explicou Agenor Gado, presidente da APAE de Franca.<\/p>\n<p>Agenor contou ainda que todo o valor arrecado ter\u00e1 o fim \u00fanico de comprar as cestas para as fam\u00edlias de usu\u00e1rios da institui\u00e7\u00e3o, que foram atingidas pela situa\u00e7\u00e3o de pandemia. \u201c\u00c9 muita gente que precisa e ent\u00e3o decidimos pela feijoada. S\u00e3o fam\u00edlias simples, necessitadas que precisam dessa ajuda. O valor da feijoada \u00e9 R$ 50 e serve quatro pessoas. Tudo foi pensado de um jeito que vai ser seguro para quem vier colaborar e tamb\u00e9m para nossos colaboradores atrav\u00e9s do drive\u201d, explicou.<\/p>\n<p>A feijoada ser\u00e1 preparada pelo Chef Waldyr Medezani, equipe de cozinheiras da APAE e volunt\u00e1rios, com ingredientes selecionados e o toque especial do Chef Medezani. Cada comprador receber\u00e1 um brinde da Du Safra Arroz e feij\u00f5es: 01 pacote de arroz premium 300g.<\/p>\n<h3>Ajuda em dobro<\/h3>\n<p>A dire\u00e7\u00e3o da APAE explicou ainda que muitas pessoas est\u00e3o comprando os tickets e optando por doar para as fam\u00edlias de pessoas atendidas pela institui\u00e7\u00e3o. \u201cTemos uma colaboradora da APAE, Marilia Gabriella Ribeiro Peres, que participa do projeto social Menino Barsanulfo, no Jardim Aeroporto atendendo crian\u00e7as carentes, que mobilizou a sua rede de amigos para comprar de 30 tickets de feijoada e doar para as fam\u00edlias assistidas pelo projeto social, contribuindo em dose dupla\u201d, contou Agenor Gado.<\/p>\n<p>O Grupo Franca Contra a Fome, liderado pelos m\u00e9dicos Dr. Fernando C\u00e9sar Raymundo e Dr. Rodolfo Chaves Bartocci, est\u00e1 mobilizando a venda de tickets de feijoada para doar para os moradores de rua e institui\u00e7\u00f5es de Franca. At\u00e9 o momento ser\u00e3o beneficiados cerca de 350 moradores de rua.<\/p>\n","protected":false},"excerpt":{"rendered":"<p>Institui\u00e7\u00e3o assiste mais de 400 fam\u00edlias de usu\u00e1rios que\u00a0 passam dificuldades na pandemia A APAE de Franca realiza no pr\u00f3ximo domingo (27), a Feijoada da APAE,<span class=\"excerpt-hellip\"> [\u2026]<\/span><\/p>\n","protected":false},"author":7,"featured_media":17563,"comment_status":"open","ping_status":"open","sticky":false,"template":"","format":"standard","meta":{"_jetpack_memberships_contains_paid_content":false,"footnotes":"","jetpack_publicize_message":"","jetpack_publicize_feature_enabled":true,"jetpack_social_post_already_shared":false,"jetpack_social_options":{"image_generator_settings":{"template":"highway","default_image_id":0,"enabled":false},"version":2}},"categories":[28,81],"tags":[],"class_list":["post-17562","post","type-post","status-publish","format-standard","has-post-thumbnail","hentry","category-cotidiano","category-manchete"],"yoast_head":"<!-- This site is optimized with the Yoast SEO plugin v25.6 - https:\/\/yoast.com\/wordpress\/plugins\/seo\/ -->\n<title>APAE realiza feijoada para compra de cestas b\u00e1sicas para fam\u00edlias atendidas - VerdadeOn<\/title>\n<meta name=\"robots\" content=\"index, follow, max-snippet:-1, max-image-preview:large, max-video-preview:-1\" \/>\n<link rel=\"canonical\" href=\"https:\/\/verdadeon.com.br\/portal\/2021\/06\/25\/apae-realiza-feijoada-para-compra-de-cestas-basicas-para-familias-atendidas\/\" \/>\n<meta property=\"og:locale\" content=\"pt_BR\" \/>\n<meta property=\"og:type\" content=\"article\" \/>\n<meta property=\"og:title\" content=\"APAE realiza feijoada para compra de cestas b\u00e1sicas para fam\u00edlias atendidas - VerdadeOn\" \/>\n<meta property=\"og:description\" content=\"Institui\u00e7\u00e3o assiste mais de 400 fam\u00edlias de usu\u00e1rios que\u00a0 passam dificuldades na pandemia A APAE de Franca realiza no pr\u00f3ximo domingo (27), a Feijoada da APAE, [\u2026]\" \/>\n<meta property=\"og:url\" content=\"https:\/\/verdadeon.com.br\/portal\/2021\/06\/25\/apae-realiza-feijoada-para-compra-de-cestas-basicas-para-familias-atendidas\/\" \/>\n<meta property=\"og:site_name\" content=\"VerdadeOn\" \/>\n<meta property=\"article:published_time\" content=\"2021-06-25T20:04:03+00:00\" \/>\n<meta property=\"og:image\" content=\"https:\/\/verdadeon.com.br\/portal\/wp-content\/uploads\/2021\/06\/APAE-FRANCA.jpeg\" \/>\n\t<meta property=\"og:image:width\" content=\"1280\" \/>\n\t<meta property=\"og:image:height\" content=\"640\" \/>\n\t<meta property=\"og:image:type\" content=\"image\/jpeg\" \/>\n<meta name=\"author\" content=\"Fernando Lima\" \/>\n<meta name=\"twitter:card\" content=\"summary_large_image\" \/>\n<meta name=\"twitter:label1\" content=\"Escrito por\" \/>\n\t<meta name=\"twitter:data1\" content=\"Fernando Lima\" \/>\n\t<meta name=\"twitter:label2\" content=\"Est. tempo de leitura\" \/>\n\t<meta name=\"twitter:data2\" content=\"2 minutos\" \/>\n<script type=\"application\/ld+json\" class=\"yoast-schema-graph\">{\"@context\":\"https:\/\/schema.org\",\"@graph\":[{\"@type\":\"WebPage\",\"@id\":\"https:\/\/verdadeon.com.br\/portal\/2021\/06\/25\/apae-realiza-feijoada-para-compra-de-cestas-basicas-para-familias-atendidas\/\",\"url\":\"https:\/\/verdadeon.com.br\/portal\/2021\/06\/25\/apae-realiza-feijoada-para-compra-de-cestas-basicas-para-familias-atendidas\/\",\"name\":\"APAE realiza feijoada para compra de cestas b\u00e1sicas para fam\u00edlias atendidas - VerdadeOn\",\"isPartOf\":{\"@id\":\"https:\/\/verdadeon.com.br\/portal\/#website\"},\"primaryImageOfPage\":{\"@id\":\"https:\/\/verdadeon.com.br\/portal\/2021\/06\/25\/apae-realiza-feijoada-para-compra-de-cestas-basicas-para-familias-atendidas\/#primaryimage\"},\"image\":{\"@id\":\"https:\/\/verdadeon.com.br\/portal\/2021\/06\/25\/apae-realiza-feijoada-para-compra-de-cestas-basicas-para-familias-atendidas\/#primaryimage\"},\"thumbnailUrl\":\"https:\/\/i0.wp.com\/verdadeon.com.br\/portal\/wp-content\/uploads\/2021\/06\/APAE-FRANCA.jpeg?fit=1280%2C640&ssl=1\",\"datePublished\":\"2021-06-25T20:04:03+00:00\",\"author\":{\"@id\":\"https:\/\/verdadeon.com.br\/portal\/#\/schema\/person\/cc32be22b8e8599387c480bc83e1d11a\"},\"breadcrumb\":{\"@id\":\"https:\/\/verdadeon.com.br\/portal\/2021\/06\/25\/apae-realiza-feijoada-para-compra-de-cestas-basicas-para-familias-atendidas\/#breadcrumb\"},\"inLanguage\":\"pt-BR\",\"potentialAction\":[{\"@type\":\"ReadAction\",\"target\":[\"https:\/\/verdadeon.com.br\/portal\/2021\/06\/25\/apae-realiza-feijoada-para-compra-de-cestas-basicas-para-familias-atendidas\/\"]}]},{\"@type\":\"ImageObject\",\"inLanguage\":\"pt-BR\",\"@id\":\"https:\/\/verdadeon.com.br\/portal\/2021\/06\/25\/apae-realiza-feijoada-para-compra-de-cestas-basicas-para-familias-atendidas\/#primaryimage\",\"url\":\"https:\/\/i0.wp.com\/verdadeon.com.br\/portal\/wp-content\/uploads\/2021\/06\/APAE-FRANCA.jpeg?fit=1280%2C640&ssl=1\",\"contentUrl\":\"https:\/\/i0.wp.com\/verdadeon.com.br\/portal\/wp-content\/uploads\/2021\/06\/APAE-FRANCA.jpeg?fit=1280%2C640&ssl=1\",\"width\":1280,\"height\":640,\"caption\":\"Retirada ser\u00e1 feita no domingo das 11h at\u00e9 \u00e0s 13h30, na porta do refeit\u00f3rio da APAE | Foto: Fernando Lima\"},{\"@type\":\"BreadcrumbList\",\"@id\":\"https:\/\/verdadeon.com.br\/portal\/2021\/06\/25\/apae-realiza-feijoada-para-compra-de-cestas-basicas-para-familias-atendidas\/#breadcrumb\",\"itemListElement\":[{\"@type\":\"ListItem\",\"position\":1,\"name\":\"In\u00edcio\",\"item\":\"https:\/\/verdadeon.com.br\/portal\/\"},{\"@type\":\"ListItem\",\"position\":2,\"name\":\"APAE realiza feijoada para compra de cestas b\u00e1sicas para fam\u00edlias atendidas\"}]},{\"@type\":\"WebSite\",\"@id\":\"https:\/\/verdadeon.com.br\/portal\/#website\",\"url\":\"https:\/\/verdadeon.com.br\/portal\/\",\"name\":\"VerdadeOn\",\"description\":\"Not\u00edcias di\u00e1rias sobre Franca, Regi\u00e3o, Esporte, Cultura, Cotidiano, Colunas. Cobertura nos principais eventos da cidade \u00e9 aqui - Verdadeon Franca\",\"potentialAction\":[{\"@type\":\"SearchAction\",\"target\":{\"@type\":\"EntryPoint\",\"urlTemplate\":\"https:\/\/verdadeon.com.br\/portal\/?s={search_term_string}\"},\"query-input\":{\"@type\":\"PropertyValueSpecification\",\"valueRequired\":true,\"valueName\":\"search_term_string\"}}],\"inLanguage\":\"pt-BR\"},{\"@type\":\"Person\",\"@id\":\"https:\/\/verdadeon.com.br\/portal\/#\/schema\/person\/cc32be22b8e8599387c480bc83e1d11a\",\"name\":\"Fernando Lima\",\"image\":{\"@type\":\"ImageObject\",\"inLanguage\":\"pt-BR\",\"@id\":\"https:\/\/verdadeon.com.br\/portal\/#\/schema\/person\/image\/\",\"url\":\"https:\/\/secure.gravatar.com\/avatar\/df4c8e132080d2b3a4841d5d232045464e0eed11a1d6e43115ca0843d48768d3?s=96&d=mm&r=g\",\"contentUrl\":\"https:\/\/secure.gravatar.com\/avatar\/df4c8e132080d2b3a4841d5d232045464e0eed11a1d6e43115ca0843d48768d3?s=96&d=mm&r=g\",\"caption\":\"Fernando Lima\"},\"sameAs\":[\"http:\/\/verdadeon.com.br\/\"],\"url\":\"https:\/\/verdadeon.com.br\/portal\/author\/fernando-lima\/\"}]}<\/script>\n<!-- \/ Yoast SEO plugin. -->","yoast_head_json":{"title":"APAE realiza feijoada para compra de cestas b\u00e1sicas para fam\u00edlias atendidas - VerdadeOn","robots":{"index":"index","follow":"follow","max-snippet":"max-snippet:-1","max-image-preview":"max-image-preview:large","max-video-preview":"max-video-preview:-1"},"canonical":"https:\/\/verdadeon.com.br\/portal\/2021\/06\/25\/apae-realiza-feijoada-para-compra-de-cestas-basicas-para-familias-atendidas\/","og_locale":"pt_BR","og_type":"article","og_title":"APAE realiza feijoada para compra de cestas b\u00e1sicas para fam\u00edlias atendidas - VerdadeOn","og_description":"Institui\u00e7\u00e3o assiste mais de 400 fam\u00edlias de usu\u00e1rios que\u00a0 passam dificuldades na pandemia A APAE de Franca realiza no pr\u00f3ximo domingo (27), a Feijoada da APAE, [\u2026]","og_url":"https:\/\/verdadeon.com.br\/portal\/2021\/06\/25\/apae-realiza-feijoada-para-compra-de-cestas-basicas-para-familias-atendidas\/","og_site_name":"VerdadeOn","article_published_time":"2021-06-25T20:04:03+00:00","og_image":[{"width":1280,"height":640,"url":"https:\/\/verdadeon.com.br\/portal\/wp-content\/uploads\/2021\/06\/APAE-FRANCA.jpeg","type":"image\/jpeg"}],"author":"Fernando Lima","twitter_card":"summary_large_image","twitter_misc":{"Escrito por":"Fernando Lima","Est. tempo de leitura":"2 minutos"},"schema":{"@context":"https:\/\/schema.org","@graph":[{"@type":"WebPage","@id":"https:\/\/verdadeon.com.br\/portal\/2021\/06\/25\/apae-realiza-feijoada-para-compra-de-cestas-basicas-para-familias-atendidas\/","url":"https:\/\/verdadeon.com.br\/portal\/2021\/06\/25\/apae-realiza-feijoada-para-compra-de-cestas-basicas-para-familias-atendidas\/","name":"APAE realiza feijoada para compra de cestas b\u00e1sicas para fam\u00edlias atendidas - VerdadeOn","isPartOf":{"@id":"https:\/\/verdadeon.com.br\/portal\/#website"},"primaryImageOfPage":{"@id":"https:\/\/verdadeon.com.br\/portal\/2021\/06\/25\/apae-realiza-feijoada-para-compra-de-cestas-basicas-para-familias-atendidas\/#primaryimage"},"image":{"@id":"https:\/\/verdadeon.com.br\/portal\/2021\/06\/25\/apae-realiza-feijoada-para-compra-de-cestas-basicas-para-familias-atendidas\/#primaryimage"},"thumbnailUrl":"https:\/\/i0.wp.com\/verdadeon.com.br\/portal\/wp-content\/uploads\/2021\/06\/APAE-FRANCA.jpeg?fit=1280%2C640&ssl=1","datePublished":"2021-06-25T20:04:03+00:00","author":{"@id":"https:\/\/verdadeon.com.br\/portal\/#\/schema\/person\/cc32be22b8e8599387c480bc83e1d11a"},"breadcrumb":{"@id":"https:\/\/verdadeon.com.br\/portal\/2021\/06\/25\/apae-realiza-feijoada-para-compra-de-cestas-basicas-para-familias-atendidas\/#breadcrumb"},"inLanguage":"pt-BR","potentialAction":[{"@type":"ReadAction","target":["https:\/\/verdadeon.com.br\/portal\/2021\/06\/25\/apae-realiza-feijoada-para-compra-de-cestas-basicas-para-familias-atendidas\/"]}]},{"@type":"ImageObject","inLanguage":"pt-BR","@id":"https:\/\/verdadeon.com.br\/portal\/2021\/06\/25\/apae-realiza-feijoada-para-compra-de-cestas-basicas-para-familias-atendidas\/#primaryimage","url":"https:\/\/i0.wp.com\/verdadeon.com.br\/portal\/wp-content\/uploads\/2021\/06\/APAE-FRANCA.jpeg?fit=1280%2C640&ssl=1","contentUrl":"https:\/\/i0.wp.com\/verdadeon.com.br\/portal\/wp-content\/uploads\/2021\/06\/APAE-FRANCA.jpeg?fit=1280%2C640&ssl=1","width":1280,"height":640,"caption":"Retirada ser\u00e1 feita no domingo das 11h at\u00e9 \u00e0s 13h30, na porta do refeit\u00f3rio da APAE | Foto: Fernando Lima"},{"@type":"BreadcrumbList","@id":"https:\/\/verdadeon.com.br\/portal\/2021\/06\/25\/apae-realiza-feijoada-para-compra-de-cestas-basicas-para-familias-atendidas\/#breadcrumb","itemListElement":[{"@type":"ListItem","position":1,"name":"In\u00edcio","item":"https:\/\/verdadeon.com.br\/portal\/"},{"@type":"ListItem","position":2,"name":"APAE realiza feijoada para compra de cestas b\u00e1sicas para fam\u00edlias atendidas"}]},{"@type":"WebSite","@id":"https:\/\/verdadeon.com.br\/portal\/#website","url":"https:\/\/verdadeon.com.br\/portal\/","name":"VerdadeOn","description":"Not\u00edcias di\u00e1rias sobre Franca, Regi\u00e3o, Esporte, Cultura, Cotidiano, Colunas. Cobertura nos principais eventos da cidade \u00e9 aqui - Verdadeon Franca","potentialAction":[{"@type":"SearchAction","target":{"@type":"EntryPoint","urlTemplate":"https:\/\/verdadeon.com.br\/portal\/?s={search_term_string}"},"query-input":{"@type":"PropertyValueSpecification","valueRequired":true,"valueName":"search_term_string"}}],"inLanguage":"pt-BR"},{"@type":"Person","@id":"https:\/\/verdadeon.com.br\/portal\/#\/schema\/person\/cc32be22b8e8599387c480bc83e1d11a","name":"Fernando Lima","image":{"@type":"ImageObject","inLanguage":"pt-BR","@id":"https:\/\/verdadeon.com.br\/portal\/#\/schema\/person\/image\/","url":"https:\/\/secure.gravatar.com\/avatar\/df4c8e132080d2b3a4841d5d232045464e0eed11a1d6e43115ca0843d48768d3?s=96&d=mm&r=g","contentUrl":"https:\/\/secure.gravatar.com\/avatar\/df4c8e132080d2b3a4841d5d232045464e0eed11a1d6e43115ca0843d48768d3?s=96&d=mm&r=g","caption":"Fernando Lima"},"sameAs":["http:\/\/verdadeon.com.br\/"],"url":"https:\/\/verdadeon.com.br\/portal\/author\/fernando-lima\/"}]}},"jetpack_publicize_connections":[],"jetpack_featured_media_url":"https:\/\/i0.wp.com\/verdadeon.com.br\/portal\/wp-content\/uploads\/2021\/06\/APAE-FRANCA.jpeg?fit=1280%2C640&ssl=1","jetpack_sharing_enabled":true,"_links":{"self":[{"href":"https:\/\/verdadeon.com.br\/portal\/wp-json\/wp\/v2\/posts\/17562","targetHints":{"allow":["GET"]}}],"collection":[{"href":"https:\/\/verdadeon.com.br\/portal\/wp-json\/wp\/v2\/posts"}],"about":[{"href":"https:\/\/verdadeon.com.br\/portal\/wp-json\/wp\/v2\/types\/post"}],"author":[{"embeddable":true,"href":"https:\/\/verdadeon.com.br\/portal\/wp-json\/wp\/v2\/users\/7"}],"replies":[{"embeddable":true,"href":"https:\/\/verdadeon.com.br\/portal\/wp-json\/wp\/v2\/comments?post=17562"}],"version-history":[{"count":0,"href":"https:\/\/verdadeon.com.br\/portal\/wp-json\/wp\/v2\/posts\/17562\/revisions"}],"wp:featuredmedia":[{"embeddable":true,"href":"https:\/\/verdadeon.com.br\/portal\/wp-json\/wp\/v2\/media\/17563"}],"wp:attachment":[{"href":"https:\/\/verdadeon.com.br\/portal\/wp-json\/wp\/v2\/media?parent=17562"}],"wp:term":[{"taxonomy":"category","embeddable":true,"href":"https:\/\/verdadeon.com.br\/portal\/wp-json\/wp\/v2\/categories?post=17562"},{"taxonomy":"post_tag","embeddable":true,"href":"https:\/\/verdadeon.com.br\/portal\/wp-json\/wp\/v2\/tags?post=17562"}],"curies":[{"name":"wp","href":"https:\/\/api.w.org\/{rel}","templated":true}]}}