{"id":17546,"date":"2021-06-24T17:06:48","date_gmt":"2021-06-24T20:06:48","guid":{"rendered":"https:\/\/verdadeon.com.br\/portal\/?p=17546"},"modified":"2021-06-24T17:06:48","modified_gmt":"2021-06-24T20:06:48","slug":"camara-de-franca-aplaude-30-anos-de-trabalho-de-roberto-engler","status":"publish","type":"post","link":"https:\/\/verdadeon.com.br\/portal\/2021\/06\/24\/camara-de-franca-aplaude-30-anos-de-trabalho-de-roberto-engler\/","title":{"rendered":"C\u00e2mara de Franca aplaude 30 anos de trabalho de Roberto Engler"},"content":{"rendered":"<h2>Mo\u00e7\u00e3o de aplausos aprovada pela Casa de Leis foi entregue ao deputado<\/h2>\n<p>A C\u00e2mara Municipal de Franca reconheceu os rec\u00e9m-completados 30 anos de trabalho do deputado estadual Roberto Engler (PSB) como representante da cidade e da regi\u00e3o na Assembleia Legislativa do Estado de S\u00e3o Paulo.<\/p>\n<p>Mo\u00e7\u00e3o de aplausos proposta pelo vereador Daniel Bassi (PSDB) foi entregue ao parlamentar na segunda-feira (21).<\/p>\n<p>Bassi e os vereadores Donizete da Farm\u00e1cia (MDB) Lindsay Cardoso (Cidadania), Lurdinha Granzotte (PSL) e Ronaldo Carvalho (Cidadania) foram os portadores da placa que simboliza a mo\u00e7\u00e3o.<\/p>\n<p>\u201c\u00c9 um gesto que emociona. Agrade\u00e7o demais ao amigo Daniel Bassi, pela carinhosa iniciativa, e aos demais vereadores, que a aprovaram de forma un\u00e2nime. Esse tipo de a\u00e7\u00e3o serve como incentivo pra gente continuar batalhando pelos interesse da nossa cidade\u201d, revela o deputado estadual Roberto Engler.<\/p>\n<p>Em mar\u00e7o \u00faltimo, o parlamentar completou 30 anos consecutivos de mandato na Assembleia Legislativa.<\/p>\n<p>Ao longo dessas tr\u00eas d\u00e9cadas, teve participa\u00e7\u00e3o em praticamente todas as grandes realiza\u00e7\u00f5es promovidas pelo Governo do Estado de S\u00e3o Paulo em Franca e regi\u00e3o.<\/p>\n<p>\u201cA figura do deputado Roberto Engler \u00e9 motivo de admira\u00e7\u00e3o e respeito. Fiz parte da sua equipe por quase quatro anos e sei a forma correta com que ele atua. Acredito que esse reconhecimento era mais do que necess\u00e1rio e fico feliz de ter sido o autor da mo\u00e7\u00e3o aprovada por todos os colegas da C\u00e2mara Municipal de Franca\u201d, afirma o vereador Daniel Bassi.<\/p>\n<p>\u201cDatas marcantes como essa, ainda mais com o registro que a mo\u00e7\u00e3o aprovada significa, acabam provocando uma reflex\u00e3o e a gente se lembra de tanta coisa que j\u00e1 aconteceu. Boas conquistas alcan\u00e7adas, outras em que a gente n\u00e3o teve o sucesso que queria. Mas o fato \u00e9 que a gente vem construindo h\u00e1 muito tempo uma hist\u00f3ria bonita de trabalho\u201d, diz Roberto Engler.<\/p>\n<p>Hist\u00f3ria de trabalho<\/p>\n<p>V\u00e1rios equipamentos e servi\u00e7os p\u00fablicos constam da ficha de servi\u00e7os prestados pelo deputado a Franca e regi\u00e3o, como AME, Poupatempo, Bom Prato, obras em rodovias, constru\u00e7\u00e3o e reformas de escolas e unidades de sa\u00fade, entre outros.<\/p>\n<p>E Engler segue buscando melhorias nos dias atuais. Recentemente, anunciou emendas de R$ 1,5 milh\u00e3o para a sa\u00fade em Franca e munic\u00edpios vizinhos.<\/p>\n<p>A Santa Casa de Franca e o Hospital Allan Kardec est\u00e3o entre os contemplados, com emendas para investir na compra de equipamentos para melhor atender os usu\u00e1rios do SUS.<\/p>\n","protected":false},"excerpt":{"rendered":"<p>Mo\u00e7\u00e3o de aplausos aprovada pela Casa de Leis foi entregue ao deputado A C\u00e2mara Municipal de Franca reconheceu os rec\u00e9m-completados 30 anos de trabalho do deputado<span class=\"excerpt-hellip\"> [\u2026]<\/span><\/p>\n","protected":false},"author":4,"featured_media":17547,"comment_status":"open","ping_status":"open","sticky":false,"template":"","format":"standard","meta":{"_jetpack_memberships_contains_paid_content":false,"footnotes":"","jetpack_publicize_message":"","jetpack_publicize_feature_enabled":true,"jetpack_social_post_already_shared":false,"jetpack_social_options":{"image_generator_settings":{"template":"highway","default_image_id":0,"enabled":false},"version":2}},"categories":[28],"tags":[],"class_list":["post-17546","post","type-post","status-publish","format-standard","has-post-thumbnail","hentry","category-cotidiano"],"yoast_head":"<!-- This site is optimized with the Yoast SEO plugin v25.6 - https:\/\/yoast.com\/wordpress\/plugins\/seo\/ -->\n<title>C\u00e2mara de Franca aplaude 30 anos de trabalho de Roberto Engler - VerdadeOn<\/title>\n<meta name=\"robots\" content=\"index, follow, max-snippet:-1, max-image-preview:large, max-video-preview:-1\" \/>\n<link rel=\"canonical\" href=\"https:\/\/verdadeon.com.br\/portal\/2021\/06\/24\/camara-de-franca-aplaude-30-anos-de-trabalho-de-roberto-engler\/\" \/>\n<meta property=\"og:locale\" content=\"pt_BR\" \/>\n<meta property=\"og:type\" content=\"article\" \/>\n<meta property=\"og:title\" content=\"C\u00e2mara de Franca aplaude 30 anos de trabalho de Roberto Engler - VerdadeOn\" \/>\n<meta property=\"og:description\" content=\"Mo\u00e7\u00e3o de aplausos aprovada pela Casa de Leis foi entregue ao deputado A C\u00e2mara Municipal de Franca reconheceu os rec\u00e9m-completados 30 anos de trabalho do deputado [\u2026]\" \/>\n<meta property=\"og:url\" content=\"https:\/\/verdadeon.com.br\/portal\/2021\/06\/24\/camara-de-franca-aplaude-30-anos-de-trabalho-de-roberto-engler\/\" \/>\n<meta property=\"og:site_name\" content=\"VerdadeOn\" \/>\n<meta property=\"article:published_time\" content=\"2021-06-24T20:06:48+00:00\" \/>\n<meta property=\"og:image\" content=\"https:\/\/verdadeon.com.br\/portal\/wp-content\/uploads\/2021\/06\/WhatsApp-Image-2021-06-24-at-17.01.45.jpeg\" \/>\n\t<meta property=\"og:image:width\" content=\"1000\" \/>\n\t<meta property=\"og:image:height\" content=\"670\" \/>\n\t<meta property=\"og:image:type\" content=\"image\/jpeg\" \/>\n<meta name=\"author\" content=\"Fernando Calixto\" \/>\n<meta name=\"twitter:card\" content=\"summary_large_image\" \/>\n<meta name=\"twitter:label1\" content=\"Escrito por\" \/>\n\t<meta name=\"twitter:data1\" content=\"Fernando Calixto\" \/>\n\t<meta name=\"twitter:label2\" content=\"Est. tempo de leitura\" \/>\n\t<meta name=\"twitter:data2\" content=\"2 minutos\" \/>\n<script type=\"application\/ld+json\" class=\"yoast-schema-graph\">{\"@context\":\"https:\/\/schema.org\",\"@graph\":[{\"@type\":\"WebPage\",\"@id\":\"https:\/\/verdadeon.com.br\/portal\/2021\/06\/24\/camara-de-franca-aplaude-30-anos-de-trabalho-de-roberto-engler\/\",\"url\":\"https:\/\/verdadeon.com.br\/portal\/2021\/06\/24\/camara-de-franca-aplaude-30-anos-de-trabalho-de-roberto-engler\/\",\"name\":\"C\u00e2mara de Franca aplaude 30 anos de trabalho de Roberto Engler - VerdadeOn\",\"isPartOf\":{\"@id\":\"https:\/\/verdadeon.com.br\/portal\/#website\"},\"primaryImageOfPage\":{\"@id\":\"https:\/\/verdadeon.com.br\/portal\/2021\/06\/24\/camara-de-franca-aplaude-30-anos-de-trabalho-de-roberto-engler\/#primaryimage\"},\"image\":{\"@id\":\"https:\/\/verdadeon.com.br\/portal\/2021\/06\/24\/camara-de-franca-aplaude-30-anos-de-trabalho-de-roberto-engler\/#primaryimage\"},\"thumbnailUrl\":\"https:\/\/i0.wp.com\/verdadeon.com.br\/portal\/wp-content\/uploads\/2021\/06\/WhatsApp-Image-2021-06-24-at-17.01.45.jpeg?fit=1000%2C670&ssl=1\",\"datePublished\":\"2021-06-24T20:06:48+00:00\",\"author\":{\"@id\":\"https:\/\/verdadeon.com.br\/portal\/#\/schema\/person\/8994718f49ee62ba5610471e29ca1f62\"},\"breadcrumb\":{\"@id\":\"https:\/\/verdadeon.com.br\/portal\/2021\/06\/24\/camara-de-franca-aplaude-30-anos-de-trabalho-de-roberto-engler\/#breadcrumb\"},\"inLanguage\":\"pt-BR\",\"potentialAction\":[{\"@type\":\"ReadAction\",\"target\":[\"https:\/\/verdadeon.com.br\/portal\/2021\/06\/24\/camara-de-franca-aplaude-30-anos-de-trabalho-de-roberto-engler\/\"]}]},{\"@type\":\"ImageObject\",\"inLanguage\":\"pt-BR\",\"@id\":\"https:\/\/verdadeon.com.br\/portal\/2021\/06\/24\/camara-de-franca-aplaude-30-anos-de-trabalho-de-roberto-engler\/#primaryimage\",\"url\":\"https:\/\/i0.wp.com\/verdadeon.com.br\/portal\/wp-content\/uploads\/2021\/06\/WhatsApp-Image-2021-06-24-at-17.01.45.jpeg?fit=1000%2C670&ssl=1\",\"contentUrl\":\"https:\/\/i0.wp.com\/verdadeon.com.br\/portal\/wp-content\/uploads\/2021\/06\/WhatsApp-Image-2021-06-24-at-17.01.45.jpeg?fit=1000%2C670&ssl=1\",\"width\":1000,\"height\":670,\"caption\":\"Vereadores Donizete da Farm\u00e1cia, Ronaldo Carvalho, Lindsay Cardoso, Daniel Bassi e Lurdinha Granzotte entregam mo\u00e7\u00e3o pelos 30 anos de mandato de deputado estadual a Roberto Engler\"},{\"@type\":\"BreadcrumbList\",\"@id\":\"https:\/\/verdadeon.com.br\/portal\/2021\/06\/24\/camara-de-franca-aplaude-30-anos-de-trabalho-de-roberto-engler\/#breadcrumb\",\"itemListElement\":[{\"@type\":\"ListItem\",\"position\":1,\"name\":\"In\u00edcio\",\"item\":\"https:\/\/verdadeon.com.br\/portal\/\"},{\"@type\":\"ListItem\",\"position\":2,\"name\":\"C\u00e2mara de Franca aplaude 30 anos de trabalho de Roberto Engler\"}]},{\"@type\":\"WebSite\",\"@id\":\"https:\/\/verdadeon.com.br\/portal\/#website\",\"url\":\"https:\/\/verdadeon.com.br\/portal\/\",\"name\":\"VerdadeOn\",\"description\":\"Not\u00edcias di\u00e1rias sobre Franca, Regi\u00e3o, Esporte, Cultura, Cotidiano, Colunas. Cobertura nos principais eventos da cidade \u00e9 aqui - Verdadeon Franca\",\"potentialAction\":[{\"@type\":\"SearchAction\",\"target\":{\"@type\":\"EntryPoint\",\"urlTemplate\":\"https:\/\/verdadeon.com.br\/portal\/?s={search_term_string}\"},\"query-input\":{\"@type\":\"PropertyValueSpecification\",\"valueRequired\":true,\"valueName\":\"search_term_string\"}}],\"inLanguage\":\"pt-BR\"},{\"@type\":\"Person\",\"@id\":\"https:\/\/verdadeon.com.br\/portal\/#\/schema\/person\/8994718f49ee62ba5610471e29ca1f62\",\"name\":\"Fernando Calixto\",\"image\":{\"@type\":\"ImageObject\",\"inLanguage\":\"pt-BR\",\"@id\":\"https:\/\/verdadeon.com.br\/portal\/#\/schema\/person\/image\/\",\"url\":\"https:\/\/secure.gravatar.com\/avatar\/7578910c24966c0316c340f9dbd601e93ee9f9212e1033968b367af9306bd9fb?s=96&d=mm&r=g\",\"contentUrl\":\"https:\/\/secure.gravatar.com\/avatar\/7578910c24966c0316c340f9dbd601e93ee9f9212e1033968b367af9306bd9fb?s=96&d=mm&r=g\",\"caption\":\"Fernando Calixto\"},\"url\":\"https:\/\/verdadeon.com.br\/portal\/author\/fernando-calixto\/\"}]}<\/script>\n<!-- \/ Yoast SEO plugin. -->","yoast_head_json":{"title":"C\u00e2mara de Franca aplaude 30 anos de trabalho de Roberto Engler - VerdadeOn","robots":{"index":"index","follow":"follow","max-snippet":"max-snippet:-1","max-image-preview":"max-image-preview:large","max-video-preview":"max-video-preview:-1"},"canonical":"https:\/\/verdadeon.com.br\/portal\/2021\/06\/24\/camara-de-franca-aplaude-30-anos-de-trabalho-de-roberto-engler\/","og_locale":"pt_BR","og_type":"article","og_title":"C\u00e2mara de Franca aplaude 30 anos de trabalho de Roberto Engler - VerdadeOn","og_description":"Mo\u00e7\u00e3o de aplausos aprovada pela Casa de Leis foi entregue ao deputado A C\u00e2mara Municipal de Franca reconheceu os rec\u00e9m-completados 30 anos de trabalho do deputado [\u2026]","og_url":"https:\/\/verdadeon.com.br\/portal\/2021\/06\/24\/camara-de-franca-aplaude-30-anos-de-trabalho-de-roberto-engler\/","og_site_name":"VerdadeOn","article_published_time":"2021-06-24T20:06:48+00:00","og_image":[{"width":1000,"height":670,"url":"https:\/\/verdadeon.com.br\/portal\/wp-content\/uploads\/2021\/06\/WhatsApp-Image-2021-06-24-at-17.01.45.jpeg","type":"image\/jpeg"}],"author":"Fernando Calixto","twitter_card":"summary_large_image","twitter_misc":{"Escrito por":"Fernando Calixto","Est. tempo de leitura":"2 minutos"},"schema":{"@context":"https:\/\/schema.org","@graph":[{"@type":"WebPage","@id":"https:\/\/verdadeon.com.br\/portal\/2021\/06\/24\/camara-de-franca-aplaude-30-anos-de-trabalho-de-roberto-engler\/","url":"https:\/\/verdadeon.com.br\/portal\/2021\/06\/24\/camara-de-franca-aplaude-30-anos-de-trabalho-de-roberto-engler\/","name":"C\u00e2mara de Franca aplaude 30 anos de trabalho de Roberto Engler - VerdadeOn","isPartOf":{"@id":"https:\/\/verdadeon.com.br\/portal\/#website"},"primaryImageOfPage":{"@id":"https:\/\/verdadeon.com.br\/portal\/2021\/06\/24\/camara-de-franca-aplaude-30-anos-de-trabalho-de-roberto-engler\/#primaryimage"},"image":{"@id":"https:\/\/verdadeon.com.br\/portal\/2021\/06\/24\/camara-de-franca-aplaude-30-anos-de-trabalho-de-roberto-engler\/#primaryimage"},"thumbnailUrl":"https:\/\/i0.wp.com\/verdadeon.com.br\/portal\/wp-content\/uploads\/2021\/06\/WhatsApp-Image-2021-06-24-at-17.01.45.jpeg?fit=1000%2C670&ssl=1","datePublished":"2021-06-24T20:06:48+00:00","author":{"@id":"https:\/\/verdadeon.com.br\/portal\/#\/schema\/person\/8994718f49ee62ba5610471e29ca1f62"},"breadcrumb":{"@id":"https:\/\/verdadeon.com.br\/portal\/2021\/06\/24\/camara-de-franca-aplaude-30-anos-de-trabalho-de-roberto-engler\/#breadcrumb"},"inLanguage":"pt-BR","potentialAction":[{"@type":"ReadAction","target":["https:\/\/verdadeon.com.br\/portal\/2021\/06\/24\/camara-de-franca-aplaude-30-anos-de-trabalho-de-roberto-engler\/"]}]},{"@type":"ImageObject","inLanguage":"pt-BR","@id":"https:\/\/verdadeon.com.br\/portal\/2021\/06\/24\/camara-de-franca-aplaude-30-anos-de-trabalho-de-roberto-engler\/#primaryimage","url":"https:\/\/i0.wp.com\/verdadeon.com.br\/portal\/wp-content\/uploads\/2021\/06\/WhatsApp-Image-2021-06-24-at-17.01.45.jpeg?fit=1000%2C670&ssl=1","contentUrl":"https:\/\/i0.wp.com\/verdadeon.com.br\/portal\/wp-content\/uploads\/2021\/06\/WhatsApp-Image-2021-06-24-at-17.01.45.jpeg?fit=1000%2C670&ssl=1","width":1000,"height":670,"caption":"Vereadores Donizete da Farm\u00e1cia, Ronaldo Carvalho, Lindsay Cardoso, Daniel Bassi e Lurdinha Granzotte entregam mo\u00e7\u00e3o pelos 30 anos de mandato de deputado estadual a Roberto Engler"},{"@type":"BreadcrumbList","@id":"https:\/\/verdadeon.com.br\/portal\/2021\/06\/24\/camara-de-franca-aplaude-30-anos-de-trabalho-de-roberto-engler\/#breadcrumb","itemListElement":[{"@type":"ListItem","position":1,"name":"In\u00edcio","item":"https:\/\/verdadeon.com.br\/portal\/"},{"@type":"ListItem","position":2,"name":"C\u00e2mara de Franca aplaude 30 anos de trabalho de Roberto Engler"}]},{"@type":"WebSite","@id":"https:\/\/verdadeon.com.br\/portal\/#website","url":"https:\/\/verdadeon.com.br\/portal\/","name":"VerdadeOn","description":"Not\u00edcias di\u00e1rias sobre Franca, Regi\u00e3o, Esporte, Cultura, Cotidiano, Colunas. Cobertura nos principais eventos da cidade \u00e9 aqui - Verdadeon Franca","potentialAction":[{"@type":"SearchAction","target":{"@type":"EntryPoint","urlTemplate":"https:\/\/verdadeon.com.br\/portal\/?s={search_term_string}"},"query-input":{"@type":"PropertyValueSpecification","valueRequired":true,"valueName":"search_term_string"}}],"inLanguage":"pt-BR"},{"@type":"Person","@id":"https:\/\/verdadeon.com.br\/portal\/#\/schema\/person\/8994718f49ee62ba5610471e29ca1f62","name":"Fernando Calixto","image":{"@type":"ImageObject","inLanguage":"pt-BR","@id":"https:\/\/verdadeon.com.br\/portal\/#\/schema\/person\/image\/","url":"https:\/\/secure.gravatar.com\/avatar\/7578910c24966c0316c340f9dbd601e93ee9f9212e1033968b367af9306bd9fb?s=96&d=mm&r=g","contentUrl":"https:\/\/secure.gravatar.com\/avatar\/7578910c24966c0316c340f9dbd601e93ee9f9212e1033968b367af9306bd9fb?s=96&d=mm&r=g","caption":"Fernando Calixto"},"url":"https:\/\/verdadeon.com.br\/portal\/author\/fernando-calixto\/"}]}},"jetpack_publicize_connections":[],"jetpack_featured_media_url":"https:\/\/i0.wp.com\/verdadeon.com.br\/portal\/wp-content\/uploads\/2021\/06\/WhatsApp-Image-2021-06-24-at-17.01.45.jpeg?fit=1000%2C670&ssl=1","jetpack_sharing_enabled":true,"_links":{"self":[{"href":"https:\/\/verdadeon.com.br\/portal\/wp-json\/wp\/v2\/posts\/17546","targetHints":{"allow":["GET"]}}],"collection":[{"href":"https:\/\/verdadeon.com.br\/portal\/wp-json\/wp\/v2\/posts"}],"about":[{"href":"https:\/\/verdadeon.com.br\/portal\/wp-json\/wp\/v2\/types\/post"}],"author":[{"embeddable":true,"href":"https:\/\/verdadeon.com.br\/portal\/wp-json\/wp\/v2\/users\/4"}],"replies":[{"embeddable":true,"href":"https:\/\/verdadeon.com.br\/portal\/wp-json\/wp\/v2\/comments?post=17546"}],"version-history":[{"count":0,"href":"https:\/\/verdadeon.com.br\/portal\/wp-json\/wp\/v2\/posts\/17546\/revisions"}],"wp:featuredmedia":[{"embeddable":true,"href":"https:\/\/verdadeon.com.br\/portal\/wp-json\/wp\/v2\/media\/17547"}],"wp:attachment":[{"href":"https:\/\/verdadeon.com.br\/portal\/wp-json\/wp\/v2\/media?parent=17546"}],"wp:term":[{"taxonomy":"category","embeddable":true,"href":"https:\/\/verdadeon.com.br\/portal\/wp-json\/wp\/v2\/categories?post=17546"},{"taxonomy":"post_tag","embeddable":true,"href":"https:\/\/verdadeon.com.br\/portal\/wp-json\/wp\/v2\/tags?post=17546"}],"curies":[{"name":"wp","href":"https:\/\/api.w.org\/{rel}","templated":true}]}}