{"id":17543,"date":"2021-06-24T16:44:50","date_gmt":"2021-06-24T19:44:50","guid":{"rendered":"https:\/\/verdadeon.com.br\/portal\/?p=17543"},"modified":"2021-06-24T16:44:50","modified_gmt":"2021-06-24T19:44:50","slug":"batatais-realiza-mutirao-de-vacinacao-contra-a-covid-19-no-sabado","status":"publish","type":"post","link":"https:\/\/verdadeon.com.br\/portal\/2021\/06\/24\/batatais-realiza-mutirao-de-vacinacao-contra-a-covid-19-no-sabado\/","title":{"rendered":"Batatais realiza mutir\u00e3o de vacina\u00e7\u00e3o contra a covid-19 no s\u00e1bado"},"content":{"rendered":"<h2>Pessoas acima dos 43 anos ser\u00e3o atendidas, expectativa \u00e9 imunizar cerca de 2 mil moradores<\/h2>\n<p>Acontece no pr\u00f3ximo s\u00e1bado (26), mais um mutir\u00e3o de vacina\u00e7\u00e3o contra a covid-19 em Batatais na regi\u00e3o de Franca. A aplica\u00e7\u00e3o vai acontecer no Claretiano, das 9h \u00e0s 16h, o Centro Universit\u00e1rio est\u00e1 cedendo seu gin\u00e1sio de esportes para receber cerca de duas mil pessoas neste dia.<\/p>\n<p>A Secretaria Municipal de Sa\u00fade de Batatais abriu, nos \u00faltimos dias, o cadastro on-line para a vacina\u00e7\u00e3o contra a Covid -19 para o p\u00fablico geral com idades de 43 a 59 anos. Todas as pessoas, nesta idade, que fizeram o cadastro on-line ser\u00e3o imunizadas, \u00e9 muito importante lembrar que as doses ser\u00e3o aplicadas somente nas pessoas que fizeram o agendamento on-line e que apresentarem a documenta\u00e7\u00e3o solicitada pela Secretaria de Sa\u00fade: RG, CPF, comprovante de endere\u00e7o atualizado e o cart\u00e3o do SUS com o n\u00famero do prontu\u00e1rio fornecido pela Unidade B\u00e1sica de Sa\u00fade e se poss\u00edvel, uma c\u00f3pia do comprovante do agendamento fornecido pelo site https:\/\/www.batatais.sp.gov.br\/vacina\/controlecidadao\/. Toda essa documenta\u00e7\u00e3o foi usada para fazer o cadastro on-line e o comprovante de agendamento \u00e9 fornecido pelo site ap\u00f3s a confirma\u00e7\u00e3o da inscri\u00e7\u00e3o.<\/p>\n<p>\u201c\u00c9 importante que a popula\u00e7\u00e3o compare\u00e7a no hor\u00e1rio agendado previamente. Estamos com muito entusiasmo realizando mais essa etapa da vacina\u00e7\u00e3o, que segue conforme o cronograma estabelecido pelo Governo do Estado de S\u00e3o Paulo\u201d, afirmou a secret\u00e1ria municipal de Sa\u00fade, Bruna Toneti.<br \/>\nO gin\u00e1sio de esportes do Claretiano ser\u00e1 adaptado para receber com seguran\u00e7a toda a popula\u00e7\u00e3o agendada, equipes de profissionais da Sa\u00fade, estagi\u00e1rios e volunt\u00e1rios, colaboradores da Institui\u00e7\u00e3o, estar\u00e3o no local seguindo todos os protocolos sanit\u00e1rios, para auxiliar toda a comunidade. A participa\u00e7\u00e3o do Claretiano nas a\u00e7\u00f5es de combate ao Covid em Batatais \u00e9 resultado de uma parceria firmada com a Secretaria Municipal de Sa\u00fade e o Instituto Butantan que aconteceu no in\u00edcio do m\u00eas de junho de 2021. Essa parceria prev\u00ea o apoio nos atendimentos e servi\u00e7os em sa\u00fade realizados no munic\u00edpio, al\u00e9m do apoio nas a\u00e7\u00f5es de divulga\u00e7\u00e3o do projeto \u201cIsolamento Inteligente\u201d, a dissemina\u00e7\u00e3o e uso do APP Global Health Monitor (GHM).<\/p>\n<p>\u201cO Claretiano se posiciona de acordo com sua miss\u00e3o de valorizar a pessoa humana em suas diferentes dimens\u00f5es. Estamos muito felizes em participar, mais uma vez, desse momento e colaborar com o munic\u00edpio nas a\u00e7\u00f5es de controle da pandemia\u201d, destaca o Prof. Me. Rodrigo Daverni, coordenador do Claretiano, que tamb\u00e9m \u00e9 respons\u00e1vel pela execu\u00e7\u00e3o do projeto de parceria que envolve a Institui\u00e7\u00e3o e a Prefeitura no combate \u00e0 Covid na cidade.<\/p>\n<p>O Centro Universit\u00e1rio est\u00e1 oferecendo atendimento gratuito nas \u00e1reas de Fisioterapia, Nutri\u00e7\u00e3o, Terapia Ocupacional e Educa\u00e7\u00e3o F\u00edsica para pessoas que tiveram Covid em Batatais. Para ser beneficiado \u00e9 preciso passar por uma triagem e excepcionalmente, neste dia 26, a triagem acontecer\u00e1 no Gin\u00e1sio de Esportes, das 9h \u00e0s 16h, mas ela segue at\u00e9 o dia 30, na Cl\u00ednica da Institui\u00e7\u00e3o, das 8h \u00e0s 12h e das 14h \u00e0s 18h. Os atendimentos s\u00e3o voltados exclusivamente para pessoas que apresentam sequelas ap\u00f3s a doen\u00e7a e todas ser\u00e3o acompanhadas por professores e alunos dos cursos da \u00e1rea da Sa\u00fade.<\/p>\n","protected":false},"excerpt":{"rendered":"<p>Pessoas acima dos 43 anos ser\u00e3o atendidas, expectativa \u00e9 imunizar cerca de 2 mil moradores Acontece no pr\u00f3ximo s\u00e1bado (26), mais um mutir\u00e3o de vacina\u00e7\u00e3o contra<span class=\"excerpt-hellip\"> [\u2026]<\/span><\/p>\n","protected":false},"author":7,"featured_media":17401,"comment_status":"open","ping_status":"open","sticky":false,"template":"","format":"standard","meta":{"_jetpack_memberships_contains_paid_content":false,"footnotes":"","jetpack_publicize_message":"","jetpack_publicize_feature_enabled":true,"jetpack_social_post_already_shared":false,"jetpack_social_options":{"image_generator_settings":{"template":"highway","default_image_id":0,"enabled":false},"version":2}},"categories":[28,44],"tags":[],"class_list":["post-17543","post","type-post","status-publish","format-standard","has-post-thumbnail","hentry","category-cotidiano","category-noticias"],"yoast_head":"<!-- This site is optimized with the Yoast SEO plugin v25.6 - https:\/\/yoast.com\/wordpress\/plugins\/seo\/ -->\n<title>Batatais realiza mutir\u00e3o de vacina\u00e7\u00e3o contra a covid-19 no s\u00e1bado - VerdadeOn<\/title>\n<meta name=\"robots\" content=\"index, follow, max-snippet:-1, max-image-preview:large, max-video-preview:-1\" \/>\n<link rel=\"canonical\" href=\"https:\/\/verdadeon.com.br\/portal\/2021\/06\/24\/batatais-realiza-mutirao-de-vacinacao-contra-a-covid-19-no-sabado\/\" \/>\n<meta property=\"og:locale\" content=\"pt_BR\" \/>\n<meta property=\"og:type\" content=\"article\" \/>\n<meta property=\"og:title\" content=\"Batatais realiza mutir\u00e3o de vacina\u00e7\u00e3o contra a covid-19 no s\u00e1bado - VerdadeOn\" \/>\n<meta property=\"og:description\" content=\"Pessoas acima dos 43 anos ser\u00e3o atendidas, expectativa \u00e9 imunizar cerca de 2 mil moradores Acontece no pr\u00f3ximo s\u00e1bado (26), mais um mutir\u00e3o de vacina\u00e7\u00e3o contra [\u2026]\" \/>\n<meta property=\"og:url\" content=\"https:\/\/verdadeon.com.br\/portal\/2021\/06\/24\/batatais-realiza-mutirao-de-vacinacao-contra-a-covid-19-no-sabado\/\" \/>\n<meta property=\"og:site_name\" content=\"VerdadeOn\" \/>\n<meta property=\"article:published_time\" content=\"2021-06-24T19:44:50+00:00\" \/>\n<meta property=\"og:image\" content=\"https:\/\/verdadeon.com.br\/portal\/wp-content\/uploads\/2021\/06\/CLARETIANO-e1624043771791.jpg\" \/>\n\t<meta property=\"og:image:width\" content=\"1001\" \/>\n\t<meta property=\"og:image:height\" content=\"668\" \/>\n\t<meta property=\"og:image:type\" content=\"image\/jpeg\" \/>\n<meta name=\"author\" content=\"Fernando Lima\" \/>\n<meta name=\"twitter:card\" content=\"summary_large_image\" \/>\n<meta name=\"twitter:label1\" content=\"Escrito por\" \/>\n\t<meta name=\"twitter:data1\" content=\"Fernando Lima\" \/>\n\t<meta name=\"twitter:label2\" content=\"Est. tempo de leitura\" \/>\n\t<meta name=\"twitter:data2\" content=\"3 minutos\" \/>\n<script type=\"application\/ld+json\" class=\"yoast-schema-graph\">{\"@context\":\"https:\/\/schema.org\",\"@graph\":[{\"@type\":\"WebPage\",\"@id\":\"https:\/\/verdadeon.com.br\/portal\/2021\/06\/24\/batatais-realiza-mutirao-de-vacinacao-contra-a-covid-19-no-sabado\/\",\"url\":\"https:\/\/verdadeon.com.br\/portal\/2021\/06\/24\/batatais-realiza-mutirao-de-vacinacao-contra-a-covid-19-no-sabado\/\",\"name\":\"Batatais realiza mutir\u00e3o de vacina\u00e7\u00e3o contra a covid-19 no s\u00e1bado - VerdadeOn\",\"isPartOf\":{\"@id\":\"https:\/\/verdadeon.com.br\/portal\/#website\"},\"primaryImageOfPage\":{\"@id\":\"https:\/\/verdadeon.com.br\/portal\/2021\/06\/24\/batatais-realiza-mutirao-de-vacinacao-contra-a-covid-19-no-sabado\/#primaryimage\"},\"image\":{\"@id\":\"https:\/\/verdadeon.com.br\/portal\/2021\/06\/24\/batatais-realiza-mutirao-de-vacinacao-contra-a-covid-19-no-sabado\/#primaryimage\"},\"thumbnailUrl\":\"https:\/\/i0.wp.com\/verdadeon.com.br\/portal\/wp-content\/uploads\/2021\/06\/CLARETIANO-e1624043771791.jpg?fit=1001%2C668&ssl=1\",\"datePublished\":\"2021-06-24T19:44:50+00:00\",\"author\":{\"@id\":\"https:\/\/verdadeon.com.br\/portal\/#\/schema\/person\/cc32be22b8e8599387c480bc83e1d11a\"},\"breadcrumb\":{\"@id\":\"https:\/\/verdadeon.com.br\/portal\/2021\/06\/24\/batatais-realiza-mutirao-de-vacinacao-contra-a-covid-19-no-sabado\/#breadcrumb\"},\"inLanguage\":\"pt-BR\",\"potentialAction\":[{\"@type\":\"ReadAction\",\"target\":[\"https:\/\/verdadeon.com.br\/portal\/2021\/06\/24\/batatais-realiza-mutirao-de-vacinacao-contra-a-covid-19-no-sabado\/\"]}]},{\"@type\":\"ImageObject\",\"inLanguage\":\"pt-BR\",\"@id\":\"https:\/\/verdadeon.com.br\/portal\/2021\/06\/24\/batatais-realiza-mutirao-de-vacinacao-contra-a-covid-19-no-sabado\/#primaryimage\",\"url\":\"https:\/\/i0.wp.com\/verdadeon.com.br\/portal\/wp-content\/uploads\/2021\/06\/CLARETIANO-e1624043771791.jpg?fit=1001%2C668&ssl=1\",\"contentUrl\":\"https:\/\/i0.wp.com\/verdadeon.com.br\/portal\/wp-content\/uploads\/2021\/06\/CLARETIANO-e1624043771791.jpg?fit=1001%2C668&ssl=1\",\"width\":1001,\"height\":668,\"caption\":\"Gin\u00e1sio de esportes do Claretiano ser\u00e1 usado como apoio para vacina\u00e7\u00e3o em Batatais | Foto: Divulga\u00e7\u00e3o\"},{\"@type\":\"BreadcrumbList\",\"@id\":\"https:\/\/verdadeon.com.br\/portal\/2021\/06\/24\/batatais-realiza-mutirao-de-vacinacao-contra-a-covid-19-no-sabado\/#breadcrumb\",\"itemListElement\":[{\"@type\":\"ListItem\",\"position\":1,\"name\":\"In\u00edcio\",\"item\":\"https:\/\/verdadeon.com.br\/portal\/\"},{\"@type\":\"ListItem\",\"position\":2,\"name\":\"Batatais realiza mutir\u00e3o de vacina\u00e7\u00e3o contra a covid-19 no s\u00e1bado\"}]},{\"@type\":\"WebSite\",\"@id\":\"https:\/\/verdadeon.com.br\/portal\/#website\",\"url\":\"https:\/\/verdadeon.com.br\/portal\/\",\"name\":\"VerdadeOn\",\"description\":\"Not\u00edcias di\u00e1rias sobre Franca, Regi\u00e3o, Esporte, Cultura, Cotidiano, Colunas. Cobertura nos principais eventos da cidade \u00e9 aqui - Verdadeon Franca\",\"potentialAction\":[{\"@type\":\"SearchAction\",\"target\":{\"@type\":\"EntryPoint\",\"urlTemplate\":\"https:\/\/verdadeon.com.br\/portal\/?s={search_term_string}\"},\"query-input\":{\"@type\":\"PropertyValueSpecification\",\"valueRequired\":true,\"valueName\":\"search_term_string\"}}],\"inLanguage\":\"pt-BR\"},{\"@type\":\"Person\",\"@id\":\"https:\/\/verdadeon.com.br\/portal\/#\/schema\/person\/cc32be22b8e8599387c480bc83e1d11a\",\"name\":\"Fernando Lima\",\"image\":{\"@type\":\"ImageObject\",\"inLanguage\":\"pt-BR\",\"@id\":\"https:\/\/verdadeon.com.br\/portal\/#\/schema\/person\/image\/\",\"url\":\"https:\/\/secure.gravatar.com\/avatar\/df4c8e132080d2b3a4841d5d232045464e0eed11a1d6e43115ca0843d48768d3?s=96&d=mm&r=g\",\"contentUrl\":\"https:\/\/secure.gravatar.com\/avatar\/df4c8e132080d2b3a4841d5d232045464e0eed11a1d6e43115ca0843d48768d3?s=96&d=mm&r=g\",\"caption\":\"Fernando Lima\"},\"sameAs\":[\"http:\/\/verdadeon.com.br\/\"],\"url\":\"https:\/\/verdadeon.com.br\/portal\/author\/fernando-lima\/\"}]}<\/script>\n<!-- \/ Yoast SEO plugin. -->","yoast_head_json":{"title":"Batatais realiza mutir\u00e3o de vacina\u00e7\u00e3o contra a covid-19 no s\u00e1bado - VerdadeOn","robots":{"index":"index","follow":"follow","max-snippet":"max-snippet:-1","max-image-preview":"max-image-preview:large","max-video-preview":"max-video-preview:-1"},"canonical":"https:\/\/verdadeon.com.br\/portal\/2021\/06\/24\/batatais-realiza-mutirao-de-vacinacao-contra-a-covid-19-no-sabado\/","og_locale":"pt_BR","og_type":"article","og_title":"Batatais realiza mutir\u00e3o de vacina\u00e7\u00e3o contra a covid-19 no s\u00e1bado - VerdadeOn","og_description":"Pessoas acima dos 43 anos ser\u00e3o atendidas, expectativa \u00e9 imunizar cerca de 2 mil moradores Acontece no pr\u00f3ximo s\u00e1bado (26), mais um mutir\u00e3o de vacina\u00e7\u00e3o contra [\u2026]","og_url":"https:\/\/verdadeon.com.br\/portal\/2021\/06\/24\/batatais-realiza-mutirao-de-vacinacao-contra-a-covid-19-no-sabado\/","og_site_name":"VerdadeOn","article_published_time":"2021-06-24T19:44:50+00:00","og_image":[{"width":1001,"height":668,"url":"https:\/\/verdadeon.com.br\/portal\/wp-content\/uploads\/2021\/06\/CLARETIANO-e1624043771791.jpg","type":"image\/jpeg"}],"author":"Fernando Lima","twitter_card":"summary_large_image","twitter_misc":{"Escrito por":"Fernando Lima","Est. tempo de leitura":"3 minutos"},"schema":{"@context":"https:\/\/schema.org","@graph":[{"@type":"WebPage","@id":"https:\/\/verdadeon.com.br\/portal\/2021\/06\/24\/batatais-realiza-mutirao-de-vacinacao-contra-a-covid-19-no-sabado\/","url":"https:\/\/verdadeon.com.br\/portal\/2021\/06\/24\/batatais-realiza-mutirao-de-vacinacao-contra-a-covid-19-no-sabado\/","name":"Batatais realiza mutir\u00e3o de vacina\u00e7\u00e3o contra a covid-19 no s\u00e1bado - VerdadeOn","isPartOf":{"@id":"https:\/\/verdadeon.com.br\/portal\/#website"},"primaryImageOfPage":{"@id":"https:\/\/verdadeon.com.br\/portal\/2021\/06\/24\/batatais-realiza-mutirao-de-vacinacao-contra-a-covid-19-no-sabado\/#primaryimage"},"image":{"@id":"https:\/\/verdadeon.com.br\/portal\/2021\/06\/24\/batatais-realiza-mutirao-de-vacinacao-contra-a-covid-19-no-sabado\/#primaryimage"},"thumbnailUrl":"https:\/\/i0.wp.com\/verdadeon.com.br\/portal\/wp-content\/uploads\/2021\/06\/CLARETIANO-e1624043771791.jpg?fit=1001%2C668&ssl=1","datePublished":"2021-06-24T19:44:50+00:00","author":{"@id":"https:\/\/verdadeon.com.br\/portal\/#\/schema\/person\/cc32be22b8e8599387c480bc83e1d11a"},"breadcrumb":{"@id":"https:\/\/verdadeon.com.br\/portal\/2021\/06\/24\/batatais-realiza-mutirao-de-vacinacao-contra-a-covid-19-no-sabado\/#breadcrumb"},"inLanguage":"pt-BR","potentialAction":[{"@type":"ReadAction","target":["https:\/\/verdadeon.com.br\/portal\/2021\/06\/24\/batatais-realiza-mutirao-de-vacinacao-contra-a-covid-19-no-sabado\/"]}]},{"@type":"ImageObject","inLanguage":"pt-BR","@id":"https:\/\/verdadeon.com.br\/portal\/2021\/06\/24\/batatais-realiza-mutirao-de-vacinacao-contra-a-covid-19-no-sabado\/#primaryimage","url":"https:\/\/i0.wp.com\/verdadeon.com.br\/portal\/wp-content\/uploads\/2021\/06\/CLARETIANO-e1624043771791.jpg?fit=1001%2C668&ssl=1","contentUrl":"https:\/\/i0.wp.com\/verdadeon.com.br\/portal\/wp-content\/uploads\/2021\/06\/CLARETIANO-e1624043771791.jpg?fit=1001%2C668&ssl=1","width":1001,"height":668,"caption":"Gin\u00e1sio de esportes do Claretiano ser\u00e1 usado como apoio para vacina\u00e7\u00e3o em Batatais | Foto: Divulga\u00e7\u00e3o"},{"@type":"BreadcrumbList","@id":"https:\/\/verdadeon.com.br\/portal\/2021\/06\/24\/batatais-realiza-mutirao-de-vacinacao-contra-a-covid-19-no-sabado\/#breadcrumb","itemListElement":[{"@type":"ListItem","position":1,"name":"In\u00edcio","item":"https:\/\/verdadeon.com.br\/portal\/"},{"@type":"ListItem","position":2,"name":"Batatais realiza mutir\u00e3o de vacina\u00e7\u00e3o contra a covid-19 no s\u00e1bado"}]},{"@type":"WebSite","@id":"https:\/\/verdadeon.com.br\/portal\/#website","url":"https:\/\/verdadeon.com.br\/portal\/","name":"VerdadeOn","description":"Not\u00edcias di\u00e1rias sobre Franca, Regi\u00e3o, Esporte, Cultura, Cotidiano, Colunas. Cobertura nos principais eventos da cidade \u00e9 aqui - Verdadeon Franca","potentialAction":[{"@type":"SearchAction","target":{"@type":"EntryPoint","urlTemplate":"https:\/\/verdadeon.com.br\/portal\/?s={search_term_string}"},"query-input":{"@type":"PropertyValueSpecification","valueRequired":true,"valueName":"search_term_string"}}],"inLanguage":"pt-BR"},{"@type":"Person","@id":"https:\/\/verdadeon.com.br\/portal\/#\/schema\/person\/cc32be22b8e8599387c480bc83e1d11a","name":"Fernando Lima","image":{"@type":"ImageObject","inLanguage":"pt-BR","@id":"https:\/\/verdadeon.com.br\/portal\/#\/schema\/person\/image\/","url":"https:\/\/secure.gravatar.com\/avatar\/df4c8e132080d2b3a4841d5d232045464e0eed11a1d6e43115ca0843d48768d3?s=96&d=mm&r=g","contentUrl":"https:\/\/secure.gravatar.com\/avatar\/df4c8e132080d2b3a4841d5d232045464e0eed11a1d6e43115ca0843d48768d3?s=96&d=mm&r=g","caption":"Fernando Lima"},"sameAs":["http:\/\/verdadeon.com.br\/"],"url":"https:\/\/verdadeon.com.br\/portal\/author\/fernando-lima\/"}]}},"jetpack_publicize_connections":[],"jetpack_featured_media_url":"https:\/\/i0.wp.com\/verdadeon.com.br\/portal\/wp-content\/uploads\/2021\/06\/CLARETIANO-e1624043771791.jpg?fit=1001%2C668&ssl=1","jetpack_sharing_enabled":true,"_links":{"self":[{"href":"https:\/\/verdadeon.com.br\/portal\/wp-json\/wp\/v2\/posts\/17543","targetHints":{"allow":["GET"]}}],"collection":[{"href":"https:\/\/verdadeon.com.br\/portal\/wp-json\/wp\/v2\/posts"}],"about":[{"href":"https:\/\/verdadeon.com.br\/portal\/wp-json\/wp\/v2\/types\/post"}],"author":[{"embeddable":true,"href":"https:\/\/verdadeon.com.br\/portal\/wp-json\/wp\/v2\/users\/7"}],"replies":[{"embeddable":true,"href":"https:\/\/verdadeon.com.br\/portal\/wp-json\/wp\/v2\/comments?post=17543"}],"version-history":[{"count":0,"href":"https:\/\/verdadeon.com.br\/portal\/wp-json\/wp\/v2\/posts\/17543\/revisions"}],"wp:featuredmedia":[{"embeddable":true,"href":"https:\/\/verdadeon.com.br\/portal\/wp-json\/wp\/v2\/media\/17401"}],"wp:attachment":[{"href":"https:\/\/verdadeon.com.br\/portal\/wp-json\/wp\/v2\/media?parent=17543"}],"wp:term":[{"taxonomy":"category","embeddable":true,"href":"https:\/\/verdadeon.com.br\/portal\/wp-json\/wp\/v2\/categories?post=17543"},{"taxonomy":"post_tag","embeddable":true,"href":"https:\/\/verdadeon.com.br\/portal\/wp-json\/wp\/v2\/tags?post=17543"}],"curies":[{"name":"wp","href":"https:\/\/api.w.org\/{rel}","templated":true}]}}