{"id":17523,"date":"2021-06-23T19:00:26","date_gmt":"2021-06-23T22:00:26","guid":{"rendered":"https:\/\/verdadeon.com.br\/portal\/?p=17523"},"modified":"2021-06-23T17:30:07","modified_gmt":"2021-06-23T20:30:07","slug":"governo-deve-anunciar-prorrogacao-do-auxilio-emergencial-diz-guedes","status":"publish","type":"post","link":"https:\/\/verdadeon.com.br\/portal\/2021\/06\/23\/governo-deve-anunciar-prorrogacao-do-auxilio-emergencial-diz-guedes\/","title":{"rendered":"Governo deve anunciar prorroga\u00e7\u00e3o do aux\u00edlio emergencial, diz Guedes"},"content":{"rendered":"<h2>Ministro se reuniu nesta quarta-feira com empres\u00e1rio na capital Paulista, onde declara\u00e7\u00e3o foi dada<\/h2>\n<p>O ministro da Economia, Paulo Guedes, afirmou nesta quarta-feira\u00a0 (23), durante encontro com empres\u00e1rios da Federa\u00e7\u00e3o das Ind\u00fastrias do Estado de S\u00e3o Paulo (Fiesp), que o presidente da Rep\u00fablica Jair Bolsonaro deve anunciar, em breve, a prorroga\u00e7\u00e3o do aux\u00edlio emergencial por mais tr\u00eas meses. &#8220;O presidente deve anunciar, talvez ainda nesta semana, mais tr\u00eas meses de aux\u00edlio [emergencial]&#8221;, disse Guedes.<img data-recalc-dims=\"1\" decoding=\"async\" src=\"https:\/\/i0.wp.com\/agenciabrasil.ebc.com.br\/ebc.png?w=1220&#038;ssl=1\" \/><img data-recalc-dims=\"1\" decoding=\"async\" src=\"https:\/\/i0.wp.com\/agenciabrasil.ebc.com.br\/ebc.gif?w=1220&#038;ssl=1\" \/><\/p>\n<p>O ministro tamb\u00e9m ressaltou o trabalho do governo, em parceria com os empres\u00e1rios, para enfrentar a crise ocasionada pela pandemia de covid-19. Ele disse que neste momento em que a popula\u00e7\u00e3o est\u00e1 sendo vacinada, a recupera\u00e7\u00e3o econ\u00f4mica em V j\u00e1 aconteceu, com a cria\u00e7\u00e3o de 1 milh\u00e3o de empregos nos \u00faltimos quatro meses do ano passado, totalizando 140 mil empregos formais em 2020.<\/p>\n<p>&#8220;\u00c9 a primeira vez que houve uma recess\u00e3o com a cria\u00e7\u00e3o de empregos formais. Neste ano j\u00e1 criamos 960 mil empregos. O Brasil est\u00e1 transformando, com sucesso, o que era uma recupera\u00e7\u00e3o c\u00edclica, baseada em consumo, em retomada do crescimento sustent\u00e1vel, com base em investimentos que est\u00e3o aumentando&#8221;, disse o ministro.<\/p>\n<h2>BIP e BIQ<\/h2>\n<p>Ele lembrou que o governo federal renovou programas bem sucedidos e que planeja anunciar novos programas como o\u00a0<a href=\"https:\/\/agenciabrasil.ebc.com.br\/economia\/noticia\/2021-04\/guedes-anuncia-novo-programa-para-trabalhadores-informais\" target=\"_blank\" rel=\"noopener\">B\u00f4nus de Inclus\u00e3o Produtiva<\/a>, que prev\u00ea que jovens, entre 18 e 21 anos, que saem da universidade e n\u00e3o conseguem um emprego formal recebam do governo entre R$ 250 e R$ 300 para trabalhar em escolas t\u00e9cnicas ou empresas e se qualificarem. A empresa paga o mesmo valor, o chamado B\u00f4nus de Incentivo \u00e0 Qualifica\u00e7\u00e3o. A estimativa \u00e9 a de que mais de 2 milh\u00f5es de jovens sejam beneficiados. Guedes disse ainda que neste ano o governo pagar\u00e1 o valor total do programa.<\/p>\n<p>&#8220;Isso seria um treinamento no trabalho. N\u00e3o \u00e9 um emprego. Vamos conversar com as redes privadas, empresas, com o Senai, Sesi, Senac para ver se eles est\u00e3o dispostos. N\u00f3s damos esse valor de um lado e a empresa d\u00e1 esse mesmo valor de outro lado. Ele vai receber metade de um sal\u00e1rio m\u00ednimo para ser treinado meio expediente. Para a empresa \u00e9 muito bom e para o jovem tamb\u00e9m porque ele vai ficar fora da rua, vai ser socializado, inclu\u00eddo produtivamente&#8221;, explicou Guedes.<\/p>\n<h2>Congresso<\/h2>\n<p>O ministro destacou ainda o trabalho do Congresso Nacional, como\u00a0a aprova\u00e7\u00e3o do\u00a0<a href=\"https:\/\/agenciabrasil.ebc.com.br\/geral\/noticia\/2020-06\/senado-aprova-novo-marco-saneamento\" target=\"_blank\" rel=\"noopener\">marco do saneamento<\/a>, da\u00a0<a href=\"https:\/\/agenciabrasil.ebc.com.br\/politica\/noticia\/2020-09\/camara-aprova-texto-base-do-marco-regulatorio-do-gas-natural\" target=\"_blank\" rel=\"noopener\">nova lei do g\u00e1s<\/a>, e a\u00a0<a href=\"https:\/\/agenciabrasil.ebc.com.br\/politica\/noticia\/2021-02\/autonomia-do-banco-central-e-aprovada-pela-camara\" target=\"_blank\" rel=\"noopener\">autonomia do Banco Central<\/a>. Guedes afirmou que a Reforma Tribut\u00e1ria est\u00e1 bem encaminhada e em um primeiro est\u00e1gio entra na C\u00e2mara e em seguida no Senado, para tratar do chamado passaporte tribut\u00e1rio, que \u00e9 a regulariza\u00e7\u00e3o de situa\u00e7\u00f5es anormais, permitindo o desconto para empresas que estiverem devendo os tributos.<\/p>\n<p>&#8220;N\u00f3s realmente vamos aplicar descontos generosos para pequenas e m\u00e9dias empresas. Para os grupos maiores, vamos conversar sobre isso. Mas a ideia \u00e9 tirar o Estado do cangote do povo. N\u00f3s vamos reduzir os impostos, vamos apostar na reativa\u00e7\u00e3o da economia e em que se a arrecada\u00e7\u00e3o aumentar, e n\u00f3s estimamos que vai, vamos imediatamente rebaixando os impostos&#8221;, garantiu Guedes.<\/p>\n<p>Fonte: Ag\u00eancia Brasil<\/p>\n","protected":false},"excerpt":{"rendered":"<p>Ministro se reuniu nesta quarta-feira com empres\u00e1rio na capital Paulista, onde declara\u00e7\u00e3o foi dada O ministro da Economia, Paulo Guedes, afirmou nesta quarta-feira\u00a0 (23), durante encontro<span class=\"excerpt-hellip\"> [\u2026]<\/span><\/p>\n","protected":false},"author":7,"featured_media":17524,"comment_status":"open","ping_status":"open","sticky":false,"template":"","format":"standard","meta":{"_jetpack_memberships_contains_paid_content":false,"footnotes":"","jetpack_publicize_message":"","jetpack_publicize_feature_enabled":true,"jetpack_social_post_already_shared":false,"jetpack_social_options":{"image_generator_settings":{"template":"highway","default_image_id":0,"enabled":false},"version":2}},"categories":[28,44],"tags":[],"class_list":["post-17523","post","type-post","status-publish","format-standard","has-post-thumbnail","hentry","category-cotidiano","category-noticias"],"yoast_head":"<!-- This site is optimized with the Yoast SEO plugin v25.6 - https:\/\/yoast.com\/wordpress\/plugins\/seo\/ -->\n<title>Governo deve anunciar prorroga\u00e7\u00e3o do aux\u00edlio emergencial, diz Guedes - VerdadeOn<\/title>\n<meta name=\"robots\" content=\"index, follow, max-snippet:-1, max-image-preview:large, max-video-preview:-1\" \/>\n<link rel=\"canonical\" href=\"https:\/\/verdadeon.com.br\/portal\/2021\/06\/23\/governo-deve-anunciar-prorrogacao-do-auxilio-emergencial-diz-guedes\/\" \/>\n<meta property=\"og:locale\" content=\"pt_BR\" \/>\n<meta property=\"og:type\" content=\"article\" \/>\n<meta property=\"og:title\" content=\"Governo deve anunciar prorroga\u00e7\u00e3o do aux\u00edlio emergencial, diz Guedes - VerdadeOn\" \/>\n<meta property=\"og:description\" content=\"Ministro se reuniu nesta quarta-feira com empres\u00e1rio na capital Paulista, onde declara\u00e7\u00e3o foi dada O ministro da Economia, Paulo Guedes, afirmou nesta quarta-feira\u00a0 (23), durante encontro [\u2026]\" \/>\n<meta property=\"og:url\" content=\"https:\/\/verdadeon.com.br\/portal\/2021\/06\/23\/governo-deve-anunciar-prorrogacao-do-auxilio-emergencial-diz-guedes\/\" \/>\n<meta property=\"og:site_name\" content=\"VerdadeOn\" \/>\n<meta property=\"article:published_time\" content=\"2021-06-23T22:00:26+00:00\" \/>\n<meta property=\"og:image\" content=\"https:\/\/verdadeon.com.br\/portal\/wp-content\/uploads\/2021\/06\/GUEDES-e1624480127483.jpg\" \/>\n\t<meta property=\"og:image:width\" content=\"1000\" \/>\n\t<meta property=\"og:image:height\" content=\"669\" \/>\n\t<meta property=\"og:image:type\" content=\"image\/jpeg\" \/>\n<meta name=\"author\" content=\"Fernando Lima\" \/>\n<meta name=\"twitter:card\" content=\"summary_large_image\" \/>\n<meta name=\"twitter:label1\" content=\"Escrito por\" \/>\n\t<meta name=\"twitter:data1\" content=\"Fernando Lima\" \/>\n\t<meta name=\"twitter:label2\" content=\"Est. tempo de leitura\" \/>\n\t<meta name=\"twitter:data2\" content=\"3 minutos\" \/>\n<script type=\"application\/ld+json\" class=\"yoast-schema-graph\">{\"@context\":\"https:\/\/schema.org\",\"@graph\":[{\"@type\":\"WebPage\",\"@id\":\"https:\/\/verdadeon.com.br\/portal\/2021\/06\/23\/governo-deve-anunciar-prorrogacao-do-auxilio-emergencial-diz-guedes\/\",\"url\":\"https:\/\/verdadeon.com.br\/portal\/2021\/06\/23\/governo-deve-anunciar-prorrogacao-do-auxilio-emergencial-diz-guedes\/\",\"name\":\"Governo deve anunciar prorroga\u00e7\u00e3o do aux\u00edlio emergencial, diz Guedes - VerdadeOn\",\"isPartOf\":{\"@id\":\"https:\/\/verdadeon.com.br\/portal\/#website\"},\"primaryImageOfPage\":{\"@id\":\"https:\/\/verdadeon.com.br\/portal\/2021\/06\/23\/governo-deve-anunciar-prorrogacao-do-auxilio-emergencial-diz-guedes\/#primaryimage\"},\"image\":{\"@id\":\"https:\/\/verdadeon.com.br\/portal\/2021\/06\/23\/governo-deve-anunciar-prorrogacao-do-auxilio-emergencial-diz-guedes\/#primaryimage\"},\"thumbnailUrl\":\"https:\/\/i0.wp.com\/verdadeon.com.br\/portal\/wp-content\/uploads\/2021\/06\/GUEDES-e1624480127483.jpg?fit=1000%2C669&ssl=1\",\"datePublished\":\"2021-06-23T22:00:26+00:00\",\"author\":{\"@id\":\"https:\/\/verdadeon.com.br\/portal\/#\/schema\/person\/cc32be22b8e8599387c480bc83e1d11a\"},\"breadcrumb\":{\"@id\":\"https:\/\/verdadeon.com.br\/portal\/2021\/06\/23\/governo-deve-anunciar-prorrogacao-do-auxilio-emergencial-diz-guedes\/#breadcrumb\"},\"inLanguage\":\"pt-BR\",\"potentialAction\":[{\"@type\":\"ReadAction\",\"target\":[\"https:\/\/verdadeon.com.br\/portal\/2021\/06\/23\/governo-deve-anunciar-prorrogacao-do-auxilio-emergencial-diz-guedes\/\"]}]},{\"@type\":\"ImageObject\",\"inLanguage\":\"pt-BR\",\"@id\":\"https:\/\/verdadeon.com.br\/portal\/2021\/06\/23\/governo-deve-anunciar-prorrogacao-do-auxilio-emergencial-diz-guedes\/#primaryimage\",\"url\":\"https:\/\/i0.wp.com\/verdadeon.com.br\/portal\/wp-content\/uploads\/2021\/06\/GUEDES-e1624480127483.jpg?fit=1000%2C669&ssl=1\",\"contentUrl\":\"https:\/\/i0.wp.com\/verdadeon.com.br\/portal\/wp-content\/uploads\/2021\/06\/GUEDES-e1624480127483.jpg?fit=1000%2C669&ssl=1\",\"width\":1000,\"height\":669,\"caption\":\"Ministro destacou ainda outros avan\u00e7os do Governo Federal nos \u00faltimos meses | Foto: Ag\u00eancia Brasil\"},{\"@type\":\"BreadcrumbList\",\"@id\":\"https:\/\/verdadeon.com.br\/portal\/2021\/06\/23\/governo-deve-anunciar-prorrogacao-do-auxilio-emergencial-diz-guedes\/#breadcrumb\",\"itemListElement\":[{\"@type\":\"ListItem\",\"position\":1,\"name\":\"In\u00edcio\",\"item\":\"https:\/\/verdadeon.com.br\/portal\/\"},{\"@type\":\"ListItem\",\"position\":2,\"name\":\"Governo deve anunciar prorroga\u00e7\u00e3o do aux\u00edlio emergencial, diz Guedes\"}]},{\"@type\":\"WebSite\",\"@id\":\"https:\/\/verdadeon.com.br\/portal\/#website\",\"url\":\"https:\/\/verdadeon.com.br\/portal\/\",\"name\":\"VerdadeOn\",\"description\":\"Not\u00edcias di\u00e1rias sobre Franca, Regi\u00e3o, Esporte, Cultura, Cotidiano, Colunas. Cobertura nos principais eventos da cidade \u00e9 aqui - Verdadeon Franca\",\"potentialAction\":[{\"@type\":\"SearchAction\",\"target\":{\"@type\":\"EntryPoint\",\"urlTemplate\":\"https:\/\/verdadeon.com.br\/portal\/?s={search_term_string}\"},\"query-input\":{\"@type\":\"PropertyValueSpecification\",\"valueRequired\":true,\"valueName\":\"search_term_string\"}}],\"inLanguage\":\"pt-BR\"},{\"@type\":\"Person\",\"@id\":\"https:\/\/verdadeon.com.br\/portal\/#\/schema\/person\/cc32be22b8e8599387c480bc83e1d11a\",\"name\":\"Fernando Lima\",\"image\":{\"@type\":\"ImageObject\",\"inLanguage\":\"pt-BR\",\"@id\":\"https:\/\/verdadeon.com.br\/portal\/#\/schema\/person\/image\/\",\"url\":\"https:\/\/secure.gravatar.com\/avatar\/df4c8e132080d2b3a4841d5d232045464e0eed11a1d6e43115ca0843d48768d3?s=96&d=mm&r=g\",\"contentUrl\":\"https:\/\/secure.gravatar.com\/avatar\/df4c8e132080d2b3a4841d5d232045464e0eed11a1d6e43115ca0843d48768d3?s=96&d=mm&r=g\",\"caption\":\"Fernando Lima\"},\"sameAs\":[\"http:\/\/verdadeon.com.br\/\"],\"url\":\"https:\/\/verdadeon.com.br\/portal\/author\/fernando-lima\/\"}]}<\/script>\n<!-- \/ Yoast SEO plugin. -->","yoast_head_json":{"title":"Governo deve anunciar prorroga\u00e7\u00e3o do aux\u00edlio emergencial, diz Guedes - VerdadeOn","robots":{"index":"index","follow":"follow","max-snippet":"max-snippet:-1","max-image-preview":"max-image-preview:large","max-video-preview":"max-video-preview:-1"},"canonical":"https:\/\/verdadeon.com.br\/portal\/2021\/06\/23\/governo-deve-anunciar-prorrogacao-do-auxilio-emergencial-diz-guedes\/","og_locale":"pt_BR","og_type":"article","og_title":"Governo deve anunciar prorroga\u00e7\u00e3o do aux\u00edlio emergencial, diz Guedes - VerdadeOn","og_description":"Ministro se reuniu nesta quarta-feira com empres\u00e1rio na capital Paulista, onde declara\u00e7\u00e3o foi dada O ministro da Economia, Paulo Guedes, afirmou nesta quarta-feira\u00a0 (23), durante encontro [\u2026]","og_url":"https:\/\/verdadeon.com.br\/portal\/2021\/06\/23\/governo-deve-anunciar-prorrogacao-do-auxilio-emergencial-diz-guedes\/","og_site_name":"VerdadeOn","article_published_time":"2021-06-23T22:00:26+00:00","og_image":[{"width":1000,"height":669,"url":"https:\/\/verdadeon.com.br\/portal\/wp-content\/uploads\/2021\/06\/GUEDES-e1624480127483.jpg","type":"image\/jpeg"}],"author":"Fernando Lima","twitter_card":"summary_large_image","twitter_misc":{"Escrito por":"Fernando Lima","Est. tempo de leitura":"3 minutos"},"schema":{"@context":"https:\/\/schema.org","@graph":[{"@type":"WebPage","@id":"https:\/\/verdadeon.com.br\/portal\/2021\/06\/23\/governo-deve-anunciar-prorrogacao-do-auxilio-emergencial-diz-guedes\/","url":"https:\/\/verdadeon.com.br\/portal\/2021\/06\/23\/governo-deve-anunciar-prorrogacao-do-auxilio-emergencial-diz-guedes\/","name":"Governo deve anunciar prorroga\u00e7\u00e3o do aux\u00edlio emergencial, diz Guedes - VerdadeOn","isPartOf":{"@id":"https:\/\/verdadeon.com.br\/portal\/#website"},"primaryImageOfPage":{"@id":"https:\/\/verdadeon.com.br\/portal\/2021\/06\/23\/governo-deve-anunciar-prorrogacao-do-auxilio-emergencial-diz-guedes\/#primaryimage"},"image":{"@id":"https:\/\/verdadeon.com.br\/portal\/2021\/06\/23\/governo-deve-anunciar-prorrogacao-do-auxilio-emergencial-diz-guedes\/#primaryimage"},"thumbnailUrl":"https:\/\/i0.wp.com\/verdadeon.com.br\/portal\/wp-content\/uploads\/2021\/06\/GUEDES-e1624480127483.jpg?fit=1000%2C669&ssl=1","datePublished":"2021-06-23T22:00:26+00:00","author":{"@id":"https:\/\/verdadeon.com.br\/portal\/#\/schema\/person\/cc32be22b8e8599387c480bc83e1d11a"},"breadcrumb":{"@id":"https:\/\/verdadeon.com.br\/portal\/2021\/06\/23\/governo-deve-anunciar-prorrogacao-do-auxilio-emergencial-diz-guedes\/#breadcrumb"},"inLanguage":"pt-BR","potentialAction":[{"@type":"ReadAction","target":["https:\/\/verdadeon.com.br\/portal\/2021\/06\/23\/governo-deve-anunciar-prorrogacao-do-auxilio-emergencial-diz-guedes\/"]}]},{"@type":"ImageObject","inLanguage":"pt-BR","@id":"https:\/\/verdadeon.com.br\/portal\/2021\/06\/23\/governo-deve-anunciar-prorrogacao-do-auxilio-emergencial-diz-guedes\/#primaryimage","url":"https:\/\/i0.wp.com\/verdadeon.com.br\/portal\/wp-content\/uploads\/2021\/06\/GUEDES-e1624480127483.jpg?fit=1000%2C669&ssl=1","contentUrl":"https:\/\/i0.wp.com\/verdadeon.com.br\/portal\/wp-content\/uploads\/2021\/06\/GUEDES-e1624480127483.jpg?fit=1000%2C669&ssl=1","width":1000,"height":669,"caption":"Ministro destacou ainda outros avan\u00e7os do Governo Federal nos \u00faltimos meses | Foto: Ag\u00eancia Brasil"},{"@type":"BreadcrumbList","@id":"https:\/\/verdadeon.com.br\/portal\/2021\/06\/23\/governo-deve-anunciar-prorrogacao-do-auxilio-emergencial-diz-guedes\/#breadcrumb","itemListElement":[{"@type":"ListItem","position":1,"name":"In\u00edcio","item":"https:\/\/verdadeon.com.br\/portal\/"},{"@type":"ListItem","position":2,"name":"Governo deve anunciar prorroga\u00e7\u00e3o do aux\u00edlio emergencial, diz Guedes"}]},{"@type":"WebSite","@id":"https:\/\/verdadeon.com.br\/portal\/#website","url":"https:\/\/verdadeon.com.br\/portal\/","name":"VerdadeOn","description":"Not\u00edcias di\u00e1rias sobre Franca, Regi\u00e3o, Esporte, Cultura, Cotidiano, Colunas. Cobertura nos principais eventos da cidade \u00e9 aqui - Verdadeon Franca","potentialAction":[{"@type":"SearchAction","target":{"@type":"EntryPoint","urlTemplate":"https:\/\/verdadeon.com.br\/portal\/?s={search_term_string}"},"query-input":{"@type":"PropertyValueSpecification","valueRequired":true,"valueName":"search_term_string"}}],"inLanguage":"pt-BR"},{"@type":"Person","@id":"https:\/\/verdadeon.com.br\/portal\/#\/schema\/person\/cc32be22b8e8599387c480bc83e1d11a","name":"Fernando Lima","image":{"@type":"ImageObject","inLanguage":"pt-BR","@id":"https:\/\/verdadeon.com.br\/portal\/#\/schema\/person\/image\/","url":"https:\/\/secure.gravatar.com\/avatar\/df4c8e132080d2b3a4841d5d232045464e0eed11a1d6e43115ca0843d48768d3?s=96&d=mm&r=g","contentUrl":"https:\/\/secure.gravatar.com\/avatar\/df4c8e132080d2b3a4841d5d232045464e0eed11a1d6e43115ca0843d48768d3?s=96&d=mm&r=g","caption":"Fernando Lima"},"sameAs":["http:\/\/verdadeon.com.br\/"],"url":"https:\/\/verdadeon.com.br\/portal\/author\/fernando-lima\/"}]}},"jetpack_publicize_connections":[],"jetpack_featured_media_url":"https:\/\/i0.wp.com\/verdadeon.com.br\/portal\/wp-content\/uploads\/2021\/06\/GUEDES-e1624480127483.jpg?fit=1000%2C669&ssl=1","jetpack_sharing_enabled":true,"_links":{"self":[{"href":"https:\/\/verdadeon.com.br\/portal\/wp-json\/wp\/v2\/posts\/17523","targetHints":{"allow":["GET"]}}],"collection":[{"href":"https:\/\/verdadeon.com.br\/portal\/wp-json\/wp\/v2\/posts"}],"about":[{"href":"https:\/\/verdadeon.com.br\/portal\/wp-json\/wp\/v2\/types\/post"}],"author":[{"embeddable":true,"href":"https:\/\/verdadeon.com.br\/portal\/wp-json\/wp\/v2\/users\/7"}],"replies":[{"embeddable":true,"href":"https:\/\/verdadeon.com.br\/portal\/wp-json\/wp\/v2\/comments?post=17523"}],"version-history":[{"count":0,"href":"https:\/\/verdadeon.com.br\/portal\/wp-json\/wp\/v2\/posts\/17523\/revisions"}],"wp:featuredmedia":[{"embeddable":true,"href":"https:\/\/verdadeon.com.br\/portal\/wp-json\/wp\/v2\/media\/17524"}],"wp:attachment":[{"href":"https:\/\/verdadeon.com.br\/portal\/wp-json\/wp\/v2\/media?parent=17523"}],"wp:term":[{"taxonomy":"category","embeddable":true,"href":"https:\/\/verdadeon.com.br\/portal\/wp-json\/wp\/v2\/categories?post=17523"},{"taxonomy":"post_tag","embeddable":true,"href":"https:\/\/verdadeon.com.br\/portal\/wp-json\/wp\/v2\/tags?post=17523"}],"curies":[{"name":"wp","href":"https:\/\/api.w.org\/{rel}","templated":true}]}}