{"id":17510,"date":"2021-06-24T13:00:24","date_gmt":"2021-06-24T16:00:24","guid":{"rendered":"https:\/\/verdadeon.com.br\/portal\/?p=17510"},"modified":"2021-06-24T20:52:13","modified_gmt":"2021-06-24T23:52:13","slug":"lactantes-pela-vacina-buscam-prioridade-na-imunizacao-contra-a-covid-19-em-maes-de-franca","status":"publish","type":"post","link":"https:\/\/verdadeon.com.br\/portal\/2021\/06\/24\/lactantes-pela-vacina-buscam-prioridade-na-imunizacao-contra-a-covid-19-em-maes-de-franca\/","title":{"rendered":"&#8216;Lactantes pela Vacina&#8217;, buscam prioridade na imuniza\u00e7\u00e3o contra a covid 19 em m\u00e3es de Franca"},"content":{"rendered":"<h2>Grupo se reuniu com vereador Marcelo Tidy, na C\u00e2mara Municipal na \u00faltima semana<\/h2>\n<p>Fernando Lima<\/p>\n<p>O movimento nacional \u201cLactantes pela Vacina\u201d, tamb\u00e9m tem representatividade em Franca, o principal objetivo \u00e9 que as m\u00e3es que amamentam tamb\u00e9m sejam inclu\u00eddas com prioridade na vacina\u00e7\u00e3o contra a Covid-19.<\/p>\n<p>A advogada Maria J\u00falia Martiniano, contou que o movimento teve in\u00edcio em Salvador na Bahia, mas que v\u00e1rios outros estados j\u00e1 possuem representatividade. Ela viu que em S\u00e3o Carlos j\u00e1 existia o movimento e por isso decidiu representar em Franca. \u201cCriamos um grupo de mulheres, uma foi chamando a outra e ele foi crescendo. Conseguimos contato com o vereador Marcelo Tidy, que abra\u00e7ou a ideia para que no munic\u00edpio tamb\u00e9m entre essa prioridade de vacinar as m\u00e3es que amamentam\u201d, contou.<\/p>\n<p>Maju relatou ainda que al\u00e9m das m\u00e3es o grupo conta com pais, av\u00f3s e outros membros das fam\u00edlias, que entendem a import\u00e2ncia da medida. \u201cPela decis\u00e3o do Supremo Tribunal Federal, as cidades podem incluir as prioridades, por isso decidimos procurar ajuda na C\u00e2mara. Estudos mostram que atrav\u00e9s da amamenta\u00e7\u00e3o as m\u00e3es passam anticorpos contra a covid-19 para os filhos. \u00c9 uma forma de proteger em dobro, j\u00e1 que crian\u00e7as n\u00e3o podem ser vacinadas\u201d, explicou.<\/p>\n<p>A advogada est\u00e1 em fase amamenta\u00e7\u00e3o, ela \u00e9 m\u00e3e de uma crian\u00e7a de quase 10 meses. Por conta da pandemia Maju viu a rotina se transformar e teve que aprender a conviver com o medo de ser infectada pelo v\u00edrus. \u201cA Sociedade Brasileira de Pediatria recomenda a amamenta\u00e7\u00e3o at\u00e9 pelo menos os dois anos de idade e esse per\u00edodo tem sido muito dif\u00edcil, ficamos com muito medo principalmente pelos nossos filhos. Muitas m\u00e3es n\u00e3o est\u00e3o levando em pediatras com a frequ\u00eancia certa j\u00e1 que ficam impedidas pela pandemia. V\u00e1rias m\u00e3es deixaram de levar seus filhos para tomar vacinas, isso vai se transformar em uma situa\u00e7\u00e3o de sa\u00fade p\u00fablica j\u00e1 que algumas crian\u00e7as n\u00e3o est\u00e3o tendo acompanhamento adequado. A maternidade com a pandemia ficou mais pesada, vivemos com o medo constante, n\u00e3o sabemos o dia de amanh\u00e3. Temos que proteger as m\u00e3es, elas s\u00e3o as bases da sociedade\u201d, finalizou a advogada defendendo a inclus\u00e3o do grupo.<\/p>\n<h2>C\u00e2mara<\/h2>\n<p>Na ter\u00e7a-feira (22), a C\u00e2mara Municipal aprovou o Requerimento do vereador Marcelo Tidy, pedindo que a Prefeitura de Franca tamb\u00e9m inclua as lactantes no grupo de prioridades para a vacina.<\/p>\n<p>No texto Tidy ressaltou a import\u00e2ncia da medida sendo que o Brasil \u00e9 o pa\u00eds com maior n\u00famero de casos de mortes de mulheres gr\u00e1vidas e no p\u00f3s-parto pela Covid-19, com taxa de mortalidade de 12,7 %.<\/p>\n<p>O Requerimento segue agora para a Prefeitura para que seja respondido.<\/p>\n","protected":false},"excerpt":{"rendered":"<p>Grupo se reuniu com vereador Marcelo Tidy, na C\u00e2mara Municipal na \u00faltima semana Fernando Lima O movimento nacional \u201cLactantes pela Vacina\u201d, tamb\u00e9m tem representatividade em Franca,<span class=\"excerpt-hellip\"> [\u2026]<\/span><\/p>\n","protected":false},"author":7,"featured_media":17511,"comment_status":"open","ping_status":"open","sticky":false,"template":"","format":"standard","meta":{"_jetpack_memberships_contains_paid_content":false,"footnotes":"","jetpack_publicize_message":"","jetpack_publicize_feature_enabled":true,"jetpack_social_post_already_shared":false,"jetpack_social_options":{"image_generator_settings":{"template":"highway","default_image_id":0,"enabled":false},"version":2}},"categories":[28,44],"tags":[],"class_list":["post-17510","post","type-post","status-publish","format-standard","has-post-thumbnail","hentry","category-cotidiano","category-noticias"],"yoast_head":"<!-- This site is optimized with the Yoast SEO plugin v25.6 - https:\/\/yoast.com\/wordpress\/plugins\/seo\/ -->\n<title>&#039;Lactantes pela Vacina&#039;, buscam prioridade na imuniza\u00e7\u00e3o contra a covid 19 em m\u00e3es de Franca - VerdadeOn<\/title>\n<meta name=\"robots\" content=\"index, follow, max-snippet:-1, max-image-preview:large, max-video-preview:-1\" \/>\n<link rel=\"canonical\" href=\"https:\/\/verdadeon.com.br\/portal\/2021\/06\/24\/lactantes-pela-vacina-buscam-prioridade-na-imunizacao-contra-a-covid-19-em-maes-de-franca\/\" \/>\n<meta property=\"og:locale\" content=\"pt_BR\" \/>\n<meta property=\"og:type\" content=\"article\" \/>\n<meta property=\"og:title\" content=\"&#039;Lactantes pela Vacina&#039;, buscam prioridade na imuniza\u00e7\u00e3o contra a covid 19 em m\u00e3es de Franca - VerdadeOn\" \/>\n<meta property=\"og:description\" content=\"Grupo se reuniu com vereador Marcelo Tidy, na C\u00e2mara Municipal na \u00faltima semana Fernando Lima O movimento nacional \u201cLactantes pela Vacina\u201d, tamb\u00e9m tem representatividade em Franca, [\u2026]\" \/>\n<meta property=\"og:url\" content=\"https:\/\/verdadeon.com.br\/portal\/2021\/06\/24\/lactantes-pela-vacina-buscam-prioridade-na-imunizacao-contra-a-covid-19-em-maes-de-franca\/\" \/>\n<meta property=\"og:site_name\" content=\"VerdadeOn\" \/>\n<meta property=\"article:published_time\" content=\"2021-06-24T16:00:24+00:00\" \/>\n<meta property=\"article:modified_time\" content=\"2021-06-24T23:52:13+00:00\" \/>\n<meta property=\"og:image\" content=\"https:\/\/verdadeon.com.br\/portal\/wp-content\/uploads\/2021\/06\/LACTANTES.jpg\" \/>\n\t<meta property=\"og:image:width\" content=\"1000\" \/>\n\t<meta property=\"og:image:height\" content=\"670\" \/>\n\t<meta property=\"og:image:type\" content=\"image\/jpeg\" \/>\n<meta name=\"author\" content=\"Fernando Lima\" \/>\n<meta name=\"twitter:card\" content=\"summary_large_image\" \/>\n<meta name=\"twitter:label1\" content=\"Escrito por\" \/>\n\t<meta name=\"twitter:data1\" content=\"Fernando Lima\" \/>\n\t<meta name=\"twitter:label2\" content=\"Est. tempo de leitura\" \/>\n\t<meta name=\"twitter:data2\" content=\"2 minutos\" \/>\n<script type=\"application\/ld+json\" class=\"yoast-schema-graph\">{\"@context\":\"https:\/\/schema.org\",\"@graph\":[{\"@type\":\"WebPage\",\"@id\":\"https:\/\/verdadeon.com.br\/portal\/2021\/06\/24\/lactantes-pela-vacina-buscam-prioridade-na-imunizacao-contra-a-covid-19-em-maes-de-franca\/\",\"url\":\"https:\/\/verdadeon.com.br\/portal\/2021\/06\/24\/lactantes-pela-vacina-buscam-prioridade-na-imunizacao-contra-a-covid-19-em-maes-de-franca\/\",\"name\":\"'Lactantes pela Vacina', buscam prioridade na imuniza\u00e7\u00e3o contra a covid 19 em m\u00e3es de Franca - VerdadeOn\",\"isPartOf\":{\"@id\":\"https:\/\/verdadeon.com.br\/portal\/#website\"},\"primaryImageOfPage\":{\"@id\":\"https:\/\/verdadeon.com.br\/portal\/2021\/06\/24\/lactantes-pela-vacina-buscam-prioridade-na-imunizacao-contra-a-covid-19-em-maes-de-franca\/#primaryimage\"},\"image\":{\"@id\":\"https:\/\/verdadeon.com.br\/portal\/2021\/06\/24\/lactantes-pela-vacina-buscam-prioridade-na-imunizacao-contra-a-covid-19-em-maes-de-franca\/#primaryimage\"},\"thumbnailUrl\":\"https:\/\/i0.wp.com\/verdadeon.com.br\/portal\/wp-content\/uploads\/2021\/06\/LACTANTES.jpg?fit=1000%2C670&ssl=1\",\"datePublished\":\"2021-06-24T16:00:24+00:00\",\"dateModified\":\"2021-06-24T23:52:13+00:00\",\"author\":{\"@id\":\"https:\/\/verdadeon.com.br\/portal\/#\/schema\/person\/cc32be22b8e8599387c480bc83e1d11a\"},\"breadcrumb\":{\"@id\":\"https:\/\/verdadeon.com.br\/portal\/2021\/06\/24\/lactantes-pela-vacina-buscam-prioridade-na-imunizacao-contra-a-covid-19-em-maes-de-franca\/#breadcrumb\"},\"inLanguage\":\"pt-BR\",\"potentialAction\":[{\"@type\":\"ReadAction\",\"target\":[\"https:\/\/verdadeon.com.br\/portal\/2021\/06\/24\/lactantes-pela-vacina-buscam-prioridade-na-imunizacao-contra-a-covid-19-em-maes-de-franca\/\"]}]},{\"@type\":\"ImageObject\",\"inLanguage\":\"pt-BR\",\"@id\":\"https:\/\/verdadeon.com.br\/portal\/2021\/06\/24\/lactantes-pela-vacina-buscam-prioridade-na-imunizacao-contra-a-covid-19-em-maes-de-franca\/#primaryimage\",\"url\":\"https:\/\/i0.wp.com\/verdadeon.com.br\/portal\/wp-content\/uploads\/2021\/06\/LACTANTES.jpg?fit=1000%2C670&ssl=1\",\"contentUrl\":\"https:\/\/i0.wp.com\/verdadeon.com.br\/portal\/wp-content\/uploads\/2021\/06\/LACTANTES.jpg?fit=1000%2C670&ssl=1\",\"width\":1000,\"height\":670,\"caption\":\"\\\"Lactantes pela Vacina\\\", \u00e9 um movimento nacional que ganha cada vez mais espa\u00e7o em diferentes regi\u00f5es | Foto: Lactantes pela Vacina Franca\"},{\"@type\":\"BreadcrumbList\",\"@id\":\"https:\/\/verdadeon.com.br\/portal\/2021\/06\/24\/lactantes-pela-vacina-buscam-prioridade-na-imunizacao-contra-a-covid-19-em-maes-de-franca\/#breadcrumb\",\"itemListElement\":[{\"@type\":\"ListItem\",\"position\":1,\"name\":\"In\u00edcio\",\"item\":\"https:\/\/verdadeon.com.br\/portal\/\"},{\"@type\":\"ListItem\",\"position\":2,\"name\":\"&#8216;Lactantes pela Vacina&#8217;, buscam prioridade na imuniza\u00e7\u00e3o contra a covid 19 em m\u00e3es de Franca\"}]},{\"@type\":\"WebSite\",\"@id\":\"https:\/\/verdadeon.com.br\/portal\/#website\",\"url\":\"https:\/\/verdadeon.com.br\/portal\/\",\"name\":\"VerdadeOn\",\"description\":\"Not\u00edcias di\u00e1rias sobre Franca, Regi\u00e3o, Esporte, Cultura, Cotidiano, Colunas. Cobertura nos principais eventos da cidade \u00e9 aqui - Verdadeon Franca\",\"potentialAction\":[{\"@type\":\"SearchAction\",\"target\":{\"@type\":\"EntryPoint\",\"urlTemplate\":\"https:\/\/verdadeon.com.br\/portal\/?s={search_term_string}\"},\"query-input\":{\"@type\":\"PropertyValueSpecification\",\"valueRequired\":true,\"valueName\":\"search_term_string\"}}],\"inLanguage\":\"pt-BR\"},{\"@type\":\"Person\",\"@id\":\"https:\/\/verdadeon.com.br\/portal\/#\/schema\/person\/cc32be22b8e8599387c480bc83e1d11a\",\"name\":\"Fernando Lima\",\"image\":{\"@type\":\"ImageObject\",\"inLanguage\":\"pt-BR\",\"@id\":\"https:\/\/verdadeon.com.br\/portal\/#\/schema\/person\/image\/\",\"url\":\"https:\/\/secure.gravatar.com\/avatar\/df4c8e132080d2b3a4841d5d232045464e0eed11a1d6e43115ca0843d48768d3?s=96&d=mm&r=g\",\"contentUrl\":\"https:\/\/secure.gravatar.com\/avatar\/df4c8e132080d2b3a4841d5d232045464e0eed11a1d6e43115ca0843d48768d3?s=96&d=mm&r=g\",\"caption\":\"Fernando Lima\"},\"sameAs\":[\"http:\/\/verdadeon.com.br\/\"],\"url\":\"https:\/\/verdadeon.com.br\/portal\/author\/fernando-lima\/\"}]}<\/script>\n<!-- \/ Yoast SEO plugin. -->","yoast_head_json":{"title":"'Lactantes pela Vacina', buscam prioridade na imuniza\u00e7\u00e3o contra a covid 19 em m\u00e3es de Franca - VerdadeOn","robots":{"index":"index","follow":"follow","max-snippet":"max-snippet:-1","max-image-preview":"max-image-preview:large","max-video-preview":"max-video-preview:-1"},"canonical":"https:\/\/verdadeon.com.br\/portal\/2021\/06\/24\/lactantes-pela-vacina-buscam-prioridade-na-imunizacao-contra-a-covid-19-em-maes-de-franca\/","og_locale":"pt_BR","og_type":"article","og_title":"'Lactantes pela Vacina', buscam prioridade na imuniza\u00e7\u00e3o contra a covid 19 em m\u00e3es de Franca - VerdadeOn","og_description":"Grupo se reuniu com vereador Marcelo Tidy, na C\u00e2mara Municipal na \u00faltima semana Fernando Lima O movimento nacional \u201cLactantes pela Vacina\u201d, tamb\u00e9m tem representatividade em Franca, [\u2026]","og_url":"https:\/\/verdadeon.com.br\/portal\/2021\/06\/24\/lactantes-pela-vacina-buscam-prioridade-na-imunizacao-contra-a-covid-19-em-maes-de-franca\/","og_site_name":"VerdadeOn","article_published_time":"2021-06-24T16:00:24+00:00","article_modified_time":"2021-06-24T23:52:13+00:00","og_image":[{"width":1000,"height":670,"url":"https:\/\/verdadeon.com.br\/portal\/wp-content\/uploads\/2021\/06\/LACTANTES.jpg","type":"image\/jpeg"}],"author":"Fernando Lima","twitter_card":"summary_large_image","twitter_misc":{"Escrito por":"Fernando Lima","Est. tempo de leitura":"2 minutos"},"schema":{"@context":"https:\/\/schema.org","@graph":[{"@type":"WebPage","@id":"https:\/\/verdadeon.com.br\/portal\/2021\/06\/24\/lactantes-pela-vacina-buscam-prioridade-na-imunizacao-contra-a-covid-19-em-maes-de-franca\/","url":"https:\/\/verdadeon.com.br\/portal\/2021\/06\/24\/lactantes-pela-vacina-buscam-prioridade-na-imunizacao-contra-a-covid-19-em-maes-de-franca\/","name":"'Lactantes pela Vacina', buscam prioridade na imuniza\u00e7\u00e3o contra a covid 19 em m\u00e3es de Franca - VerdadeOn","isPartOf":{"@id":"https:\/\/verdadeon.com.br\/portal\/#website"},"primaryImageOfPage":{"@id":"https:\/\/verdadeon.com.br\/portal\/2021\/06\/24\/lactantes-pela-vacina-buscam-prioridade-na-imunizacao-contra-a-covid-19-em-maes-de-franca\/#primaryimage"},"image":{"@id":"https:\/\/verdadeon.com.br\/portal\/2021\/06\/24\/lactantes-pela-vacina-buscam-prioridade-na-imunizacao-contra-a-covid-19-em-maes-de-franca\/#primaryimage"},"thumbnailUrl":"https:\/\/i0.wp.com\/verdadeon.com.br\/portal\/wp-content\/uploads\/2021\/06\/LACTANTES.jpg?fit=1000%2C670&ssl=1","datePublished":"2021-06-24T16:00:24+00:00","dateModified":"2021-06-24T23:52:13+00:00","author":{"@id":"https:\/\/verdadeon.com.br\/portal\/#\/schema\/person\/cc32be22b8e8599387c480bc83e1d11a"},"breadcrumb":{"@id":"https:\/\/verdadeon.com.br\/portal\/2021\/06\/24\/lactantes-pela-vacina-buscam-prioridade-na-imunizacao-contra-a-covid-19-em-maes-de-franca\/#breadcrumb"},"inLanguage":"pt-BR","potentialAction":[{"@type":"ReadAction","target":["https:\/\/verdadeon.com.br\/portal\/2021\/06\/24\/lactantes-pela-vacina-buscam-prioridade-na-imunizacao-contra-a-covid-19-em-maes-de-franca\/"]}]},{"@type":"ImageObject","inLanguage":"pt-BR","@id":"https:\/\/verdadeon.com.br\/portal\/2021\/06\/24\/lactantes-pela-vacina-buscam-prioridade-na-imunizacao-contra-a-covid-19-em-maes-de-franca\/#primaryimage","url":"https:\/\/i0.wp.com\/verdadeon.com.br\/portal\/wp-content\/uploads\/2021\/06\/LACTANTES.jpg?fit=1000%2C670&ssl=1","contentUrl":"https:\/\/i0.wp.com\/verdadeon.com.br\/portal\/wp-content\/uploads\/2021\/06\/LACTANTES.jpg?fit=1000%2C670&ssl=1","width":1000,"height":670,"caption":"\"Lactantes pela Vacina\", \u00e9 um movimento nacional que ganha cada vez mais espa\u00e7o em diferentes regi\u00f5es | Foto: Lactantes pela Vacina Franca"},{"@type":"BreadcrumbList","@id":"https:\/\/verdadeon.com.br\/portal\/2021\/06\/24\/lactantes-pela-vacina-buscam-prioridade-na-imunizacao-contra-a-covid-19-em-maes-de-franca\/#breadcrumb","itemListElement":[{"@type":"ListItem","position":1,"name":"In\u00edcio","item":"https:\/\/verdadeon.com.br\/portal\/"},{"@type":"ListItem","position":2,"name":"&#8216;Lactantes pela Vacina&#8217;, buscam prioridade na imuniza\u00e7\u00e3o contra a covid 19 em m\u00e3es de Franca"}]},{"@type":"WebSite","@id":"https:\/\/verdadeon.com.br\/portal\/#website","url":"https:\/\/verdadeon.com.br\/portal\/","name":"VerdadeOn","description":"Not\u00edcias di\u00e1rias sobre Franca, Regi\u00e3o, Esporte, Cultura, Cotidiano, Colunas. Cobertura nos principais eventos da cidade \u00e9 aqui - Verdadeon Franca","potentialAction":[{"@type":"SearchAction","target":{"@type":"EntryPoint","urlTemplate":"https:\/\/verdadeon.com.br\/portal\/?s={search_term_string}"},"query-input":{"@type":"PropertyValueSpecification","valueRequired":true,"valueName":"search_term_string"}}],"inLanguage":"pt-BR"},{"@type":"Person","@id":"https:\/\/verdadeon.com.br\/portal\/#\/schema\/person\/cc32be22b8e8599387c480bc83e1d11a","name":"Fernando Lima","image":{"@type":"ImageObject","inLanguage":"pt-BR","@id":"https:\/\/verdadeon.com.br\/portal\/#\/schema\/person\/image\/","url":"https:\/\/secure.gravatar.com\/avatar\/df4c8e132080d2b3a4841d5d232045464e0eed11a1d6e43115ca0843d48768d3?s=96&d=mm&r=g","contentUrl":"https:\/\/secure.gravatar.com\/avatar\/df4c8e132080d2b3a4841d5d232045464e0eed11a1d6e43115ca0843d48768d3?s=96&d=mm&r=g","caption":"Fernando Lima"},"sameAs":["http:\/\/verdadeon.com.br\/"],"url":"https:\/\/verdadeon.com.br\/portal\/author\/fernando-lima\/"}]}},"jetpack_publicize_connections":[],"jetpack_featured_media_url":"https:\/\/i0.wp.com\/verdadeon.com.br\/portal\/wp-content\/uploads\/2021\/06\/LACTANTES.jpg?fit=1000%2C670&ssl=1","jetpack_sharing_enabled":true,"_links":{"self":[{"href":"https:\/\/verdadeon.com.br\/portal\/wp-json\/wp\/v2\/posts\/17510","targetHints":{"allow":["GET"]}}],"collection":[{"href":"https:\/\/verdadeon.com.br\/portal\/wp-json\/wp\/v2\/posts"}],"about":[{"href":"https:\/\/verdadeon.com.br\/portal\/wp-json\/wp\/v2\/types\/post"}],"author":[{"embeddable":true,"href":"https:\/\/verdadeon.com.br\/portal\/wp-json\/wp\/v2\/users\/7"}],"replies":[{"embeddable":true,"href":"https:\/\/verdadeon.com.br\/portal\/wp-json\/wp\/v2\/comments?post=17510"}],"version-history":[{"count":0,"href":"https:\/\/verdadeon.com.br\/portal\/wp-json\/wp\/v2\/posts\/17510\/revisions"}],"wp:featuredmedia":[{"embeddable":true,"href":"https:\/\/verdadeon.com.br\/portal\/wp-json\/wp\/v2\/media\/17511"}],"wp:attachment":[{"href":"https:\/\/verdadeon.com.br\/portal\/wp-json\/wp\/v2\/media?parent=17510"}],"wp:term":[{"taxonomy":"category","embeddable":true,"href":"https:\/\/verdadeon.com.br\/portal\/wp-json\/wp\/v2\/categories?post=17510"},{"taxonomy":"post_tag","embeddable":true,"href":"https:\/\/verdadeon.com.br\/portal\/wp-json\/wp\/v2\/tags?post=17510"}],"curies":[{"name":"wp","href":"https:\/\/api.w.org\/{rel}","templated":true}]}}