{"id":17497,"date":"2021-06-23T00:44:33","date_gmt":"2021-06-23T03:44:33","guid":{"rendered":"https:\/\/verdadeon.com.br\/portal\/?p=17497"},"modified":"2021-06-23T00:44:33","modified_gmt":"2021-06-23T03:44:33","slug":"camara-em-pauta-5","status":"publish","type":"post","link":"https:\/\/verdadeon.com.br\/portal\/2021\/06\/23\/camara-em-pauta-5\/","title":{"rendered":"C\u00e2mara em Pauta"},"content":{"rendered":"<h4>Marcela Barros<\/h4>\n<p>Na sess\u00e3o da C\u00e2mara Municipal desta ter\u00e7a-feira (23), seria votado o projeto de lei que criava o programa de aux\u00edlio transporte encaminhado pelo prefeito Alexandre Ferreira. O projeto previa o repasse de um milh\u00e3o, trezentos e cinquenta mil reais \u00e0 empresa S\u00e3o Jos\u00e9, concession\u00e1ria respons\u00e1vel pelo transporte p\u00fablico coletivo da cidade.<\/p>\n<p>Ap\u00f3s a manifesta\u00e7\u00e3o da maioria dos vereadores de que votariam contrariamente ao projeto, o prefeito solicitou a retirada do projeto que n\u00e3o seguiu para vota\u00e7\u00e3o, o que causou desconforto entre os parlamentares que j\u00e1 haviam se preparado para justificar o voto contr\u00e1rio ao repasse.<\/p>\n<p>O vereador Della Motta (POD) disse que foram cerceados de manifestar os seus posicionamentos no projeto e argumentou que o relat\u00f3rio da CEAR (Comiss\u00e3o Especial de Assuntos Relevantes) criada em 2017 pelos vereadores e presidida pelo ex-vereador Corr\u00eaa Neves J\u00fanior, prev\u00ea todas as irregularidades na presta\u00e7\u00e3o dos servi\u00e7os e falta de transpar\u00eancia por parte da empresa na execu\u00e7\u00e3o do contrato, e enfatizou \u201c\u00e9 uma empresa que faz uma greve no dia de mutir\u00e3o de vacina\u00e7\u00e3o de combate ao Covid, \u00e9 uma empresa que tem a cara de pau de entrar no Judici\u00e1rio pedindo a redu\u00e7\u00e3o de 30%, uma empresa que n\u00e3o cumpre uma cl\u00e1usula de contrato e que fizeram umas picaretagens dos pontos de integra\u00e7\u00e3o. Uma empresa que n\u00e3o tem respeito aos trabalhadores da nossa cidade e que nunca foi punida pela EMDEF, e que tudo o que se refere a essa empresa \u00e9 nebuloso\u201d. O vereador, que era contr\u00e1rio ao repasse, ainda pontuou que esta vota\u00e7\u00e3o seria o momento \u201cde separar os homens dos meninos\u201d, fazendo refer\u00eancia aos posicionamentos que os vereadores tomariam diante da vota\u00e7\u00e3o de um projeto t\u00e3o relevante, mas que infelizmente tiraram deles o direito de explicar os motivos pelos quais o projeto n\u00e3o era adequado.<\/p>\n<p>Carlinho Petr\u00f3polis (PL) disse que \u201ca empresa S\u00e3o Jos\u00e9 \u00e9 o calv\u00e1rio que h\u00e1 nesta cidade\u201d e que o projeto deveria ter disso retirado antes de ser colocado em pauta.<\/p>\n<p>Desde mar\u00e7o o Jornal Verdade tem noticiado a possibilidade da cria\u00e7\u00e3o de um projeto que poderia de algum modo beneficiar a empresa S\u00e3o Jos\u00e9, e desde que o projeto foi protocolado informou a respeito, trazendo os posicionamentos de todos os vereadores, o que auxiliou a popula\u00e7\u00e3o na fiscaliza\u00e7\u00e3o do posicionamento de cada parlamentar, conforme foi ressaltado por Gilson Pelizaro (PT), que a iniciativa da imprensa em fazer um levantamento pr\u00e9vio da vota\u00e7\u00e3o motivou a retirada do projeto.<\/p>\n<p>No in\u00edcio da noite a assessoria de comunica\u00e7\u00e3o da prefeitura emitiu comunicado oficial informando a popula\u00e7\u00e3o que notificou a empresa para que retomasse a presta\u00e7\u00e3o dos servi\u00e7os imediatamente sob pena de aplica\u00e7\u00e3o das penalidades previstas no contrato, que podem ser multa e at\u00e9 rescis\u00e3o.<\/p>\n","protected":false},"excerpt":{"rendered":"<p>Marcela Barros Na sess\u00e3o da C\u00e2mara Municipal desta ter\u00e7a-feira (23), seria votado o projeto de lei que criava o programa de aux\u00edlio transporte encaminhado pelo prefeito<span class=\"excerpt-hellip\"> [\u2026]<\/span><\/p>\n","protected":false},"author":4,"featured_media":17473,"comment_status":"open","ping_status":"open","sticky":false,"template":"","format":"standard","meta":{"_jetpack_memberships_contains_paid_content":false,"footnotes":"","jetpack_publicize_message":"","jetpack_publicize_feature_enabled":true,"jetpack_social_post_already_shared":false,"jetpack_social_options":{"image_generator_settings":{"template":"highway","default_image_id":0,"enabled":false},"version":2}},"categories":[28,44],"tags":[],"class_list":["post-17497","post","type-post","status-publish","format-standard","has-post-thumbnail","hentry","category-cotidiano","category-noticias"],"yoast_head":"<!-- This site is optimized with the Yoast SEO plugin v25.6 - https:\/\/yoast.com\/wordpress\/plugins\/seo\/ -->\n<title>C\u00e2mara em Pauta - VerdadeOn<\/title>\n<meta name=\"robots\" content=\"index, follow, max-snippet:-1, max-image-preview:large, max-video-preview:-1\" \/>\n<link rel=\"canonical\" href=\"https:\/\/verdadeon.com.br\/portal\/2021\/06\/23\/camara-em-pauta-5\/\" \/>\n<meta property=\"og:locale\" content=\"pt_BR\" \/>\n<meta property=\"og:type\" content=\"article\" \/>\n<meta property=\"og:title\" content=\"C\u00e2mara em Pauta - VerdadeOn\" \/>\n<meta property=\"og:description\" content=\"Marcela Barros Na sess\u00e3o da C\u00e2mara Municipal desta ter\u00e7a-feira (23), seria votado o projeto de lei que criava o programa de aux\u00edlio transporte encaminhado pelo prefeito [\u2026]\" \/>\n<meta property=\"og:url\" content=\"https:\/\/verdadeon.com.br\/portal\/2021\/06\/23\/camara-em-pauta-5\/\" \/>\n<meta property=\"og:site_name\" content=\"VerdadeOn\" \/>\n<meta property=\"article:published_time\" content=\"2021-06-23T03:44:33+00:00\" \/>\n<meta property=\"og:image\" content=\"https:\/\/verdadeon.com.br\/portal\/wp-content\/uploads\/2021\/06\/WhatsApp-Image-2021-06-22-at-11.21.38.jpeg\" \/>\n\t<meta property=\"og:image:width\" content=\"1000\" \/>\n\t<meta property=\"og:image:height\" content=\"670\" \/>\n\t<meta property=\"og:image:type\" content=\"image\/jpeg\" \/>\n<meta name=\"author\" content=\"Fernando Calixto\" \/>\n<meta name=\"twitter:card\" content=\"summary_large_image\" \/>\n<meta name=\"twitter:label1\" content=\"Escrito por\" \/>\n\t<meta name=\"twitter:data1\" content=\"Fernando Calixto\" \/>\n\t<meta name=\"twitter:label2\" content=\"Est. tempo de leitura\" \/>\n\t<meta name=\"twitter:data2\" content=\"2 minutos\" \/>\n<script type=\"application\/ld+json\" class=\"yoast-schema-graph\">{\"@context\":\"https:\/\/schema.org\",\"@graph\":[{\"@type\":\"WebPage\",\"@id\":\"https:\/\/verdadeon.com.br\/portal\/2021\/06\/23\/camara-em-pauta-5\/\",\"url\":\"https:\/\/verdadeon.com.br\/portal\/2021\/06\/23\/camara-em-pauta-5\/\",\"name\":\"C\u00e2mara em Pauta - VerdadeOn\",\"isPartOf\":{\"@id\":\"https:\/\/verdadeon.com.br\/portal\/#website\"},\"primaryImageOfPage\":{\"@id\":\"https:\/\/verdadeon.com.br\/portal\/2021\/06\/23\/camara-em-pauta-5\/#primaryimage\"},\"image\":{\"@id\":\"https:\/\/verdadeon.com.br\/portal\/2021\/06\/23\/camara-em-pauta-5\/#primaryimage\"},\"thumbnailUrl\":\"https:\/\/i0.wp.com\/verdadeon.com.br\/portal\/wp-content\/uploads\/2021\/06\/WhatsApp-Image-2021-06-22-at-11.21.38.jpeg?fit=1000%2C670&ssl=1\",\"datePublished\":\"2021-06-23T03:44:33+00:00\",\"author\":{\"@id\":\"https:\/\/verdadeon.com.br\/portal\/#\/schema\/person\/8994718f49ee62ba5610471e29ca1f62\"},\"breadcrumb\":{\"@id\":\"https:\/\/verdadeon.com.br\/portal\/2021\/06\/23\/camara-em-pauta-5\/#breadcrumb\"},\"inLanguage\":\"pt-BR\",\"potentialAction\":[{\"@type\":\"ReadAction\",\"target\":[\"https:\/\/verdadeon.com.br\/portal\/2021\/06\/23\/camara-em-pauta-5\/\"]}]},{\"@type\":\"ImageObject\",\"inLanguage\":\"pt-BR\",\"@id\":\"https:\/\/verdadeon.com.br\/portal\/2021\/06\/23\/camara-em-pauta-5\/#primaryimage\",\"url\":\"https:\/\/i0.wp.com\/verdadeon.com.br\/portal\/wp-content\/uploads\/2021\/06\/WhatsApp-Image-2021-06-22-at-11.21.38.jpeg?fit=1000%2C670&ssl=1\",\"contentUrl\":\"https:\/\/i0.wp.com\/verdadeon.com.br\/portal\/wp-content\/uploads\/2021\/06\/WhatsApp-Image-2021-06-22-at-11.21.38.jpeg?fit=1000%2C670&ssl=1\",\"width\":1000,\"height\":670},{\"@type\":\"BreadcrumbList\",\"@id\":\"https:\/\/verdadeon.com.br\/portal\/2021\/06\/23\/camara-em-pauta-5\/#breadcrumb\",\"itemListElement\":[{\"@type\":\"ListItem\",\"position\":1,\"name\":\"In\u00edcio\",\"item\":\"https:\/\/verdadeon.com.br\/portal\/\"},{\"@type\":\"ListItem\",\"position\":2,\"name\":\"C\u00e2mara em Pauta\"}]},{\"@type\":\"WebSite\",\"@id\":\"https:\/\/verdadeon.com.br\/portal\/#website\",\"url\":\"https:\/\/verdadeon.com.br\/portal\/\",\"name\":\"VerdadeOn\",\"description\":\"Not\u00edcias di\u00e1rias sobre Franca, Regi\u00e3o, Esporte, Cultura, Cotidiano, Colunas. Cobertura nos principais eventos da cidade \u00e9 aqui - Verdadeon Franca\",\"potentialAction\":[{\"@type\":\"SearchAction\",\"target\":{\"@type\":\"EntryPoint\",\"urlTemplate\":\"https:\/\/verdadeon.com.br\/portal\/?s={search_term_string}\"},\"query-input\":{\"@type\":\"PropertyValueSpecification\",\"valueRequired\":true,\"valueName\":\"search_term_string\"}}],\"inLanguage\":\"pt-BR\"},{\"@type\":\"Person\",\"@id\":\"https:\/\/verdadeon.com.br\/portal\/#\/schema\/person\/8994718f49ee62ba5610471e29ca1f62\",\"name\":\"Fernando Calixto\",\"image\":{\"@type\":\"ImageObject\",\"inLanguage\":\"pt-BR\",\"@id\":\"https:\/\/verdadeon.com.br\/portal\/#\/schema\/person\/image\/\",\"url\":\"https:\/\/secure.gravatar.com\/avatar\/7578910c24966c0316c340f9dbd601e93ee9f9212e1033968b367af9306bd9fb?s=96&d=mm&r=g\",\"contentUrl\":\"https:\/\/secure.gravatar.com\/avatar\/7578910c24966c0316c340f9dbd601e93ee9f9212e1033968b367af9306bd9fb?s=96&d=mm&r=g\",\"caption\":\"Fernando Calixto\"},\"url\":\"https:\/\/verdadeon.com.br\/portal\/author\/fernando-calixto\/\"}]}<\/script>\n<!-- \/ Yoast SEO plugin. -->","yoast_head_json":{"title":"C\u00e2mara em Pauta - VerdadeOn","robots":{"index":"index","follow":"follow","max-snippet":"max-snippet:-1","max-image-preview":"max-image-preview:large","max-video-preview":"max-video-preview:-1"},"canonical":"https:\/\/verdadeon.com.br\/portal\/2021\/06\/23\/camara-em-pauta-5\/","og_locale":"pt_BR","og_type":"article","og_title":"C\u00e2mara em Pauta - VerdadeOn","og_description":"Marcela Barros Na sess\u00e3o da C\u00e2mara Municipal desta ter\u00e7a-feira (23), seria votado o projeto de lei que criava o programa de aux\u00edlio transporte encaminhado pelo prefeito [\u2026]","og_url":"https:\/\/verdadeon.com.br\/portal\/2021\/06\/23\/camara-em-pauta-5\/","og_site_name":"VerdadeOn","article_published_time":"2021-06-23T03:44:33+00:00","og_image":[{"width":1000,"height":670,"url":"https:\/\/verdadeon.com.br\/portal\/wp-content\/uploads\/2021\/06\/WhatsApp-Image-2021-06-22-at-11.21.38.jpeg","type":"image\/jpeg"}],"author":"Fernando Calixto","twitter_card":"summary_large_image","twitter_misc":{"Escrito por":"Fernando Calixto","Est. tempo de leitura":"2 minutos"},"schema":{"@context":"https:\/\/schema.org","@graph":[{"@type":"WebPage","@id":"https:\/\/verdadeon.com.br\/portal\/2021\/06\/23\/camara-em-pauta-5\/","url":"https:\/\/verdadeon.com.br\/portal\/2021\/06\/23\/camara-em-pauta-5\/","name":"C\u00e2mara em Pauta - VerdadeOn","isPartOf":{"@id":"https:\/\/verdadeon.com.br\/portal\/#website"},"primaryImageOfPage":{"@id":"https:\/\/verdadeon.com.br\/portal\/2021\/06\/23\/camara-em-pauta-5\/#primaryimage"},"image":{"@id":"https:\/\/verdadeon.com.br\/portal\/2021\/06\/23\/camara-em-pauta-5\/#primaryimage"},"thumbnailUrl":"https:\/\/i0.wp.com\/verdadeon.com.br\/portal\/wp-content\/uploads\/2021\/06\/WhatsApp-Image-2021-06-22-at-11.21.38.jpeg?fit=1000%2C670&ssl=1","datePublished":"2021-06-23T03:44:33+00:00","author":{"@id":"https:\/\/verdadeon.com.br\/portal\/#\/schema\/person\/8994718f49ee62ba5610471e29ca1f62"},"breadcrumb":{"@id":"https:\/\/verdadeon.com.br\/portal\/2021\/06\/23\/camara-em-pauta-5\/#breadcrumb"},"inLanguage":"pt-BR","potentialAction":[{"@type":"ReadAction","target":["https:\/\/verdadeon.com.br\/portal\/2021\/06\/23\/camara-em-pauta-5\/"]}]},{"@type":"ImageObject","inLanguage":"pt-BR","@id":"https:\/\/verdadeon.com.br\/portal\/2021\/06\/23\/camara-em-pauta-5\/#primaryimage","url":"https:\/\/i0.wp.com\/verdadeon.com.br\/portal\/wp-content\/uploads\/2021\/06\/WhatsApp-Image-2021-06-22-at-11.21.38.jpeg?fit=1000%2C670&ssl=1","contentUrl":"https:\/\/i0.wp.com\/verdadeon.com.br\/portal\/wp-content\/uploads\/2021\/06\/WhatsApp-Image-2021-06-22-at-11.21.38.jpeg?fit=1000%2C670&ssl=1","width":1000,"height":670},{"@type":"BreadcrumbList","@id":"https:\/\/verdadeon.com.br\/portal\/2021\/06\/23\/camara-em-pauta-5\/#breadcrumb","itemListElement":[{"@type":"ListItem","position":1,"name":"In\u00edcio","item":"https:\/\/verdadeon.com.br\/portal\/"},{"@type":"ListItem","position":2,"name":"C\u00e2mara em Pauta"}]},{"@type":"WebSite","@id":"https:\/\/verdadeon.com.br\/portal\/#website","url":"https:\/\/verdadeon.com.br\/portal\/","name":"VerdadeOn","description":"Not\u00edcias di\u00e1rias sobre Franca, Regi\u00e3o, Esporte, Cultura, Cotidiano, Colunas. Cobertura nos principais eventos da cidade \u00e9 aqui - Verdadeon Franca","potentialAction":[{"@type":"SearchAction","target":{"@type":"EntryPoint","urlTemplate":"https:\/\/verdadeon.com.br\/portal\/?s={search_term_string}"},"query-input":{"@type":"PropertyValueSpecification","valueRequired":true,"valueName":"search_term_string"}}],"inLanguage":"pt-BR"},{"@type":"Person","@id":"https:\/\/verdadeon.com.br\/portal\/#\/schema\/person\/8994718f49ee62ba5610471e29ca1f62","name":"Fernando Calixto","image":{"@type":"ImageObject","inLanguage":"pt-BR","@id":"https:\/\/verdadeon.com.br\/portal\/#\/schema\/person\/image\/","url":"https:\/\/secure.gravatar.com\/avatar\/7578910c24966c0316c340f9dbd601e93ee9f9212e1033968b367af9306bd9fb?s=96&d=mm&r=g","contentUrl":"https:\/\/secure.gravatar.com\/avatar\/7578910c24966c0316c340f9dbd601e93ee9f9212e1033968b367af9306bd9fb?s=96&d=mm&r=g","caption":"Fernando Calixto"},"url":"https:\/\/verdadeon.com.br\/portal\/author\/fernando-calixto\/"}]}},"jetpack_publicize_connections":[],"jetpack_featured_media_url":"https:\/\/i0.wp.com\/verdadeon.com.br\/portal\/wp-content\/uploads\/2021\/06\/WhatsApp-Image-2021-06-22-at-11.21.38.jpeg?fit=1000%2C670&ssl=1","jetpack_sharing_enabled":true,"_links":{"self":[{"href":"https:\/\/verdadeon.com.br\/portal\/wp-json\/wp\/v2\/posts\/17497","targetHints":{"allow":["GET"]}}],"collection":[{"href":"https:\/\/verdadeon.com.br\/portal\/wp-json\/wp\/v2\/posts"}],"about":[{"href":"https:\/\/verdadeon.com.br\/portal\/wp-json\/wp\/v2\/types\/post"}],"author":[{"embeddable":true,"href":"https:\/\/verdadeon.com.br\/portal\/wp-json\/wp\/v2\/users\/4"}],"replies":[{"embeddable":true,"href":"https:\/\/verdadeon.com.br\/portal\/wp-json\/wp\/v2\/comments?post=17497"}],"version-history":[{"count":0,"href":"https:\/\/verdadeon.com.br\/portal\/wp-json\/wp\/v2\/posts\/17497\/revisions"}],"wp:featuredmedia":[{"embeddable":true,"href":"https:\/\/verdadeon.com.br\/portal\/wp-json\/wp\/v2\/media\/17473"}],"wp:attachment":[{"href":"https:\/\/verdadeon.com.br\/portal\/wp-json\/wp\/v2\/media?parent=17497"}],"wp:term":[{"taxonomy":"category","embeddable":true,"href":"https:\/\/verdadeon.com.br\/portal\/wp-json\/wp\/v2\/categories?post=17497"},{"taxonomy":"post_tag","embeddable":true,"href":"https:\/\/verdadeon.com.br\/portal\/wp-json\/wp\/v2\/tags?post=17497"}],"curies":[{"name":"wp","href":"https:\/\/api.w.org\/{rel}","templated":true}]}}