{"id":17459,"date":"2021-06-22T06:00:39","date_gmt":"2021-06-22T09:00:39","guid":{"rendered":"https:\/\/verdadeon.com.br\/portal\/?p=17459"},"modified":"2021-06-21T22:59:20","modified_gmt":"2021-06-22T01:59:20","slug":"projeto-que-destina-mais-de-1-milhao-do-covid-deve-ser-rejeitado-por-unanimidade","status":"publish","type":"post","link":"https:\/\/verdadeon.com.br\/portal\/2021\/06\/22\/projeto-que-destina-mais-de-1-milhao-do-covid-deve-ser-rejeitado-por-unanimidade\/","title":{"rendered":"Projeto que destina mais de 1 milh\u00e3o do Covid deve ser rejeitado por unanimidade"},"content":{"rendered":"<h4>Marcela Barros<\/h4>\n<p>Nesta tarde (22), os vereadores votar\u00e3o o projeto de lei que implanta o chamado programa de aux\u00edlio transporte aos usu\u00e1rios de transporte p\u00fablico, e ao que tudo indica o projeto receber\u00e1 voto contr\u00e1rio de todos os vereadores. O projeto estabelece uma parceria entre o governo e a empresa S\u00e3o Jos\u00e9, com a finalidade de repassar um milh\u00e3o, trezentos e cinquenta mil reais pela compra de passes.<\/p>\n<p>O projeto n\u00e3o \u00e9 claro quanto ao n\u00famero de passagens seriam fornecidas nem quantos usu\u00e1rios seriam beneficiados, mas informa que quatrocentos e cinco mil reais ser\u00e3o retirados da quarta parcela da verba destinada ao combate do Covid-19. Esse valor seria uma sobra dos recursos que n\u00e3o foram utilizados no combate ao v\u00edrus mas poderia ainda ser aplicado na aquisi\u00e7\u00e3o de testes e suprimentos para montagem de leitos de UTI.<\/p>\n<p>A press\u00e3o da popula\u00e7\u00e3o tem sido intensa nos \u00faltimos dias em cima dos parlamentares, que passaram a receber mensagens em suas redes sociais e telefones pedindo um posicionamento. Empres\u00e1rios francanos tamb\u00e9m declararam revolta pois a empresa n\u00e3o seria a \u00fanica a enfrentar a crise. De acordo com a empresa, em nota, ela \u201ctem protocolado mensalmente pedidos de aux\u00edlio financeiro para conseguir manter a opera\u00e7\u00e3o desde a gest\u00e3o passada\u201d, mas que n\u00e3o teria obtido nenhuma resposta da prefeitura para encontra uma solu\u00e7\u00e3o.<\/p>\n<p>O primeiro vereador a se manifestar foi Gilson Pelizaro (PT) no momento de envio do projeto \u00e0 C\u00e2mara, tamb\u00e9m sendo ele que identificou a retirada de recursos do Covid-19. Na semana passada Marcelo Tidy (DEM) postou um v\u00eddeo em suas redes sociais dizendo ser completamente contr\u00e1rio e estar a favor do povo. Nesta tarde, entramos em contato com os vereadores, Donizete da Farm\u00e1cia (MDB), Claudinei da Rocha (MDB) e Della Motta (POD) foram os primeiros a declarar o posicionamento contr\u00e1rio. No caso, Claudinei como presidente somente votaria em caso de empate entre os votos contr\u00e1rios e a favor. Carlinho Petr\u00f3polis (PL), Zezinho Cabeleireiro (PP), Daniel Bassi (PSDB), Ilton Ferreira (PL), Lurdinha Granzotte (PSL) e Kak\u00e1 (PSDB) tamb\u00e9m manifestaram contrariedade ao projeto apresentado. Ronaldo Carvalho (CID), atrav\u00e9s de sua assessoria, n\u00e3o ter se decidido at\u00e9 o momento, Luiz Amaral (REP) e Lindsay Cardoso (CID) n\u00e3o responderam, enquanto S\u00e9rgio Palamoni (PSD) n\u00e3o poss\u00edvel contato. Portanto, com a maioria esmagadora de dez votos o projeto j\u00e1 ser\u00e1 rejeitado, sendo poss\u00edvel que seja por todos os vereadores.<\/p>\n<p>Segundo o vereador Donizete da Farm\u00e1cia, a empresa tem todo o direito de reivindicar ajuda por estar passando por problemas financeiros, mas h\u00e1 v\u00e1rios segmentos que est\u00e3o fechados sem nenhum faturamento, como com\u00e9rcios, restaurantes e trabalhadores da \u00e1rea de eventos e transporte escolar, levando muitos inclusive \u00e0 fal\u00eancia. Na opini\u00e3o dele, o mesmo benef\u00edcio dado \u00e0 empresa S\u00e3o Jos\u00e9 deveria ser concedido a todos, por isso ele \u00e9 contr\u00e1rio a projetos que repassem verbas a empresa nesse momento, como o que est\u00e1 sendo discutido.<\/p>\n<p>O presidente da C\u00e2mara, Claudinei da Rocha disse que \u00e9 preciso fazer uma revolu\u00e7\u00e3o no transporte p\u00fablico, com estudos aprofundados visando a melhoria dos servi\u00e7os prestados \u00e0 popula\u00e7\u00e3o, para que mais pessoas possam aderir ao uso de \u00f4nibus e assim diminuir o n\u00famero de carros circulando nas vias de Franca, mas \u00e9 preciso se aprofundar no tema e discutir para trazer solu\u00e7\u00f5es. Ressaltou que este n\u00e3o \u00e9 o momento para se votar um projeto de repasse de verbas para uma empresa, diante do cen\u00e1rio da pandemia, por\u00e9m o prefeito Alexandre Ferreira (MDB) se recusou a retirar o projeto.<\/p>\n","protected":false},"excerpt":{"rendered":"<p>Marcela Barros Nesta tarde (22), os vereadores votar\u00e3o o projeto de lei que implanta o chamado programa de aux\u00edlio transporte aos usu\u00e1rios de transporte p\u00fablico, e<span class=\"excerpt-hellip\"> [\u2026]<\/span><\/p>\n","protected":false},"author":4,"featured_media":15012,"comment_status":"open","ping_status":"open","sticky":false,"template":"","format":"standard","meta":{"_jetpack_memberships_contains_paid_content":false,"footnotes":"","jetpack_publicize_message":"","jetpack_publicize_feature_enabled":true,"jetpack_social_post_already_shared":false,"jetpack_social_options":{"image_generator_settings":{"template":"highway","default_image_id":0,"enabled":false},"version":2}},"categories":[28,81],"tags":[],"class_list":["post-17459","post","type-post","status-publish","format-standard","has-post-thumbnail","hentry","category-cotidiano","category-manchete"],"yoast_head":"<!-- This site is optimized with the Yoast SEO plugin v25.6 - https:\/\/yoast.com\/wordpress\/plugins\/seo\/ -->\n<title>Projeto que destina mais de 1 milh\u00e3o do Covid deve ser rejeitado por unanimidade - VerdadeOn<\/title>\n<meta name=\"robots\" content=\"index, follow, max-snippet:-1, max-image-preview:large, max-video-preview:-1\" \/>\n<link rel=\"canonical\" href=\"https:\/\/verdadeon.com.br\/portal\/2021\/06\/22\/projeto-que-destina-mais-de-1-milhao-do-covid-deve-ser-rejeitado-por-unanimidade\/\" \/>\n<meta property=\"og:locale\" content=\"pt_BR\" \/>\n<meta property=\"og:type\" content=\"article\" \/>\n<meta property=\"og:title\" content=\"Projeto que destina mais de 1 milh\u00e3o do Covid deve ser rejeitado por unanimidade - VerdadeOn\" \/>\n<meta property=\"og:description\" content=\"Marcela Barros Nesta tarde (22), os vereadores votar\u00e3o o projeto de lei que implanta o chamado programa de aux\u00edlio transporte aos usu\u00e1rios de transporte p\u00fablico, e [\u2026]\" \/>\n<meta property=\"og:url\" content=\"https:\/\/verdadeon.com.br\/portal\/2021\/06\/22\/projeto-que-destina-mais-de-1-milhao-do-covid-deve-ser-rejeitado-por-unanimidade\/\" \/>\n<meta property=\"og:site_name\" content=\"VerdadeOn\" \/>\n<meta property=\"article:published_time\" content=\"2021-06-22T09:00:39+00:00\" \/>\n<meta property=\"og:image\" content=\"https:\/\/verdadeon.com.br\/portal\/wp-content\/uploads\/2021\/03\/WhatsApp-Image-2021-03-09-at-19.26.52.jpeg\" \/>\n\t<meta property=\"og:image:width\" content=\"1000\" \/>\n\t<meta property=\"og:image:height\" content=\"670\" \/>\n\t<meta property=\"og:image:type\" content=\"image\/jpeg\" \/>\n<meta name=\"author\" content=\"Fernando Calixto\" \/>\n<meta name=\"twitter:card\" content=\"summary_large_image\" \/>\n<meta name=\"twitter:label1\" content=\"Escrito por\" \/>\n\t<meta name=\"twitter:data1\" content=\"Fernando Calixto\" \/>\n\t<meta name=\"twitter:label2\" content=\"Est. tempo de leitura\" \/>\n\t<meta name=\"twitter:data2\" content=\"3 minutos\" \/>\n<script type=\"application\/ld+json\" class=\"yoast-schema-graph\">{\"@context\":\"https:\/\/schema.org\",\"@graph\":[{\"@type\":\"WebPage\",\"@id\":\"https:\/\/verdadeon.com.br\/portal\/2021\/06\/22\/projeto-que-destina-mais-de-1-milhao-do-covid-deve-ser-rejeitado-por-unanimidade\/\",\"url\":\"https:\/\/verdadeon.com.br\/portal\/2021\/06\/22\/projeto-que-destina-mais-de-1-milhao-do-covid-deve-ser-rejeitado-por-unanimidade\/\",\"name\":\"Projeto que destina mais de 1 milh\u00e3o do Covid deve ser rejeitado por unanimidade - VerdadeOn\",\"isPartOf\":{\"@id\":\"https:\/\/verdadeon.com.br\/portal\/#website\"},\"primaryImageOfPage\":{\"@id\":\"https:\/\/verdadeon.com.br\/portal\/2021\/06\/22\/projeto-que-destina-mais-de-1-milhao-do-covid-deve-ser-rejeitado-por-unanimidade\/#primaryimage\"},\"image\":{\"@id\":\"https:\/\/verdadeon.com.br\/portal\/2021\/06\/22\/projeto-que-destina-mais-de-1-milhao-do-covid-deve-ser-rejeitado-por-unanimidade\/#primaryimage\"},\"thumbnailUrl\":\"https:\/\/i0.wp.com\/verdadeon.com.br\/portal\/wp-content\/uploads\/2021\/03\/WhatsApp-Image-2021-03-09-at-19.26.52.jpeg?fit=1000%2C670&ssl=1\",\"datePublished\":\"2021-06-22T09:00:39+00:00\",\"author\":{\"@id\":\"https:\/\/verdadeon.com.br\/portal\/#\/schema\/person\/8994718f49ee62ba5610471e29ca1f62\"},\"breadcrumb\":{\"@id\":\"https:\/\/verdadeon.com.br\/portal\/2021\/06\/22\/projeto-que-destina-mais-de-1-milhao-do-covid-deve-ser-rejeitado-por-unanimidade\/#breadcrumb\"},\"inLanguage\":\"pt-BR\",\"potentialAction\":[{\"@type\":\"ReadAction\",\"target\":[\"https:\/\/verdadeon.com.br\/portal\/2021\/06\/22\/projeto-que-destina-mais-de-1-milhao-do-covid-deve-ser-rejeitado-por-unanimidade\/\"]}]},{\"@type\":\"ImageObject\",\"inLanguage\":\"pt-BR\",\"@id\":\"https:\/\/verdadeon.com.br\/portal\/2021\/06\/22\/projeto-que-destina-mais-de-1-milhao-do-covid-deve-ser-rejeitado-por-unanimidade\/#primaryimage\",\"url\":\"https:\/\/i0.wp.com\/verdadeon.com.br\/portal\/wp-content\/uploads\/2021\/03\/WhatsApp-Image-2021-03-09-at-19.26.52.jpeg?fit=1000%2C670&ssl=1\",\"contentUrl\":\"https:\/\/i0.wp.com\/verdadeon.com.br\/portal\/wp-content\/uploads\/2021\/03\/WhatsApp-Image-2021-03-09-at-19.26.52.jpeg?fit=1000%2C670&ssl=1\",\"width\":1000,\"height\":670},{\"@type\":\"BreadcrumbList\",\"@id\":\"https:\/\/verdadeon.com.br\/portal\/2021\/06\/22\/projeto-que-destina-mais-de-1-milhao-do-covid-deve-ser-rejeitado-por-unanimidade\/#breadcrumb\",\"itemListElement\":[{\"@type\":\"ListItem\",\"position\":1,\"name\":\"In\u00edcio\",\"item\":\"https:\/\/verdadeon.com.br\/portal\/\"},{\"@type\":\"ListItem\",\"position\":2,\"name\":\"Projeto que destina mais de 1 milh\u00e3o do Covid deve ser rejeitado por unanimidade\"}]},{\"@type\":\"WebSite\",\"@id\":\"https:\/\/verdadeon.com.br\/portal\/#website\",\"url\":\"https:\/\/verdadeon.com.br\/portal\/\",\"name\":\"VerdadeOn\",\"description\":\"Not\u00edcias di\u00e1rias sobre Franca, Regi\u00e3o, Esporte, Cultura, Cotidiano, Colunas. Cobertura nos principais eventos da cidade \u00e9 aqui - Verdadeon Franca\",\"potentialAction\":[{\"@type\":\"SearchAction\",\"target\":{\"@type\":\"EntryPoint\",\"urlTemplate\":\"https:\/\/verdadeon.com.br\/portal\/?s={search_term_string}\"},\"query-input\":{\"@type\":\"PropertyValueSpecification\",\"valueRequired\":true,\"valueName\":\"search_term_string\"}}],\"inLanguage\":\"pt-BR\"},{\"@type\":\"Person\",\"@id\":\"https:\/\/verdadeon.com.br\/portal\/#\/schema\/person\/8994718f49ee62ba5610471e29ca1f62\",\"name\":\"Fernando Calixto\",\"image\":{\"@type\":\"ImageObject\",\"inLanguage\":\"pt-BR\",\"@id\":\"https:\/\/verdadeon.com.br\/portal\/#\/schema\/person\/image\/\",\"url\":\"https:\/\/secure.gravatar.com\/avatar\/7578910c24966c0316c340f9dbd601e93ee9f9212e1033968b367af9306bd9fb?s=96&d=mm&r=g\",\"contentUrl\":\"https:\/\/secure.gravatar.com\/avatar\/7578910c24966c0316c340f9dbd601e93ee9f9212e1033968b367af9306bd9fb?s=96&d=mm&r=g\",\"caption\":\"Fernando Calixto\"},\"url\":\"https:\/\/verdadeon.com.br\/portal\/author\/fernando-calixto\/\"}]}<\/script>\n<!-- \/ Yoast SEO plugin. -->","yoast_head_json":{"title":"Projeto que destina mais de 1 milh\u00e3o do Covid deve ser rejeitado por unanimidade - VerdadeOn","robots":{"index":"index","follow":"follow","max-snippet":"max-snippet:-1","max-image-preview":"max-image-preview:large","max-video-preview":"max-video-preview:-1"},"canonical":"https:\/\/verdadeon.com.br\/portal\/2021\/06\/22\/projeto-que-destina-mais-de-1-milhao-do-covid-deve-ser-rejeitado-por-unanimidade\/","og_locale":"pt_BR","og_type":"article","og_title":"Projeto que destina mais de 1 milh\u00e3o do Covid deve ser rejeitado por unanimidade - VerdadeOn","og_description":"Marcela Barros Nesta tarde (22), os vereadores votar\u00e3o o projeto de lei que implanta o chamado programa de aux\u00edlio transporte aos usu\u00e1rios de transporte p\u00fablico, e [\u2026]","og_url":"https:\/\/verdadeon.com.br\/portal\/2021\/06\/22\/projeto-que-destina-mais-de-1-milhao-do-covid-deve-ser-rejeitado-por-unanimidade\/","og_site_name":"VerdadeOn","article_published_time":"2021-06-22T09:00:39+00:00","og_image":[{"width":1000,"height":670,"url":"https:\/\/verdadeon.com.br\/portal\/wp-content\/uploads\/2021\/03\/WhatsApp-Image-2021-03-09-at-19.26.52.jpeg","type":"image\/jpeg"}],"author":"Fernando Calixto","twitter_card":"summary_large_image","twitter_misc":{"Escrito por":"Fernando Calixto","Est. tempo de leitura":"3 minutos"},"schema":{"@context":"https:\/\/schema.org","@graph":[{"@type":"WebPage","@id":"https:\/\/verdadeon.com.br\/portal\/2021\/06\/22\/projeto-que-destina-mais-de-1-milhao-do-covid-deve-ser-rejeitado-por-unanimidade\/","url":"https:\/\/verdadeon.com.br\/portal\/2021\/06\/22\/projeto-que-destina-mais-de-1-milhao-do-covid-deve-ser-rejeitado-por-unanimidade\/","name":"Projeto que destina mais de 1 milh\u00e3o do Covid deve ser rejeitado por unanimidade - VerdadeOn","isPartOf":{"@id":"https:\/\/verdadeon.com.br\/portal\/#website"},"primaryImageOfPage":{"@id":"https:\/\/verdadeon.com.br\/portal\/2021\/06\/22\/projeto-que-destina-mais-de-1-milhao-do-covid-deve-ser-rejeitado-por-unanimidade\/#primaryimage"},"image":{"@id":"https:\/\/verdadeon.com.br\/portal\/2021\/06\/22\/projeto-que-destina-mais-de-1-milhao-do-covid-deve-ser-rejeitado-por-unanimidade\/#primaryimage"},"thumbnailUrl":"https:\/\/i0.wp.com\/verdadeon.com.br\/portal\/wp-content\/uploads\/2021\/03\/WhatsApp-Image-2021-03-09-at-19.26.52.jpeg?fit=1000%2C670&ssl=1","datePublished":"2021-06-22T09:00:39+00:00","author":{"@id":"https:\/\/verdadeon.com.br\/portal\/#\/schema\/person\/8994718f49ee62ba5610471e29ca1f62"},"breadcrumb":{"@id":"https:\/\/verdadeon.com.br\/portal\/2021\/06\/22\/projeto-que-destina-mais-de-1-milhao-do-covid-deve-ser-rejeitado-por-unanimidade\/#breadcrumb"},"inLanguage":"pt-BR","potentialAction":[{"@type":"ReadAction","target":["https:\/\/verdadeon.com.br\/portal\/2021\/06\/22\/projeto-que-destina-mais-de-1-milhao-do-covid-deve-ser-rejeitado-por-unanimidade\/"]}]},{"@type":"ImageObject","inLanguage":"pt-BR","@id":"https:\/\/verdadeon.com.br\/portal\/2021\/06\/22\/projeto-que-destina-mais-de-1-milhao-do-covid-deve-ser-rejeitado-por-unanimidade\/#primaryimage","url":"https:\/\/i0.wp.com\/verdadeon.com.br\/portal\/wp-content\/uploads\/2021\/03\/WhatsApp-Image-2021-03-09-at-19.26.52.jpeg?fit=1000%2C670&ssl=1","contentUrl":"https:\/\/i0.wp.com\/verdadeon.com.br\/portal\/wp-content\/uploads\/2021\/03\/WhatsApp-Image-2021-03-09-at-19.26.52.jpeg?fit=1000%2C670&ssl=1","width":1000,"height":670},{"@type":"BreadcrumbList","@id":"https:\/\/verdadeon.com.br\/portal\/2021\/06\/22\/projeto-que-destina-mais-de-1-milhao-do-covid-deve-ser-rejeitado-por-unanimidade\/#breadcrumb","itemListElement":[{"@type":"ListItem","position":1,"name":"In\u00edcio","item":"https:\/\/verdadeon.com.br\/portal\/"},{"@type":"ListItem","position":2,"name":"Projeto que destina mais de 1 milh\u00e3o do Covid deve ser rejeitado por unanimidade"}]},{"@type":"WebSite","@id":"https:\/\/verdadeon.com.br\/portal\/#website","url":"https:\/\/verdadeon.com.br\/portal\/","name":"VerdadeOn","description":"Not\u00edcias di\u00e1rias sobre Franca, Regi\u00e3o, Esporte, Cultura, Cotidiano, Colunas. Cobertura nos principais eventos da cidade \u00e9 aqui - Verdadeon Franca","potentialAction":[{"@type":"SearchAction","target":{"@type":"EntryPoint","urlTemplate":"https:\/\/verdadeon.com.br\/portal\/?s={search_term_string}"},"query-input":{"@type":"PropertyValueSpecification","valueRequired":true,"valueName":"search_term_string"}}],"inLanguage":"pt-BR"},{"@type":"Person","@id":"https:\/\/verdadeon.com.br\/portal\/#\/schema\/person\/8994718f49ee62ba5610471e29ca1f62","name":"Fernando Calixto","image":{"@type":"ImageObject","inLanguage":"pt-BR","@id":"https:\/\/verdadeon.com.br\/portal\/#\/schema\/person\/image\/","url":"https:\/\/secure.gravatar.com\/avatar\/7578910c24966c0316c340f9dbd601e93ee9f9212e1033968b367af9306bd9fb?s=96&d=mm&r=g","contentUrl":"https:\/\/secure.gravatar.com\/avatar\/7578910c24966c0316c340f9dbd601e93ee9f9212e1033968b367af9306bd9fb?s=96&d=mm&r=g","caption":"Fernando Calixto"},"url":"https:\/\/verdadeon.com.br\/portal\/author\/fernando-calixto\/"}]}},"jetpack_publicize_connections":[],"jetpack_featured_media_url":"https:\/\/i0.wp.com\/verdadeon.com.br\/portal\/wp-content\/uploads\/2021\/03\/WhatsApp-Image-2021-03-09-at-19.26.52.jpeg?fit=1000%2C670&ssl=1","jetpack_sharing_enabled":true,"_links":{"self":[{"href":"https:\/\/verdadeon.com.br\/portal\/wp-json\/wp\/v2\/posts\/17459","targetHints":{"allow":["GET"]}}],"collection":[{"href":"https:\/\/verdadeon.com.br\/portal\/wp-json\/wp\/v2\/posts"}],"about":[{"href":"https:\/\/verdadeon.com.br\/portal\/wp-json\/wp\/v2\/types\/post"}],"author":[{"embeddable":true,"href":"https:\/\/verdadeon.com.br\/portal\/wp-json\/wp\/v2\/users\/4"}],"replies":[{"embeddable":true,"href":"https:\/\/verdadeon.com.br\/portal\/wp-json\/wp\/v2\/comments?post=17459"}],"version-history":[{"count":0,"href":"https:\/\/verdadeon.com.br\/portal\/wp-json\/wp\/v2\/posts\/17459\/revisions"}],"wp:featuredmedia":[{"embeddable":true,"href":"https:\/\/verdadeon.com.br\/portal\/wp-json\/wp\/v2\/media\/15012"}],"wp:attachment":[{"href":"https:\/\/verdadeon.com.br\/portal\/wp-json\/wp\/v2\/media?parent=17459"}],"wp:term":[{"taxonomy":"category","embeddable":true,"href":"https:\/\/verdadeon.com.br\/portal\/wp-json\/wp\/v2\/categories?post=17459"},{"taxonomy":"post_tag","embeddable":true,"href":"https:\/\/verdadeon.com.br\/portal\/wp-json\/wp\/v2\/tags?post=17459"}],"curies":[{"name":"wp","href":"https:\/\/api.w.org\/{rel}","templated":true}]}}