{"id":17352,"date":"2021-06-16T17:30:57","date_gmt":"2021-06-16T20:30:57","guid":{"rendered":"https:\/\/verdadeon.com.br\/portal\/?p=17352"},"modified":"2021-06-16T16:13:13","modified_gmt":"2021-06-16T19:13:13","slug":"o-numero-de-pacientes-diminuiu-mas-nao-e-motivo-para-relaxar-afirma-medico-do-p-s","status":"publish","type":"post","link":"https:\/\/verdadeon.com.br\/portal\/2021\/06\/16\/o-numero-de-pacientes-diminuiu-mas-nao-e-motivo-para-relaxar-afirma-medico-do-p-s\/","title":{"rendered":"\u201cO n\u00famero de pacientes diminuiu, mas n\u00e3o \u00e9 motivo para relaxar\u201d, afirma m\u00e9dico do P.S."},"content":{"rendered":"<h2>No boletim do \u00c1lvaro Azzuz, m\u00e9dico pediu que a popula\u00e7\u00e3o continue seguindo as regras sanit\u00e1rias<\/h2>\n<p>No boletim de atendimento divulgado diariamente pelo P.S. \u00c1lvaro Azzuz, o polo da covid-19 em Franca, o m\u00e9dico Rafael Talarico pediu que a popula\u00e7\u00e3o continue seguindo as regras restritivas mesmo com a queda no n\u00famero de atendimentos no local.<\/p>\n<p>\u201cVoc\u00ea pode perceber que o n\u00famero de pacientes aqui dentro diminuiu, mas isso n\u00e3o \u00e9 motivo para gente relaxar. Se cuide, use m\u00e1scaras, evite aglomera\u00e7\u00e3o e use \u00e1lcool em gel nas m\u00e3os\u201d, afirmou o especialista.<\/p>\n<p>De acordo com os dados do boletim, nas \u00faltimas 24h, 390 pacientes buscaram atendimento no local, isso fica dentro da m\u00e9dia abaixo de 400 pacientes por dia que a unidade vem registrando nos \u00faltimos dias. No pico da pandemia na cidade, mais de 500 pacientes buscavam atendimento, nos finais de semana esse n\u00famero chegou perto de 600.<\/p>\n<p>No total 45 pessoas est\u00e3o em observa\u00e7\u00e3o, destes 39 est\u00e3o regulados pela CROSS, que \u00e9 o sistema de transfer\u00eancia do Governo do Estado, 19 aguardam transfer\u00eancia para um leito de enfermaria, e o restante, os outros 20, aguardam para um leito de UTI.<\/p>\n<h3>Atendimento<\/h3>\n<p>De uma situa\u00e7\u00e3o de um verdadeiro colapso, o \u00c1lvaro Azzuz vem registrando uma queda significativa nos atendimentos de covid. Al\u00e9m dos efeitos positivos do lockdown, as Unidades B\u00e1sicas de Sa\u00fade (UBS), do Jardim Lu\u00edza, Brasil\u00e2ndia e da Vila S\u00e3o Sebasti\u00e3o, est\u00e3o funcionando como um apoio para os atendimentos dos casos suspeitos.<\/p>\n<p>A medida foi estendida na semana passada, ap\u00f3s o fim do lockdown no dia 10 de junho. Em um balan\u00e7o divulgado pela Prefeitura, nas tr\u00eas unidades foram registradas no per\u00edodo de 15 dias, 1.500 atendimentos, o que resultou diretamente em um al\u00edvio ao P.S., que \u00e9 o polo da covid em Franca desde o dia 6 de abril de 2020.<\/p>\n","protected":false},"excerpt":{"rendered":"<p>No boletim do \u00c1lvaro Azzuz, m\u00e9dico pediu que a popula\u00e7\u00e3o continue seguindo as regras sanit\u00e1rias No boletim de atendimento divulgado diariamente pelo P.S. \u00c1lvaro Azzuz, o<span class=\"excerpt-hellip\"> [\u2026]<\/span><\/p>\n","protected":false},"author":7,"featured_media":17355,"comment_status":"open","ping_status":"open","sticky":false,"template":"","format":"standard","meta":{"_jetpack_memberships_contains_paid_content":false,"footnotes":"","jetpack_publicize_message":"","jetpack_publicize_feature_enabled":true,"jetpack_social_post_already_shared":false,"jetpack_social_options":{"image_generator_settings":{"template":"highway","default_image_id":0,"enabled":false},"version":2}},"categories":[28,81],"tags":[],"class_list":["post-17352","post","type-post","status-publish","format-standard","has-post-thumbnail","hentry","category-cotidiano","category-manchete"],"yoast_head":"<!-- This site is optimized with the Yoast SEO plugin v25.6 - https:\/\/yoast.com\/wordpress\/plugins\/seo\/ -->\n<title>\u201cO n\u00famero de pacientes diminuiu, mas n\u00e3o \u00e9 motivo para relaxar\u201d, afirma m\u00e9dico do P.S. - VerdadeOn<\/title>\n<meta name=\"robots\" content=\"index, follow, max-snippet:-1, max-image-preview:large, max-video-preview:-1\" \/>\n<link rel=\"canonical\" href=\"https:\/\/verdadeon.com.br\/portal\/2021\/06\/16\/o-numero-de-pacientes-diminuiu-mas-nao-e-motivo-para-relaxar-afirma-medico-do-p-s\/\" \/>\n<meta property=\"og:locale\" content=\"pt_BR\" \/>\n<meta property=\"og:type\" content=\"article\" \/>\n<meta property=\"og:title\" content=\"\u201cO n\u00famero de pacientes diminuiu, mas n\u00e3o \u00e9 motivo para relaxar\u201d, afirma m\u00e9dico do P.S. - VerdadeOn\" \/>\n<meta property=\"og:description\" content=\"No boletim do \u00c1lvaro Azzuz, m\u00e9dico pediu que a popula\u00e7\u00e3o continue seguindo as regras sanit\u00e1rias No boletim de atendimento divulgado diariamente pelo P.S. \u00c1lvaro Azzuz, o [\u2026]\" \/>\n<meta property=\"og:url\" content=\"https:\/\/verdadeon.com.br\/portal\/2021\/06\/16\/o-numero-de-pacientes-diminuiu-mas-nao-e-motivo-para-relaxar-afirma-medico-do-p-s\/\" \/>\n<meta property=\"og:site_name\" content=\"VerdadeOn\" \/>\n<meta property=\"article:published_time\" content=\"2021-06-16T20:30:57+00:00\" \/>\n<meta property=\"og:image\" content=\"https:\/\/verdadeon.com.br\/portal\/wp-content\/uploads\/2021\/06\/RAFAEL-TALARICO-1-e1623870609990.png\" \/>\n\t<meta property=\"og:image:width\" content=\"1000\" \/>\n\t<meta property=\"og:image:height\" content=\"669\" \/>\n\t<meta property=\"og:image:type\" content=\"image\/png\" \/>\n<meta name=\"author\" content=\"Fernando Lima\" \/>\n<meta name=\"twitter:card\" content=\"summary_large_image\" \/>\n<meta name=\"twitter:label1\" content=\"Escrito por\" \/>\n\t<meta name=\"twitter:data1\" content=\"Fernando Lima\" \/>\n\t<meta name=\"twitter:label2\" content=\"Est. tempo de leitura\" \/>\n\t<meta name=\"twitter:data2\" content=\"2 minutos\" \/>\n<script type=\"application\/ld+json\" class=\"yoast-schema-graph\">{\"@context\":\"https:\/\/schema.org\",\"@graph\":[{\"@type\":\"WebPage\",\"@id\":\"https:\/\/verdadeon.com.br\/portal\/2021\/06\/16\/o-numero-de-pacientes-diminuiu-mas-nao-e-motivo-para-relaxar-afirma-medico-do-p-s\/\",\"url\":\"https:\/\/verdadeon.com.br\/portal\/2021\/06\/16\/o-numero-de-pacientes-diminuiu-mas-nao-e-motivo-para-relaxar-afirma-medico-do-p-s\/\",\"name\":\"\u201cO n\u00famero de pacientes diminuiu, mas n\u00e3o \u00e9 motivo para relaxar\u201d, afirma m\u00e9dico do P.S. - VerdadeOn\",\"isPartOf\":{\"@id\":\"https:\/\/verdadeon.com.br\/portal\/#website\"},\"primaryImageOfPage\":{\"@id\":\"https:\/\/verdadeon.com.br\/portal\/2021\/06\/16\/o-numero-de-pacientes-diminuiu-mas-nao-e-motivo-para-relaxar-afirma-medico-do-p-s\/#primaryimage\"},\"image\":{\"@id\":\"https:\/\/verdadeon.com.br\/portal\/2021\/06\/16\/o-numero-de-pacientes-diminuiu-mas-nao-e-motivo-para-relaxar-afirma-medico-do-p-s\/#primaryimage\"},\"thumbnailUrl\":\"https:\/\/i0.wp.com\/verdadeon.com.br\/portal\/wp-content\/uploads\/2021\/06\/RAFAEL-TALARICO-1-e1623870609990.png?fit=1000%2C669&ssl=1\",\"datePublished\":\"2021-06-16T20:30:57+00:00\",\"author\":{\"@id\":\"https:\/\/verdadeon.com.br\/portal\/#\/schema\/person\/cc32be22b8e8599387c480bc83e1d11a\"},\"breadcrumb\":{\"@id\":\"https:\/\/verdadeon.com.br\/portal\/2021\/06\/16\/o-numero-de-pacientes-diminuiu-mas-nao-e-motivo-para-relaxar-afirma-medico-do-p-s\/#breadcrumb\"},\"inLanguage\":\"pt-BR\",\"potentialAction\":[{\"@type\":\"ReadAction\",\"target\":[\"https:\/\/verdadeon.com.br\/portal\/2021\/06\/16\/o-numero-de-pacientes-diminuiu-mas-nao-e-motivo-para-relaxar-afirma-medico-do-p-s\/\"]}]},{\"@type\":\"ImageObject\",\"inLanguage\":\"pt-BR\",\"@id\":\"https:\/\/verdadeon.com.br\/portal\/2021\/06\/16\/o-numero-de-pacientes-diminuiu-mas-nao-e-motivo-para-relaxar-afirma-medico-do-p-s\/#primaryimage\",\"url\":\"https:\/\/i0.wp.com\/verdadeon.com.br\/portal\/wp-content\/uploads\/2021\/06\/RAFAEL-TALARICO-1-e1623870609990.png?fit=1000%2C669&ssl=1\",\"contentUrl\":\"https:\/\/i0.wp.com\/verdadeon.com.br\/portal\/wp-content\/uploads\/2021\/06\/RAFAEL-TALARICO-1-e1623870609990.png?fit=1000%2C669&ssl=1\",\"width\":1000,\"height\":669,\"caption\":\"M\u00e9dico Rafael Talarico \u00e9 diretor do P.S. e todos os dias atualiza o atendimento na unidade | Foto: Divulga\u00e7\u00e3o\"},{\"@type\":\"BreadcrumbList\",\"@id\":\"https:\/\/verdadeon.com.br\/portal\/2021\/06\/16\/o-numero-de-pacientes-diminuiu-mas-nao-e-motivo-para-relaxar-afirma-medico-do-p-s\/#breadcrumb\",\"itemListElement\":[{\"@type\":\"ListItem\",\"position\":1,\"name\":\"In\u00edcio\",\"item\":\"https:\/\/verdadeon.com.br\/portal\/\"},{\"@type\":\"ListItem\",\"position\":2,\"name\":\"\u201cO n\u00famero de pacientes diminuiu, mas n\u00e3o \u00e9 motivo para relaxar\u201d, afirma m\u00e9dico do P.S.\"}]},{\"@type\":\"WebSite\",\"@id\":\"https:\/\/verdadeon.com.br\/portal\/#website\",\"url\":\"https:\/\/verdadeon.com.br\/portal\/\",\"name\":\"VerdadeOn\",\"description\":\"Not\u00edcias di\u00e1rias sobre Franca, Regi\u00e3o, Esporte, Cultura, Cotidiano, Colunas. Cobertura nos principais eventos da cidade \u00e9 aqui - Verdadeon Franca\",\"potentialAction\":[{\"@type\":\"SearchAction\",\"target\":{\"@type\":\"EntryPoint\",\"urlTemplate\":\"https:\/\/verdadeon.com.br\/portal\/?s={search_term_string}\"},\"query-input\":{\"@type\":\"PropertyValueSpecification\",\"valueRequired\":true,\"valueName\":\"search_term_string\"}}],\"inLanguage\":\"pt-BR\"},{\"@type\":\"Person\",\"@id\":\"https:\/\/verdadeon.com.br\/portal\/#\/schema\/person\/cc32be22b8e8599387c480bc83e1d11a\",\"name\":\"Fernando Lima\",\"image\":{\"@type\":\"ImageObject\",\"inLanguage\":\"pt-BR\",\"@id\":\"https:\/\/verdadeon.com.br\/portal\/#\/schema\/person\/image\/\",\"url\":\"https:\/\/secure.gravatar.com\/avatar\/df4c8e132080d2b3a4841d5d232045464e0eed11a1d6e43115ca0843d48768d3?s=96&d=mm&r=g\",\"contentUrl\":\"https:\/\/secure.gravatar.com\/avatar\/df4c8e132080d2b3a4841d5d232045464e0eed11a1d6e43115ca0843d48768d3?s=96&d=mm&r=g\",\"caption\":\"Fernando Lima\"},\"sameAs\":[\"http:\/\/verdadeon.com.br\/\"],\"url\":\"https:\/\/verdadeon.com.br\/portal\/author\/fernando-lima\/\"}]}<\/script>\n<!-- \/ Yoast SEO plugin. -->","yoast_head_json":{"title":"\u201cO n\u00famero de pacientes diminuiu, mas n\u00e3o \u00e9 motivo para relaxar\u201d, afirma m\u00e9dico do P.S. - VerdadeOn","robots":{"index":"index","follow":"follow","max-snippet":"max-snippet:-1","max-image-preview":"max-image-preview:large","max-video-preview":"max-video-preview:-1"},"canonical":"https:\/\/verdadeon.com.br\/portal\/2021\/06\/16\/o-numero-de-pacientes-diminuiu-mas-nao-e-motivo-para-relaxar-afirma-medico-do-p-s\/","og_locale":"pt_BR","og_type":"article","og_title":"\u201cO n\u00famero de pacientes diminuiu, mas n\u00e3o \u00e9 motivo para relaxar\u201d, afirma m\u00e9dico do P.S. - VerdadeOn","og_description":"No boletim do \u00c1lvaro Azzuz, m\u00e9dico pediu que a popula\u00e7\u00e3o continue seguindo as regras sanit\u00e1rias No boletim de atendimento divulgado diariamente pelo P.S. \u00c1lvaro Azzuz, o [\u2026]","og_url":"https:\/\/verdadeon.com.br\/portal\/2021\/06\/16\/o-numero-de-pacientes-diminuiu-mas-nao-e-motivo-para-relaxar-afirma-medico-do-p-s\/","og_site_name":"VerdadeOn","article_published_time":"2021-06-16T20:30:57+00:00","og_image":[{"width":1000,"height":669,"url":"https:\/\/verdadeon.com.br\/portal\/wp-content\/uploads\/2021\/06\/RAFAEL-TALARICO-1-e1623870609990.png","type":"image\/png"}],"author":"Fernando Lima","twitter_card":"summary_large_image","twitter_misc":{"Escrito por":"Fernando Lima","Est. tempo de leitura":"2 minutos"},"schema":{"@context":"https:\/\/schema.org","@graph":[{"@type":"WebPage","@id":"https:\/\/verdadeon.com.br\/portal\/2021\/06\/16\/o-numero-de-pacientes-diminuiu-mas-nao-e-motivo-para-relaxar-afirma-medico-do-p-s\/","url":"https:\/\/verdadeon.com.br\/portal\/2021\/06\/16\/o-numero-de-pacientes-diminuiu-mas-nao-e-motivo-para-relaxar-afirma-medico-do-p-s\/","name":"\u201cO n\u00famero de pacientes diminuiu, mas n\u00e3o \u00e9 motivo para relaxar\u201d, afirma m\u00e9dico do P.S. - VerdadeOn","isPartOf":{"@id":"https:\/\/verdadeon.com.br\/portal\/#website"},"primaryImageOfPage":{"@id":"https:\/\/verdadeon.com.br\/portal\/2021\/06\/16\/o-numero-de-pacientes-diminuiu-mas-nao-e-motivo-para-relaxar-afirma-medico-do-p-s\/#primaryimage"},"image":{"@id":"https:\/\/verdadeon.com.br\/portal\/2021\/06\/16\/o-numero-de-pacientes-diminuiu-mas-nao-e-motivo-para-relaxar-afirma-medico-do-p-s\/#primaryimage"},"thumbnailUrl":"https:\/\/i0.wp.com\/verdadeon.com.br\/portal\/wp-content\/uploads\/2021\/06\/RAFAEL-TALARICO-1-e1623870609990.png?fit=1000%2C669&ssl=1","datePublished":"2021-06-16T20:30:57+00:00","author":{"@id":"https:\/\/verdadeon.com.br\/portal\/#\/schema\/person\/cc32be22b8e8599387c480bc83e1d11a"},"breadcrumb":{"@id":"https:\/\/verdadeon.com.br\/portal\/2021\/06\/16\/o-numero-de-pacientes-diminuiu-mas-nao-e-motivo-para-relaxar-afirma-medico-do-p-s\/#breadcrumb"},"inLanguage":"pt-BR","potentialAction":[{"@type":"ReadAction","target":["https:\/\/verdadeon.com.br\/portal\/2021\/06\/16\/o-numero-de-pacientes-diminuiu-mas-nao-e-motivo-para-relaxar-afirma-medico-do-p-s\/"]}]},{"@type":"ImageObject","inLanguage":"pt-BR","@id":"https:\/\/verdadeon.com.br\/portal\/2021\/06\/16\/o-numero-de-pacientes-diminuiu-mas-nao-e-motivo-para-relaxar-afirma-medico-do-p-s\/#primaryimage","url":"https:\/\/i0.wp.com\/verdadeon.com.br\/portal\/wp-content\/uploads\/2021\/06\/RAFAEL-TALARICO-1-e1623870609990.png?fit=1000%2C669&ssl=1","contentUrl":"https:\/\/i0.wp.com\/verdadeon.com.br\/portal\/wp-content\/uploads\/2021\/06\/RAFAEL-TALARICO-1-e1623870609990.png?fit=1000%2C669&ssl=1","width":1000,"height":669,"caption":"M\u00e9dico Rafael Talarico \u00e9 diretor do P.S. e todos os dias atualiza o atendimento na unidade | Foto: Divulga\u00e7\u00e3o"},{"@type":"BreadcrumbList","@id":"https:\/\/verdadeon.com.br\/portal\/2021\/06\/16\/o-numero-de-pacientes-diminuiu-mas-nao-e-motivo-para-relaxar-afirma-medico-do-p-s\/#breadcrumb","itemListElement":[{"@type":"ListItem","position":1,"name":"In\u00edcio","item":"https:\/\/verdadeon.com.br\/portal\/"},{"@type":"ListItem","position":2,"name":"\u201cO n\u00famero de pacientes diminuiu, mas n\u00e3o \u00e9 motivo para relaxar\u201d, afirma m\u00e9dico do P.S."}]},{"@type":"WebSite","@id":"https:\/\/verdadeon.com.br\/portal\/#website","url":"https:\/\/verdadeon.com.br\/portal\/","name":"VerdadeOn","description":"Not\u00edcias di\u00e1rias sobre Franca, Regi\u00e3o, Esporte, Cultura, Cotidiano, Colunas. Cobertura nos principais eventos da cidade \u00e9 aqui - Verdadeon Franca","potentialAction":[{"@type":"SearchAction","target":{"@type":"EntryPoint","urlTemplate":"https:\/\/verdadeon.com.br\/portal\/?s={search_term_string}"},"query-input":{"@type":"PropertyValueSpecification","valueRequired":true,"valueName":"search_term_string"}}],"inLanguage":"pt-BR"},{"@type":"Person","@id":"https:\/\/verdadeon.com.br\/portal\/#\/schema\/person\/cc32be22b8e8599387c480bc83e1d11a","name":"Fernando Lima","image":{"@type":"ImageObject","inLanguage":"pt-BR","@id":"https:\/\/verdadeon.com.br\/portal\/#\/schema\/person\/image\/","url":"https:\/\/secure.gravatar.com\/avatar\/df4c8e132080d2b3a4841d5d232045464e0eed11a1d6e43115ca0843d48768d3?s=96&d=mm&r=g","contentUrl":"https:\/\/secure.gravatar.com\/avatar\/df4c8e132080d2b3a4841d5d232045464e0eed11a1d6e43115ca0843d48768d3?s=96&d=mm&r=g","caption":"Fernando Lima"},"sameAs":["http:\/\/verdadeon.com.br\/"],"url":"https:\/\/verdadeon.com.br\/portal\/author\/fernando-lima\/"}]}},"jetpack_publicize_connections":[],"jetpack_featured_media_url":"https:\/\/i0.wp.com\/verdadeon.com.br\/portal\/wp-content\/uploads\/2021\/06\/RAFAEL-TALARICO-1-e1623870609990.png?fit=1000%2C669&ssl=1","jetpack_sharing_enabled":true,"_links":{"self":[{"href":"https:\/\/verdadeon.com.br\/portal\/wp-json\/wp\/v2\/posts\/17352","targetHints":{"allow":["GET"]}}],"collection":[{"href":"https:\/\/verdadeon.com.br\/portal\/wp-json\/wp\/v2\/posts"}],"about":[{"href":"https:\/\/verdadeon.com.br\/portal\/wp-json\/wp\/v2\/types\/post"}],"author":[{"embeddable":true,"href":"https:\/\/verdadeon.com.br\/portal\/wp-json\/wp\/v2\/users\/7"}],"replies":[{"embeddable":true,"href":"https:\/\/verdadeon.com.br\/portal\/wp-json\/wp\/v2\/comments?post=17352"}],"version-history":[{"count":0,"href":"https:\/\/verdadeon.com.br\/portal\/wp-json\/wp\/v2\/posts\/17352\/revisions"}],"wp:featuredmedia":[{"embeddable":true,"href":"https:\/\/verdadeon.com.br\/portal\/wp-json\/wp\/v2\/media\/17355"}],"wp:attachment":[{"href":"https:\/\/verdadeon.com.br\/portal\/wp-json\/wp\/v2\/media?parent=17352"}],"wp:term":[{"taxonomy":"category","embeddable":true,"href":"https:\/\/verdadeon.com.br\/portal\/wp-json\/wp\/v2\/categories?post=17352"},{"taxonomy":"post_tag","embeddable":true,"href":"https:\/\/verdadeon.com.br\/portal\/wp-json\/wp\/v2\/tags?post=17352"}],"curies":[{"name":"wp","href":"https:\/\/api.w.org\/{rel}","templated":true}]}}