{"id":17348,"date":"2021-06-16T15:38:42","date_gmt":"2021-06-16T18:38:42","guid":{"rendered":"https:\/\/verdadeon.com.br\/portal\/?p=17348"},"modified":"2021-06-16T15:38:42","modified_gmt":"2021-06-16T18:38:42","slug":"vigia-noturno-confessa-duplo-homicidio-de-irmaos-na-hugo-betarello","status":"publish","type":"post","link":"https:\/\/verdadeon.com.br\/portal\/2021\/06\/16\/vigia-noturno-confessa-duplo-homicidio-de-irmaos-na-hugo-betarello\/","title":{"rendered":"Vigia noturno confessa duplo homic\u00eddio de irm\u00e3os na Hugo Betarello"},"content":{"rendered":"<h2>Foram dois dias de investiga\u00e7\u00f5es que terminaram com a busca na casa do autor, no Santa Hilda<\/h2>\n<p>A Delegacia de Investiga\u00e7\u00f5es Gerais (DIG), de Franca, esclareceu o duplo homic\u00eddio dos irm\u00e3os Marcos Santiago e Roberto Santiago, registrado no \u00faltimo domingo (13), no Jardim Centen\u00e1rio.<\/p>\n<p>O autor \u00e9 um vigilante noturno que flagrou a dupla tentando furtar fios de uma empresa. Ap\u00f3s flagrar os irm\u00e3os, o vigia seguiu o ve\u00edculo gol onde a dupla fugia. O homem contou que seguiu para acionar a Pol\u00edcia Militar, mas na avenida Hugo Betarelo eles pararam o carro e vieram em dire\u00e7\u00e3o a ele. Um dos irm\u00e3os estava com um fac\u00e3o, e em defesa o vigilante efetuou os disparos contra as v\u00edtimas.<\/p>\n<p>Ap\u00f3s o assassinato o vigilante fugiu do local, para a pol\u00edcia ele afirmou que n\u00e3o imaginou que eles morreriam. O autor foi encontrado na casa dele no bairro Santa Hilda. Ele confessou o duplo homic\u00eddio para os policiais e a arma usada foi apreendida.<\/p>\n<p>No domingo o corpo dos irm\u00e3os foram encontrados em hor\u00e1rios diferentes, j\u00e1 que um deles chegou a fugir e se esconder em um terreno baldio onde acabou morrendo. Ele foi encontrado horas depois por uma vizinha, que acionou a pol\u00edcia ap\u00f3s ver o corpo no terreno.<\/p>\n<p>De acordo com a DIG, os dois possu\u00edam diversas passagens pelos crimes de furto e de roubo. O vigilante foi ouvido e vai responder pelo duplo homic\u00eddio em liberdade.<\/p>\n","protected":false},"excerpt":{"rendered":"<p>Foram dois dias de investiga\u00e7\u00f5es que terminaram com a busca na casa do autor, no Santa Hilda A Delegacia de Investiga\u00e7\u00f5es Gerais (DIG), de Franca, esclareceu<span class=\"excerpt-hellip\"> [\u2026]<\/span><\/p>\n","protected":false},"author":7,"featured_media":17350,"comment_status":"open","ping_status":"open","sticky":false,"template":"","format":"standard","meta":{"_jetpack_memberships_contains_paid_content":false,"footnotes":"","jetpack_publicize_message":"","jetpack_publicize_feature_enabled":true,"jetpack_social_post_already_shared":false,"jetpack_social_options":{"image_generator_settings":{"template":"highway","default_image_id":0,"enabled":false},"version":2}},"categories":[28,81],"tags":[],"class_list":["post-17348","post","type-post","status-publish","format-standard","has-post-thumbnail","hentry","category-cotidiano","category-manchete"],"yoast_head":"<!-- This site is optimized with the Yoast SEO plugin v25.6 - https:\/\/yoast.com\/wordpress\/plugins\/seo\/ -->\n<title>Vigia noturno confessa duplo homic\u00eddio de irm\u00e3os na Hugo Betarello - VerdadeOn<\/title>\n<meta name=\"robots\" content=\"index, follow, max-snippet:-1, max-image-preview:large, max-video-preview:-1\" \/>\n<link rel=\"canonical\" href=\"https:\/\/verdadeon.com.br\/portal\/2021\/06\/16\/vigia-noturno-confessa-duplo-homicidio-de-irmaos-na-hugo-betarello\/\" \/>\n<meta property=\"og:locale\" content=\"pt_BR\" \/>\n<meta property=\"og:type\" content=\"article\" \/>\n<meta property=\"og:title\" content=\"Vigia noturno confessa duplo homic\u00eddio de irm\u00e3os na Hugo Betarello - VerdadeOn\" \/>\n<meta property=\"og:description\" content=\"Foram dois dias de investiga\u00e7\u00f5es que terminaram com a busca na casa do autor, no Santa Hilda A Delegacia de Investiga\u00e7\u00f5es Gerais (DIG), de Franca, esclareceu [\u2026]\" \/>\n<meta property=\"og:url\" content=\"https:\/\/verdadeon.com.br\/portal\/2021\/06\/16\/vigia-noturno-confessa-duplo-homicidio-de-irmaos-na-hugo-betarello\/\" \/>\n<meta property=\"og:site_name\" content=\"VerdadeOn\" \/>\n<meta property=\"article:published_time\" content=\"2021-06-16T18:38:42+00:00\" \/>\n<meta property=\"og:image\" content=\"https:\/\/verdadeon.com.br\/portal\/wp-content\/uploads\/2021\/06\/POLICIA-CIVIL.jpg\" \/>\n\t<meta property=\"og:image:width\" content=\"1000\" \/>\n\t<meta property=\"og:image:height\" content=\"670\" \/>\n\t<meta property=\"og:image:type\" content=\"image\/jpeg\" \/>\n<meta name=\"author\" content=\"Fernando Lima\" \/>\n<meta name=\"twitter:card\" content=\"summary_large_image\" \/>\n<meta name=\"twitter:label1\" content=\"Escrito por\" \/>\n\t<meta name=\"twitter:data1\" content=\"Fernando Lima\" \/>\n\t<meta name=\"twitter:label2\" content=\"Est. tempo de leitura\" \/>\n\t<meta name=\"twitter:data2\" content=\"2 minutos\" \/>\n<script type=\"application\/ld+json\" class=\"yoast-schema-graph\">{\"@context\":\"https:\/\/schema.org\",\"@graph\":[{\"@type\":\"WebPage\",\"@id\":\"https:\/\/verdadeon.com.br\/portal\/2021\/06\/16\/vigia-noturno-confessa-duplo-homicidio-de-irmaos-na-hugo-betarello\/\",\"url\":\"https:\/\/verdadeon.com.br\/portal\/2021\/06\/16\/vigia-noturno-confessa-duplo-homicidio-de-irmaos-na-hugo-betarello\/\",\"name\":\"Vigia noturno confessa duplo homic\u00eddio de irm\u00e3os na Hugo Betarello - VerdadeOn\",\"isPartOf\":{\"@id\":\"https:\/\/verdadeon.com.br\/portal\/#website\"},\"primaryImageOfPage\":{\"@id\":\"https:\/\/verdadeon.com.br\/portal\/2021\/06\/16\/vigia-noturno-confessa-duplo-homicidio-de-irmaos-na-hugo-betarello\/#primaryimage\"},\"image\":{\"@id\":\"https:\/\/verdadeon.com.br\/portal\/2021\/06\/16\/vigia-noturno-confessa-duplo-homicidio-de-irmaos-na-hugo-betarello\/#primaryimage\"},\"thumbnailUrl\":\"https:\/\/i0.wp.com\/verdadeon.com.br\/portal\/wp-content\/uploads\/2021\/06\/POLICIA-CIVIL.jpg?fit=1000%2C670&ssl=1\",\"datePublished\":\"2021-06-16T18:38:42+00:00\",\"author\":{\"@id\":\"https:\/\/verdadeon.com.br\/portal\/#\/schema\/person\/cc32be22b8e8599387c480bc83e1d11a\"},\"breadcrumb\":{\"@id\":\"https:\/\/verdadeon.com.br\/portal\/2021\/06\/16\/vigia-noturno-confessa-duplo-homicidio-de-irmaos-na-hugo-betarello\/#breadcrumb\"},\"inLanguage\":\"pt-BR\",\"potentialAction\":[{\"@type\":\"ReadAction\",\"target\":[\"https:\/\/verdadeon.com.br\/portal\/2021\/06\/16\/vigia-noturno-confessa-duplo-homicidio-de-irmaos-na-hugo-betarello\/\"]}]},{\"@type\":\"ImageObject\",\"inLanguage\":\"pt-BR\",\"@id\":\"https:\/\/verdadeon.com.br\/portal\/2021\/06\/16\/vigia-noturno-confessa-duplo-homicidio-de-irmaos-na-hugo-betarello\/#primaryimage\",\"url\":\"https:\/\/i0.wp.com\/verdadeon.com.br\/portal\/wp-content\/uploads\/2021\/06\/POLICIA-CIVIL.jpg?fit=1000%2C670&ssl=1\",\"contentUrl\":\"https:\/\/i0.wp.com\/verdadeon.com.br\/portal\/wp-content\/uploads\/2021\/06\/POLICIA-CIVIL.jpg?fit=1000%2C670&ssl=1\",\"width\":1000,\"height\":670,\"caption\":\"Arma usada no crime e tamb\u00e9m a motocicleta foram apreendidas pelos investigadores | Foto: DIG\"},{\"@type\":\"BreadcrumbList\",\"@id\":\"https:\/\/verdadeon.com.br\/portal\/2021\/06\/16\/vigia-noturno-confessa-duplo-homicidio-de-irmaos-na-hugo-betarello\/#breadcrumb\",\"itemListElement\":[{\"@type\":\"ListItem\",\"position\":1,\"name\":\"In\u00edcio\",\"item\":\"https:\/\/verdadeon.com.br\/portal\/\"},{\"@type\":\"ListItem\",\"position\":2,\"name\":\"Vigia noturno confessa duplo homic\u00eddio de irm\u00e3os na Hugo Betarello\"}]},{\"@type\":\"WebSite\",\"@id\":\"https:\/\/verdadeon.com.br\/portal\/#website\",\"url\":\"https:\/\/verdadeon.com.br\/portal\/\",\"name\":\"VerdadeOn\",\"description\":\"Not\u00edcias di\u00e1rias sobre Franca, Regi\u00e3o, Esporte, Cultura, Cotidiano, Colunas. Cobertura nos principais eventos da cidade \u00e9 aqui - Verdadeon Franca\",\"potentialAction\":[{\"@type\":\"SearchAction\",\"target\":{\"@type\":\"EntryPoint\",\"urlTemplate\":\"https:\/\/verdadeon.com.br\/portal\/?s={search_term_string}\"},\"query-input\":{\"@type\":\"PropertyValueSpecification\",\"valueRequired\":true,\"valueName\":\"search_term_string\"}}],\"inLanguage\":\"pt-BR\"},{\"@type\":\"Person\",\"@id\":\"https:\/\/verdadeon.com.br\/portal\/#\/schema\/person\/cc32be22b8e8599387c480bc83e1d11a\",\"name\":\"Fernando Lima\",\"image\":{\"@type\":\"ImageObject\",\"inLanguage\":\"pt-BR\",\"@id\":\"https:\/\/verdadeon.com.br\/portal\/#\/schema\/person\/image\/\",\"url\":\"https:\/\/secure.gravatar.com\/avatar\/df4c8e132080d2b3a4841d5d232045464e0eed11a1d6e43115ca0843d48768d3?s=96&d=mm&r=g\",\"contentUrl\":\"https:\/\/secure.gravatar.com\/avatar\/df4c8e132080d2b3a4841d5d232045464e0eed11a1d6e43115ca0843d48768d3?s=96&d=mm&r=g\",\"caption\":\"Fernando Lima\"},\"sameAs\":[\"http:\/\/verdadeon.com.br\/\"],\"url\":\"https:\/\/verdadeon.com.br\/portal\/author\/fernando-lima\/\"}]}<\/script>\n<!-- \/ Yoast SEO plugin. -->","yoast_head_json":{"title":"Vigia noturno confessa duplo homic\u00eddio de irm\u00e3os na Hugo Betarello - VerdadeOn","robots":{"index":"index","follow":"follow","max-snippet":"max-snippet:-1","max-image-preview":"max-image-preview:large","max-video-preview":"max-video-preview:-1"},"canonical":"https:\/\/verdadeon.com.br\/portal\/2021\/06\/16\/vigia-noturno-confessa-duplo-homicidio-de-irmaos-na-hugo-betarello\/","og_locale":"pt_BR","og_type":"article","og_title":"Vigia noturno confessa duplo homic\u00eddio de irm\u00e3os na Hugo Betarello - VerdadeOn","og_description":"Foram dois dias de investiga\u00e7\u00f5es que terminaram com a busca na casa do autor, no Santa Hilda A Delegacia de Investiga\u00e7\u00f5es Gerais (DIG), de Franca, esclareceu [\u2026]","og_url":"https:\/\/verdadeon.com.br\/portal\/2021\/06\/16\/vigia-noturno-confessa-duplo-homicidio-de-irmaos-na-hugo-betarello\/","og_site_name":"VerdadeOn","article_published_time":"2021-06-16T18:38:42+00:00","og_image":[{"width":1000,"height":670,"url":"https:\/\/verdadeon.com.br\/portal\/wp-content\/uploads\/2021\/06\/POLICIA-CIVIL.jpg","type":"image\/jpeg"}],"author":"Fernando Lima","twitter_card":"summary_large_image","twitter_misc":{"Escrito por":"Fernando Lima","Est. tempo de leitura":"2 minutos"},"schema":{"@context":"https:\/\/schema.org","@graph":[{"@type":"WebPage","@id":"https:\/\/verdadeon.com.br\/portal\/2021\/06\/16\/vigia-noturno-confessa-duplo-homicidio-de-irmaos-na-hugo-betarello\/","url":"https:\/\/verdadeon.com.br\/portal\/2021\/06\/16\/vigia-noturno-confessa-duplo-homicidio-de-irmaos-na-hugo-betarello\/","name":"Vigia noturno confessa duplo homic\u00eddio de irm\u00e3os na Hugo Betarello - VerdadeOn","isPartOf":{"@id":"https:\/\/verdadeon.com.br\/portal\/#website"},"primaryImageOfPage":{"@id":"https:\/\/verdadeon.com.br\/portal\/2021\/06\/16\/vigia-noturno-confessa-duplo-homicidio-de-irmaos-na-hugo-betarello\/#primaryimage"},"image":{"@id":"https:\/\/verdadeon.com.br\/portal\/2021\/06\/16\/vigia-noturno-confessa-duplo-homicidio-de-irmaos-na-hugo-betarello\/#primaryimage"},"thumbnailUrl":"https:\/\/i0.wp.com\/verdadeon.com.br\/portal\/wp-content\/uploads\/2021\/06\/POLICIA-CIVIL.jpg?fit=1000%2C670&ssl=1","datePublished":"2021-06-16T18:38:42+00:00","author":{"@id":"https:\/\/verdadeon.com.br\/portal\/#\/schema\/person\/cc32be22b8e8599387c480bc83e1d11a"},"breadcrumb":{"@id":"https:\/\/verdadeon.com.br\/portal\/2021\/06\/16\/vigia-noturno-confessa-duplo-homicidio-de-irmaos-na-hugo-betarello\/#breadcrumb"},"inLanguage":"pt-BR","potentialAction":[{"@type":"ReadAction","target":["https:\/\/verdadeon.com.br\/portal\/2021\/06\/16\/vigia-noturno-confessa-duplo-homicidio-de-irmaos-na-hugo-betarello\/"]}]},{"@type":"ImageObject","inLanguage":"pt-BR","@id":"https:\/\/verdadeon.com.br\/portal\/2021\/06\/16\/vigia-noturno-confessa-duplo-homicidio-de-irmaos-na-hugo-betarello\/#primaryimage","url":"https:\/\/i0.wp.com\/verdadeon.com.br\/portal\/wp-content\/uploads\/2021\/06\/POLICIA-CIVIL.jpg?fit=1000%2C670&ssl=1","contentUrl":"https:\/\/i0.wp.com\/verdadeon.com.br\/portal\/wp-content\/uploads\/2021\/06\/POLICIA-CIVIL.jpg?fit=1000%2C670&ssl=1","width":1000,"height":670,"caption":"Arma usada no crime e tamb\u00e9m a motocicleta foram apreendidas pelos investigadores | Foto: DIG"},{"@type":"BreadcrumbList","@id":"https:\/\/verdadeon.com.br\/portal\/2021\/06\/16\/vigia-noturno-confessa-duplo-homicidio-de-irmaos-na-hugo-betarello\/#breadcrumb","itemListElement":[{"@type":"ListItem","position":1,"name":"In\u00edcio","item":"https:\/\/verdadeon.com.br\/portal\/"},{"@type":"ListItem","position":2,"name":"Vigia noturno confessa duplo homic\u00eddio de irm\u00e3os na Hugo Betarello"}]},{"@type":"WebSite","@id":"https:\/\/verdadeon.com.br\/portal\/#website","url":"https:\/\/verdadeon.com.br\/portal\/","name":"VerdadeOn","description":"Not\u00edcias di\u00e1rias sobre Franca, Regi\u00e3o, Esporte, Cultura, Cotidiano, Colunas. Cobertura nos principais eventos da cidade \u00e9 aqui - Verdadeon Franca","potentialAction":[{"@type":"SearchAction","target":{"@type":"EntryPoint","urlTemplate":"https:\/\/verdadeon.com.br\/portal\/?s={search_term_string}"},"query-input":{"@type":"PropertyValueSpecification","valueRequired":true,"valueName":"search_term_string"}}],"inLanguage":"pt-BR"},{"@type":"Person","@id":"https:\/\/verdadeon.com.br\/portal\/#\/schema\/person\/cc32be22b8e8599387c480bc83e1d11a","name":"Fernando Lima","image":{"@type":"ImageObject","inLanguage":"pt-BR","@id":"https:\/\/verdadeon.com.br\/portal\/#\/schema\/person\/image\/","url":"https:\/\/secure.gravatar.com\/avatar\/df4c8e132080d2b3a4841d5d232045464e0eed11a1d6e43115ca0843d48768d3?s=96&d=mm&r=g","contentUrl":"https:\/\/secure.gravatar.com\/avatar\/df4c8e132080d2b3a4841d5d232045464e0eed11a1d6e43115ca0843d48768d3?s=96&d=mm&r=g","caption":"Fernando Lima"},"sameAs":["http:\/\/verdadeon.com.br\/"],"url":"https:\/\/verdadeon.com.br\/portal\/author\/fernando-lima\/"}]}},"jetpack_publicize_connections":[],"jetpack_featured_media_url":"https:\/\/i0.wp.com\/verdadeon.com.br\/portal\/wp-content\/uploads\/2021\/06\/POLICIA-CIVIL.jpg?fit=1000%2C670&ssl=1","jetpack_sharing_enabled":true,"_links":{"self":[{"href":"https:\/\/verdadeon.com.br\/portal\/wp-json\/wp\/v2\/posts\/17348","targetHints":{"allow":["GET"]}}],"collection":[{"href":"https:\/\/verdadeon.com.br\/portal\/wp-json\/wp\/v2\/posts"}],"about":[{"href":"https:\/\/verdadeon.com.br\/portal\/wp-json\/wp\/v2\/types\/post"}],"author":[{"embeddable":true,"href":"https:\/\/verdadeon.com.br\/portal\/wp-json\/wp\/v2\/users\/7"}],"replies":[{"embeddable":true,"href":"https:\/\/verdadeon.com.br\/portal\/wp-json\/wp\/v2\/comments?post=17348"}],"version-history":[{"count":0,"href":"https:\/\/verdadeon.com.br\/portal\/wp-json\/wp\/v2\/posts\/17348\/revisions"}],"wp:featuredmedia":[{"embeddable":true,"href":"https:\/\/verdadeon.com.br\/portal\/wp-json\/wp\/v2\/media\/17350"}],"wp:attachment":[{"href":"https:\/\/verdadeon.com.br\/portal\/wp-json\/wp\/v2\/media?parent=17348"}],"wp:term":[{"taxonomy":"category","embeddable":true,"href":"https:\/\/verdadeon.com.br\/portal\/wp-json\/wp\/v2\/categories?post=17348"},{"taxonomy":"post_tag","embeddable":true,"href":"https:\/\/verdadeon.com.br\/portal\/wp-json\/wp\/v2\/tags?post=17348"}],"curies":[{"name":"wp","href":"https:\/\/api.w.org\/{rel}","templated":true}]}}