{"id":17303,"date":"2021-06-15T16:19:24","date_gmt":"2021-06-15T19:19:24","guid":{"rendered":"https:\/\/verdadeon.com.br\/portal\/?p=17303"},"modified":"2021-06-15T16:19:24","modified_gmt":"2021-06-15T19:19:24","slug":"trabalho-de-voluntarios-evita-intubacoes-no-p-s-alvaro-azzuz-em-franca","status":"publish","type":"post","link":"https:\/\/verdadeon.com.br\/portal\/2021\/06\/15\/trabalho-de-voluntarios-evita-intubacoes-no-p-s-alvaro-azzuz-em-franca\/","title":{"rendered":"Trabalho de volunt\u00e1rios evita intuba\u00e7\u00f5es no P.S. \u00c1lvaro Azzuz em Franca"},"content":{"rendered":"<h2>Informa\u00e7\u00e3o foi repassada pelo m\u00e9dico chefe da unidade, Rafael Talarico durante boletim<\/h2>\n<p>O m\u00e9dico Rafael Talarico do P.S. Doutor \u00c1lvaro Azzuz, usou o boletim desta ter\u00e7a-feira para agradecer os profissionais volunt\u00e1rios que atuam na unidade no atendimento aos pacientes. \u201cQueria fazer um agradecimento especial a todos os volunt\u00e1rios, enfermeiros, m\u00e9dicos e fisioterapeutas, que est\u00e3o vindo aqui ajudar a gente sem ganhar nada por isso. O trabalho deles \u00e9 t\u00e3o importante que diminuiu a gravidade dos pacientes. A fisioterapia tem trabalhado a parte respirat\u00f3ria motora, isso tem evitado intuba\u00e7\u00f5es. Meu muito obrigado\u201d, afirmou Talarico.<\/p>\n<p>No m\u00eas de maio a Prefeitura de Franca abriu inscri\u00e7\u00f5es para volunt\u00e1rios atuarem no combate \u00e0 covid, os profissionais interessados realizaram cadastro na secretaria de Sa\u00fade.<\/p>\n<p>Nos \u00faltimos dias a busca por atendimento no P.S. diminuiu, o que foi confirmado pela administra\u00e7\u00e3o da unidade. Hoje s\u00e3o 47 pacientes regulados pela CROSS, que \u00e9 o sistema de transfer\u00eancia de pacientes para hospitais de refer\u00eancia.<\/p>\n<p>Destes, 25 aguardam transfer\u00eancia para um leito de enfermaria, enquanto que os outros 22 aguardam leito de UTI, apenas um segue intubado. \u201cEu j\u00e1 comecei falando assim para agradecer voc\u00ea que est\u00e1 se cuidando, que est\u00e1 nos ajudando. O fluxo do pronto socorro diminuiu bastante, isso \u00e9 reflexo\u201d afirmou Talarico.<\/p>\n<h2>Santa Casa<\/h2>\n<p>O grupo Santa Casa de Franca divulgou o boletim da covid-19 na tarde desta ter\u00e7a-feira. Segundo os dados do hospital, os 37 leitos de UTI para o tratamento da covid no Hospital do Cora\u00e7\u00e3o est\u00e3o ocupados. A mesma situa\u00e7\u00e3o de lota\u00e7\u00e3o \u00e9 registrada em rela\u00e7\u00e3o aos leitos de enfermaria, todos os 24 seguem com pacientes.<\/p>\n<p>No Ambulat\u00f3rio M\u00e9dico de Especialidades (AME), a situa\u00e7\u00e3o se repete, todos os 22 leitos de UTI e os 3 de enfermaria, seguem sendo usados.<\/p>\n","protected":false},"excerpt":{"rendered":"<p>Informa\u00e7\u00e3o foi repassada pelo m\u00e9dico chefe da unidade, Rafael Talarico durante boletim O m\u00e9dico Rafael Talarico do P.S. Doutor \u00c1lvaro Azzuz, usou o boletim desta ter\u00e7a-feira<span class=\"excerpt-hellip\"> [\u2026]<\/span><\/p>\n","protected":false},"author":7,"featured_media":13158,"comment_status":"open","ping_status":"open","sticky":false,"template":"","format":"standard","meta":{"_jetpack_memberships_contains_paid_content":false,"footnotes":"","jetpack_publicize_message":"","jetpack_publicize_feature_enabled":true,"jetpack_social_post_already_shared":false,"jetpack_social_options":{"image_generator_settings":{"template":"highway","default_image_id":0,"enabled":false},"version":2}},"categories":[28,81],"tags":[],"class_list":["post-17303","post","type-post","status-publish","format-standard","has-post-thumbnail","hentry","category-cotidiano","category-manchete"],"yoast_head":"<!-- This site is optimized with the Yoast SEO plugin v25.6 - https:\/\/yoast.com\/wordpress\/plugins\/seo\/ -->\n<title>Trabalho de volunt\u00e1rios evita intuba\u00e7\u00f5es no P.S. \u00c1lvaro Azzuz em Franca - VerdadeOn<\/title>\n<meta name=\"robots\" content=\"index, follow, max-snippet:-1, max-image-preview:large, max-video-preview:-1\" \/>\n<link rel=\"canonical\" href=\"https:\/\/verdadeon.com.br\/portal\/2021\/06\/15\/trabalho-de-voluntarios-evita-intubacoes-no-p-s-alvaro-azzuz-em-franca\/\" \/>\n<meta property=\"og:locale\" content=\"pt_BR\" \/>\n<meta property=\"og:type\" content=\"article\" \/>\n<meta property=\"og:title\" content=\"Trabalho de volunt\u00e1rios evita intuba\u00e7\u00f5es no P.S. \u00c1lvaro Azzuz em Franca - VerdadeOn\" \/>\n<meta property=\"og:description\" content=\"Informa\u00e7\u00e3o foi repassada pelo m\u00e9dico chefe da unidade, Rafael Talarico durante boletim O m\u00e9dico Rafael Talarico do P.S. Doutor \u00c1lvaro Azzuz, usou o boletim desta ter\u00e7a-feira [\u2026]\" \/>\n<meta property=\"og:url\" content=\"https:\/\/verdadeon.com.br\/portal\/2021\/06\/15\/trabalho-de-voluntarios-evita-intubacoes-no-p-s-alvaro-azzuz-em-franca\/\" \/>\n<meta property=\"og:site_name\" content=\"VerdadeOn\" \/>\n<meta property=\"article:published_time\" content=\"2021-06-15T19:19:24+00:00\" \/>\n<meta property=\"og:image\" content=\"https:\/\/verdadeon.com.br\/portal\/wp-content\/uploads\/2021\/01\/794a51e9-4567-4875-90e4-65e51dc34d74.jpeg\" \/>\n\t<meta property=\"og:image:width\" content=\"1000\" \/>\n\t<meta property=\"og:image:height\" content=\"670\" \/>\n\t<meta property=\"og:image:type\" content=\"image\/jpeg\" \/>\n<meta name=\"author\" content=\"Fernando Lima\" \/>\n<meta name=\"twitter:card\" content=\"summary_large_image\" \/>\n<meta name=\"twitter:label1\" content=\"Escrito por\" \/>\n\t<meta name=\"twitter:data1\" content=\"Fernando Lima\" \/>\n\t<meta name=\"twitter:label2\" content=\"Est. tempo de leitura\" \/>\n\t<meta name=\"twitter:data2\" content=\"2 minutos\" \/>\n<script type=\"application\/ld+json\" class=\"yoast-schema-graph\">{\"@context\":\"https:\/\/schema.org\",\"@graph\":[{\"@type\":\"WebPage\",\"@id\":\"https:\/\/verdadeon.com.br\/portal\/2021\/06\/15\/trabalho-de-voluntarios-evita-intubacoes-no-p-s-alvaro-azzuz-em-franca\/\",\"url\":\"https:\/\/verdadeon.com.br\/portal\/2021\/06\/15\/trabalho-de-voluntarios-evita-intubacoes-no-p-s-alvaro-azzuz-em-franca\/\",\"name\":\"Trabalho de volunt\u00e1rios evita intuba\u00e7\u00f5es no P.S. \u00c1lvaro Azzuz em Franca - VerdadeOn\",\"isPartOf\":{\"@id\":\"https:\/\/verdadeon.com.br\/portal\/#website\"},\"primaryImageOfPage\":{\"@id\":\"https:\/\/verdadeon.com.br\/portal\/2021\/06\/15\/trabalho-de-voluntarios-evita-intubacoes-no-p-s-alvaro-azzuz-em-franca\/#primaryimage\"},\"image\":{\"@id\":\"https:\/\/verdadeon.com.br\/portal\/2021\/06\/15\/trabalho-de-voluntarios-evita-intubacoes-no-p-s-alvaro-azzuz-em-franca\/#primaryimage\"},\"thumbnailUrl\":\"https:\/\/i0.wp.com\/verdadeon.com.br\/portal\/wp-content\/uploads\/2021\/01\/794a51e9-4567-4875-90e4-65e51dc34d74.jpeg?fit=1000%2C670&ssl=1\",\"datePublished\":\"2021-06-15T19:19:24+00:00\",\"author\":{\"@id\":\"https:\/\/verdadeon.com.br\/portal\/#\/schema\/person\/cc32be22b8e8599387c480bc83e1d11a\"},\"breadcrumb\":{\"@id\":\"https:\/\/verdadeon.com.br\/portal\/2021\/06\/15\/trabalho-de-voluntarios-evita-intubacoes-no-p-s-alvaro-azzuz-em-franca\/#breadcrumb\"},\"inLanguage\":\"pt-BR\",\"potentialAction\":[{\"@type\":\"ReadAction\",\"target\":[\"https:\/\/verdadeon.com.br\/portal\/2021\/06\/15\/trabalho-de-voluntarios-evita-intubacoes-no-p-s-alvaro-azzuz-em-franca\/\"]}]},{\"@type\":\"ImageObject\",\"inLanguage\":\"pt-BR\",\"@id\":\"https:\/\/verdadeon.com.br\/portal\/2021\/06\/15\/trabalho-de-voluntarios-evita-intubacoes-no-p-s-alvaro-azzuz-em-franca\/#primaryimage\",\"url\":\"https:\/\/i0.wp.com\/verdadeon.com.br\/portal\/wp-content\/uploads\/2021\/01\/794a51e9-4567-4875-90e4-65e51dc34d74.jpeg?fit=1000%2C670&ssl=1\",\"contentUrl\":\"https:\/\/i0.wp.com\/verdadeon.com.br\/portal\/wp-content\/uploads\/2021\/01\/794a51e9-4567-4875-90e4-65e51dc34d74.jpeg?fit=1000%2C670&ssl=1\",\"width\":1000,\"height\":670,\"caption\":\"No m\u00eas passado o trabalho de volunt\u00e1rios foi regulamentado pela Prefeitura de Franca no polo covid | Foto: Jornal Verdade\"},{\"@type\":\"BreadcrumbList\",\"@id\":\"https:\/\/verdadeon.com.br\/portal\/2021\/06\/15\/trabalho-de-voluntarios-evita-intubacoes-no-p-s-alvaro-azzuz-em-franca\/#breadcrumb\",\"itemListElement\":[{\"@type\":\"ListItem\",\"position\":1,\"name\":\"In\u00edcio\",\"item\":\"https:\/\/verdadeon.com.br\/portal\/\"},{\"@type\":\"ListItem\",\"position\":2,\"name\":\"Trabalho de volunt\u00e1rios evita intuba\u00e7\u00f5es no P.S. \u00c1lvaro Azzuz em Franca\"}]},{\"@type\":\"WebSite\",\"@id\":\"https:\/\/verdadeon.com.br\/portal\/#website\",\"url\":\"https:\/\/verdadeon.com.br\/portal\/\",\"name\":\"VerdadeOn\",\"description\":\"Not\u00edcias di\u00e1rias sobre Franca, Regi\u00e3o, Esporte, Cultura, Cotidiano, Colunas. Cobertura nos principais eventos da cidade \u00e9 aqui - Verdadeon Franca\",\"potentialAction\":[{\"@type\":\"SearchAction\",\"target\":{\"@type\":\"EntryPoint\",\"urlTemplate\":\"https:\/\/verdadeon.com.br\/portal\/?s={search_term_string}\"},\"query-input\":{\"@type\":\"PropertyValueSpecification\",\"valueRequired\":true,\"valueName\":\"search_term_string\"}}],\"inLanguage\":\"pt-BR\"},{\"@type\":\"Person\",\"@id\":\"https:\/\/verdadeon.com.br\/portal\/#\/schema\/person\/cc32be22b8e8599387c480bc83e1d11a\",\"name\":\"Fernando Lima\",\"image\":{\"@type\":\"ImageObject\",\"inLanguage\":\"pt-BR\",\"@id\":\"https:\/\/verdadeon.com.br\/portal\/#\/schema\/person\/image\/\",\"url\":\"https:\/\/secure.gravatar.com\/avatar\/df4c8e132080d2b3a4841d5d232045464e0eed11a1d6e43115ca0843d48768d3?s=96&d=mm&r=g\",\"contentUrl\":\"https:\/\/secure.gravatar.com\/avatar\/df4c8e132080d2b3a4841d5d232045464e0eed11a1d6e43115ca0843d48768d3?s=96&d=mm&r=g\",\"caption\":\"Fernando Lima\"},\"sameAs\":[\"http:\/\/verdadeon.com.br\/\"],\"url\":\"https:\/\/verdadeon.com.br\/portal\/author\/fernando-lima\/\"}]}<\/script>\n<!-- \/ Yoast SEO plugin. -->","yoast_head_json":{"title":"Trabalho de volunt\u00e1rios evita intuba\u00e7\u00f5es no P.S. \u00c1lvaro Azzuz em Franca - VerdadeOn","robots":{"index":"index","follow":"follow","max-snippet":"max-snippet:-1","max-image-preview":"max-image-preview:large","max-video-preview":"max-video-preview:-1"},"canonical":"https:\/\/verdadeon.com.br\/portal\/2021\/06\/15\/trabalho-de-voluntarios-evita-intubacoes-no-p-s-alvaro-azzuz-em-franca\/","og_locale":"pt_BR","og_type":"article","og_title":"Trabalho de volunt\u00e1rios evita intuba\u00e7\u00f5es no P.S. \u00c1lvaro Azzuz em Franca - VerdadeOn","og_description":"Informa\u00e7\u00e3o foi repassada pelo m\u00e9dico chefe da unidade, Rafael Talarico durante boletim O m\u00e9dico Rafael Talarico do P.S. Doutor \u00c1lvaro Azzuz, usou o boletim desta ter\u00e7a-feira [\u2026]","og_url":"https:\/\/verdadeon.com.br\/portal\/2021\/06\/15\/trabalho-de-voluntarios-evita-intubacoes-no-p-s-alvaro-azzuz-em-franca\/","og_site_name":"VerdadeOn","article_published_time":"2021-06-15T19:19:24+00:00","og_image":[{"width":1000,"height":670,"url":"https:\/\/verdadeon.com.br\/portal\/wp-content\/uploads\/2021\/01\/794a51e9-4567-4875-90e4-65e51dc34d74.jpeg","type":"image\/jpeg"}],"author":"Fernando Lima","twitter_card":"summary_large_image","twitter_misc":{"Escrito por":"Fernando Lima","Est. tempo de leitura":"2 minutos"},"schema":{"@context":"https:\/\/schema.org","@graph":[{"@type":"WebPage","@id":"https:\/\/verdadeon.com.br\/portal\/2021\/06\/15\/trabalho-de-voluntarios-evita-intubacoes-no-p-s-alvaro-azzuz-em-franca\/","url":"https:\/\/verdadeon.com.br\/portal\/2021\/06\/15\/trabalho-de-voluntarios-evita-intubacoes-no-p-s-alvaro-azzuz-em-franca\/","name":"Trabalho de volunt\u00e1rios evita intuba\u00e7\u00f5es no P.S. \u00c1lvaro Azzuz em Franca - VerdadeOn","isPartOf":{"@id":"https:\/\/verdadeon.com.br\/portal\/#website"},"primaryImageOfPage":{"@id":"https:\/\/verdadeon.com.br\/portal\/2021\/06\/15\/trabalho-de-voluntarios-evita-intubacoes-no-p-s-alvaro-azzuz-em-franca\/#primaryimage"},"image":{"@id":"https:\/\/verdadeon.com.br\/portal\/2021\/06\/15\/trabalho-de-voluntarios-evita-intubacoes-no-p-s-alvaro-azzuz-em-franca\/#primaryimage"},"thumbnailUrl":"https:\/\/i0.wp.com\/verdadeon.com.br\/portal\/wp-content\/uploads\/2021\/01\/794a51e9-4567-4875-90e4-65e51dc34d74.jpeg?fit=1000%2C670&ssl=1","datePublished":"2021-06-15T19:19:24+00:00","author":{"@id":"https:\/\/verdadeon.com.br\/portal\/#\/schema\/person\/cc32be22b8e8599387c480bc83e1d11a"},"breadcrumb":{"@id":"https:\/\/verdadeon.com.br\/portal\/2021\/06\/15\/trabalho-de-voluntarios-evita-intubacoes-no-p-s-alvaro-azzuz-em-franca\/#breadcrumb"},"inLanguage":"pt-BR","potentialAction":[{"@type":"ReadAction","target":["https:\/\/verdadeon.com.br\/portal\/2021\/06\/15\/trabalho-de-voluntarios-evita-intubacoes-no-p-s-alvaro-azzuz-em-franca\/"]}]},{"@type":"ImageObject","inLanguage":"pt-BR","@id":"https:\/\/verdadeon.com.br\/portal\/2021\/06\/15\/trabalho-de-voluntarios-evita-intubacoes-no-p-s-alvaro-azzuz-em-franca\/#primaryimage","url":"https:\/\/i0.wp.com\/verdadeon.com.br\/portal\/wp-content\/uploads\/2021\/01\/794a51e9-4567-4875-90e4-65e51dc34d74.jpeg?fit=1000%2C670&ssl=1","contentUrl":"https:\/\/i0.wp.com\/verdadeon.com.br\/portal\/wp-content\/uploads\/2021\/01\/794a51e9-4567-4875-90e4-65e51dc34d74.jpeg?fit=1000%2C670&ssl=1","width":1000,"height":670,"caption":"No m\u00eas passado o trabalho de volunt\u00e1rios foi regulamentado pela Prefeitura de Franca no polo covid | Foto: Jornal Verdade"},{"@type":"BreadcrumbList","@id":"https:\/\/verdadeon.com.br\/portal\/2021\/06\/15\/trabalho-de-voluntarios-evita-intubacoes-no-p-s-alvaro-azzuz-em-franca\/#breadcrumb","itemListElement":[{"@type":"ListItem","position":1,"name":"In\u00edcio","item":"https:\/\/verdadeon.com.br\/portal\/"},{"@type":"ListItem","position":2,"name":"Trabalho de volunt\u00e1rios evita intuba\u00e7\u00f5es no P.S. \u00c1lvaro Azzuz em Franca"}]},{"@type":"WebSite","@id":"https:\/\/verdadeon.com.br\/portal\/#website","url":"https:\/\/verdadeon.com.br\/portal\/","name":"VerdadeOn","description":"Not\u00edcias di\u00e1rias sobre Franca, Regi\u00e3o, Esporte, Cultura, Cotidiano, Colunas. Cobertura nos principais eventos da cidade \u00e9 aqui - Verdadeon Franca","potentialAction":[{"@type":"SearchAction","target":{"@type":"EntryPoint","urlTemplate":"https:\/\/verdadeon.com.br\/portal\/?s={search_term_string}"},"query-input":{"@type":"PropertyValueSpecification","valueRequired":true,"valueName":"search_term_string"}}],"inLanguage":"pt-BR"},{"@type":"Person","@id":"https:\/\/verdadeon.com.br\/portal\/#\/schema\/person\/cc32be22b8e8599387c480bc83e1d11a","name":"Fernando Lima","image":{"@type":"ImageObject","inLanguage":"pt-BR","@id":"https:\/\/verdadeon.com.br\/portal\/#\/schema\/person\/image\/","url":"https:\/\/secure.gravatar.com\/avatar\/df4c8e132080d2b3a4841d5d232045464e0eed11a1d6e43115ca0843d48768d3?s=96&d=mm&r=g","contentUrl":"https:\/\/secure.gravatar.com\/avatar\/df4c8e132080d2b3a4841d5d232045464e0eed11a1d6e43115ca0843d48768d3?s=96&d=mm&r=g","caption":"Fernando Lima"},"sameAs":["http:\/\/verdadeon.com.br\/"],"url":"https:\/\/verdadeon.com.br\/portal\/author\/fernando-lima\/"}]}},"jetpack_publicize_connections":[],"jetpack_featured_media_url":"https:\/\/i0.wp.com\/verdadeon.com.br\/portal\/wp-content\/uploads\/2021\/01\/794a51e9-4567-4875-90e4-65e51dc34d74.jpeg?fit=1000%2C670&ssl=1","jetpack_sharing_enabled":true,"_links":{"self":[{"href":"https:\/\/verdadeon.com.br\/portal\/wp-json\/wp\/v2\/posts\/17303","targetHints":{"allow":["GET"]}}],"collection":[{"href":"https:\/\/verdadeon.com.br\/portal\/wp-json\/wp\/v2\/posts"}],"about":[{"href":"https:\/\/verdadeon.com.br\/portal\/wp-json\/wp\/v2\/types\/post"}],"author":[{"embeddable":true,"href":"https:\/\/verdadeon.com.br\/portal\/wp-json\/wp\/v2\/users\/7"}],"replies":[{"embeddable":true,"href":"https:\/\/verdadeon.com.br\/portal\/wp-json\/wp\/v2\/comments?post=17303"}],"version-history":[{"count":0,"href":"https:\/\/verdadeon.com.br\/portal\/wp-json\/wp\/v2\/posts\/17303\/revisions"}],"wp:featuredmedia":[{"embeddable":true,"href":"https:\/\/verdadeon.com.br\/portal\/wp-json\/wp\/v2\/media\/13158"}],"wp:attachment":[{"href":"https:\/\/verdadeon.com.br\/portal\/wp-json\/wp\/v2\/media?parent=17303"}],"wp:term":[{"taxonomy":"category","embeddable":true,"href":"https:\/\/verdadeon.com.br\/portal\/wp-json\/wp\/v2\/categories?post=17303"},{"taxonomy":"post_tag","embeddable":true,"href":"https:\/\/verdadeon.com.br\/portal\/wp-json\/wp\/v2\/tags?post=17303"}],"curies":[{"name":"wp","href":"https:\/\/api.w.org\/{rel}","templated":true}]}}