{"id":17277,"date":"2021-06-14T18:30:05","date_gmt":"2021-06-14T21:30:05","guid":{"rendered":"https:\/\/verdadeon.com.br\/portal\/?p=17277"},"modified":"2021-06-14T17:53:03","modified_gmt":"2021-06-14T20:53:03","slug":"fila-para-uti-covid-tem-32-pacientes-em-franca","status":"publish","type":"post","link":"https:\/\/verdadeon.com.br\/portal\/2021\/06\/14\/fila-para-uti-covid-tem-32-pacientes-em-franca\/","title":{"rendered":"Fila para UTI Covid tem 32 pacientes em Franca"},"content":{"rendered":"<h2>Dado \u00e9 do boletim do \u00c1lvaro Azzuz divulgado diariamente. N\u00famero voltou a crescer nos \u00faltimos dias<\/h2>\n<p>O boletim de atendimento divulgado pelo P.S. \u00c1lvaro Azzuz, trouxe que 32 pacientes est\u00e3o aguardando por vaga para um leito de UTI em Franca, destes pacientes, seis est\u00e3o entubados em leitos de estabiliza\u00e7\u00e3o, que na pr\u00e1tica s\u00e3o leitos tempor\u00e1rios at\u00e9 que uma vaga em um hospital de refer\u00eancia seja encontrada pelo Estado.<\/p>\n<p>O m\u00e9dico chefe da unidade, Rafael Talarico, afirmou no boletim que no total 52 pacientes est\u00e3o regulados pela Cross no P.S., al\u00e9m dos 32 que aguardam UTI, os outros 20 que esperam uma vaga em um leito de enfermaria, tamb\u00e9m em um hospital de refer\u00eancia para o tratamento da covid.<\/p>\n<h3>Queda<\/h3>\n<p>Nas \u00faltimas semanas o polo da covid em Franca viu o n\u00famero de pessoas que buscam atendimento na unidade por suspeita de contamina\u00e7\u00e3o diminuir. Isso \u00e9 percebido tamb\u00e9m nos boletins.<\/p>\n<p>Neste \u00faltimo final de semana foram registrados 329 atendimentos no s\u00e1bado (12), enquanto que no domingo (13), foram 252 pacientes, totalizando 581 atendimentos.<\/p>\n<p>Em alguns finais de semana o P.S. chegou a registrar quase esse n\u00famero em apenas um dia, causando um verdadeiro colapso na unidade, com pacientes que esperaram cerca de 7 horas para serem atendidos.<\/p>\n<p>Na manh\u00e3 desta segunda-feira o polo tinha uma movimenta\u00e7\u00e3o tranquila, cerca de 10 pacientes aguardavam atendimento por volta das 14h. Um aumento na demanda j\u00e1 era esperado, o que normalmente acontece j\u00e1 que algumas pessoas buscam o atendimento ap\u00f3s o hor\u00e1rio do trabalho.<\/p>\n<p>Uma das explica\u00e7\u00f5es para a queda de pacientes deve-se tamb\u00e9m ao fato de que as Unidades B\u00e1sicas de Sa\u00fade (UBS), da Vila S\u00e3o Sebasti\u00e3o, do Jardim Lu\u00edza e do Brasil\u00e2ndia, passaram a atender os casos suspeitos de contamina\u00e7\u00e3o pela doen\u00e7a.<\/p>\n<p>O prazo inicial era at\u00e9 o fim do lockdown no \u00faltimo dia 10, mas como a medida surtiu o efeito esperado, foi prorrogada.<\/p>\n","protected":false},"excerpt":{"rendered":"<p>Dado \u00e9 do boletim do \u00c1lvaro Azzuz divulgado diariamente. N\u00famero voltou a crescer nos \u00faltimos dias O boletim de atendimento divulgado pelo P.S. \u00c1lvaro Azzuz, trouxe<span class=\"excerpt-hellip\"> [\u2026]<\/span><\/p>\n","protected":false},"author":7,"featured_media":17278,"comment_status":"open","ping_status":"open","sticky":false,"template":"","format":"standard","meta":{"_jetpack_memberships_contains_paid_content":false,"footnotes":"","jetpack_publicize_message":"","jetpack_publicize_feature_enabled":true,"jetpack_social_post_already_shared":false,"jetpack_social_options":{"image_generator_settings":{"template":"highway","default_image_id":0,"enabled":false},"version":2}},"categories":[28,81],"tags":[],"class_list":["post-17277","post","type-post","status-publish","format-standard","has-post-thumbnail","hentry","category-cotidiano","category-manchete"],"yoast_head":"<!-- This site is optimized with the Yoast SEO plugin v25.6 - https:\/\/yoast.com\/wordpress\/plugins\/seo\/ -->\n<title>Fila para UTI Covid tem 32 pacientes em Franca - VerdadeOn<\/title>\n<meta name=\"robots\" content=\"index, follow, max-snippet:-1, max-image-preview:large, max-video-preview:-1\" \/>\n<link rel=\"canonical\" href=\"https:\/\/verdadeon.com.br\/portal\/2021\/06\/14\/fila-para-uti-covid-tem-32-pacientes-em-franca\/\" \/>\n<meta property=\"og:locale\" content=\"pt_BR\" \/>\n<meta property=\"og:type\" content=\"article\" \/>\n<meta property=\"og:title\" content=\"Fila para UTI Covid tem 32 pacientes em Franca - VerdadeOn\" \/>\n<meta property=\"og:description\" content=\"Dado \u00e9 do boletim do \u00c1lvaro Azzuz divulgado diariamente. N\u00famero voltou a crescer nos \u00faltimos dias O boletim de atendimento divulgado pelo P.S. \u00c1lvaro Azzuz, trouxe [\u2026]\" \/>\n<meta property=\"og:url\" content=\"https:\/\/verdadeon.com.br\/portal\/2021\/06\/14\/fila-para-uti-covid-tem-32-pacientes-em-franca\/\" \/>\n<meta property=\"og:site_name\" content=\"VerdadeOn\" \/>\n<meta property=\"article:published_time\" content=\"2021-06-14T21:30:05+00:00\" \/>\n<meta property=\"og:image\" content=\"https:\/\/verdadeon.com.br\/portal\/wp-content\/uploads\/2021\/06\/ALVARO-AZZUZ.jpeg\" \/>\n\t<meta property=\"og:image:width\" content=\"1280\" \/>\n\t<meta property=\"og:image:height\" content=\"640\" \/>\n\t<meta property=\"og:image:type\" content=\"image\/jpeg\" \/>\n<meta name=\"author\" content=\"Fernando Lima\" \/>\n<meta name=\"twitter:card\" content=\"summary_large_image\" \/>\n<meta name=\"twitter:label1\" content=\"Escrito por\" \/>\n\t<meta name=\"twitter:data1\" content=\"Fernando Lima\" \/>\n\t<meta name=\"twitter:label2\" content=\"Est. tempo de leitura\" \/>\n\t<meta name=\"twitter:data2\" content=\"2 minutos\" \/>\n<script type=\"application\/ld+json\" class=\"yoast-schema-graph\">{\"@context\":\"https:\/\/schema.org\",\"@graph\":[{\"@type\":\"WebPage\",\"@id\":\"https:\/\/verdadeon.com.br\/portal\/2021\/06\/14\/fila-para-uti-covid-tem-32-pacientes-em-franca\/\",\"url\":\"https:\/\/verdadeon.com.br\/portal\/2021\/06\/14\/fila-para-uti-covid-tem-32-pacientes-em-franca\/\",\"name\":\"Fila para UTI Covid tem 32 pacientes em Franca - VerdadeOn\",\"isPartOf\":{\"@id\":\"https:\/\/verdadeon.com.br\/portal\/#website\"},\"primaryImageOfPage\":{\"@id\":\"https:\/\/verdadeon.com.br\/portal\/2021\/06\/14\/fila-para-uti-covid-tem-32-pacientes-em-franca\/#primaryimage\"},\"image\":{\"@id\":\"https:\/\/verdadeon.com.br\/portal\/2021\/06\/14\/fila-para-uti-covid-tem-32-pacientes-em-franca\/#primaryimage\"},\"thumbnailUrl\":\"https:\/\/i0.wp.com\/verdadeon.com.br\/portal\/wp-content\/uploads\/2021\/06\/ALVARO-AZZUZ.jpeg?fit=1280%2C640&ssl=1\",\"datePublished\":\"2021-06-14T21:30:05+00:00\",\"author\":{\"@id\":\"https:\/\/verdadeon.com.br\/portal\/#\/schema\/person\/cc32be22b8e8599387c480bc83e1d11a\"},\"breadcrumb\":{\"@id\":\"https:\/\/verdadeon.com.br\/portal\/2021\/06\/14\/fila-para-uti-covid-tem-32-pacientes-em-franca\/#breadcrumb\"},\"inLanguage\":\"pt-BR\",\"potentialAction\":[{\"@type\":\"ReadAction\",\"target\":[\"https:\/\/verdadeon.com.br\/portal\/2021\/06\/14\/fila-para-uti-covid-tem-32-pacientes-em-franca\/\"]}]},{\"@type\":\"ImageObject\",\"inLanguage\":\"pt-BR\",\"@id\":\"https:\/\/verdadeon.com.br\/portal\/2021\/06\/14\/fila-para-uti-covid-tem-32-pacientes-em-franca\/#primaryimage\",\"url\":\"https:\/\/i0.wp.com\/verdadeon.com.br\/portal\/wp-content\/uploads\/2021\/06\/ALVARO-AZZUZ.jpeg?fit=1280%2C640&ssl=1\",\"contentUrl\":\"https:\/\/i0.wp.com\/verdadeon.com.br\/portal\/wp-content\/uploads\/2021\/06\/ALVARO-AZZUZ.jpeg?fit=1280%2C640&ssl=1\",\"width\":1280,\"height\":640,\"caption\":\"Ap\u00f3s per\u00edodo cr\u00edtico de colapso, \u00c1lvaro Azzuz viu a quantidade de pacientes diminuir | Foto: Jornal Verdade\"},{\"@type\":\"BreadcrumbList\",\"@id\":\"https:\/\/verdadeon.com.br\/portal\/2021\/06\/14\/fila-para-uti-covid-tem-32-pacientes-em-franca\/#breadcrumb\",\"itemListElement\":[{\"@type\":\"ListItem\",\"position\":1,\"name\":\"In\u00edcio\",\"item\":\"https:\/\/verdadeon.com.br\/portal\/\"},{\"@type\":\"ListItem\",\"position\":2,\"name\":\"Fila para UTI Covid tem 32 pacientes em Franca\"}]},{\"@type\":\"WebSite\",\"@id\":\"https:\/\/verdadeon.com.br\/portal\/#website\",\"url\":\"https:\/\/verdadeon.com.br\/portal\/\",\"name\":\"VerdadeOn\",\"description\":\"Not\u00edcias di\u00e1rias sobre Franca, Regi\u00e3o, Esporte, Cultura, Cotidiano, Colunas. Cobertura nos principais eventos da cidade \u00e9 aqui - Verdadeon Franca\",\"potentialAction\":[{\"@type\":\"SearchAction\",\"target\":{\"@type\":\"EntryPoint\",\"urlTemplate\":\"https:\/\/verdadeon.com.br\/portal\/?s={search_term_string}\"},\"query-input\":{\"@type\":\"PropertyValueSpecification\",\"valueRequired\":true,\"valueName\":\"search_term_string\"}}],\"inLanguage\":\"pt-BR\"},{\"@type\":\"Person\",\"@id\":\"https:\/\/verdadeon.com.br\/portal\/#\/schema\/person\/cc32be22b8e8599387c480bc83e1d11a\",\"name\":\"Fernando Lima\",\"image\":{\"@type\":\"ImageObject\",\"inLanguage\":\"pt-BR\",\"@id\":\"https:\/\/verdadeon.com.br\/portal\/#\/schema\/person\/image\/\",\"url\":\"https:\/\/secure.gravatar.com\/avatar\/df4c8e132080d2b3a4841d5d232045464e0eed11a1d6e43115ca0843d48768d3?s=96&d=mm&r=g\",\"contentUrl\":\"https:\/\/secure.gravatar.com\/avatar\/df4c8e132080d2b3a4841d5d232045464e0eed11a1d6e43115ca0843d48768d3?s=96&d=mm&r=g\",\"caption\":\"Fernando Lima\"},\"sameAs\":[\"http:\/\/verdadeon.com.br\/\"],\"url\":\"https:\/\/verdadeon.com.br\/portal\/author\/fernando-lima\/\"}]}<\/script>\n<!-- \/ Yoast SEO plugin. -->","yoast_head_json":{"title":"Fila para UTI Covid tem 32 pacientes em Franca - VerdadeOn","robots":{"index":"index","follow":"follow","max-snippet":"max-snippet:-1","max-image-preview":"max-image-preview:large","max-video-preview":"max-video-preview:-1"},"canonical":"https:\/\/verdadeon.com.br\/portal\/2021\/06\/14\/fila-para-uti-covid-tem-32-pacientes-em-franca\/","og_locale":"pt_BR","og_type":"article","og_title":"Fila para UTI Covid tem 32 pacientes em Franca - VerdadeOn","og_description":"Dado \u00e9 do boletim do \u00c1lvaro Azzuz divulgado diariamente. N\u00famero voltou a crescer nos \u00faltimos dias O boletim de atendimento divulgado pelo P.S. \u00c1lvaro Azzuz, trouxe [\u2026]","og_url":"https:\/\/verdadeon.com.br\/portal\/2021\/06\/14\/fila-para-uti-covid-tem-32-pacientes-em-franca\/","og_site_name":"VerdadeOn","article_published_time":"2021-06-14T21:30:05+00:00","og_image":[{"width":1280,"height":640,"url":"https:\/\/verdadeon.com.br\/portal\/wp-content\/uploads\/2021\/06\/ALVARO-AZZUZ.jpeg","type":"image\/jpeg"}],"author":"Fernando Lima","twitter_card":"summary_large_image","twitter_misc":{"Escrito por":"Fernando Lima","Est. tempo de leitura":"2 minutos"},"schema":{"@context":"https:\/\/schema.org","@graph":[{"@type":"WebPage","@id":"https:\/\/verdadeon.com.br\/portal\/2021\/06\/14\/fila-para-uti-covid-tem-32-pacientes-em-franca\/","url":"https:\/\/verdadeon.com.br\/portal\/2021\/06\/14\/fila-para-uti-covid-tem-32-pacientes-em-franca\/","name":"Fila para UTI Covid tem 32 pacientes em Franca - VerdadeOn","isPartOf":{"@id":"https:\/\/verdadeon.com.br\/portal\/#website"},"primaryImageOfPage":{"@id":"https:\/\/verdadeon.com.br\/portal\/2021\/06\/14\/fila-para-uti-covid-tem-32-pacientes-em-franca\/#primaryimage"},"image":{"@id":"https:\/\/verdadeon.com.br\/portal\/2021\/06\/14\/fila-para-uti-covid-tem-32-pacientes-em-franca\/#primaryimage"},"thumbnailUrl":"https:\/\/i0.wp.com\/verdadeon.com.br\/portal\/wp-content\/uploads\/2021\/06\/ALVARO-AZZUZ.jpeg?fit=1280%2C640&ssl=1","datePublished":"2021-06-14T21:30:05+00:00","author":{"@id":"https:\/\/verdadeon.com.br\/portal\/#\/schema\/person\/cc32be22b8e8599387c480bc83e1d11a"},"breadcrumb":{"@id":"https:\/\/verdadeon.com.br\/portal\/2021\/06\/14\/fila-para-uti-covid-tem-32-pacientes-em-franca\/#breadcrumb"},"inLanguage":"pt-BR","potentialAction":[{"@type":"ReadAction","target":["https:\/\/verdadeon.com.br\/portal\/2021\/06\/14\/fila-para-uti-covid-tem-32-pacientes-em-franca\/"]}]},{"@type":"ImageObject","inLanguage":"pt-BR","@id":"https:\/\/verdadeon.com.br\/portal\/2021\/06\/14\/fila-para-uti-covid-tem-32-pacientes-em-franca\/#primaryimage","url":"https:\/\/i0.wp.com\/verdadeon.com.br\/portal\/wp-content\/uploads\/2021\/06\/ALVARO-AZZUZ.jpeg?fit=1280%2C640&ssl=1","contentUrl":"https:\/\/i0.wp.com\/verdadeon.com.br\/portal\/wp-content\/uploads\/2021\/06\/ALVARO-AZZUZ.jpeg?fit=1280%2C640&ssl=1","width":1280,"height":640,"caption":"Ap\u00f3s per\u00edodo cr\u00edtico de colapso, \u00c1lvaro Azzuz viu a quantidade de pacientes diminuir | Foto: Jornal Verdade"},{"@type":"BreadcrumbList","@id":"https:\/\/verdadeon.com.br\/portal\/2021\/06\/14\/fila-para-uti-covid-tem-32-pacientes-em-franca\/#breadcrumb","itemListElement":[{"@type":"ListItem","position":1,"name":"In\u00edcio","item":"https:\/\/verdadeon.com.br\/portal\/"},{"@type":"ListItem","position":2,"name":"Fila para UTI Covid tem 32 pacientes em Franca"}]},{"@type":"WebSite","@id":"https:\/\/verdadeon.com.br\/portal\/#website","url":"https:\/\/verdadeon.com.br\/portal\/","name":"VerdadeOn","description":"Not\u00edcias di\u00e1rias sobre Franca, Regi\u00e3o, Esporte, Cultura, Cotidiano, Colunas. Cobertura nos principais eventos da cidade \u00e9 aqui - Verdadeon Franca","potentialAction":[{"@type":"SearchAction","target":{"@type":"EntryPoint","urlTemplate":"https:\/\/verdadeon.com.br\/portal\/?s={search_term_string}"},"query-input":{"@type":"PropertyValueSpecification","valueRequired":true,"valueName":"search_term_string"}}],"inLanguage":"pt-BR"},{"@type":"Person","@id":"https:\/\/verdadeon.com.br\/portal\/#\/schema\/person\/cc32be22b8e8599387c480bc83e1d11a","name":"Fernando Lima","image":{"@type":"ImageObject","inLanguage":"pt-BR","@id":"https:\/\/verdadeon.com.br\/portal\/#\/schema\/person\/image\/","url":"https:\/\/secure.gravatar.com\/avatar\/df4c8e132080d2b3a4841d5d232045464e0eed11a1d6e43115ca0843d48768d3?s=96&d=mm&r=g","contentUrl":"https:\/\/secure.gravatar.com\/avatar\/df4c8e132080d2b3a4841d5d232045464e0eed11a1d6e43115ca0843d48768d3?s=96&d=mm&r=g","caption":"Fernando Lima"},"sameAs":["http:\/\/verdadeon.com.br\/"],"url":"https:\/\/verdadeon.com.br\/portal\/author\/fernando-lima\/"}]}},"jetpack_publicize_connections":[],"jetpack_featured_media_url":"https:\/\/i0.wp.com\/verdadeon.com.br\/portal\/wp-content\/uploads\/2021\/06\/ALVARO-AZZUZ.jpeg?fit=1280%2C640&ssl=1","jetpack_sharing_enabled":true,"_links":{"self":[{"href":"https:\/\/verdadeon.com.br\/portal\/wp-json\/wp\/v2\/posts\/17277","targetHints":{"allow":["GET"]}}],"collection":[{"href":"https:\/\/verdadeon.com.br\/portal\/wp-json\/wp\/v2\/posts"}],"about":[{"href":"https:\/\/verdadeon.com.br\/portal\/wp-json\/wp\/v2\/types\/post"}],"author":[{"embeddable":true,"href":"https:\/\/verdadeon.com.br\/portal\/wp-json\/wp\/v2\/users\/7"}],"replies":[{"embeddable":true,"href":"https:\/\/verdadeon.com.br\/portal\/wp-json\/wp\/v2\/comments?post=17277"}],"version-history":[{"count":0,"href":"https:\/\/verdadeon.com.br\/portal\/wp-json\/wp\/v2\/posts\/17277\/revisions"}],"wp:featuredmedia":[{"embeddable":true,"href":"https:\/\/verdadeon.com.br\/portal\/wp-json\/wp\/v2\/media\/17278"}],"wp:attachment":[{"href":"https:\/\/verdadeon.com.br\/portal\/wp-json\/wp\/v2\/media?parent=17277"}],"wp:term":[{"taxonomy":"category","embeddable":true,"href":"https:\/\/verdadeon.com.br\/portal\/wp-json\/wp\/v2\/categories?post=17277"},{"taxonomy":"post_tag","embeddable":true,"href":"https:\/\/verdadeon.com.br\/portal\/wp-json\/wp\/v2\/tags?post=17277"}],"curies":[{"name":"wp","href":"https:\/\/api.w.org\/{rel}","templated":true}]}}