{"id":17253,"date":"2021-06-12T12:30:33","date_gmt":"2021-06-12T15:30:33","guid":{"rendered":"https:\/\/verdadeon.com.br\/portal\/?p=17253"},"modified":"2021-06-12T11:45:26","modified_gmt":"2021-06-12T14:45:26","slug":"concurso-para-contratacao-de-profissionais-da-saude-acontece-neste-domingo","status":"publish","type":"post","link":"https:\/\/verdadeon.com.br\/portal\/2021\/06\/12\/concurso-para-contratacao-de-profissionais-da-saude-acontece-neste-domingo\/","title":{"rendered":"Concurso para contrata\u00e7\u00e3o de profissionais da sa\u00fade acontece neste domingo"},"content":{"rendered":"<h2>No total 367 candidatos se inscreveram, 82 ser\u00e3o contratados entre enfermeiros e t\u00e9cnicos<\/h2>\n<p>Os candidatos que se inscreveram no processo seletivo da Prefeitura de Franca, para a contrata\u00e7\u00e3o de mais profissionais da sa\u00fade, realizam a prova neste domingo (13). A secretaria de Administra\u00e7\u00e3o e Recursos Humanos publicou na \u00faltima quarta-feira (9), no Di\u00e1rio Oficial do Munic\u00edpio, o edital de convoca\u00e7\u00e3o dos candidatos inscritos.<\/p>\n<p>As provas ser\u00e3o realizadas \u00e0s 8h para o cargo de t\u00e9cnico de enfermagem e \u00e0s 13h, para os enfermeiros, na unidade 2, da Faculdade de Direito de Franca na avenida Major Nic\u00e1cio, 2.305, no bairro S\u00e3o Jos\u00e9. Os candidatos dever\u00e3o entrar pelo Boulevard Dr. Alfredo Palermo.<\/p>\n<p>Pelo edital da Prefeitura, 367 candidatos v\u00e3o participar do processo seletivo, sendo 248 para t\u00e9cnico de enfermagem e 119 para enfermeiros.<\/p>\n<p>No in\u00edcio do ano, a Prefeitura informou que realizaria o concurso para contratar mais profissionais que v\u00e3o atuar na linha de frente no combate \u00e0 Covid-19 em Franca, 70 t\u00e9cnicos e 12 enfermeiros ser\u00e3o contratados.<\/p>\n<p>A expectativa \u00e9 que eles atuem no Pronto Socorro Municipal Doutor \u00c1lvaro Azzuz, que \u00e9 o polo da covid na cidade desde o dia 6 de abril do ano passado.<\/p>\n<p>O local vive praticamente um colapso, a falta de profissionais tem resultado em horas de espera. No m\u00eas passado com o in\u00edcio do lockdown, outras unidades de sa\u00fade passaram a atender tamb\u00e9m os casos suspeitos de covid, o que desafogou o local, mas ainda assim a demanda \u00e9 grande, mais de 400 pacientes por dia.<\/p>\n<p>O contrato entre os contratados pela Prefeitura ser\u00e1 at\u00e9 o dia 31 de dezembro, mas n\u00e3o est\u00e1 descartada a possibilidade de extens\u00e3o do mesmo caso seja necess\u00e1rio.<\/p>\n<p>&nbsp;<\/p>\n","protected":false},"excerpt":{"rendered":"<p>No total 367 candidatos se inscreveram, 82 ser\u00e3o contratados entre enfermeiros e t\u00e9cnicos Os candidatos que se inscreveram no processo seletivo da Prefeitura de Franca, para<span class=\"excerpt-hellip\"> [\u2026]<\/span><\/p>\n","protected":false},"author":7,"featured_media":13158,"comment_status":"open","ping_status":"open","sticky":false,"template":"","format":"standard","meta":{"_jetpack_memberships_contains_paid_content":false,"footnotes":"","jetpack_publicize_message":"","jetpack_publicize_feature_enabled":true,"jetpack_social_post_already_shared":false,"jetpack_social_options":{"image_generator_settings":{"template":"highway","default_image_id":0,"enabled":false},"version":2}},"categories":[28,81],"tags":[],"class_list":["post-17253","post","type-post","status-publish","format-standard","has-post-thumbnail","hentry","category-cotidiano","category-manchete"],"yoast_head":"<!-- This site is optimized with the Yoast SEO plugin v25.6 - https:\/\/yoast.com\/wordpress\/plugins\/seo\/ -->\n<title>Concurso para contrata\u00e7\u00e3o de profissionais da sa\u00fade acontece neste domingo - VerdadeOn<\/title>\n<meta name=\"robots\" content=\"index, follow, max-snippet:-1, max-image-preview:large, max-video-preview:-1\" \/>\n<link rel=\"canonical\" href=\"https:\/\/verdadeon.com.br\/portal\/2021\/06\/12\/concurso-para-contratacao-de-profissionais-da-saude-acontece-neste-domingo\/\" \/>\n<meta property=\"og:locale\" content=\"pt_BR\" \/>\n<meta property=\"og:type\" content=\"article\" \/>\n<meta property=\"og:title\" content=\"Concurso para contrata\u00e7\u00e3o de profissionais da sa\u00fade acontece neste domingo - VerdadeOn\" \/>\n<meta property=\"og:description\" content=\"No total 367 candidatos se inscreveram, 82 ser\u00e3o contratados entre enfermeiros e t\u00e9cnicos Os candidatos que se inscreveram no processo seletivo da Prefeitura de Franca, para [\u2026]\" \/>\n<meta property=\"og:url\" content=\"https:\/\/verdadeon.com.br\/portal\/2021\/06\/12\/concurso-para-contratacao-de-profissionais-da-saude-acontece-neste-domingo\/\" \/>\n<meta property=\"og:site_name\" content=\"VerdadeOn\" \/>\n<meta property=\"article:published_time\" content=\"2021-06-12T15:30:33+00:00\" \/>\n<meta property=\"og:image\" content=\"https:\/\/verdadeon.com.br\/portal\/wp-content\/uploads\/2021\/01\/794a51e9-4567-4875-90e4-65e51dc34d74.jpeg\" \/>\n\t<meta property=\"og:image:width\" content=\"1000\" \/>\n\t<meta property=\"og:image:height\" content=\"670\" \/>\n\t<meta property=\"og:image:type\" content=\"image\/jpeg\" \/>\n<meta name=\"author\" content=\"Fernando Lima\" \/>\n<meta name=\"twitter:card\" content=\"summary_large_image\" \/>\n<meta name=\"twitter:label1\" content=\"Escrito por\" \/>\n\t<meta name=\"twitter:data1\" content=\"Fernando Lima\" \/>\n\t<meta name=\"twitter:label2\" content=\"Est. tempo de leitura\" \/>\n\t<meta name=\"twitter:data2\" content=\"2 minutos\" \/>\n<script type=\"application\/ld+json\" class=\"yoast-schema-graph\">{\"@context\":\"https:\/\/schema.org\",\"@graph\":[{\"@type\":\"WebPage\",\"@id\":\"https:\/\/verdadeon.com.br\/portal\/2021\/06\/12\/concurso-para-contratacao-de-profissionais-da-saude-acontece-neste-domingo\/\",\"url\":\"https:\/\/verdadeon.com.br\/portal\/2021\/06\/12\/concurso-para-contratacao-de-profissionais-da-saude-acontece-neste-domingo\/\",\"name\":\"Concurso para contrata\u00e7\u00e3o de profissionais da sa\u00fade acontece neste domingo - VerdadeOn\",\"isPartOf\":{\"@id\":\"https:\/\/verdadeon.com.br\/portal\/#website\"},\"primaryImageOfPage\":{\"@id\":\"https:\/\/verdadeon.com.br\/portal\/2021\/06\/12\/concurso-para-contratacao-de-profissionais-da-saude-acontece-neste-domingo\/#primaryimage\"},\"image\":{\"@id\":\"https:\/\/verdadeon.com.br\/portal\/2021\/06\/12\/concurso-para-contratacao-de-profissionais-da-saude-acontece-neste-domingo\/#primaryimage\"},\"thumbnailUrl\":\"https:\/\/i0.wp.com\/verdadeon.com.br\/portal\/wp-content\/uploads\/2021\/01\/794a51e9-4567-4875-90e4-65e51dc34d74.jpeg?fit=1000%2C670&ssl=1\",\"datePublished\":\"2021-06-12T15:30:33+00:00\",\"author\":{\"@id\":\"https:\/\/verdadeon.com.br\/portal\/#\/schema\/person\/cc32be22b8e8599387c480bc83e1d11a\"},\"breadcrumb\":{\"@id\":\"https:\/\/verdadeon.com.br\/portal\/2021\/06\/12\/concurso-para-contratacao-de-profissionais-da-saude-acontece-neste-domingo\/#breadcrumb\"},\"inLanguage\":\"pt-BR\",\"potentialAction\":[{\"@type\":\"ReadAction\",\"target\":[\"https:\/\/verdadeon.com.br\/portal\/2021\/06\/12\/concurso-para-contratacao-de-profissionais-da-saude-acontece-neste-domingo\/\"]}]},{\"@type\":\"ImageObject\",\"inLanguage\":\"pt-BR\",\"@id\":\"https:\/\/verdadeon.com.br\/portal\/2021\/06\/12\/concurso-para-contratacao-de-profissionais-da-saude-acontece-neste-domingo\/#primaryimage\",\"url\":\"https:\/\/i0.wp.com\/verdadeon.com.br\/portal\/wp-content\/uploads\/2021\/01\/794a51e9-4567-4875-90e4-65e51dc34d74.jpeg?fit=1000%2C670&ssl=1\",\"contentUrl\":\"https:\/\/i0.wp.com\/verdadeon.com.br\/portal\/wp-content\/uploads\/2021\/01\/794a51e9-4567-4875-90e4-65e51dc34d74.jpeg?fit=1000%2C670&ssl=1\",\"width\":1000,\"height\":670,\"caption\":\"No m\u00eas passado o trabalho de volunt\u00e1rios foi regulamentado pela Prefeitura de Franca no polo covid | Foto: Jornal Verdade\"},{\"@type\":\"BreadcrumbList\",\"@id\":\"https:\/\/verdadeon.com.br\/portal\/2021\/06\/12\/concurso-para-contratacao-de-profissionais-da-saude-acontece-neste-domingo\/#breadcrumb\",\"itemListElement\":[{\"@type\":\"ListItem\",\"position\":1,\"name\":\"In\u00edcio\",\"item\":\"https:\/\/verdadeon.com.br\/portal\/\"},{\"@type\":\"ListItem\",\"position\":2,\"name\":\"Concurso para contrata\u00e7\u00e3o de profissionais da sa\u00fade acontece neste domingo\"}]},{\"@type\":\"WebSite\",\"@id\":\"https:\/\/verdadeon.com.br\/portal\/#website\",\"url\":\"https:\/\/verdadeon.com.br\/portal\/\",\"name\":\"VerdadeOn\",\"description\":\"Not\u00edcias di\u00e1rias sobre Franca, Regi\u00e3o, Esporte, Cultura, Cotidiano, Colunas. Cobertura nos principais eventos da cidade \u00e9 aqui - Verdadeon Franca\",\"potentialAction\":[{\"@type\":\"SearchAction\",\"target\":{\"@type\":\"EntryPoint\",\"urlTemplate\":\"https:\/\/verdadeon.com.br\/portal\/?s={search_term_string}\"},\"query-input\":{\"@type\":\"PropertyValueSpecification\",\"valueRequired\":true,\"valueName\":\"search_term_string\"}}],\"inLanguage\":\"pt-BR\"},{\"@type\":\"Person\",\"@id\":\"https:\/\/verdadeon.com.br\/portal\/#\/schema\/person\/cc32be22b8e8599387c480bc83e1d11a\",\"name\":\"Fernando Lima\",\"image\":{\"@type\":\"ImageObject\",\"inLanguage\":\"pt-BR\",\"@id\":\"https:\/\/verdadeon.com.br\/portal\/#\/schema\/person\/image\/\",\"url\":\"https:\/\/secure.gravatar.com\/avatar\/df4c8e132080d2b3a4841d5d232045464e0eed11a1d6e43115ca0843d48768d3?s=96&d=mm&r=g\",\"contentUrl\":\"https:\/\/secure.gravatar.com\/avatar\/df4c8e132080d2b3a4841d5d232045464e0eed11a1d6e43115ca0843d48768d3?s=96&d=mm&r=g\",\"caption\":\"Fernando Lima\"},\"sameAs\":[\"http:\/\/verdadeon.com.br\/\"],\"url\":\"https:\/\/verdadeon.com.br\/portal\/author\/fernando-lima\/\"}]}<\/script>\n<!-- \/ Yoast SEO plugin. -->","yoast_head_json":{"title":"Concurso para contrata\u00e7\u00e3o de profissionais da sa\u00fade acontece neste domingo - VerdadeOn","robots":{"index":"index","follow":"follow","max-snippet":"max-snippet:-1","max-image-preview":"max-image-preview:large","max-video-preview":"max-video-preview:-1"},"canonical":"https:\/\/verdadeon.com.br\/portal\/2021\/06\/12\/concurso-para-contratacao-de-profissionais-da-saude-acontece-neste-domingo\/","og_locale":"pt_BR","og_type":"article","og_title":"Concurso para contrata\u00e7\u00e3o de profissionais da sa\u00fade acontece neste domingo - VerdadeOn","og_description":"No total 367 candidatos se inscreveram, 82 ser\u00e3o contratados entre enfermeiros e t\u00e9cnicos Os candidatos que se inscreveram no processo seletivo da Prefeitura de Franca, para [\u2026]","og_url":"https:\/\/verdadeon.com.br\/portal\/2021\/06\/12\/concurso-para-contratacao-de-profissionais-da-saude-acontece-neste-domingo\/","og_site_name":"VerdadeOn","article_published_time":"2021-06-12T15:30:33+00:00","og_image":[{"width":1000,"height":670,"url":"https:\/\/verdadeon.com.br\/portal\/wp-content\/uploads\/2021\/01\/794a51e9-4567-4875-90e4-65e51dc34d74.jpeg","type":"image\/jpeg"}],"author":"Fernando Lima","twitter_card":"summary_large_image","twitter_misc":{"Escrito por":"Fernando Lima","Est. tempo de leitura":"2 minutos"},"schema":{"@context":"https:\/\/schema.org","@graph":[{"@type":"WebPage","@id":"https:\/\/verdadeon.com.br\/portal\/2021\/06\/12\/concurso-para-contratacao-de-profissionais-da-saude-acontece-neste-domingo\/","url":"https:\/\/verdadeon.com.br\/portal\/2021\/06\/12\/concurso-para-contratacao-de-profissionais-da-saude-acontece-neste-domingo\/","name":"Concurso para contrata\u00e7\u00e3o de profissionais da sa\u00fade acontece neste domingo - VerdadeOn","isPartOf":{"@id":"https:\/\/verdadeon.com.br\/portal\/#website"},"primaryImageOfPage":{"@id":"https:\/\/verdadeon.com.br\/portal\/2021\/06\/12\/concurso-para-contratacao-de-profissionais-da-saude-acontece-neste-domingo\/#primaryimage"},"image":{"@id":"https:\/\/verdadeon.com.br\/portal\/2021\/06\/12\/concurso-para-contratacao-de-profissionais-da-saude-acontece-neste-domingo\/#primaryimage"},"thumbnailUrl":"https:\/\/i0.wp.com\/verdadeon.com.br\/portal\/wp-content\/uploads\/2021\/01\/794a51e9-4567-4875-90e4-65e51dc34d74.jpeg?fit=1000%2C670&ssl=1","datePublished":"2021-06-12T15:30:33+00:00","author":{"@id":"https:\/\/verdadeon.com.br\/portal\/#\/schema\/person\/cc32be22b8e8599387c480bc83e1d11a"},"breadcrumb":{"@id":"https:\/\/verdadeon.com.br\/portal\/2021\/06\/12\/concurso-para-contratacao-de-profissionais-da-saude-acontece-neste-domingo\/#breadcrumb"},"inLanguage":"pt-BR","potentialAction":[{"@type":"ReadAction","target":["https:\/\/verdadeon.com.br\/portal\/2021\/06\/12\/concurso-para-contratacao-de-profissionais-da-saude-acontece-neste-domingo\/"]}]},{"@type":"ImageObject","inLanguage":"pt-BR","@id":"https:\/\/verdadeon.com.br\/portal\/2021\/06\/12\/concurso-para-contratacao-de-profissionais-da-saude-acontece-neste-domingo\/#primaryimage","url":"https:\/\/i0.wp.com\/verdadeon.com.br\/portal\/wp-content\/uploads\/2021\/01\/794a51e9-4567-4875-90e4-65e51dc34d74.jpeg?fit=1000%2C670&ssl=1","contentUrl":"https:\/\/i0.wp.com\/verdadeon.com.br\/portal\/wp-content\/uploads\/2021\/01\/794a51e9-4567-4875-90e4-65e51dc34d74.jpeg?fit=1000%2C670&ssl=1","width":1000,"height":670,"caption":"No m\u00eas passado o trabalho de volunt\u00e1rios foi regulamentado pela Prefeitura de Franca no polo covid | Foto: Jornal Verdade"},{"@type":"BreadcrumbList","@id":"https:\/\/verdadeon.com.br\/portal\/2021\/06\/12\/concurso-para-contratacao-de-profissionais-da-saude-acontece-neste-domingo\/#breadcrumb","itemListElement":[{"@type":"ListItem","position":1,"name":"In\u00edcio","item":"https:\/\/verdadeon.com.br\/portal\/"},{"@type":"ListItem","position":2,"name":"Concurso para contrata\u00e7\u00e3o de profissionais da sa\u00fade acontece neste domingo"}]},{"@type":"WebSite","@id":"https:\/\/verdadeon.com.br\/portal\/#website","url":"https:\/\/verdadeon.com.br\/portal\/","name":"VerdadeOn","description":"Not\u00edcias di\u00e1rias sobre Franca, Regi\u00e3o, Esporte, Cultura, Cotidiano, Colunas. Cobertura nos principais eventos da cidade \u00e9 aqui - Verdadeon Franca","potentialAction":[{"@type":"SearchAction","target":{"@type":"EntryPoint","urlTemplate":"https:\/\/verdadeon.com.br\/portal\/?s={search_term_string}"},"query-input":{"@type":"PropertyValueSpecification","valueRequired":true,"valueName":"search_term_string"}}],"inLanguage":"pt-BR"},{"@type":"Person","@id":"https:\/\/verdadeon.com.br\/portal\/#\/schema\/person\/cc32be22b8e8599387c480bc83e1d11a","name":"Fernando Lima","image":{"@type":"ImageObject","inLanguage":"pt-BR","@id":"https:\/\/verdadeon.com.br\/portal\/#\/schema\/person\/image\/","url":"https:\/\/secure.gravatar.com\/avatar\/df4c8e132080d2b3a4841d5d232045464e0eed11a1d6e43115ca0843d48768d3?s=96&d=mm&r=g","contentUrl":"https:\/\/secure.gravatar.com\/avatar\/df4c8e132080d2b3a4841d5d232045464e0eed11a1d6e43115ca0843d48768d3?s=96&d=mm&r=g","caption":"Fernando Lima"},"sameAs":["http:\/\/verdadeon.com.br\/"],"url":"https:\/\/verdadeon.com.br\/portal\/author\/fernando-lima\/"}]}},"jetpack_publicize_connections":[],"jetpack_featured_media_url":"https:\/\/i0.wp.com\/verdadeon.com.br\/portal\/wp-content\/uploads\/2021\/01\/794a51e9-4567-4875-90e4-65e51dc34d74.jpeg?fit=1000%2C670&ssl=1","jetpack_sharing_enabled":true,"_links":{"self":[{"href":"https:\/\/verdadeon.com.br\/portal\/wp-json\/wp\/v2\/posts\/17253","targetHints":{"allow":["GET"]}}],"collection":[{"href":"https:\/\/verdadeon.com.br\/portal\/wp-json\/wp\/v2\/posts"}],"about":[{"href":"https:\/\/verdadeon.com.br\/portal\/wp-json\/wp\/v2\/types\/post"}],"author":[{"embeddable":true,"href":"https:\/\/verdadeon.com.br\/portal\/wp-json\/wp\/v2\/users\/7"}],"replies":[{"embeddable":true,"href":"https:\/\/verdadeon.com.br\/portal\/wp-json\/wp\/v2\/comments?post=17253"}],"version-history":[{"count":0,"href":"https:\/\/verdadeon.com.br\/portal\/wp-json\/wp\/v2\/posts\/17253\/revisions"}],"wp:featuredmedia":[{"embeddable":true,"href":"https:\/\/verdadeon.com.br\/portal\/wp-json\/wp\/v2\/media\/13158"}],"wp:attachment":[{"href":"https:\/\/verdadeon.com.br\/portal\/wp-json\/wp\/v2\/media?parent=17253"}],"wp:term":[{"taxonomy":"category","embeddable":true,"href":"https:\/\/verdadeon.com.br\/portal\/wp-json\/wp\/v2\/categories?post=17253"},{"taxonomy":"post_tag","embeddable":true,"href":"https:\/\/verdadeon.com.br\/portal\/wp-json\/wp\/v2\/tags?post=17253"}],"curies":[{"name":"wp","href":"https:\/\/api.w.org\/{rel}","templated":true}]}}