{"id":17249,"date":"2021-06-12T13:00:03","date_gmt":"2021-06-12T16:00:03","guid":{"rendered":"https:\/\/verdadeon.com.br\/portal\/?p=17249"},"modified":"2021-06-12T10:35:01","modified_gmt":"2021-06-12T13:35:01","slug":"em-15-dias-de-lockdown-media-de-isolamento-foi-de-42","status":"publish","type":"post","link":"https:\/\/verdadeon.com.br\/portal\/2021\/06\/12\/em-15-dias-de-lockdown-media-de-isolamento-foi-de-42\/","title":{"rendered":"Em 15 dias de lockdown, m\u00e9dia de isolamento foi de 42%"},"content":{"rendered":"<h2>Dados s\u00e3o do boletim epidemiol\u00f3gico da secretaria de Sa\u00fade divulgado diariamente<\/h2>\n<p>Durante os 15 dias de lockdown, a m\u00e9dia de isolamento ficou em 42% em Franca. Os dados foram levantados atrav\u00e9s do boletim da Vigil\u00e2ncia Epidemiol\u00f3gica, divulgado diariamente.<\/p>\n<p>O levantamento apontou que no dia 4 de junho a cidade registrou o maior \u00edndice de isolamento, com 50%. As autoridades recomendam que pelo menos metade da popula\u00e7\u00e3o precisa aderir as restri\u00e7\u00f5es para que a contamina\u00e7\u00e3o pelo v\u00edrus diminua. \u00a0O \u00edndice ideal, nunca atingido por Franca, \u00e9 de 70%.<\/p>\n<p>No caminho oposto, o dia 27 de maio, primeiro dia de lockdown em Franca, registrou o pior isolamento do per\u00edodo, apenas 35%. O n\u00famero se repetiu ainda no dia 29 de maio.<\/p>\n<p><strong>Confira os \u00edndices de isolamento por dia:<\/strong><\/p>\n<p>27\/05- <strong>35%<\/strong><\/p>\n<p>28\/05- <strong>41%<\/strong><\/p>\n<p>29\/05- <strong>35%<\/strong><\/p>\n<p>30\/05- <strong>41%<\/strong><\/p>\n<p>31\/05- <strong>49%<\/strong><\/p>\n<p>01\/06- <strong>41%<\/strong><\/p>\n<p>02\/06- <strong>45%<\/strong><\/p>\n<p>03\/06- <strong>46%<\/strong><\/p>\n<p>04\/06- <strong>50%<\/strong><\/p>\n<p>05\/06- <strong>40%<\/strong><\/p>\n<p>06\/06- <strong>42%<\/strong><\/p>\n<p>07\/06-<strong>45%<\/strong><\/p>\n<p>08\/06- <strong>41%<\/strong><\/p>\n<p>09\/06-<strong>42%<\/strong><\/p>\n<p>10\/06- <strong>39%<\/strong><\/p>\n<h5><strong>M\u00e9dia- 42%<\/strong><\/h5>\n<h3>P\u00f3s<\/h3>\n<p>No primeiro dia p\u00f3s lockdown, Franca viu o seu centro e outros importantes corredores comerciais lotados. Os \u00edndices refletiram essa realidade, de um isolamento de 39%, caiu para 37%.<\/p>\n","protected":false},"excerpt":{"rendered":"<p>Dados s\u00e3o do boletim epidemiol\u00f3gico da secretaria de Sa\u00fade divulgado diariamente Durante os 15 dias de lockdown, a m\u00e9dia de isolamento ficou em 42% em Franca.<span class=\"excerpt-hellip\"> [\u2026]<\/span><\/p>\n","protected":false},"author":7,"featured_media":15580,"comment_status":"open","ping_status":"open","sticky":false,"template":"","format":"standard","meta":{"_jetpack_memberships_contains_paid_content":false,"footnotes":"","jetpack_publicize_message":"","jetpack_publicize_feature_enabled":true,"jetpack_social_post_already_shared":false,"jetpack_social_options":{"image_generator_settings":{"template":"highway","default_image_id":0,"enabled":false},"version":2}},"categories":[28,81],"tags":[],"class_list":["post-17249","post","type-post","status-publish","format-standard","has-post-thumbnail","hentry","category-cotidiano","category-manchete"],"yoast_head":"<!-- This site is optimized with the Yoast SEO plugin v25.6 - https:\/\/yoast.com\/wordpress\/plugins\/seo\/ -->\n<title>Em 15 dias de lockdown, m\u00e9dia de isolamento foi de 42% - VerdadeOn<\/title>\n<meta name=\"robots\" content=\"index, follow, max-snippet:-1, max-image-preview:large, max-video-preview:-1\" \/>\n<link rel=\"canonical\" href=\"https:\/\/verdadeon.com.br\/portal\/2021\/06\/12\/em-15-dias-de-lockdown-media-de-isolamento-foi-de-42\/\" \/>\n<meta property=\"og:locale\" content=\"pt_BR\" \/>\n<meta property=\"og:type\" content=\"article\" \/>\n<meta property=\"og:title\" content=\"Em 15 dias de lockdown, m\u00e9dia de isolamento foi de 42% - VerdadeOn\" \/>\n<meta property=\"og:description\" content=\"Dados s\u00e3o do boletim epidemiol\u00f3gico da secretaria de Sa\u00fade divulgado diariamente Durante os 15 dias de lockdown, a m\u00e9dia de isolamento ficou em 42% em Franca. [\u2026]\" \/>\n<meta property=\"og:url\" content=\"https:\/\/verdadeon.com.br\/portal\/2021\/06\/12\/em-15-dias-de-lockdown-media-de-isolamento-foi-de-42\/\" \/>\n<meta property=\"og:site_name\" content=\"VerdadeOn\" \/>\n<meta property=\"article:published_time\" content=\"2021-06-12T16:00:03+00:00\" \/>\n<meta property=\"og:image\" content=\"https:\/\/verdadeon.com.br\/portal\/wp-content\/uploads\/2021\/03\/WhatsApp-Image-2021-03-25-at-16.49.19.jpeg\" \/>\n\t<meta property=\"og:image:width\" content=\"1000\" \/>\n\t<meta property=\"og:image:height\" content=\"670\" \/>\n\t<meta property=\"og:image:type\" content=\"image\/jpeg\" \/>\n<meta name=\"author\" content=\"Fernando Lima\" \/>\n<meta name=\"twitter:card\" content=\"summary_large_image\" \/>\n<meta name=\"twitter:label1\" content=\"Escrito por\" \/>\n\t<meta name=\"twitter:data1\" content=\"Fernando Lima\" \/>\n\t<meta name=\"twitter:label2\" content=\"Est. tempo de leitura\" \/>\n\t<meta name=\"twitter:data2\" content=\"1 minuto\" \/>\n<script type=\"application\/ld+json\" class=\"yoast-schema-graph\">{\"@context\":\"https:\/\/schema.org\",\"@graph\":[{\"@type\":\"WebPage\",\"@id\":\"https:\/\/verdadeon.com.br\/portal\/2021\/06\/12\/em-15-dias-de-lockdown-media-de-isolamento-foi-de-42\/\",\"url\":\"https:\/\/verdadeon.com.br\/portal\/2021\/06\/12\/em-15-dias-de-lockdown-media-de-isolamento-foi-de-42\/\",\"name\":\"Em 15 dias de lockdown, m\u00e9dia de isolamento foi de 42% - VerdadeOn\",\"isPartOf\":{\"@id\":\"https:\/\/verdadeon.com.br\/portal\/#website\"},\"primaryImageOfPage\":{\"@id\":\"https:\/\/verdadeon.com.br\/portal\/2021\/06\/12\/em-15-dias-de-lockdown-media-de-isolamento-foi-de-42\/#primaryimage\"},\"image\":{\"@id\":\"https:\/\/verdadeon.com.br\/portal\/2021\/06\/12\/em-15-dias-de-lockdown-media-de-isolamento-foi-de-42\/#primaryimage\"},\"thumbnailUrl\":\"https:\/\/i0.wp.com\/verdadeon.com.br\/portal\/wp-content\/uploads\/2021\/03\/WhatsApp-Image-2021-03-25-at-16.49.19.jpeg?fit=1000%2C670&ssl=1\",\"datePublished\":\"2021-06-12T16:00:03+00:00\",\"author\":{\"@id\":\"https:\/\/verdadeon.com.br\/portal\/#\/schema\/person\/cc32be22b8e8599387c480bc83e1d11a\"},\"breadcrumb\":{\"@id\":\"https:\/\/verdadeon.com.br\/portal\/2021\/06\/12\/em-15-dias-de-lockdown-media-de-isolamento-foi-de-42\/#breadcrumb\"},\"inLanguage\":\"pt-BR\",\"potentialAction\":[{\"@type\":\"ReadAction\",\"target\":[\"https:\/\/verdadeon.com.br\/portal\/2021\/06\/12\/em-15-dias-de-lockdown-media-de-isolamento-foi-de-42\/\"]}]},{\"@type\":\"ImageObject\",\"inLanguage\":\"pt-BR\",\"@id\":\"https:\/\/verdadeon.com.br\/portal\/2021\/06\/12\/em-15-dias-de-lockdown-media-de-isolamento-foi-de-42\/#primaryimage\",\"url\":\"https:\/\/i0.wp.com\/verdadeon.com.br\/portal\/wp-content\/uploads\/2021\/03\/WhatsApp-Image-2021-03-25-at-16.49.19.jpeg?fit=1000%2C670&ssl=1\",\"contentUrl\":\"https:\/\/i0.wp.com\/verdadeon.com.br\/portal\/wp-content\/uploads\/2021\/03\/WhatsApp-Image-2021-03-25-at-16.49.19.jpeg?fit=1000%2C670&ssl=1\",\"width\":1000,\"height\":670,\"caption\":\"Lockdown vigorou em Franca durante 15 dias para conter a dissemina\u00e7\u00e3o do v\u00edrus | Foto: Jornal Verdade\"},{\"@type\":\"BreadcrumbList\",\"@id\":\"https:\/\/verdadeon.com.br\/portal\/2021\/06\/12\/em-15-dias-de-lockdown-media-de-isolamento-foi-de-42\/#breadcrumb\",\"itemListElement\":[{\"@type\":\"ListItem\",\"position\":1,\"name\":\"In\u00edcio\",\"item\":\"https:\/\/verdadeon.com.br\/portal\/\"},{\"@type\":\"ListItem\",\"position\":2,\"name\":\"Em 15 dias de lockdown, m\u00e9dia de isolamento foi de 42%\"}]},{\"@type\":\"WebSite\",\"@id\":\"https:\/\/verdadeon.com.br\/portal\/#website\",\"url\":\"https:\/\/verdadeon.com.br\/portal\/\",\"name\":\"VerdadeOn\",\"description\":\"Not\u00edcias di\u00e1rias sobre Franca, Regi\u00e3o, Esporte, Cultura, Cotidiano, Colunas. Cobertura nos principais eventos da cidade \u00e9 aqui - Verdadeon Franca\",\"potentialAction\":[{\"@type\":\"SearchAction\",\"target\":{\"@type\":\"EntryPoint\",\"urlTemplate\":\"https:\/\/verdadeon.com.br\/portal\/?s={search_term_string}\"},\"query-input\":{\"@type\":\"PropertyValueSpecification\",\"valueRequired\":true,\"valueName\":\"search_term_string\"}}],\"inLanguage\":\"pt-BR\"},{\"@type\":\"Person\",\"@id\":\"https:\/\/verdadeon.com.br\/portal\/#\/schema\/person\/cc32be22b8e8599387c480bc83e1d11a\",\"name\":\"Fernando Lima\",\"image\":{\"@type\":\"ImageObject\",\"inLanguage\":\"pt-BR\",\"@id\":\"https:\/\/verdadeon.com.br\/portal\/#\/schema\/person\/image\/\",\"url\":\"https:\/\/secure.gravatar.com\/avatar\/df4c8e132080d2b3a4841d5d232045464e0eed11a1d6e43115ca0843d48768d3?s=96&d=mm&r=g\",\"contentUrl\":\"https:\/\/secure.gravatar.com\/avatar\/df4c8e132080d2b3a4841d5d232045464e0eed11a1d6e43115ca0843d48768d3?s=96&d=mm&r=g\",\"caption\":\"Fernando Lima\"},\"sameAs\":[\"http:\/\/verdadeon.com.br\/\"],\"url\":\"https:\/\/verdadeon.com.br\/portal\/author\/fernando-lima\/\"}]}<\/script>\n<!-- \/ Yoast SEO plugin. -->","yoast_head_json":{"title":"Em 15 dias de lockdown, m\u00e9dia de isolamento foi de 42% - VerdadeOn","robots":{"index":"index","follow":"follow","max-snippet":"max-snippet:-1","max-image-preview":"max-image-preview:large","max-video-preview":"max-video-preview:-1"},"canonical":"https:\/\/verdadeon.com.br\/portal\/2021\/06\/12\/em-15-dias-de-lockdown-media-de-isolamento-foi-de-42\/","og_locale":"pt_BR","og_type":"article","og_title":"Em 15 dias de lockdown, m\u00e9dia de isolamento foi de 42% - VerdadeOn","og_description":"Dados s\u00e3o do boletim epidemiol\u00f3gico da secretaria de Sa\u00fade divulgado diariamente Durante os 15 dias de lockdown, a m\u00e9dia de isolamento ficou em 42% em Franca. [\u2026]","og_url":"https:\/\/verdadeon.com.br\/portal\/2021\/06\/12\/em-15-dias-de-lockdown-media-de-isolamento-foi-de-42\/","og_site_name":"VerdadeOn","article_published_time":"2021-06-12T16:00:03+00:00","og_image":[{"width":1000,"height":670,"url":"https:\/\/verdadeon.com.br\/portal\/wp-content\/uploads\/2021\/03\/WhatsApp-Image-2021-03-25-at-16.49.19.jpeg","type":"image\/jpeg"}],"author":"Fernando Lima","twitter_card":"summary_large_image","twitter_misc":{"Escrito por":"Fernando Lima","Est. tempo de leitura":"1 minuto"},"schema":{"@context":"https:\/\/schema.org","@graph":[{"@type":"WebPage","@id":"https:\/\/verdadeon.com.br\/portal\/2021\/06\/12\/em-15-dias-de-lockdown-media-de-isolamento-foi-de-42\/","url":"https:\/\/verdadeon.com.br\/portal\/2021\/06\/12\/em-15-dias-de-lockdown-media-de-isolamento-foi-de-42\/","name":"Em 15 dias de lockdown, m\u00e9dia de isolamento foi de 42% - VerdadeOn","isPartOf":{"@id":"https:\/\/verdadeon.com.br\/portal\/#website"},"primaryImageOfPage":{"@id":"https:\/\/verdadeon.com.br\/portal\/2021\/06\/12\/em-15-dias-de-lockdown-media-de-isolamento-foi-de-42\/#primaryimage"},"image":{"@id":"https:\/\/verdadeon.com.br\/portal\/2021\/06\/12\/em-15-dias-de-lockdown-media-de-isolamento-foi-de-42\/#primaryimage"},"thumbnailUrl":"https:\/\/i0.wp.com\/verdadeon.com.br\/portal\/wp-content\/uploads\/2021\/03\/WhatsApp-Image-2021-03-25-at-16.49.19.jpeg?fit=1000%2C670&ssl=1","datePublished":"2021-06-12T16:00:03+00:00","author":{"@id":"https:\/\/verdadeon.com.br\/portal\/#\/schema\/person\/cc32be22b8e8599387c480bc83e1d11a"},"breadcrumb":{"@id":"https:\/\/verdadeon.com.br\/portal\/2021\/06\/12\/em-15-dias-de-lockdown-media-de-isolamento-foi-de-42\/#breadcrumb"},"inLanguage":"pt-BR","potentialAction":[{"@type":"ReadAction","target":["https:\/\/verdadeon.com.br\/portal\/2021\/06\/12\/em-15-dias-de-lockdown-media-de-isolamento-foi-de-42\/"]}]},{"@type":"ImageObject","inLanguage":"pt-BR","@id":"https:\/\/verdadeon.com.br\/portal\/2021\/06\/12\/em-15-dias-de-lockdown-media-de-isolamento-foi-de-42\/#primaryimage","url":"https:\/\/i0.wp.com\/verdadeon.com.br\/portal\/wp-content\/uploads\/2021\/03\/WhatsApp-Image-2021-03-25-at-16.49.19.jpeg?fit=1000%2C670&ssl=1","contentUrl":"https:\/\/i0.wp.com\/verdadeon.com.br\/portal\/wp-content\/uploads\/2021\/03\/WhatsApp-Image-2021-03-25-at-16.49.19.jpeg?fit=1000%2C670&ssl=1","width":1000,"height":670,"caption":"Lockdown vigorou em Franca durante 15 dias para conter a dissemina\u00e7\u00e3o do v\u00edrus | Foto: Jornal Verdade"},{"@type":"BreadcrumbList","@id":"https:\/\/verdadeon.com.br\/portal\/2021\/06\/12\/em-15-dias-de-lockdown-media-de-isolamento-foi-de-42\/#breadcrumb","itemListElement":[{"@type":"ListItem","position":1,"name":"In\u00edcio","item":"https:\/\/verdadeon.com.br\/portal\/"},{"@type":"ListItem","position":2,"name":"Em 15 dias de lockdown, m\u00e9dia de isolamento foi de 42%"}]},{"@type":"WebSite","@id":"https:\/\/verdadeon.com.br\/portal\/#website","url":"https:\/\/verdadeon.com.br\/portal\/","name":"VerdadeOn","description":"Not\u00edcias di\u00e1rias sobre Franca, Regi\u00e3o, Esporte, Cultura, Cotidiano, Colunas. Cobertura nos principais eventos da cidade \u00e9 aqui - Verdadeon Franca","potentialAction":[{"@type":"SearchAction","target":{"@type":"EntryPoint","urlTemplate":"https:\/\/verdadeon.com.br\/portal\/?s={search_term_string}"},"query-input":{"@type":"PropertyValueSpecification","valueRequired":true,"valueName":"search_term_string"}}],"inLanguage":"pt-BR"},{"@type":"Person","@id":"https:\/\/verdadeon.com.br\/portal\/#\/schema\/person\/cc32be22b8e8599387c480bc83e1d11a","name":"Fernando Lima","image":{"@type":"ImageObject","inLanguage":"pt-BR","@id":"https:\/\/verdadeon.com.br\/portal\/#\/schema\/person\/image\/","url":"https:\/\/secure.gravatar.com\/avatar\/df4c8e132080d2b3a4841d5d232045464e0eed11a1d6e43115ca0843d48768d3?s=96&d=mm&r=g","contentUrl":"https:\/\/secure.gravatar.com\/avatar\/df4c8e132080d2b3a4841d5d232045464e0eed11a1d6e43115ca0843d48768d3?s=96&d=mm&r=g","caption":"Fernando Lima"},"sameAs":["http:\/\/verdadeon.com.br\/"],"url":"https:\/\/verdadeon.com.br\/portal\/author\/fernando-lima\/"}]}},"jetpack_publicize_connections":[],"jetpack_featured_media_url":"https:\/\/i0.wp.com\/verdadeon.com.br\/portal\/wp-content\/uploads\/2021\/03\/WhatsApp-Image-2021-03-25-at-16.49.19.jpeg?fit=1000%2C670&ssl=1","jetpack_sharing_enabled":true,"_links":{"self":[{"href":"https:\/\/verdadeon.com.br\/portal\/wp-json\/wp\/v2\/posts\/17249","targetHints":{"allow":["GET"]}}],"collection":[{"href":"https:\/\/verdadeon.com.br\/portal\/wp-json\/wp\/v2\/posts"}],"about":[{"href":"https:\/\/verdadeon.com.br\/portal\/wp-json\/wp\/v2\/types\/post"}],"author":[{"embeddable":true,"href":"https:\/\/verdadeon.com.br\/portal\/wp-json\/wp\/v2\/users\/7"}],"replies":[{"embeddable":true,"href":"https:\/\/verdadeon.com.br\/portal\/wp-json\/wp\/v2\/comments?post=17249"}],"version-history":[{"count":0,"href":"https:\/\/verdadeon.com.br\/portal\/wp-json\/wp\/v2\/posts\/17249\/revisions"}],"wp:featuredmedia":[{"embeddable":true,"href":"https:\/\/verdadeon.com.br\/portal\/wp-json\/wp\/v2\/media\/15580"}],"wp:attachment":[{"href":"https:\/\/verdadeon.com.br\/portal\/wp-json\/wp\/v2\/media?parent=17249"}],"wp:term":[{"taxonomy":"category","embeddable":true,"href":"https:\/\/verdadeon.com.br\/portal\/wp-json\/wp\/v2\/categories?post=17249"},{"taxonomy":"post_tag","embeddable":true,"href":"https:\/\/verdadeon.com.br\/portal\/wp-json\/wp\/v2\/tags?post=17249"}],"curies":[{"name":"wp","href":"https:\/\/api.w.org\/{rel}","templated":true}]}}