{"id":17241,"date":"2021-06-11T15:00:27","date_gmt":"2021-06-11T18:00:27","guid":{"rendered":"https:\/\/verdadeon.com.br\/portal\/?p=17241"},"modified":"2021-06-12T00:18:34","modified_gmt":"2021-06-12T03:18:34","slug":"petrobras-reduz-preco-da-gasolina-em-r-005-nas-refinarias","status":"publish","type":"post","link":"https:\/\/verdadeon.com.br\/portal\/2021\/06\/11\/petrobras-reduz-preco-da-gasolina-em-r-005-nas-refinarias\/","title":{"rendered":"Petrobras reduz pre\u00e7o da gasolina  em R$ 0,05 nas refinarias"},"content":{"rendered":"<p>Novo valor vigora j\u00e1 a partir deste s\u00e1bado<\/p>\n<p>O pre\u00e7o do litro da gasolina nas refinarias foi reduzido em R$ 0,05. O an\u00fancio foi feito hoje (11), no Rio de Janeiro, pela Petrobras. O novo valor passa a vigorar a partir deste s\u00e1bado (12), devendo ficar em R$ 2,53 por litro de gasolina vendido nas refinarias. O pre\u00e7o praticado nos postos depender\u00e1 de cada estabelecimento repassar ou n\u00e3o a redu\u00e7\u00e3o.<br \/>\n\u201cImportante refor\u00e7ar o posicionamento da Petrobras que busca evitar o repasse imediato para os pre\u00e7os internos da volatilidade externa causada por eventos conjunturais. Nossos pre\u00e7os seguem buscando o equil\u00edbrio com o mercado internacional e acompanham as varia\u00e7\u00f5es do valor dos produtos e da taxa de c\u00e2mbio, para cima e para baixo. Os reajustes s\u00e3o realizados a qualquer tempo, sem periodicidade definida, de acordo com as condi\u00e7\u00f5es de mercado e da an\u00e1lise do ambiente externo. Isso possibilita a companhia competir de maneira mais eficiente e flex\u00edvel\u201d, explicou a estatal.<br \/>\nA Petrobras frisou que os pre\u00e7os de combust\u00edveis e suas varia\u00e7\u00f5es para mais ou para menos &#8211; associadas ao mercado internacional e \u00e0 taxa de c\u00e2mbio &#8211; t\u00eam influ\u00eancia limitada sobre os pre\u00e7os percebidos pelos consumidores finais.<\/p>\n<p>Liberdade de pre\u00e7os<br \/>\n\u201cComo a legisla\u00e7\u00e3o brasileira garante liberdade de pre\u00e7os no mercado de combust\u00edveis e derivados, a mudan\u00e7a no pre\u00e7o final depender\u00e1 de repasses feitos por outros integrantes da cadeia de combust\u00edveis. At\u00e9 chegar ao consumidor s\u00e3o acrescidos tributos federais e estaduais, custos para aquisi\u00e7\u00e3o e mistura obrigat\u00f3ria de etanol anidro, al\u00e9m das margens brutas das companhias distribuidoras e dos postos revendedores de combust\u00edveis\u201d informou a empresa.<br \/>\nO pre\u00e7o m\u00e9dio do litro da gasolina no pa\u00eds, segundo a Ag\u00eancia Nacional do Petr\u00f3leo, G\u00e1s Natural e Biocombust\u00edveis (ANP), foi de R$ 5,65, no dia 23 de maio, \u00faltimo dado dispon\u00edvel. Na cidade do Rio, o valor m\u00e9dio da gasolina est\u00e1 em R$ 6,16. Em S\u00e3o Paulo, R$ 5,45. E, em Bras\u00edlia, R$ 5,79. No in\u00edcio do ano, o litro da gasolina era vendido, em m\u00e9dia, a R$ 4,62 no pa\u00eds.<\/p>\n","protected":false},"excerpt":{"rendered":"<p>Novo valor vigora j\u00e1 a partir deste s\u00e1bado O pre\u00e7o do litro da gasolina nas refinarias foi reduzido em R$ 0,05. O an\u00fancio foi feito hoje<span class=\"excerpt-hellip\"> [\u2026]<\/span><\/p>\n","protected":false},"author":4,"featured_media":11655,"comment_status":"open","ping_status":"open","sticky":false,"template":"","format":"standard","meta":{"_jetpack_memberships_contains_paid_content":false,"footnotes":"","jetpack_publicize_message":"","jetpack_publicize_feature_enabled":true,"jetpack_social_post_already_shared":false,"jetpack_social_options":{"image_generator_settings":{"template":"highway","default_image_id":0,"enabled":false},"version":2}},"categories":[28,81],"tags":[],"class_list":["post-17241","post","type-post","status-publish","format-standard","has-post-thumbnail","hentry","category-cotidiano","category-manchete"],"yoast_head":"<!-- This site is optimized with the Yoast SEO plugin v25.6 - https:\/\/yoast.com\/wordpress\/plugins\/seo\/ -->\n<title>Petrobras reduz pre\u00e7o da gasolina em R$ 0,05 nas refinarias - VerdadeOn<\/title>\n<meta name=\"robots\" content=\"index, follow, max-snippet:-1, max-image-preview:large, max-video-preview:-1\" \/>\n<link rel=\"canonical\" href=\"https:\/\/verdadeon.com.br\/portal\/2021\/06\/11\/petrobras-reduz-preco-da-gasolina-em-r-005-nas-refinarias\/\" \/>\n<meta property=\"og:locale\" content=\"pt_BR\" \/>\n<meta property=\"og:type\" content=\"article\" \/>\n<meta property=\"og:title\" content=\"Petrobras reduz pre\u00e7o da gasolina em R$ 0,05 nas refinarias - VerdadeOn\" \/>\n<meta property=\"og:description\" content=\"Novo valor vigora j\u00e1 a partir deste s\u00e1bado O pre\u00e7o do litro da gasolina nas refinarias foi reduzido em R$ 0,05. O an\u00fancio foi feito hoje [\u2026]\" \/>\n<meta property=\"og:url\" content=\"https:\/\/verdadeon.com.br\/portal\/2021\/06\/11\/petrobras-reduz-preco-da-gasolina-em-r-005-nas-refinarias\/\" \/>\n<meta property=\"og:site_name\" content=\"VerdadeOn\" \/>\n<meta property=\"article:published_time\" content=\"2021-06-11T18:00:27+00:00\" \/>\n<meta property=\"article:modified_time\" content=\"2021-06-12T03:18:34+00:00\" \/>\n<meta property=\"og:image\" content=\"https:\/\/verdadeon.com.br\/portal\/wp-content\/uploads\/2020\/11\/um_trabalhador_fica_perto_de_um_tanque_da_empresa_estatal_de_petroleo_da_petrobras_em_brasilia.jpg\" \/>\n\t<meta property=\"og:image:width\" content=\"1000\" \/>\n\t<meta property=\"og:image:height\" content=\"670\" \/>\n\t<meta property=\"og:image:type\" content=\"image\/jpeg\" \/>\n<meta name=\"author\" content=\"Fernando Calixto\" \/>\n<meta name=\"twitter:card\" content=\"summary_large_image\" \/>\n<meta name=\"twitter:label1\" content=\"Escrito por\" \/>\n\t<meta name=\"twitter:data1\" content=\"Fernando Calixto\" \/>\n\t<meta name=\"twitter:label2\" content=\"Est. tempo de leitura\" \/>\n\t<meta name=\"twitter:data2\" content=\"2 minutos\" \/>\n<script type=\"application\/ld+json\" class=\"yoast-schema-graph\">{\"@context\":\"https:\/\/schema.org\",\"@graph\":[{\"@type\":\"WebPage\",\"@id\":\"https:\/\/verdadeon.com.br\/portal\/2021\/06\/11\/petrobras-reduz-preco-da-gasolina-em-r-005-nas-refinarias\/\",\"url\":\"https:\/\/verdadeon.com.br\/portal\/2021\/06\/11\/petrobras-reduz-preco-da-gasolina-em-r-005-nas-refinarias\/\",\"name\":\"Petrobras reduz pre\u00e7o da gasolina em R$ 0,05 nas refinarias - VerdadeOn\",\"isPartOf\":{\"@id\":\"https:\/\/verdadeon.com.br\/portal\/#website\"},\"primaryImageOfPage\":{\"@id\":\"https:\/\/verdadeon.com.br\/portal\/2021\/06\/11\/petrobras-reduz-preco-da-gasolina-em-r-005-nas-refinarias\/#primaryimage\"},\"image\":{\"@id\":\"https:\/\/verdadeon.com.br\/portal\/2021\/06\/11\/petrobras-reduz-preco-da-gasolina-em-r-005-nas-refinarias\/#primaryimage\"},\"thumbnailUrl\":\"https:\/\/i0.wp.com\/verdadeon.com.br\/portal\/wp-content\/uploads\/2020\/11\/um_trabalhador_fica_perto_de_um_tanque_da_empresa_estatal_de_petroleo_da_petrobras_em_brasilia.jpg?fit=1000%2C670&ssl=1\",\"datePublished\":\"2021-06-11T18:00:27+00:00\",\"dateModified\":\"2021-06-12T03:18:34+00:00\",\"author\":{\"@id\":\"https:\/\/verdadeon.com.br\/portal\/#\/schema\/person\/8994718f49ee62ba5610471e29ca1f62\"},\"breadcrumb\":{\"@id\":\"https:\/\/verdadeon.com.br\/portal\/2021\/06\/11\/petrobras-reduz-preco-da-gasolina-em-r-005-nas-refinarias\/#breadcrumb\"},\"inLanguage\":\"pt-BR\",\"potentialAction\":[{\"@type\":\"ReadAction\",\"target\":[\"https:\/\/verdadeon.com.br\/portal\/2021\/06\/11\/petrobras-reduz-preco-da-gasolina-em-r-005-nas-refinarias\/\"]}]},{\"@type\":\"ImageObject\",\"inLanguage\":\"pt-BR\",\"@id\":\"https:\/\/verdadeon.com.br\/portal\/2021\/06\/11\/petrobras-reduz-preco-da-gasolina-em-r-005-nas-refinarias\/#primaryimage\",\"url\":\"https:\/\/i0.wp.com\/verdadeon.com.br\/portal\/wp-content\/uploads\/2020\/11\/um_trabalhador_fica_perto_de_um_tanque_da_empresa_estatal_de_petroleo_da_petrobras_em_brasilia.jpg?fit=1000%2C670&ssl=1\",\"contentUrl\":\"https:\/\/i0.wp.com\/verdadeon.com.br\/portal\/wp-content\/uploads\/2020\/11\/um_trabalhador_fica_perto_de_um_tanque_da_empresa_estatal_de_petroleo_da_petrobras_em_brasilia.jpg?fit=1000%2C670&ssl=1\",\"width\":1000,\"height\":670},{\"@type\":\"BreadcrumbList\",\"@id\":\"https:\/\/verdadeon.com.br\/portal\/2021\/06\/11\/petrobras-reduz-preco-da-gasolina-em-r-005-nas-refinarias\/#breadcrumb\",\"itemListElement\":[{\"@type\":\"ListItem\",\"position\":1,\"name\":\"In\u00edcio\",\"item\":\"https:\/\/verdadeon.com.br\/portal\/\"},{\"@type\":\"ListItem\",\"position\":2,\"name\":\"Petrobras reduz pre\u00e7o da gasolina em R$ 0,05 nas refinarias\"}]},{\"@type\":\"WebSite\",\"@id\":\"https:\/\/verdadeon.com.br\/portal\/#website\",\"url\":\"https:\/\/verdadeon.com.br\/portal\/\",\"name\":\"VerdadeOn\",\"description\":\"Not\u00edcias di\u00e1rias sobre Franca, Regi\u00e3o, Esporte, Cultura, Cotidiano, Colunas. Cobertura nos principais eventos da cidade \u00e9 aqui - Verdadeon Franca\",\"potentialAction\":[{\"@type\":\"SearchAction\",\"target\":{\"@type\":\"EntryPoint\",\"urlTemplate\":\"https:\/\/verdadeon.com.br\/portal\/?s={search_term_string}\"},\"query-input\":{\"@type\":\"PropertyValueSpecification\",\"valueRequired\":true,\"valueName\":\"search_term_string\"}}],\"inLanguage\":\"pt-BR\"},{\"@type\":\"Person\",\"@id\":\"https:\/\/verdadeon.com.br\/portal\/#\/schema\/person\/8994718f49ee62ba5610471e29ca1f62\",\"name\":\"Fernando Calixto\",\"image\":{\"@type\":\"ImageObject\",\"inLanguage\":\"pt-BR\",\"@id\":\"https:\/\/verdadeon.com.br\/portal\/#\/schema\/person\/image\/\",\"url\":\"https:\/\/secure.gravatar.com\/avatar\/7578910c24966c0316c340f9dbd601e93ee9f9212e1033968b367af9306bd9fb?s=96&d=mm&r=g\",\"contentUrl\":\"https:\/\/secure.gravatar.com\/avatar\/7578910c24966c0316c340f9dbd601e93ee9f9212e1033968b367af9306bd9fb?s=96&d=mm&r=g\",\"caption\":\"Fernando Calixto\"},\"url\":\"https:\/\/verdadeon.com.br\/portal\/author\/fernando-calixto\/\"}]}<\/script>\n<!-- \/ Yoast SEO plugin. -->","yoast_head_json":{"title":"Petrobras reduz pre\u00e7o da gasolina em R$ 0,05 nas refinarias - VerdadeOn","robots":{"index":"index","follow":"follow","max-snippet":"max-snippet:-1","max-image-preview":"max-image-preview:large","max-video-preview":"max-video-preview:-1"},"canonical":"https:\/\/verdadeon.com.br\/portal\/2021\/06\/11\/petrobras-reduz-preco-da-gasolina-em-r-005-nas-refinarias\/","og_locale":"pt_BR","og_type":"article","og_title":"Petrobras reduz pre\u00e7o da gasolina em R$ 0,05 nas refinarias - VerdadeOn","og_description":"Novo valor vigora j\u00e1 a partir deste s\u00e1bado O pre\u00e7o do litro da gasolina nas refinarias foi reduzido em R$ 0,05. O an\u00fancio foi feito hoje [\u2026]","og_url":"https:\/\/verdadeon.com.br\/portal\/2021\/06\/11\/petrobras-reduz-preco-da-gasolina-em-r-005-nas-refinarias\/","og_site_name":"VerdadeOn","article_published_time":"2021-06-11T18:00:27+00:00","article_modified_time":"2021-06-12T03:18:34+00:00","og_image":[{"width":1000,"height":670,"url":"https:\/\/verdadeon.com.br\/portal\/wp-content\/uploads\/2020\/11\/um_trabalhador_fica_perto_de_um_tanque_da_empresa_estatal_de_petroleo_da_petrobras_em_brasilia.jpg","type":"image\/jpeg"}],"author":"Fernando Calixto","twitter_card":"summary_large_image","twitter_misc":{"Escrito por":"Fernando Calixto","Est. tempo de leitura":"2 minutos"},"schema":{"@context":"https:\/\/schema.org","@graph":[{"@type":"WebPage","@id":"https:\/\/verdadeon.com.br\/portal\/2021\/06\/11\/petrobras-reduz-preco-da-gasolina-em-r-005-nas-refinarias\/","url":"https:\/\/verdadeon.com.br\/portal\/2021\/06\/11\/petrobras-reduz-preco-da-gasolina-em-r-005-nas-refinarias\/","name":"Petrobras reduz pre\u00e7o da gasolina em R$ 0,05 nas refinarias - VerdadeOn","isPartOf":{"@id":"https:\/\/verdadeon.com.br\/portal\/#website"},"primaryImageOfPage":{"@id":"https:\/\/verdadeon.com.br\/portal\/2021\/06\/11\/petrobras-reduz-preco-da-gasolina-em-r-005-nas-refinarias\/#primaryimage"},"image":{"@id":"https:\/\/verdadeon.com.br\/portal\/2021\/06\/11\/petrobras-reduz-preco-da-gasolina-em-r-005-nas-refinarias\/#primaryimage"},"thumbnailUrl":"https:\/\/i0.wp.com\/verdadeon.com.br\/portal\/wp-content\/uploads\/2020\/11\/um_trabalhador_fica_perto_de_um_tanque_da_empresa_estatal_de_petroleo_da_petrobras_em_brasilia.jpg?fit=1000%2C670&ssl=1","datePublished":"2021-06-11T18:00:27+00:00","dateModified":"2021-06-12T03:18:34+00:00","author":{"@id":"https:\/\/verdadeon.com.br\/portal\/#\/schema\/person\/8994718f49ee62ba5610471e29ca1f62"},"breadcrumb":{"@id":"https:\/\/verdadeon.com.br\/portal\/2021\/06\/11\/petrobras-reduz-preco-da-gasolina-em-r-005-nas-refinarias\/#breadcrumb"},"inLanguage":"pt-BR","potentialAction":[{"@type":"ReadAction","target":["https:\/\/verdadeon.com.br\/portal\/2021\/06\/11\/petrobras-reduz-preco-da-gasolina-em-r-005-nas-refinarias\/"]}]},{"@type":"ImageObject","inLanguage":"pt-BR","@id":"https:\/\/verdadeon.com.br\/portal\/2021\/06\/11\/petrobras-reduz-preco-da-gasolina-em-r-005-nas-refinarias\/#primaryimage","url":"https:\/\/i0.wp.com\/verdadeon.com.br\/portal\/wp-content\/uploads\/2020\/11\/um_trabalhador_fica_perto_de_um_tanque_da_empresa_estatal_de_petroleo_da_petrobras_em_brasilia.jpg?fit=1000%2C670&ssl=1","contentUrl":"https:\/\/i0.wp.com\/verdadeon.com.br\/portal\/wp-content\/uploads\/2020\/11\/um_trabalhador_fica_perto_de_um_tanque_da_empresa_estatal_de_petroleo_da_petrobras_em_brasilia.jpg?fit=1000%2C670&ssl=1","width":1000,"height":670},{"@type":"BreadcrumbList","@id":"https:\/\/verdadeon.com.br\/portal\/2021\/06\/11\/petrobras-reduz-preco-da-gasolina-em-r-005-nas-refinarias\/#breadcrumb","itemListElement":[{"@type":"ListItem","position":1,"name":"In\u00edcio","item":"https:\/\/verdadeon.com.br\/portal\/"},{"@type":"ListItem","position":2,"name":"Petrobras reduz pre\u00e7o da gasolina em R$ 0,05 nas refinarias"}]},{"@type":"WebSite","@id":"https:\/\/verdadeon.com.br\/portal\/#website","url":"https:\/\/verdadeon.com.br\/portal\/","name":"VerdadeOn","description":"Not\u00edcias di\u00e1rias sobre Franca, Regi\u00e3o, Esporte, Cultura, Cotidiano, Colunas. Cobertura nos principais eventos da cidade \u00e9 aqui - Verdadeon Franca","potentialAction":[{"@type":"SearchAction","target":{"@type":"EntryPoint","urlTemplate":"https:\/\/verdadeon.com.br\/portal\/?s={search_term_string}"},"query-input":{"@type":"PropertyValueSpecification","valueRequired":true,"valueName":"search_term_string"}}],"inLanguage":"pt-BR"},{"@type":"Person","@id":"https:\/\/verdadeon.com.br\/portal\/#\/schema\/person\/8994718f49ee62ba5610471e29ca1f62","name":"Fernando Calixto","image":{"@type":"ImageObject","inLanguage":"pt-BR","@id":"https:\/\/verdadeon.com.br\/portal\/#\/schema\/person\/image\/","url":"https:\/\/secure.gravatar.com\/avatar\/7578910c24966c0316c340f9dbd601e93ee9f9212e1033968b367af9306bd9fb?s=96&d=mm&r=g","contentUrl":"https:\/\/secure.gravatar.com\/avatar\/7578910c24966c0316c340f9dbd601e93ee9f9212e1033968b367af9306bd9fb?s=96&d=mm&r=g","caption":"Fernando Calixto"},"url":"https:\/\/verdadeon.com.br\/portal\/author\/fernando-calixto\/"}]}},"jetpack_publicize_connections":[],"jetpack_featured_media_url":"https:\/\/i0.wp.com\/verdadeon.com.br\/portal\/wp-content\/uploads\/2020\/11\/um_trabalhador_fica_perto_de_um_tanque_da_empresa_estatal_de_petroleo_da_petrobras_em_brasilia.jpg?fit=1000%2C670&ssl=1","jetpack_sharing_enabled":true,"_links":{"self":[{"href":"https:\/\/verdadeon.com.br\/portal\/wp-json\/wp\/v2\/posts\/17241","targetHints":{"allow":["GET"]}}],"collection":[{"href":"https:\/\/verdadeon.com.br\/portal\/wp-json\/wp\/v2\/posts"}],"about":[{"href":"https:\/\/verdadeon.com.br\/portal\/wp-json\/wp\/v2\/types\/post"}],"author":[{"embeddable":true,"href":"https:\/\/verdadeon.com.br\/portal\/wp-json\/wp\/v2\/users\/4"}],"replies":[{"embeddable":true,"href":"https:\/\/verdadeon.com.br\/portal\/wp-json\/wp\/v2\/comments?post=17241"}],"version-history":[{"count":0,"href":"https:\/\/verdadeon.com.br\/portal\/wp-json\/wp\/v2\/posts\/17241\/revisions"}],"wp:featuredmedia":[{"embeddable":true,"href":"https:\/\/verdadeon.com.br\/portal\/wp-json\/wp\/v2\/media\/11655"}],"wp:attachment":[{"href":"https:\/\/verdadeon.com.br\/portal\/wp-json\/wp\/v2\/media?parent=17241"}],"wp:term":[{"taxonomy":"category","embeddable":true,"href":"https:\/\/verdadeon.com.br\/portal\/wp-json\/wp\/v2\/categories?post=17241"},{"taxonomy":"post_tag","embeddable":true,"href":"https:\/\/verdadeon.com.br\/portal\/wp-json\/wp\/v2\/tags?post=17241"}],"curies":[{"name":"wp","href":"https:\/\/api.w.org\/{rel}","templated":true}]}}