{"id":17206,"date":"2021-06-10T17:46:09","date_gmt":"2021-06-10T20:46:09","guid":{"rendered":"https:\/\/verdadeon.com.br\/portal\/?p=17206"},"modified":"2021-06-10T17:50:48","modified_gmt":"2021-06-10T20:50:48","slug":"operacao-contra-trafico-de-drogas-em-miguelopolis-termina-com-tres-presos","status":"publish","type":"post","link":"https:\/\/verdadeon.com.br\/portal\/2021\/06\/10\/operacao-contra-trafico-de-drogas-em-miguelopolis-termina-com-tres-presos\/","title":{"rendered":"Opera\u00e7\u00e3o contra tr\u00e1fico de drogas em Miguel\u00f3polis termina com tr\u00eas presos"},"content":{"rendered":"<h2>Foram cumpridos mandados de busca e apreens\u00e3o desde as primeiras horas de quinta-feira<\/h2>\n<p>Tr\u00eas pessoas foram presas durante uma opera\u00e7\u00e3o nesta quinta-feira (10), em Miguel\u00f3polis. Foram cumpridos sete mandados de busca e apreens\u00e3o, que terminou com um vasto material do tr\u00e1fico apreendido.<\/p>\n<p>A opera\u00e7\u00e3o contra o crime teve in\u00edcio ainda nas primeiras horas da manh\u00e3, Pol\u00edcia Civil, Militar e o Batalh\u00e3o de A\u00e7\u00f5es Especiais de Pol\u00edcia (BAEP), participaram, inclusive com c\u00e3es farejadores que foram decisivos para o encontro de entorpecentes que estavam em matas.<\/p>\n<p>Diversas por\u00e7\u00f5es de drogas, um rev\u00f3lver calibre 38, muni\u00e7\u00f5es intactas foram apreendidas. Os entorpecentes estavam escondidos em uma mata no bairro Vila Dayer, na rua Nagib Miguel. Al\u00e9m disso, diversos objetos que s\u00e3o produtos de furto e de roubo foram apreendidos, como aparelhos de v\u00eddeo game, celulares, ferramentas e at\u00e9 um aparelho televisor.<\/p>\n<p>Os suspeitos s\u00e3o de Miguel\u00f3polis e foram levados para a delegacia, onde foram ouvidos e ap\u00f3s recolhidos ao sistema carcer\u00e1rio.<\/p>\n<h2><\/h2>\n<h2>Ambiental<\/h2>\n<p>A Pol\u00edcia Ambiental de Franca, durante patrulhamento rural em Rifaina, apreendeu um \u201cPeriquit\u00e3o Marcan\u00e3\u201d em uma propriedade rural. Segundo a pol\u00edcia a ave estava em uma gaiola na varanda do im\u00f3vel.<\/p>\n<p>Por estar sem anilha de autoriza\u00e7\u00e3o de \u00f3rg\u00e3o ambiental, o dono foi questionado e afirmou que a ave havia ca\u00eddo do ninho quando era filhote e que por isso decidiu cuidar dela desde ent\u00e3o.<\/p>\n<p>O homem foi multado em R$ 500 e a ave foi apreendida. Ela foi levada para o viveiro transit\u00f3rio de aves silvestres (VITAS) de Franca, onde passar\u00e1 por cuidados veterin\u00e1rios.<\/p>\n<p>A gaiola foi destru\u00edda no aterro municipal.<\/p>\n","protected":false},"excerpt":{"rendered":"<p>Foram cumpridos mandados de busca e apreens\u00e3o desde as primeiras horas de quinta-feira Tr\u00eas pessoas foram presas durante uma opera\u00e7\u00e3o nesta quinta-feira (10), em Miguel\u00f3polis. Foram<span class=\"excerpt-hellip\"> [\u2026]<\/span><\/p>\n","protected":false},"author":7,"featured_media":17210,"comment_status":"open","ping_status":"open","sticky":false,"template":"","format":"standard","meta":{"_jetpack_memberships_contains_paid_content":false,"footnotes":"","jetpack_publicize_message":"","jetpack_publicize_feature_enabled":true,"jetpack_social_post_already_shared":false,"jetpack_social_options":{"image_generator_settings":{"template":"highway","default_image_id":0,"enabled":false},"version":2}},"categories":[28,81],"tags":[],"class_list":["post-17206","post","type-post","status-publish","format-standard","has-post-thumbnail","hentry","category-cotidiano","category-manchete"],"yoast_head":"<!-- This site is optimized with the Yoast SEO plugin v25.6 - https:\/\/yoast.com\/wordpress\/plugins\/seo\/ -->\n<title>Opera\u00e7\u00e3o contra tr\u00e1fico de drogas em Miguel\u00f3polis termina com tr\u00eas presos - VerdadeOn<\/title>\n<meta name=\"robots\" content=\"index, follow, max-snippet:-1, max-image-preview:large, max-video-preview:-1\" \/>\n<link rel=\"canonical\" href=\"https:\/\/verdadeon.com.br\/portal\/2021\/06\/10\/operacao-contra-trafico-de-drogas-em-miguelopolis-termina-com-tres-presos\/\" \/>\n<meta property=\"og:locale\" content=\"pt_BR\" \/>\n<meta property=\"og:type\" content=\"article\" \/>\n<meta property=\"og:title\" content=\"Opera\u00e7\u00e3o contra tr\u00e1fico de drogas em Miguel\u00f3polis termina com tr\u00eas presos - VerdadeOn\" \/>\n<meta property=\"og:description\" content=\"Foram cumpridos mandados de busca e apreens\u00e3o desde as primeiras horas de quinta-feira Tr\u00eas pessoas foram presas durante uma opera\u00e7\u00e3o nesta quinta-feira (10), em Miguel\u00f3polis. Foram [\u2026]\" \/>\n<meta property=\"og:url\" content=\"https:\/\/verdadeon.com.br\/portal\/2021\/06\/10\/operacao-contra-trafico-de-drogas-em-miguelopolis-termina-com-tres-presos\/\" \/>\n<meta property=\"og:site_name\" content=\"VerdadeOn\" \/>\n<meta property=\"article:published_time\" content=\"2021-06-10T20:46:09+00:00\" \/>\n<meta property=\"article:modified_time\" content=\"2021-06-10T20:50:48+00:00\" \/>\n<meta property=\"og:image\" content=\"https:\/\/verdadeon.com.br\/portal\/wp-content\/uploads\/2021\/06\/POLICIA-OPERACAO.jpeg\" \/>\n\t<meta property=\"og:image:width\" content=\"1280\" \/>\n\t<meta property=\"og:image:height\" content=\"958\" \/>\n\t<meta property=\"og:image:type\" content=\"image\/jpeg\" \/>\n<meta name=\"author\" content=\"Fernando Lima\" \/>\n<meta name=\"twitter:card\" content=\"summary_large_image\" \/>\n<meta name=\"twitter:label1\" content=\"Escrito por\" \/>\n\t<meta name=\"twitter:data1\" content=\"Fernando Lima\" \/>\n\t<meta name=\"twitter:label2\" content=\"Est. tempo de leitura\" \/>\n\t<meta name=\"twitter:data2\" content=\"2 minutos\" \/>\n<script type=\"application\/ld+json\" class=\"yoast-schema-graph\">{\"@context\":\"https:\/\/schema.org\",\"@graph\":[{\"@type\":\"WebPage\",\"@id\":\"https:\/\/verdadeon.com.br\/portal\/2021\/06\/10\/operacao-contra-trafico-de-drogas-em-miguelopolis-termina-com-tres-presos\/\",\"url\":\"https:\/\/verdadeon.com.br\/portal\/2021\/06\/10\/operacao-contra-trafico-de-drogas-em-miguelopolis-termina-com-tres-presos\/\",\"name\":\"Opera\u00e7\u00e3o contra tr\u00e1fico de drogas em Miguel\u00f3polis termina com tr\u00eas presos - VerdadeOn\",\"isPartOf\":{\"@id\":\"https:\/\/verdadeon.com.br\/portal\/#website\"},\"primaryImageOfPage\":{\"@id\":\"https:\/\/verdadeon.com.br\/portal\/2021\/06\/10\/operacao-contra-trafico-de-drogas-em-miguelopolis-termina-com-tres-presos\/#primaryimage\"},\"image\":{\"@id\":\"https:\/\/verdadeon.com.br\/portal\/2021\/06\/10\/operacao-contra-trafico-de-drogas-em-miguelopolis-termina-com-tres-presos\/#primaryimage\"},\"thumbnailUrl\":\"https:\/\/i0.wp.com\/verdadeon.com.br\/portal\/wp-content\/uploads\/2021\/06\/POLICIA-OPERACAO.jpeg?fit=1280%2C958&ssl=1\",\"datePublished\":\"2021-06-10T20:46:09+00:00\",\"dateModified\":\"2021-06-10T20:50:48+00:00\",\"author\":{\"@id\":\"https:\/\/verdadeon.com.br\/portal\/#\/schema\/person\/cc32be22b8e8599387c480bc83e1d11a\"},\"breadcrumb\":{\"@id\":\"https:\/\/verdadeon.com.br\/portal\/2021\/06\/10\/operacao-contra-trafico-de-drogas-em-miguelopolis-termina-com-tres-presos\/#breadcrumb\"},\"inLanguage\":\"pt-BR\",\"potentialAction\":[{\"@type\":\"ReadAction\",\"target\":[\"https:\/\/verdadeon.com.br\/portal\/2021\/06\/10\/operacao-contra-trafico-de-drogas-em-miguelopolis-termina-com-tres-presos\/\"]}]},{\"@type\":\"ImageObject\",\"inLanguage\":\"pt-BR\",\"@id\":\"https:\/\/verdadeon.com.br\/portal\/2021\/06\/10\/operacao-contra-trafico-de-drogas-em-miguelopolis-termina-com-tres-presos\/#primaryimage\",\"url\":\"https:\/\/i0.wp.com\/verdadeon.com.br\/portal\/wp-content\/uploads\/2021\/06\/POLICIA-OPERACAO.jpeg?fit=1280%2C958&ssl=1\",\"contentUrl\":\"https:\/\/i0.wp.com\/verdadeon.com.br\/portal\/wp-content\/uploads\/2021\/06\/POLICIA-OPERACAO.jpeg?fit=1280%2C958&ssl=1\",\"width\":1280,\"height\":958,\"caption\":\"Opera\u00e7\u00e3o contra o tr\u00e1fico em Miguel\u00f3polis, contou com policiais miliares, civis e c\u00e3es do BAEP | Foto: F\u00e1bio Reis\"},{\"@type\":\"BreadcrumbList\",\"@id\":\"https:\/\/verdadeon.com.br\/portal\/2021\/06\/10\/operacao-contra-trafico-de-drogas-em-miguelopolis-termina-com-tres-presos\/#breadcrumb\",\"itemListElement\":[{\"@type\":\"ListItem\",\"position\":1,\"name\":\"In\u00edcio\",\"item\":\"https:\/\/verdadeon.com.br\/portal\/\"},{\"@type\":\"ListItem\",\"position\":2,\"name\":\"Opera\u00e7\u00e3o contra tr\u00e1fico de drogas em Miguel\u00f3polis termina com tr\u00eas presos\"}]},{\"@type\":\"WebSite\",\"@id\":\"https:\/\/verdadeon.com.br\/portal\/#website\",\"url\":\"https:\/\/verdadeon.com.br\/portal\/\",\"name\":\"VerdadeOn\",\"description\":\"Not\u00edcias di\u00e1rias sobre Franca, Regi\u00e3o, Esporte, Cultura, Cotidiano, Colunas. Cobertura nos principais eventos da cidade \u00e9 aqui - Verdadeon Franca\",\"potentialAction\":[{\"@type\":\"SearchAction\",\"target\":{\"@type\":\"EntryPoint\",\"urlTemplate\":\"https:\/\/verdadeon.com.br\/portal\/?s={search_term_string}\"},\"query-input\":{\"@type\":\"PropertyValueSpecification\",\"valueRequired\":true,\"valueName\":\"search_term_string\"}}],\"inLanguage\":\"pt-BR\"},{\"@type\":\"Person\",\"@id\":\"https:\/\/verdadeon.com.br\/portal\/#\/schema\/person\/cc32be22b8e8599387c480bc83e1d11a\",\"name\":\"Fernando Lima\",\"image\":{\"@type\":\"ImageObject\",\"inLanguage\":\"pt-BR\",\"@id\":\"https:\/\/verdadeon.com.br\/portal\/#\/schema\/person\/image\/\",\"url\":\"https:\/\/secure.gravatar.com\/avatar\/df4c8e132080d2b3a4841d5d232045464e0eed11a1d6e43115ca0843d48768d3?s=96&d=mm&r=g\",\"contentUrl\":\"https:\/\/secure.gravatar.com\/avatar\/df4c8e132080d2b3a4841d5d232045464e0eed11a1d6e43115ca0843d48768d3?s=96&d=mm&r=g\",\"caption\":\"Fernando Lima\"},\"sameAs\":[\"http:\/\/verdadeon.com.br\/\"],\"url\":\"https:\/\/verdadeon.com.br\/portal\/author\/fernando-lima\/\"}]}<\/script>\n<!-- \/ Yoast SEO plugin. -->","yoast_head_json":{"title":"Opera\u00e7\u00e3o contra tr\u00e1fico de drogas em Miguel\u00f3polis termina com tr\u00eas presos - VerdadeOn","robots":{"index":"index","follow":"follow","max-snippet":"max-snippet:-1","max-image-preview":"max-image-preview:large","max-video-preview":"max-video-preview:-1"},"canonical":"https:\/\/verdadeon.com.br\/portal\/2021\/06\/10\/operacao-contra-trafico-de-drogas-em-miguelopolis-termina-com-tres-presos\/","og_locale":"pt_BR","og_type":"article","og_title":"Opera\u00e7\u00e3o contra tr\u00e1fico de drogas em Miguel\u00f3polis termina com tr\u00eas presos - VerdadeOn","og_description":"Foram cumpridos mandados de busca e apreens\u00e3o desde as primeiras horas de quinta-feira Tr\u00eas pessoas foram presas durante uma opera\u00e7\u00e3o nesta quinta-feira (10), em Miguel\u00f3polis. Foram [\u2026]","og_url":"https:\/\/verdadeon.com.br\/portal\/2021\/06\/10\/operacao-contra-trafico-de-drogas-em-miguelopolis-termina-com-tres-presos\/","og_site_name":"VerdadeOn","article_published_time":"2021-06-10T20:46:09+00:00","article_modified_time":"2021-06-10T20:50:48+00:00","og_image":[{"width":1280,"height":958,"url":"https:\/\/verdadeon.com.br\/portal\/wp-content\/uploads\/2021\/06\/POLICIA-OPERACAO.jpeg","type":"image\/jpeg"}],"author":"Fernando Lima","twitter_card":"summary_large_image","twitter_misc":{"Escrito por":"Fernando Lima","Est. tempo de leitura":"2 minutos"},"schema":{"@context":"https:\/\/schema.org","@graph":[{"@type":"WebPage","@id":"https:\/\/verdadeon.com.br\/portal\/2021\/06\/10\/operacao-contra-trafico-de-drogas-em-miguelopolis-termina-com-tres-presos\/","url":"https:\/\/verdadeon.com.br\/portal\/2021\/06\/10\/operacao-contra-trafico-de-drogas-em-miguelopolis-termina-com-tres-presos\/","name":"Opera\u00e7\u00e3o contra tr\u00e1fico de drogas em Miguel\u00f3polis termina com tr\u00eas presos - VerdadeOn","isPartOf":{"@id":"https:\/\/verdadeon.com.br\/portal\/#website"},"primaryImageOfPage":{"@id":"https:\/\/verdadeon.com.br\/portal\/2021\/06\/10\/operacao-contra-trafico-de-drogas-em-miguelopolis-termina-com-tres-presos\/#primaryimage"},"image":{"@id":"https:\/\/verdadeon.com.br\/portal\/2021\/06\/10\/operacao-contra-trafico-de-drogas-em-miguelopolis-termina-com-tres-presos\/#primaryimage"},"thumbnailUrl":"https:\/\/i0.wp.com\/verdadeon.com.br\/portal\/wp-content\/uploads\/2021\/06\/POLICIA-OPERACAO.jpeg?fit=1280%2C958&ssl=1","datePublished":"2021-06-10T20:46:09+00:00","dateModified":"2021-06-10T20:50:48+00:00","author":{"@id":"https:\/\/verdadeon.com.br\/portal\/#\/schema\/person\/cc32be22b8e8599387c480bc83e1d11a"},"breadcrumb":{"@id":"https:\/\/verdadeon.com.br\/portal\/2021\/06\/10\/operacao-contra-trafico-de-drogas-em-miguelopolis-termina-com-tres-presos\/#breadcrumb"},"inLanguage":"pt-BR","potentialAction":[{"@type":"ReadAction","target":["https:\/\/verdadeon.com.br\/portal\/2021\/06\/10\/operacao-contra-trafico-de-drogas-em-miguelopolis-termina-com-tres-presos\/"]}]},{"@type":"ImageObject","inLanguage":"pt-BR","@id":"https:\/\/verdadeon.com.br\/portal\/2021\/06\/10\/operacao-contra-trafico-de-drogas-em-miguelopolis-termina-com-tres-presos\/#primaryimage","url":"https:\/\/i0.wp.com\/verdadeon.com.br\/portal\/wp-content\/uploads\/2021\/06\/POLICIA-OPERACAO.jpeg?fit=1280%2C958&ssl=1","contentUrl":"https:\/\/i0.wp.com\/verdadeon.com.br\/portal\/wp-content\/uploads\/2021\/06\/POLICIA-OPERACAO.jpeg?fit=1280%2C958&ssl=1","width":1280,"height":958,"caption":"Opera\u00e7\u00e3o contra o tr\u00e1fico em Miguel\u00f3polis, contou com policiais miliares, civis e c\u00e3es do BAEP | Foto: F\u00e1bio Reis"},{"@type":"BreadcrumbList","@id":"https:\/\/verdadeon.com.br\/portal\/2021\/06\/10\/operacao-contra-trafico-de-drogas-em-miguelopolis-termina-com-tres-presos\/#breadcrumb","itemListElement":[{"@type":"ListItem","position":1,"name":"In\u00edcio","item":"https:\/\/verdadeon.com.br\/portal\/"},{"@type":"ListItem","position":2,"name":"Opera\u00e7\u00e3o contra tr\u00e1fico de drogas em Miguel\u00f3polis termina com tr\u00eas presos"}]},{"@type":"WebSite","@id":"https:\/\/verdadeon.com.br\/portal\/#website","url":"https:\/\/verdadeon.com.br\/portal\/","name":"VerdadeOn","description":"Not\u00edcias di\u00e1rias sobre Franca, Regi\u00e3o, Esporte, Cultura, Cotidiano, Colunas. Cobertura nos principais eventos da cidade \u00e9 aqui - Verdadeon Franca","potentialAction":[{"@type":"SearchAction","target":{"@type":"EntryPoint","urlTemplate":"https:\/\/verdadeon.com.br\/portal\/?s={search_term_string}"},"query-input":{"@type":"PropertyValueSpecification","valueRequired":true,"valueName":"search_term_string"}}],"inLanguage":"pt-BR"},{"@type":"Person","@id":"https:\/\/verdadeon.com.br\/portal\/#\/schema\/person\/cc32be22b8e8599387c480bc83e1d11a","name":"Fernando Lima","image":{"@type":"ImageObject","inLanguage":"pt-BR","@id":"https:\/\/verdadeon.com.br\/portal\/#\/schema\/person\/image\/","url":"https:\/\/secure.gravatar.com\/avatar\/df4c8e132080d2b3a4841d5d232045464e0eed11a1d6e43115ca0843d48768d3?s=96&d=mm&r=g","contentUrl":"https:\/\/secure.gravatar.com\/avatar\/df4c8e132080d2b3a4841d5d232045464e0eed11a1d6e43115ca0843d48768d3?s=96&d=mm&r=g","caption":"Fernando Lima"},"sameAs":["http:\/\/verdadeon.com.br\/"],"url":"https:\/\/verdadeon.com.br\/portal\/author\/fernando-lima\/"}]}},"jetpack_publicize_connections":[],"jetpack_featured_media_url":"https:\/\/i0.wp.com\/verdadeon.com.br\/portal\/wp-content\/uploads\/2021\/06\/POLICIA-OPERACAO.jpeg?fit=1280%2C958&ssl=1","jetpack_sharing_enabled":true,"_links":{"self":[{"href":"https:\/\/verdadeon.com.br\/portal\/wp-json\/wp\/v2\/posts\/17206","targetHints":{"allow":["GET"]}}],"collection":[{"href":"https:\/\/verdadeon.com.br\/portal\/wp-json\/wp\/v2\/posts"}],"about":[{"href":"https:\/\/verdadeon.com.br\/portal\/wp-json\/wp\/v2\/types\/post"}],"author":[{"embeddable":true,"href":"https:\/\/verdadeon.com.br\/portal\/wp-json\/wp\/v2\/users\/7"}],"replies":[{"embeddable":true,"href":"https:\/\/verdadeon.com.br\/portal\/wp-json\/wp\/v2\/comments?post=17206"}],"version-history":[{"count":0,"href":"https:\/\/verdadeon.com.br\/portal\/wp-json\/wp\/v2\/posts\/17206\/revisions"}],"wp:featuredmedia":[{"embeddable":true,"href":"https:\/\/verdadeon.com.br\/portal\/wp-json\/wp\/v2\/media\/17210"}],"wp:attachment":[{"href":"https:\/\/verdadeon.com.br\/portal\/wp-json\/wp\/v2\/media?parent=17206"}],"wp:term":[{"taxonomy":"category","embeddable":true,"href":"https:\/\/verdadeon.com.br\/portal\/wp-json\/wp\/v2\/categories?post=17206"},{"taxonomy":"post_tag","embeddable":true,"href":"https:\/\/verdadeon.com.br\/portal\/wp-json\/wp\/v2\/tags?post=17206"}],"curies":[{"name":"wp","href":"https:\/\/api.w.org\/{rel}","templated":true}]}}