{"id":17201,"date":"2021-06-10T16:10:31","date_gmt":"2021-06-10T19:10:31","guid":{"rendered":"https:\/\/verdadeon.com.br\/portal\/?p=17201"},"modified":"2021-06-10T16:10:31","modified_gmt":"2021-06-10T19:10:31","slug":"comercio-abre-em-horario-especial-para-dia-dos-namorados","status":"publish","type":"post","link":"https:\/\/verdadeon.com.br\/portal\/2021\/06\/10\/comercio-abre-em-horario-especial-para-dia-dos-namorados\/","title":{"rendered":"Com\u00e9rcio abre em hor\u00e1rio especial para Dia dos Namorados"},"content":{"rendered":"<h2>Mesmo assim as lojas n\u00e3o podem receber os clientes no interior, apenas drive thru e take away<\/h2>\n<p>A Associa\u00e7\u00e3o do Com\u00e9rcio e Industria de Franca (ACIF), divulgou o hor\u00e1rio especial do com\u00e9rcio para o Dia dos Namorados. J\u00e1 nesta sexta-feira (11), as lojas abrir\u00e3o das 9h at\u00e9 \u00e0s 20h. No s\u00e1bado o hor\u00e1rio tamb\u00e9m \u00e9 estendido, das 9h at\u00e9 \u00e0s 18h.<\/p>\n<p>Hor\u00e1rio especial tamb\u00e9m para o Franca Shopping, na sexta e no s\u00e1bado as lojas abrir\u00e3o das 10h at\u00e9 \u00e0s 22h.<\/p>\n<p>\u201cA fim de incentivar a economia local e evitar aglomera\u00e7\u00f5es diluindo o fluxo de pessoas nos estabelecimentos ao longo do dia, o hor\u00e1rio de atendimento ao p\u00fablico ser\u00e1 ampliado nesta sexta e s\u00e1bado, em raz\u00e3o do Dia dos Namorados. Todas as determina\u00e7\u00e3o e protocolos previstos pelo Decreto Municipal dever\u00e3o ser respeitados\u201d, divulgou a Acif.<\/p>\n<h2>Regras<\/h2>\n<p>Ap\u00f3s 15 dias de lockdown, o com\u00e9rcio novamente poder\u00e1 abrir em Franca. Mesmo assim as lojas possuem autoriza\u00e7\u00e3o apenas para as modalidades de drive thru, take away e delivery. Os clientes n\u00e3o podem acessar o interior da loja. A medida foi divulgada na \u00faltima ter\u00e7a-feira (8), durante uma transmiss\u00e3o pelas redes sociais da Prefeitura, sobre o fim do lockdown.<\/p>\n<p>O comerciante Carlos Roberto de Freitas Moura, tem uma loja de roupas na Esta\u00e7\u00e3o h\u00e1 mais de 20 anos. O empres\u00e1rio contou que espera o Dia dos Namorados com os p\u00e9s no ch\u00e3o, a expectativa de vendas n\u00e3o \u00e9 t\u00e3o alta justamente por conta da sa\u00edda recente do lockdown. \u201cQuando anunciaram que tinha que fechar completamente por 15 dias, foi um baque muito grande, uma sensa\u00e7\u00e3o muito dif\u00edcil. Eu acredito que embora n\u00e3o sejam ideais, o drive thru, take away e delivery, ainda s\u00e3o melhores do que lockdown\u201d, explicou Carlos.<\/p>\n<p>J\u00e1 o comerciante Caio Gon\u00e7alves, que tamb\u00e9m tem uma loja de roupas na zona norte da cidade, reclama da modalidade. \u201cN\u00e3o \u00e9 f\u00e1cil explicar para o cliente que ele n\u00e3o pode experimentar a roupa. Eu tenho total condi\u00e7\u00f5es de atender uma pessoa por vez aqui dentro, com medidas sanit\u00e1rias, mas o decreto n\u00e3o autoriza. N\u00e3o tenho d\u00favidas de que isso atrapalha sim as vendas e que elas ser\u00e3o menores nesse Dia dos Namorados. Uma pena, j\u00e1 que era uma oportunidade para que a gente pagasse um pouco do imenso preju\u00edzo que estamos tendo h\u00e1 mais de um ano\u201d, desabafou.<\/p>\n","protected":false},"excerpt":{"rendered":"<p>Mesmo assim as lojas n\u00e3o podem receber os clientes no interior, apenas drive thru e take away A Associa\u00e7\u00e3o do Com\u00e9rcio e Industria de Franca (ACIF),<span class=\"excerpt-hellip\"> [\u2026]<\/span><\/p>\n","protected":false},"author":7,"featured_media":9816,"comment_status":"open","ping_status":"open","sticky":false,"template":"","format":"standard","meta":{"_jetpack_memberships_contains_paid_content":false,"footnotes":"","jetpack_publicize_message":"","jetpack_publicize_feature_enabled":true,"jetpack_social_post_already_shared":false,"jetpack_social_options":{"image_generator_settings":{"template":"highway","default_image_id":0,"enabled":false},"version":2}},"categories":[28,81],"tags":[],"class_list":["post-17201","post","type-post","status-publish","format-standard","has-post-thumbnail","hentry","category-cotidiano","category-manchete"],"yoast_head":"<!-- This site is optimized with the Yoast SEO plugin v25.6 - https:\/\/yoast.com\/wordpress\/plugins\/seo\/ -->\n<title>Com\u00e9rcio abre em hor\u00e1rio especial para Dia dos Namorados - VerdadeOn<\/title>\n<meta name=\"robots\" content=\"index, follow, max-snippet:-1, max-image-preview:large, max-video-preview:-1\" \/>\n<link rel=\"canonical\" href=\"https:\/\/verdadeon.com.br\/portal\/2021\/06\/10\/comercio-abre-em-horario-especial-para-dia-dos-namorados\/\" \/>\n<meta property=\"og:locale\" content=\"pt_BR\" \/>\n<meta property=\"og:type\" content=\"article\" \/>\n<meta property=\"og:title\" content=\"Com\u00e9rcio abre em hor\u00e1rio especial para Dia dos Namorados - VerdadeOn\" \/>\n<meta property=\"og:description\" content=\"Mesmo assim as lojas n\u00e3o podem receber os clientes no interior, apenas drive thru e take away A Associa\u00e7\u00e3o do Com\u00e9rcio e Industria de Franca (ACIF), [\u2026]\" \/>\n<meta property=\"og:url\" content=\"https:\/\/verdadeon.com.br\/portal\/2021\/06\/10\/comercio-abre-em-horario-especial-para-dia-dos-namorados\/\" \/>\n<meta property=\"og:site_name\" content=\"VerdadeOn\" \/>\n<meta property=\"article:published_time\" content=\"2021-06-10T19:10:31+00:00\" \/>\n<meta property=\"og:image\" content=\"https:\/\/verdadeon.com.br\/portal\/wp-content\/uploads\/2020\/08\/WhatsApp-Image-2020-08-20-at-19.14.43.jpeg\" \/>\n\t<meta property=\"og:image:width\" content=\"1000\" \/>\n\t<meta property=\"og:image:height\" content=\"670\" \/>\n\t<meta property=\"og:image:type\" content=\"image\/jpeg\" \/>\n<meta name=\"author\" content=\"Fernando Lima\" \/>\n<meta name=\"twitter:card\" content=\"summary_large_image\" \/>\n<meta name=\"twitter:label1\" content=\"Escrito por\" \/>\n\t<meta name=\"twitter:data1\" content=\"Fernando Lima\" \/>\n\t<meta name=\"twitter:label2\" content=\"Est. tempo de leitura\" \/>\n\t<meta name=\"twitter:data2\" content=\"2 minutos\" \/>\n<script type=\"application\/ld+json\" class=\"yoast-schema-graph\">{\"@context\":\"https:\/\/schema.org\",\"@graph\":[{\"@type\":\"WebPage\",\"@id\":\"https:\/\/verdadeon.com.br\/portal\/2021\/06\/10\/comercio-abre-em-horario-especial-para-dia-dos-namorados\/\",\"url\":\"https:\/\/verdadeon.com.br\/portal\/2021\/06\/10\/comercio-abre-em-horario-especial-para-dia-dos-namorados\/\",\"name\":\"Com\u00e9rcio abre em hor\u00e1rio especial para Dia dos Namorados - VerdadeOn\",\"isPartOf\":{\"@id\":\"https:\/\/verdadeon.com.br\/portal\/#website\"},\"primaryImageOfPage\":{\"@id\":\"https:\/\/verdadeon.com.br\/portal\/2021\/06\/10\/comercio-abre-em-horario-especial-para-dia-dos-namorados\/#primaryimage\"},\"image\":{\"@id\":\"https:\/\/verdadeon.com.br\/portal\/2021\/06\/10\/comercio-abre-em-horario-especial-para-dia-dos-namorados\/#primaryimage\"},\"thumbnailUrl\":\"https:\/\/i0.wp.com\/verdadeon.com.br\/portal\/wp-content\/uploads\/2020\/08\/WhatsApp-Image-2020-08-20-at-19.14.43.jpeg?fit=1000%2C670&ssl=1\",\"datePublished\":\"2021-06-10T19:10:31+00:00\",\"author\":{\"@id\":\"https:\/\/verdadeon.com.br\/portal\/#\/schema\/person\/cc32be22b8e8599387c480bc83e1d11a\"},\"breadcrumb\":{\"@id\":\"https:\/\/verdadeon.com.br\/portal\/2021\/06\/10\/comercio-abre-em-horario-especial-para-dia-dos-namorados\/#breadcrumb\"},\"inLanguage\":\"pt-BR\",\"potentialAction\":[{\"@type\":\"ReadAction\",\"target\":[\"https:\/\/verdadeon.com.br\/portal\/2021\/06\/10\/comercio-abre-em-horario-especial-para-dia-dos-namorados\/\"]}]},{\"@type\":\"ImageObject\",\"inLanguage\":\"pt-BR\",\"@id\":\"https:\/\/verdadeon.com.br\/portal\/2021\/06\/10\/comercio-abre-em-horario-especial-para-dia-dos-namorados\/#primaryimage\",\"url\":\"https:\/\/i0.wp.com\/verdadeon.com.br\/portal\/wp-content\/uploads\/2020\/08\/WhatsApp-Image-2020-08-20-at-19.14.43.jpeg?fit=1000%2C670&ssl=1\",\"contentUrl\":\"https:\/\/i0.wp.com\/verdadeon.com.br\/portal\/wp-content\/uploads\/2020\/08\/WhatsApp-Image-2020-08-20-at-19.14.43.jpeg?fit=1000%2C670&ssl=1\",\"width\":1000,\"height\":670,\"caption\":\"Para muitos empres\u00e1rios a data est\u00e1 no calend\u00e1rio das mais importantes para o com\u00e9rcio | Foto: Jornal Verdade\"},{\"@type\":\"BreadcrumbList\",\"@id\":\"https:\/\/verdadeon.com.br\/portal\/2021\/06\/10\/comercio-abre-em-horario-especial-para-dia-dos-namorados\/#breadcrumb\",\"itemListElement\":[{\"@type\":\"ListItem\",\"position\":1,\"name\":\"In\u00edcio\",\"item\":\"https:\/\/verdadeon.com.br\/portal\/\"},{\"@type\":\"ListItem\",\"position\":2,\"name\":\"Com\u00e9rcio abre em hor\u00e1rio especial para Dia dos Namorados\"}]},{\"@type\":\"WebSite\",\"@id\":\"https:\/\/verdadeon.com.br\/portal\/#website\",\"url\":\"https:\/\/verdadeon.com.br\/portal\/\",\"name\":\"VerdadeOn\",\"description\":\"Not\u00edcias di\u00e1rias sobre Franca, Regi\u00e3o, Esporte, Cultura, Cotidiano, Colunas. Cobertura nos principais eventos da cidade \u00e9 aqui - Verdadeon Franca\",\"potentialAction\":[{\"@type\":\"SearchAction\",\"target\":{\"@type\":\"EntryPoint\",\"urlTemplate\":\"https:\/\/verdadeon.com.br\/portal\/?s={search_term_string}\"},\"query-input\":{\"@type\":\"PropertyValueSpecification\",\"valueRequired\":true,\"valueName\":\"search_term_string\"}}],\"inLanguage\":\"pt-BR\"},{\"@type\":\"Person\",\"@id\":\"https:\/\/verdadeon.com.br\/portal\/#\/schema\/person\/cc32be22b8e8599387c480bc83e1d11a\",\"name\":\"Fernando Lima\",\"image\":{\"@type\":\"ImageObject\",\"inLanguage\":\"pt-BR\",\"@id\":\"https:\/\/verdadeon.com.br\/portal\/#\/schema\/person\/image\/\",\"url\":\"https:\/\/secure.gravatar.com\/avatar\/df4c8e132080d2b3a4841d5d232045464e0eed11a1d6e43115ca0843d48768d3?s=96&d=mm&r=g\",\"contentUrl\":\"https:\/\/secure.gravatar.com\/avatar\/df4c8e132080d2b3a4841d5d232045464e0eed11a1d6e43115ca0843d48768d3?s=96&d=mm&r=g\",\"caption\":\"Fernando Lima\"},\"sameAs\":[\"http:\/\/verdadeon.com.br\/\"],\"url\":\"https:\/\/verdadeon.com.br\/portal\/author\/fernando-lima\/\"}]}<\/script>\n<!-- \/ Yoast SEO plugin. -->","yoast_head_json":{"title":"Com\u00e9rcio abre em hor\u00e1rio especial para Dia dos Namorados - VerdadeOn","robots":{"index":"index","follow":"follow","max-snippet":"max-snippet:-1","max-image-preview":"max-image-preview:large","max-video-preview":"max-video-preview:-1"},"canonical":"https:\/\/verdadeon.com.br\/portal\/2021\/06\/10\/comercio-abre-em-horario-especial-para-dia-dos-namorados\/","og_locale":"pt_BR","og_type":"article","og_title":"Com\u00e9rcio abre em hor\u00e1rio especial para Dia dos Namorados - VerdadeOn","og_description":"Mesmo assim as lojas n\u00e3o podem receber os clientes no interior, apenas drive thru e take away A Associa\u00e7\u00e3o do Com\u00e9rcio e Industria de Franca (ACIF), [\u2026]","og_url":"https:\/\/verdadeon.com.br\/portal\/2021\/06\/10\/comercio-abre-em-horario-especial-para-dia-dos-namorados\/","og_site_name":"VerdadeOn","article_published_time":"2021-06-10T19:10:31+00:00","og_image":[{"width":1000,"height":670,"url":"https:\/\/verdadeon.com.br\/portal\/wp-content\/uploads\/2020\/08\/WhatsApp-Image-2020-08-20-at-19.14.43.jpeg","type":"image\/jpeg"}],"author":"Fernando Lima","twitter_card":"summary_large_image","twitter_misc":{"Escrito por":"Fernando Lima","Est. tempo de leitura":"2 minutos"},"schema":{"@context":"https:\/\/schema.org","@graph":[{"@type":"WebPage","@id":"https:\/\/verdadeon.com.br\/portal\/2021\/06\/10\/comercio-abre-em-horario-especial-para-dia-dos-namorados\/","url":"https:\/\/verdadeon.com.br\/portal\/2021\/06\/10\/comercio-abre-em-horario-especial-para-dia-dos-namorados\/","name":"Com\u00e9rcio abre em hor\u00e1rio especial para Dia dos Namorados - VerdadeOn","isPartOf":{"@id":"https:\/\/verdadeon.com.br\/portal\/#website"},"primaryImageOfPage":{"@id":"https:\/\/verdadeon.com.br\/portal\/2021\/06\/10\/comercio-abre-em-horario-especial-para-dia-dos-namorados\/#primaryimage"},"image":{"@id":"https:\/\/verdadeon.com.br\/portal\/2021\/06\/10\/comercio-abre-em-horario-especial-para-dia-dos-namorados\/#primaryimage"},"thumbnailUrl":"https:\/\/i0.wp.com\/verdadeon.com.br\/portal\/wp-content\/uploads\/2020\/08\/WhatsApp-Image-2020-08-20-at-19.14.43.jpeg?fit=1000%2C670&ssl=1","datePublished":"2021-06-10T19:10:31+00:00","author":{"@id":"https:\/\/verdadeon.com.br\/portal\/#\/schema\/person\/cc32be22b8e8599387c480bc83e1d11a"},"breadcrumb":{"@id":"https:\/\/verdadeon.com.br\/portal\/2021\/06\/10\/comercio-abre-em-horario-especial-para-dia-dos-namorados\/#breadcrumb"},"inLanguage":"pt-BR","potentialAction":[{"@type":"ReadAction","target":["https:\/\/verdadeon.com.br\/portal\/2021\/06\/10\/comercio-abre-em-horario-especial-para-dia-dos-namorados\/"]}]},{"@type":"ImageObject","inLanguage":"pt-BR","@id":"https:\/\/verdadeon.com.br\/portal\/2021\/06\/10\/comercio-abre-em-horario-especial-para-dia-dos-namorados\/#primaryimage","url":"https:\/\/i0.wp.com\/verdadeon.com.br\/portal\/wp-content\/uploads\/2020\/08\/WhatsApp-Image-2020-08-20-at-19.14.43.jpeg?fit=1000%2C670&ssl=1","contentUrl":"https:\/\/i0.wp.com\/verdadeon.com.br\/portal\/wp-content\/uploads\/2020\/08\/WhatsApp-Image-2020-08-20-at-19.14.43.jpeg?fit=1000%2C670&ssl=1","width":1000,"height":670,"caption":"Para muitos empres\u00e1rios a data est\u00e1 no calend\u00e1rio das mais importantes para o com\u00e9rcio | Foto: Jornal Verdade"},{"@type":"BreadcrumbList","@id":"https:\/\/verdadeon.com.br\/portal\/2021\/06\/10\/comercio-abre-em-horario-especial-para-dia-dos-namorados\/#breadcrumb","itemListElement":[{"@type":"ListItem","position":1,"name":"In\u00edcio","item":"https:\/\/verdadeon.com.br\/portal\/"},{"@type":"ListItem","position":2,"name":"Com\u00e9rcio abre em hor\u00e1rio especial para Dia dos Namorados"}]},{"@type":"WebSite","@id":"https:\/\/verdadeon.com.br\/portal\/#website","url":"https:\/\/verdadeon.com.br\/portal\/","name":"VerdadeOn","description":"Not\u00edcias di\u00e1rias sobre Franca, Regi\u00e3o, Esporte, Cultura, Cotidiano, Colunas. Cobertura nos principais eventos da cidade \u00e9 aqui - Verdadeon Franca","potentialAction":[{"@type":"SearchAction","target":{"@type":"EntryPoint","urlTemplate":"https:\/\/verdadeon.com.br\/portal\/?s={search_term_string}"},"query-input":{"@type":"PropertyValueSpecification","valueRequired":true,"valueName":"search_term_string"}}],"inLanguage":"pt-BR"},{"@type":"Person","@id":"https:\/\/verdadeon.com.br\/portal\/#\/schema\/person\/cc32be22b8e8599387c480bc83e1d11a","name":"Fernando Lima","image":{"@type":"ImageObject","inLanguage":"pt-BR","@id":"https:\/\/verdadeon.com.br\/portal\/#\/schema\/person\/image\/","url":"https:\/\/secure.gravatar.com\/avatar\/df4c8e132080d2b3a4841d5d232045464e0eed11a1d6e43115ca0843d48768d3?s=96&d=mm&r=g","contentUrl":"https:\/\/secure.gravatar.com\/avatar\/df4c8e132080d2b3a4841d5d232045464e0eed11a1d6e43115ca0843d48768d3?s=96&d=mm&r=g","caption":"Fernando Lima"},"sameAs":["http:\/\/verdadeon.com.br\/"],"url":"https:\/\/verdadeon.com.br\/portal\/author\/fernando-lima\/"}]}},"jetpack_publicize_connections":[],"jetpack_featured_media_url":"https:\/\/i0.wp.com\/verdadeon.com.br\/portal\/wp-content\/uploads\/2020\/08\/WhatsApp-Image-2020-08-20-at-19.14.43.jpeg?fit=1000%2C670&ssl=1","jetpack_sharing_enabled":true,"_links":{"self":[{"href":"https:\/\/verdadeon.com.br\/portal\/wp-json\/wp\/v2\/posts\/17201","targetHints":{"allow":["GET"]}}],"collection":[{"href":"https:\/\/verdadeon.com.br\/portal\/wp-json\/wp\/v2\/posts"}],"about":[{"href":"https:\/\/verdadeon.com.br\/portal\/wp-json\/wp\/v2\/types\/post"}],"author":[{"embeddable":true,"href":"https:\/\/verdadeon.com.br\/portal\/wp-json\/wp\/v2\/users\/7"}],"replies":[{"embeddable":true,"href":"https:\/\/verdadeon.com.br\/portal\/wp-json\/wp\/v2\/comments?post=17201"}],"version-history":[{"count":0,"href":"https:\/\/verdadeon.com.br\/portal\/wp-json\/wp\/v2\/posts\/17201\/revisions"}],"wp:featuredmedia":[{"embeddable":true,"href":"https:\/\/verdadeon.com.br\/portal\/wp-json\/wp\/v2\/media\/9816"}],"wp:attachment":[{"href":"https:\/\/verdadeon.com.br\/portal\/wp-json\/wp\/v2\/media?parent=17201"}],"wp:term":[{"taxonomy":"category","embeddable":true,"href":"https:\/\/verdadeon.com.br\/portal\/wp-json\/wp\/v2\/categories?post=17201"},{"taxonomy":"post_tag","embeddable":true,"href":"https:\/\/verdadeon.com.br\/portal\/wp-json\/wp\/v2\/tags?post=17201"}],"curies":[{"name":"wp","href":"https:\/\/api.w.org\/{rel}","templated":true}]}}