{"id":17155,"date":"2021-06-08T11:27:50","date_gmt":"2021-06-08T14:27:50","guid":{"rendered":"https:\/\/verdadeon.com.br\/portal\/?p=17155"},"modified":"2021-06-08T11:27:50","modified_gmt":"2021-06-08T14:27:50","slug":"prefeitura-mistura-pacientes-que-serao-vacinados-com-suspeitos-de-contaminacao-pela-covid","status":"publish","type":"post","link":"https:\/\/verdadeon.com.br\/portal\/2021\/06\/08\/prefeitura-mistura-pacientes-que-serao-vacinados-com-suspeitos-de-contaminacao-pela-covid\/","title":{"rendered":"Prefeitura mistura pacientes que ser\u00e3o vacinados, com suspeitos de contamina\u00e7\u00e3o pela Covid"},"content":{"rendered":"<p>Leitores do Jornal Verdade reclamaram na manh\u00e3 desta ter\u00e7a feira (8), que pacientes com suspeita de contamina\u00e7\u00e3o pela Covid-19, est\u00e3o dividindo o mesmo espa\u00e7o com pessoas que v\u00e3o ser vacinadas, no NUBS da Esta\u00e7\u00e3o, na \u00e1rea central de Franca.<\/p>\n<p>Este tipo de procedimento pode fazer com que as pessoas que v\u00e3o l\u00e1 se vacinar corram o risco de se contaminarem pelo v\u00edrus.<\/p>\n<p>Ainda segundo o reclamante que n\u00e3o quis se identificar, a vacina\u00e7\u00e3o foi pausada para que fosse realizado testes de Covid, fazendo com que as pessoas que est\u00e3o l\u00e1 para se imunizarem esperem ainda mais, ficando um tempo maior em contato com pessoas que possam estar possivelmente contaminadas.<\/p>\n<p>O jornal Verdade entrou em contato com a Prefeitura de Franca e aguarda posicionamento, assim que ele vier ele ser\u00e1 acrescido aqui na mat\u00e9ria.<\/p>\n<p>Ainda hoje mais informa\u00e7\u00f5es sobre o assunto<\/p>\n","protected":false},"excerpt":{"rendered":"<p>Leitores do Jornal Verdade reclamaram na manh\u00e3 desta ter\u00e7a feira (8), que pacientes com suspeita de contamina\u00e7\u00e3o pela Covid-19, est\u00e3o dividindo o mesmo espa\u00e7o com pessoas<span class=\"excerpt-hellip\"> [\u2026]<\/span><\/p>\n","protected":false},"author":4,"featured_media":17157,"comment_status":"open","ping_status":"open","sticky":false,"template":"","format":"standard","meta":{"_jetpack_memberships_contains_paid_content":false,"footnotes":"","jetpack_publicize_message":"","jetpack_publicize_feature_enabled":true,"jetpack_social_post_already_shared":false,"jetpack_social_options":{"image_generator_settings":{"template":"highway","default_image_id":0,"enabled":false},"version":2}},"categories":[28,81],"tags":[],"class_list":["post-17155","post","type-post","status-publish","format-standard","has-post-thumbnail","hentry","category-cotidiano","category-manchete"],"yoast_head":"<!-- This site is optimized with the Yoast SEO plugin v25.6 - https:\/\/yoast.com\/wordpress\/plugins\/seo\/ -->\n<title>Prefeitura mistura pacientes que ser\u00e3o vacinados, com suspeitos de contamina\u00e7\u00e3o pela Covid - VerdadeOn<\/title>\n<meta name=\"robots\" content=\"index, follow, max-snippet:-1, max-image-preview:large, max-video-preview:-1\" \/>\n<link rel=\"canonical\" href=\"https:\/\/verdadeon.com.br\/portal\/2021\/06\/08\/prefeitura-mistura-pacientes-que-serao-vacinados-com-suspeitos-de-contaminacao-pela-covid\/\" \/>\n<meta property=\"og:locale\" content=\"pt_BR\" \/>\n<meta property=\"og:type\" content=\"article\" \/>\n<meta property=\"og:title\" content=\"Prefeitura mistura pacientes que ser\u00e3o vacinados, com suspeitos de contamina\u00e7\u00e3o pela Covid - VerdadeOn\" \/>\n<meta property=\"og:description\" content=\"Leitores do Jornal Verdade reclamaram na manh\u00e3 desta ter\u00e7a feira (8), que pacientes com suspeita de contamina\u00e7\u00e3o pela Covid-19, est\u00e3o dividindo o mesmo espa\u00e7o com pessoas [\u2026]\" \/>\n<meta property=\"og:url\" content=\"https:\/\/verdadeon.com.br\/portal\/2021\/06\/08\/prefeitura-mistura-pacientes-que-serao-vacinados-com-suspeitos-de-contaminacao-pela-covid\/\" \/>\n<meta property=\"og:site_name\" content=\"VerdadeOn\" \/>\n<meta property=\"article:published_time\" content=\"2021-06-08T14:27:50+00:00\" \/>\n<meta property=\"og:image\" content=\"https:\/\/verdadeon.com.br\/portal\/wp-content\/uploads\/2021\/06\/WhatsApp-Image-2021-06-08-at-11.18.39-1.jpeg\" \/>\n\t<meta property=\"og:image:width\" content=\"1000\" \/>\n\t<meta property=\"og:image:height\" content=\"670\" \/>\n\t<meta property=\"og:image:type\" content=\"image\/jpeg\" \/>\n<meta name=\"author\" content=\"Fernando Calixto\" \/>\n<meta name=\"twitter:card\" content=\"summary_large_image\" \/>\n<meta name=\"twitter:label1\" content=\"Escrito por\" \/>\n\t<meta name=\"twitter:data1\" content=\"Fernando Calixto\" \/>\n\t<meta name=\"twitter:label2\" content=\"Est. tempo de leitura\" \/>\n\t<meta name=\"twitter:data2\" content=\"1 minuto\" \/>\n<script type=\"application\/ld+json\" class=\"yoast-schema-graph\">{\"@context\":\"https:\/\/schema.org\",\"@graph\":[{\"@type\":\"WebPage\",\"@id\":\"https:\/\/verdadeon.com.br\/portal\/2021\/06\/08\/prefeitura-mistura-pacientes-que-serao-vacinados-com-suspeitos-de-contaminacao-pela-covid\/\",\"url\":\"https:\/\/verdadeon.com.br\/portal\/2021\/06\/08\/prefeitura-mistura-pacientes-que-serao-vacinados-com-suspeitos-de-contaminacao-pela-covid\/\",\"name\":\"Prefeitura mistura pacientes que ser\u00e3o vacinados, com suspeitos de contamina\u00e7\u00e3o pela Covid - VerdadeOn\",\"isPartOf\":{\"@id\":\"https:\/\/verdadeon.com.br\/portal\/#website\"},\"primaryImageOfPage\":{\"@id\":\"https:\/\/verdadeon.com.br\/portal\/2021\/06\/08\/prefeitura-mistura-pacientes-que-serao-vacinados-com-suspeitos-de-contaminacao-pela-covid\/#primaryimage\"},\"image\":{\"@id\":\"https:\/\/verdadeon.com.br\/portal\/2021\/06\/08\/prefeitura-mistura-pacientes-que-serao-vacinados-com-suspeitos-de-contaminacao-pela-covid\/#primaryimage\"},\"thumbnailUrl\":\"https:\/\/i0.wp.com\/verdadeon.com.br\/portal\/wp-content\/uploads\/2021\/06\/WhatsApp-Image-2021-06-08-at-11.18.39-1.jpeg?fit=1000%2C670&ssl=1\",\"datePublished\":\"2021-06-08T14:27:50+00:00\",\"author\":{\"@id\":\"https:\/\/verdadeon.com.br\/portal\/#\/schema\/person\/8994718f49ee62ba5610471e29ca1f62\"},\"breadcrumb\":{\"@id\":\"https:\/\/verdadeon.com.br\/portal\/2021\/06\/08\/prefeitura-mistura-pacientes-que-serao-vacinados-com-suspeitos-de-contaminacao-pela-covid\/#breadcrumb\"},\"inLanguage\":\"pt-BR\",\"potentialAction\":[{\"@type\":\"ReadAction\",\"target\":[\"https:\/\/verdadeon.com.br\/portal\/2021\/06\/08\/prefeitura-mistura-pacientes-que-serao-vacinados-com-suspeitos-de-contaminacao-pela-covid\/\"]}]},{\"@type\":\"ImageObject\",\"inLanguage\":\"pt-BR\",\"@id\":\"https:\/\/verdadeon.com.br\/portal\/2021\/06\/08\/prefeitura-mistura-pacientes-que-serao-vacinados-com-suspeitos-de-contaminacao-pela-covid\/#primaryimage\",\"url\":\"https:\/\/i0.wp.com\/verdadeon.com.br\/portal\/wp-content\/uploads\/2021\/06\/WhatsApp-Image-2021-06-08-at-11.18.39-1.jpeg?fit=1000%2C670&ssl=1\",\"contentUrl\":\"https:\/\/i0.wp.com\/verdadeon.com.br\/portal\/wp-content\/uploads\/2021\/06\/WhatsApp-Image-2021-06-08-at-11.18.39-1.jpeg?fit=1000%2C670&ssl=1\",\"width\":1000,\"height\":670,\"caption\":\"Pessoas que aguardam para serem imunizadas e por teste do Covid no mesmo lugar\"},{\"@type\":\"BreadcrumbList\",\"@id\":\"https:\/\/verdadeon.com.br\/portal\/2021\/06\/08\/prefeitura-mistura-pacientes-que-serao-vacinados-com-suspeitos-de-contaminacao-pela-covid\/#breadcrumb\",\"itemListElement\":[{\"@type\":\"ListItem\",\"position\":1,\"name\":\"In\u00edcio\",\"item\":\"https:\/\/verdadeon.com.br\/portal\/\"},{\"@type\":\"ListItem\",\"position\":2,\"name\":\"Prefeitura mistura pacientes que ser\u00e3o vacinados, com suspeitos de contamina\u00e7\u00e3o pela Covid\"}]},{\"@type\":\"WebSite\",\"@id\":\"https:\/\/verdadeon.com.br\/portal\/#website\",\"url\":\"https:\/\/verdadeon.com.br\/portal\/\",\"name\":\"VerdadeOn\",\"description\":\"Not\u00edcias di\u00e1rias sobre Franca, Regi\u00e3o, Esporte, Cultura, Cotidiano, Colunas. Cobertura nos principais eventos da cidade \u00e9 aqui - Verdadeon Franca\",\"potentialAction\":[{\"@type\":\"SearchAction\",\"target\":{\"@type\":\"EntryPoint\",\"urlTemplate\":\"https:\/\/verdadeon.com.br\/portal\/?s={search_term_string}\"},\"query-input\":{\"@type\":\"PropertyValueSpecification\",\"valueRequired\":true,\"valueName\":\"search_term_string\"}}],\"inLanguage\":\"pt-BR\"},{\"@type\":\"Person\",\"@id\":\"https:\/\/verdadeon.com.br\/portal\/#\/schema\/person\/8994718f49ee62ba5610471e29ca1f62\",\"name\":\"Fernando Calixto\",\"image\":{\"@type\":\"ImageObject\",\"inLanguage\":\"pt-BR\",\"@id\":\"https:\/\/verdadeon.com.br\/portal\/#\/schema\/person\/image\/\",\"url\":\"https:\/\/secure.gravatar.com\/avatar\/7578910c24966c0316c340f9dbd601e93ee9f9212e1033968b367af9306bd9fb?s=96&d=mm&r=g\",\"contentUrl\":\"https:\/\/secure.gravatar.com\/avatar\/7578910c24966c0316c340f9dbd601e93ee9f9212e1033968b367af9306bd9fb?s=96&d=mm&r=g\",\"caption\":\"Fernando Calixto\"},\"url\":\"https:\/\/verdadeon.com.br\/portal\/author\/fernando-calixto\/\"}]}<\/script>\n<!-- \/ Yoast SEO plugin. -->","yoast_head_json":{"title":"Prefeitura mistura pacientes que ser\u00e3o vacinados, com suspeitos de contamina\u00e7\u00e3o pela Covid - VerdadeOn","robots":{"index":"index","follow":"follow","max-snippet":"max-snippet:-1","max-image-preview":"max-image-preview:large","max-video-preview":"max-video-preview:-1"},"canonical":"https:\/\/verdadeon.com.br\/portal\/2021\/06\/08\/prefeitura-mistura-pacientes-que-serao-vacinados-com-suspeitos-de-contaminacao-pela-covid\/","og_locale":"pt_BR","og_type":"article","og_title":"Prefeitura mistura pacientes que ser\u00e3o vacinados, com suspeitos de contamina\u00e7\u00e3o pela Covid - VerdadeOn","og_description":"Leitores do Jornal Verdade reclamaram na manh\u00e3 desta ter\u00e7a feira (8), que pacientes com suspeita de contamina\u00e7\u00e3o pela Covid-19, est\u00e3o dividindo o mesmo espa\u00e7o com pessoas [\u2026]","og_url":"https:\/\/verdadeon.com.br\/portal\/2021\/06\/08\/prefeitura-mistura-pacientes-que-serao-vacinados-com-suspeitos-de-contaminacao-pela-covid\/","og_site_name":"VerdadeOn","article_published_time":"2021-06-08T14:27:50+00:00","og_image":[{"width":1000,"height":670,"url":"https:\/\/verdadeon.com.br\/portal\/wp-content\/uploads\/2021\/06\/WhatsApp-Image-2021-06-08-at-11.18.39-1.jpeg","type":"image\/jpeg"}],"author":"Fernando Calixto","twitter_card":"summary_large_image","twitter_misc":{"Escrito por":"Fernando Calixto","Est. tempo de leitura":"1 minuto"},"schema":{"@context":"https:\/\/schema.org","@graph":[{"@type":"WebPage","@id":"https:\/\/verdadeon.com.br\/portal\/2021\/06\/08\/prefeitura-mistura-pacientes-que-serao-vacinados-com-suspeitos-de-contaminacao-pela-covid\/","url":"https:\/\/verdadeon.com.br\/portal\/2021\/06\/08\/prefeitura-mistura-pacientes-que-serao-vacinados-com-suspeitos-de-contaminacao-pela-covid\/","name":"Prefeitura mistura pacientes que ser\u00e3o vacinados, com suspeitos de contamina\u00e7\u00e3o pela Covid - VerdadeOn","isPartOf":{"@id":"https:\/\/verdadeon.com.br\/portal\/#website"},"primaryImageOfPage":{"@id":"https:\/\/verdadeon.com.br\/portal\/2021\/06\/08\/prefeitura-mistura-pacientes-que-serao-vacinados-com-suspeitos-de-contaminacao-pela-covid\/#primaryimage"},"image":{"@id":"https:\/\/verdadeon.com.br\/portal\/2021\/06\/08\/prefeitura-mistura-pacientes-que-serao-vacinados-com-suspeitos-de-contaminacao-pela-covid\/#primaryimage"},"thumbnailUrl":"https:\/\/i0.wp.com\/verdadeon.com.br\/portal\/wp-content\/uploads\/2021\/06\/WhatsApp-Image-2021-06-08-at-11.18.39-1.jpeg?fit=1000%2C670&ssl=1","datePublished":"2021-06-08T14:27:50+00:00","author":{"@id":"https:\/\/verdadeon.com.br\/portal\/#\/schema\/person\/8994718f49ee62ba5610471e29ca1f62"},"breadcrumb":{"@id":"https:\/\/verdadeon.com.br\/portal\/2021\/06\/08\/prefeitura-mistura-pacientes-que-serao-vacinados-com-suspeitos-de-contaminacao-pela-covid\/#breadcrumb"},"inLanguage":"pt-BR","potentialAction":[{"@type":"ReadAction","target":["https:\/\/verdadeon.com.br\/portal\/2021\/06\/08\/prefeitura-mistura-pacientes-que-serao-vacinados-com-suspeitos-de-contaminacao-pela-covid\/"]}]},{"@type":"ImageObject","inLanguage":"pt-BR","@id":"https:\/\/verdadeon.com.br\/portal\/2021\/06\/08\/prefeitura-mistura-pacientes-que-serao-vacinados-com-suspeitos-de-contaminacao-pela-covid\/#primaryimage","url":"https:\/\/i0.wp.com\/verdadeon.com.br\/portal\/wp-content\/uploads\/2021\/06\/WhatsApp-Image-2021-06-08-at-11.18.39-1.jpeg?fit=1000%2C670&ssl=1","contentUrl":"https:\/\/i0.wp.com\/verdadeon.com.br\/portal\/wp-content\/uploads\/2021\/06\/WhatsApp-Image-2021-06-08-at-11.18.39-1.jpeg?fit=1000%2C670&ssl=1","width":1000,"height":670,"caption":"Pessoas que aguardam para serem imunizadas e por teste do Covid no mesmo lugar"},{"@type":"BreadcrumbList","@id":"https:\/\/verdadeon.com.br\/portal\/2021\/06\/08\/prefeitura-mistura-pacientes-que-serao-vacinados-com-suspeitos-de-contaminacao-pela-covid\/#breadcrumb","itemListElement":[{"@type":"ListItem","position":1,"name":"In\u00edcio","item":"https:\/\/verdadeon.com.br\/portal\/"},{"@type":"ListItem","position":2,"name":"Prefeitura mistura pacientes que ser\u00e3o vacinados, com suspeitos de contamina\u00e7\u00e3o pela Covid"}]},{"@type":"WebSite","@id":"https:\/\/verdadeon.com.br\/portal\/#website","url":"https:\/\/verdadeon.com.br\/portal\/","name":"VerdadeOn","description":"Not\u00edcias di\u00e1rias sobre Franca, Regi\u00e3o, Esporte, Cultura, Cotidiano, Colunas. Cobertura nos principais eventos da cidade \u00e9 aqui - Verdadeon Franca","potentialAction":[{"@type":"SearchAction","target":{"@type":"EntryPoint","urlTemplate":"https:\/\/verdadeon.com.br\/portal\/?s={search_term_string}"},"query-input":{"@type":"PropertyValueSpecification","valueRequired":true,"valueName":"search_term_string"}}],"inLanguage":"pt-BR"},{"@type":"Person","@id":"https:\/\/verdadeon.com.br\/portal\/#\/schema\/person\/8994718f49ee62ba5610471e29ca1f62","name":"Fernando Calixto","image":{"@type":"ImageObject","inLanguage":"pt-BR","@id":"https:\/\/verdadeon.com.br\/portal\/#\/schema\/person\/image\/","url":"https:\/\/secure.gravatar.com\/avatar\/7578910c24966c0316c340f9dbd601e93ee9f9212e1033968b367af9306bd9fb?s=96&d=mm&r=g","contentUrl":"https:\/\/secure.gravatar.com\/avatar\/7578910c24966c0316c340f9dbd601e93ee9f9212e1033968b367af9306bd9fb?s=96&d=mm&r=g","caption":"Fernando Calixto"},"url":"https:\/\/verdadeon.com.br\/portal\/author\/fernando-calixto\/"}]}},"jetpack_publicize_connections":[],"jetpack_featured_media_url":"https:\/\/i0.wp.com\/verdadeon.com.br\/portal\/wp-content\/uploads\/2021\/06\/WhatsApp-Image-2021-06-08-at-11.18.39-1.jpeg?fit=1000%2C670&ssl=1","jetpack_sharing_enabled":true,"_links":{"self":[{"href":"https:\/\/verdadeon.com.br\/portal\/wp-json\/wp\/v2\/posts\/17155","targetHints":{"allow":["GET"]}}],"collection":[{"href":"https:\/\/verdadeon.com.br\/portal\/wp-json\/wp\/v2\/posts"}],"about":[{"href":"https:\/\/verdadeon.com.br\/portal\/wp-json\/wp\/v2\/types\/post"}],"author":[{"embeddable":true,"href":"https:\/\/verdadeon.com.br\/portal\/wp-json\/wp\/v2\/users\/4"}],"replies":[{"embeddable":true,"href":"https:\/\/verdadeon.com.br\/portal\/wp-json\/wp\/v2\/comments?post=17155"}],"version-history":[{"count":0,"href":"https:\/\/verdadeon.com.br\/portal\/wp-json\/wp\/v2\/posts\/17155\/revisions"}],"wp:featuredmedia":[{"embeddable":true,"href":"https:\/\/verdadeon.com.br\/portal\/wp-json\/wp\/v2\/media\/17157"}],"wp:attachment":[{"href":"https:\/\/verdadeon.com.br\/portal\/wp-json\/wp\/v2\/media?parent=17155"}],"wp:term":[{"taxonomy":"category","embeddable":true,"href":"https:\/\/verdadeon.com.br\/portal\/wp-json\/wp\/v2\/categories?post=17155"},{"taxonomy":"post_tag","embeddable":true,"href":"https:\/\/verdadeon.com.br\/portal\/wp-json\/wp\/v2\/tags?post=17155"}],"curies":[{"name":"wp","href":"https:\/\/api.w.org\/{rel}","templated":true}]}}