{"id":17147,"date":"2021-06-07T20:00:41","date_gmt":"2021-06-07T23:00:41","guid":{"rendered":"https:\/\/verdadeon.com.br\/portal\/?p=17147"},"modified":"2021-06-07T18:19:32","modified_gmt":"2021-06-07T21:19:32","slug":"ipem-sp-alerta-sobre-cuidados-na-compra-de-presentes-para-o-dia-dos-namorados","status":"publish","type":"post","link":"https:\/\/verdadeon.com.br\/portal\/2021\/06\/07\/ipem-sp-alerta-sobre-cuidados-na-compra-de-presentes-para-o-dia-dos-namorados\/","title":{"rendered":"Ipem SP alerta sobre cuidados na compra de presentes para o Dia dos Namorados"},"content":{"rendered":"<h2>Itens de vestu\u00e1rio, bichos de pel\u00facia, preservativos e eletrodom\u00e9sticos merecem aten\u00e7\u00e3o do consumidor<\/h2>\n<p>A semana que antecede o Dia dos\u00a0Namorados\u00a0\u00e9 uma \u00e9poca\u00a0em que os comerciantes esperam um crescimento na venda de determinados produtos. Itens t\u00eaxteis, principalmente roupas, s\u00e3o, em geral, a escolha de v\u00e1rios casais na hora de presentear. No entanto, bichos de pel\u00facia e eletrodom\u00e9sticos tamb\u00e9m devem ser alvo de aten\u00e7\u00e3o durante a compra.<\/p>\n<p><span style=\"font-style: inherit; font-weight: inherit;\">No caso dos produtos t\u00eaxteis, inclusive, pe\u00e7as \u00edntimas, as alergias s\u00e3o apenas alguns dos problemas ocasionados por produtos inadequados. Por este motivo, o\u00a0Ipem-SP (Instituto de Pesos e Medidas do Estado de S\u00e3o Paulo), autarquia do Governo do Estado, vinculada \u00e0 Secretaria da Justi\u00e7a, e \u00f3rg\u00e3o delegado do Inmetro,\u00a0que tem como objetivo defender o consumidor,\u00a0alerta sobre os cuidados necess\u00e1rios na compra destes itens.<\/span><\/p>\n<p>As informa\u00e7\u00f5es contidas na etiqueta s\u00e3o fundamentais e precisam seguir crit\u00e9rios espec\u00edficos. Devem conter\u00a0as informa\u00e7\u00f5es\u00a0em portugu\u00eas sobre o fabricante ou importador, incluindo CNPJ e o pa\u00eds de origem. Al\u00e9m disso, tamb\u00e9m \u00e9 necess\u00e1rio identificar a composi\u00e7\u00e3o t\u00eaxtil, o tamanho e os s\u00edmbolos de cuidados com a conserva\u00e7\u00e3o.<\/p>\n<p><span style=\"font-style: inherit; font-weight: inherit;\">Para a composi\u00e7\u00e3o t\u00eaxtil, vale a pena ressaltar que todos os tipos de filamentos utilizados para a produ\u00e7\u00e3o da pe\u00e7a devem estar mencionados com a\u00a0indica\u00e7\u00e3o\u00a0percentual de cada um deles (70% algod\u00e3o e 30% poli\u00e9ster, por exemplo). Entretanto, \u00e9 proibido o uso dos nomes das marcas comerciais ou em ingl\u00eas (como nylon, popeline, lycra, lurex e rayon).<\/span><\/p>\n<p><span style=\"font-style: inherit; font-weight: inherit;\">A etiqueta tamb\u00e9m deve conter elementos de orienta\u00e7\u00e3o para a conserva\u00e7\u00e3o e tratamento do produto.\u00a0E\u00a0podem ser indicadas atrav\u00e9s de\u00a0s\u00edmbolos ou textos e devem seguir a sequ\u00eancia correta de utiliza\u00e7\u00e3o do produto, como lavagem, alvejamento, secagem, passadoria (ferro de passar) e limpeza profissional (lavagem a seco).<\/span><\/p>\n<p><span style=\"font-style: inherit; font-weight: inherit;\">O tamanho das pe\u00e7as de vestu\u00e1rio pode ser indicado por numera\u00e7\u00e3o ou letras (38, 40, 42; P, M, G). Vale destacar\u00a0que se os produtos\u00a0forem embalados hermeticamente\u00a0e\u00a0isto dificultar\u00a0a\u00a0visualiza\u00e7\u00e3o das informa\u00e7\u00f5es,\u00a0a embalagem deve apresentar, pelo\u00a0menos, a composi\u00e7\u00e3o t\u00eaxtil, pais de origem e tamanho, e quando\u00a0apresentar mais de uma\u00a0unidade deve ser informado\u00a0o n\u00famero de unidades e a impossibilidade\u00a0de serem vendidos separadamente.<\/span><\/p>\n<p><strong><span style=\"font-style: inherit;\">Bichos de pel\u00facia\u00a0<\/span><\/strong><\/p>\n<p><span style=\"font-style: inherit; font-weight: inherit;\">N\u00e3o compre no com\u00e9rcio informal, pois n\u00e3o h\u00e1 garantia de proced\u00eancia. Produtos falsificados ou fabricados em ind\u00fastrias clandestinas podem n\u00e3o atender \u00e0s condi\u00e7\u00f5es m\u00ednimas de seguran\u00e7a, especialmente em rela\u00e7\u00e3o \u00e0 toxicidade do material usado na fabrica\u00e7\u00e3o, conter partes pequenas e bordas cortantes. A fiscaliza\u00e7\u00e3o do com\u00e9rcio informal \u00e9 de compet\u00eancia da Pol\u00edcia Federal, n\u00e3o do Inmetro, \u00f3rg\u00e3o na qual o Ipem-SP \u00e9 delegado no estado de S\u00e3o Paulo.<\/span><\/p>\n<p><span style=\"font-style: inherit; font-weight: inherit;\">Compre somente brinquedos que contenham o Selo do Inmetro, sejam nacionais ou importados. O selo deve estar sempre vis\u00edvel, impresso na embalagem, gravado ou numa etiqueta afixada no produto, e deve conter a marca do Inmetro e o logotipo do organismo acreditado pelo Inmetro que o certificou.<\/span><\/p>\n<p><strong><span style=\"font-style: inherit;\">Eletrodom\u00e9sticos\u00a0<\/span><\/strong><\/p>\n<p><span style=\"font-style: inherit; font-weight: inherit;\">Cerca de 190 tipos de eletrodom\u00e9sticos devem ostentar o selo do Inmetro no produto ou na embalagem, atestando que foram avaliados quanto \u00e0 seguran\u00e7a. Isso inclui alguns campe\u00f5es de venda, como secadores e pranchas de cabelo, torradeiras, sanduicheiras, fornos el\u00e9tricos etc.<\/span><\/p>\n<p><span style=\"font-style: inherit; font-weight: inherit;\">Aten\u00e7\u00e3o ao verificar se h\u00e1 a etiqueta de efici\u00eancia energ\u00e9tica. Alguns produtos, al\u00e9m de terem a seguran\u00e7a avaliada, tamb\u00e9m devem apresentar a Etiqueta Nacional de Conserva\u00e7\u00e3o de Energia, informando sobre a efici\u00eancia energ\u00e9tica e o consumo de energia. \u00c9 o caso de geladeiras, televisores, fornos de micro-ondas, dentre outros. Prefira sempre os produtos com classifica\u00e7\u00e3o \u201cA\u201d, assim voc\u00ea contribui para o consumo sustent\u00e1vel de energia e economiza dinheiro na conta de luz. Eletrodom\u00e9stico novo e conta de luz mais barata s\u00e3o quase dois presentes.<\/span><\/p>\n<p><span style=\"font-style: inherit; font-weight: inherit;\">\u00c9 importante observar se o produto possui o Selo Ru\u00eddo. Ele informa a pot\u00eancia sonora em decib\u00e9is e classifica os aparelhos de 1 (mais silencioso) a 5 (menos silencioso) e deve estar colado na embalagem.<\/span><\/p>\n<p><span style=\"font-style: inherit; font-weight: inherit;\">O Inmetro alerta sobre a aten\u00e7\u00e3o para as compras feitas pela internet.<\/span><\/p>\n<p><span style=\"font-style: inherit; font-weight: inherit;\">1) N\u00e3o \u00e9 obrigat\u00f3rio o site mostrar os Selos e\/ou a Etiqueta, mas as informa\u00e7\u00f5es contidas neles devem ser apresentadas de forma clara no momento da compra.<\/span><\/p>\n<p><span style=\"font-style: inherit; font-weight: inherit;\">2) Confirme, sempre que poss\u00edvel, os prazos de entrega, pois em fun\u00e7\u00e3o da pandemia eles t\u00eam sofrido altera\u00e7\u00e3o e alguns sites ainda n\u00e3o atualizaram essas informa\u00e7\u00f5es.<\/span><\/p>\n","protected":false},"excerpt":{"rendered":"<p>Itens de vestu\u00e1rio, bichos de pel\u00facia, preservativos e eletrodom\u00e9sticos merecem aten\u00e7\u00e3o do consumidor A semana que antecede o Dia dos\u00a0Namorados\u00a0\u00e9 uma \u00e9poca\u00a0em que os comerciantes esperam<span class=\"excerpt-hellip\"> [\u2026]<\/span><\/p>\n","protected":false},"author":7,"featured_media":6663,"comment_status":"open","ping_status":"open","sticky":false,"template":"","format":"standard","meta":{"_jetpack_memberships_contains_paid_content":false,"footnotes":"","jetpack_publicize_message":"","jetpack_publicize_feature_enabled":true,"jetpack_social_post_already_shared":false,"jetpack_social_options":{"image_generator_settings":{"template":"highway","default_image_id":0,"enabled":false},"version":2}},"categories":[28,44],"tags":[],"class_list":["post-17147","post","type-post","status-publish","format-standard","has-post-thumbnail","hentry","category-cotidiano","category-noticias"],"yoast_head":"<!-- This site is optimized with the Yoast SEO plugin v25.6 - https:\/\/yoast.com\/wordpress\/plugins\/seo\/ -->\n<title>Ipem SP alerta sobre cuidados na compra de presentes para o Dia dos Namorados - VerdadeOn<\/title>\n<meta name=\"robots\" content=\"index, follow, max-snippet:-1, max-image-preview:large, max-video-preview:-1\" \/>\n<link rel=\"canonical\" href=\"https:\/\/verdadeon.com.br\/portal\/2021\/06\/07\/ipem-sp-alerta-sobre-cuidados-na-compra-de-presentes-para-o-dia-dos-namorados\/\" \/>\n<meta property=\"og:locale\" content=\"pt_BR\" \/>\n<meta property=\"og:type\" content=\"article\" \/>\n<meta property=\"og:title\" content=\"Ipem SP alerta sobre cuidados na compra de presentes para o Dia dos Namorados - VerdadeOn\" \/>\n<meta property=\"og:description\" content=\"Itens de vestu\u00e1rio, bichos de pel\u00facia, preservativos e eletrodom\u00e9sticos merecem aten\u00e7\u00e3o do consumidor A semana que antecede o Dia dos\u00a0Namorados\u00a0\u00e9 uma \u00e9poca\u00a0em que os comerciantes esperam [\u2026]\" \/>\n<meta property=\"og:url\" content=\"https:\/\/verdadeon.com.br\/portal\/2021\/06\/07\/ipem-sp-alerta-sobre-cuidados-na-compra-de-presentes-para-o-dia-dos-namorados\/\" \/>\n<meta property=\"og:site_name\" content=\"VerdadeOn\" \/>\n<meta property=\"article:published_time\" content=\"2021-06-07T23:00:41+00:00\" \/>\n<meta property=\"og:image\" content=\"https:\/\/verdadeon.com.br\/portal\/wp-content\/uploads\/2020\/04\/mca_abr_2407182206.jpg\" \/>\n\t<meta property=\"og:image:width\" content=\"1000\" \/>\n\t<meta property=\"og:image:height\" content=\"670\" \/>\n\t<meta property=\"og:image:type\" content=\"image\/jpeg\" \/>\n<meta name=\"author\" content=\"Fernando Lima\" \/>\n<meta name=\"twitter:card\" content=\"summary_large_image\" \/>\n<meta name=\"twitter:label1\" content=\"Escrito por\" \/>\n\t<meta name=\"twitter:data1\" content=\"Fernando Lima\" \/>\n\t<meta name=\"twitter:label2\" content=\"Est. tempo de leitura\" \/>\n\t<meta name=\"twitter:data2\" content=\"4 minutos\" \/>\n<script type=\"application\/ld+json\" class=\"yoast-schema-graph\">{\"@context\":\"https:\/\/schema.org\",\"@graph\":[{\"@type\":\"WebPage\",\"@id\":\"https:\/\/verdadeon.com.br\/portal\/2021\/06\/07\/ipem-sp-alerta-sobre-cuidados-na-compra-de-presentes-para-o-dia-dos-namorados\/\",\"url\":\"https:\/\/verdadeon.com.br\/portal\/2021\/06\/07\/ipem-sp-alerta-sobre-cuidados-na-compra-de-presentes-para-o-dia-dos-namorados\/\",\"name\":\"Ipem SP alerta sobre cuidados na compra de presentes para o Dia dos Namorados - VerdadeOn\",\"isPartOf\":{\"@id\":\"https:\/\/verdadeon.com.br\/portal\/#website\"},\"primaryImageOfPage\":{\"@id\":\"https:\/\/verdadeon.com.br\/portal\/2021\/06\/07\/ipem-sp-alerta-sobre-cuidados-na-compra-de-presentes-para-o-dia-dos-namorados\/#primaryimage\"},\"image\":{\"@id\":\"https:\/\/verdadeon.com.br\/portal\/2021\/06\/07\/ipem-sp-alerta-sobre-cuidados-na-compra-de-presentes-para-o-dia-dos-namorados\/#primaryimage\"},\"thumbnailUrl\":\"https:\/\/i0.wp.com\/verdadeon.com.br\/portal\/wp-content\/uploads\/2020\/04\/mca_abr_2407182206.jpg?fit=1000%2C670&ssl=1\",\"datePublished\":\"2021-06-07T23:00:41+00:00\",\"author\":{\"@id\":\"https:\/\/verdadeon.com.br\/portal\/#\/schema\/person\/cc32be22b8e8599387c480bc83e1d11a\"},\"breadcrumb\":{\"@id\":\"https:\/\/verdadeon.com.br\/portal\/2021\/06\/07\/ipem-sp-alerta-sobre-cuidados-na-compra-de-presentes-para-o-dia-dos-namorados\/#breadcrumb\"},\"inLanguage\":\"pt-BR\",\"potentialAction\":[{\"@type\":\"ReadAction\",\"target\":[\"https:\/\/verdadeon.com.br\/portal\/2021\/06\/07\/ipem-sp-alerta-sobre-cuidados-na-compra-de-presentes-para-o-dia-dos-namorados\/\"]}]},{\"@type\":\"ImageObject\",\"inLanguage\":\"pt-BR\",\"@id\":\"https:\/\/verdadeon.com.br\/portal\/2021\/06\/07\/ipem-sp-alerta-sobre-cuidados-na-compra-de-presentes-para-o-dia-dos-namorados\/#primaryimage\",\"url\":\"https:\/\/i0.wp.com\/verdadeon.com.br\/portal\/wp-content\/uploads\/2020\/04\/mca_abr_2407182206.jpg?fit=1000%2C670&ssl=1\",\"contentUrl\":\"https:\/\/i0.wp.com\/verdadeon.com.br\/portal\/wp-content\/uploads\/2020\/04\/mca_abr_2407182206.jpg?fit=1000%2C670&ssl=1\",\"width\":1000,\"height\":670,\"caption\":\"Ipem tamb\u00e9m alertou sobre os cuidados com as compras realizadas pela internet | Foto: Divulga\u00e7\u00e3o\"},{\"@type\":\"BreadcrumbList\",\"@id\":\"https:\/\/verdadeon.com.br\/portal\/2021\/06\/07\/ipem-sp-alerta-sobre-cuidados-na-compra-de-presentes-para-o-dia-dos-namorados\/#breadcrumb\",\"itemListElement\":[{\"@type\":\"ListItem\",\"position\":1,\"name\":\"In\u00edcio\",\"item\":\"https:\/\/verdadeon.com.br\/portal\/\"},{\"@type\":\"ListItem\",\"position\":2,\"name\":\"Ipem SP alerta sobre cuidados na compra de presentes para o Dia dos Namorados\"}]},{\"@type\":\"WebSite\",\"@id\":\"https:\/\/verdadeon.com.br\/portal\/#website\",\"url\":\"https:\/\/verdadeon.com.br\/portal\/\",\"name\":\"VerdadeOn\",\"description\":\"Not\u00edcias di\u00e1rias sobre Franca, Regi\u00e3o, Esporte, Cultura, Cotidiano, Colunas. Cobertura nos principais eventos da cidade \u00e9 aqui - Verdadeon Franca\",\"potentialAction\":[{\"@type\":\"SearchAction\",\"target\":{\"@type\":\"EntryPoint\",\"urlTemplate\":\"https:\/\/verdadeon.com.br\/portal\/?s={search_term_string}\"},\"query-input\":{\"@type\":\"PropertyValueSpecification\",\"valueRequired\":true,\"valueName\":\"search_term_string\"}}],\"inLanguage\":\"pt-BR\"},{\"@type\":\"Person\",\"@id\":\"https:\/\/verdadeon.com.br\/portal\/#\/schema\/person\/cc32be22b8e8599387c480bc83e1d11a\",\"name\":\"Fernando Lima\",\"image\":{\"@type\":\"ImageObject\",\"inLanguage\":\"pt-BR\",\"@id\":\"https:\/\/verdadeon.com.br\/portal\/#\/schema\/person\/image\/\",\"url\":\"https:\/\/secure.gravatar.com\/avatar\/df4c8e132080d2b3a4841d5d232045464e0eed11a1d6e43115ca0843d48768d3?s=96&d=mm&r=g\",\"contentUrl\":\"https:\/\/secure.gravatar.com\/avatar\/df4c8e132080d2b3a4841d5d232045464e0eed11a1d6e43115ca0843d48768d3?s=96&d=mm&r=g\",\"caption\":\"Fernando Lima\"},\"sameAs\":[\"http:\/\/verdadeon.com.br\/\"],\"url\":\"https:\/\/verdadeon.com.br\/portal\/author\/fernando-lima\/\"}]}<\/script>\n<!-- \/ Yoast SEO plugin. -->","yoast_head_json":{"title":"Ipem SP alerta sobre cuidados na compra de presentes para o Dia dos Namorados - VerdadeOn","robots":{"index":"index","follow":"follow","max-snippet":"max-snippet:-1","max-image-preview":"max-image-preview:large","max-video-preview":"max-video-preview:-1"},"canonical":"https:\/\/verdadeon.com.br\/portal\/2021\/06\/07\/ipem-sp-alerta-sobre-cuidados-na-compra-de-presentes-para-o-dia-dos-namorados\/","og_locale":"pt_BR","og_type":"article","og_title":"Ipem SP alerta sobre cuidados na compra de presentes para o Dia dos Namorados - VerdadeOn","og_description":"Itens de vestu\u00e1rio, bichos de pel\u00facia, preservativos e eletrodom\u00e9sticos merecem aten\u00e7\u00e3o do consumidor A semana que antecede o Dia dos\u00a0Namorados\u00a0\u00e9 uma \u00e9poca\u00a0em que os comerciantes esperam [\u2026]","og_url":"https:\/\/verdadeon.com.br\/portal\/2021\/06\/07\/ipem-sp-alerta-sobre-cuidados-na-compra-de-presentes-para-o-dia-dos-namorados\/","og_site_name":"VerdadeOn","article_published_time":"2021-06-07T23:00:41+00:00","og_image":[{"width":1000,"height":670,"url":"https:\/\/verdadeon.com.br\/portal\/wp-content\/uploads\/2020\/04\/mca_abr_2407182206.jpg","type":"image\/jpeg"}],"author":"Fernando Lima","twitter_card":"summary_large_image","twitter_misc":{"Escrito por":"Fernando Lima","Est. tempo de leitura":"4 minutos"},"schema":{"@context":"https:\/\/schema.org","@graph":[{"@type":"WebPage","@id":"https:\/\/verdadeon.com.br\/portal\/2021\/06\/07\/ipem-sp-alerta-sobre-cuidados-na-compra-de-presentes-para-o-dia-dos-namorados\/","url":"https:\/\/verdadeon.com.br\/portal\/2021\/06\/07\/ipem-sp-alerta-sobre-cuidados-na-compra-de-presentes-para-o-dia-dos-namorados\/","name":"Ipem SP alerta sobre cuidados na compra de presentes para o Dia dos Namorados - VerdadeOn","isPartOf":{"@id":"https:\/\/verdadeon.com.br\/portal\/#website"},"primaryImageOfPage":{"@id":"https:\/\/verdadeon.com.br\/portal\/2021\/06\/07\/ipem-sp-alerta-sobre-cuidados-na-compra-de-presentes-para-o-dia-dos-namorados\/#primaryimage"},"image":{"@id":"https:\/\/verdadeon.com.br\/portal\/2021\/06\/07\/ipem-sp-alerta-sobre-cuidados-na-compra-de-presentes-para-o-dia-dos-namorados\/#primaryimage"},"thumbnailUrl":"https:\/\/i0.wp.com\/verdadeon.com.br\/portal\/wp-content\/uploads\/2020\/04\/mca_abr_2407182206.jpg?fit=1000%2C670&ssl=1","datePublished":"2021-06-07T23:00:41+00:00","author":{"@id":"https:\/\/verdadeon.com.br\/portal\/#\/schema\/person\/cc32be22b8e8599387c480bc83e1d11a"},"breadcrumb":{"@id":"https:\/\/verdadeon.com.br\/portal\/2021\/06\/07\/ipem-sp-alerta-sobre-cuidados-na-compra-de-presentes-para-o-dia-dos-namorados\/#breadcrumb"},"inLanguage":"pt-BR","potentialAction":[{"@type":"ReadAction","target":["https:\/\/verdadeon.com.br\/portal\/2021\/06\/07\/ipem-sp-alerta-sobre-cuidados-na-compra-de-presentes-para-o-dia-dos-namorados\/"]}]},{"@type":"ImageObject","inLanguage":"pt-BR","@id":"https:\/\/verdadeon.com.br\/portal\/2021\/06\/07\/ipem-sp-alerta-sobre-cuidados-na-compra-de-presentes-para-o-dia-dos-namorados\/#primaryimage","url":"https:\/\/i0.wp.com\/verdadeon.com.br\/portal\/wp-content\/uploads\/2020\/04\/mca_abr_2407182206.jpg?fit=1000%2C670&ssl=1","contentUrl":"https:\/\/i0.wp.com\/verdadeon.com.br\/portal\/wp-content\/uploads\/2020\/04\/mca_abr_2407182206.jpg?fit=1000%2C670&ssl=1","width":1000,"height":670,"caption":"Ipem tamb\u00e9m alertou sobre os cuidados com as compras realizadas pela internet | Foto: Divulga\u00e7\u00e3o"},{"@type":"BreadcrumbList","@id":"https:\/\/verdadeon.com.br\/portal\/2021\/06\/07\/ipem-sp-alerta-sobre-cuidados-na-compra-de-presentes-para-o-dia-dos-namorados\/#breadcrumb","itemListElement":[{"@type":"ListItem","position":1,"name":"In\u00edcio","item":"https:\/\/verdadeon.com.br\/portal\/"},{"@type":"ListItem","position":2,"name":"Ipem SP alerta sobre cuidados na compra de presentes para o Dia dos Namorados"}]},{"@type":"WebSite","@id":"https:\/\/verdadeon.com.br\/portal\/#website","url":"https:\/\/verdadeon.com.br\/portal\/","name":"VerdadeOn","description":"Not\u00edcias di\u00e1rias sobre Franca, Regi\u00e3o, Esporte, Cultura, Cotidiano, Colunas. Cobertura nos principais eventos da cidade \u00e9 aqui - Verdadeon Franca","potentialAction":[{"@type":"SearchAction","target":{"@type":"EntryPoint","urlTemplate":"https:\/\/verdadeon.com.br\/portal\/?s={search_term_string}"},"query-input":{"@type":"PropertyValueSpecification","valueRequired":true,"valueName":"search_term_string"}}],"inLanguage":"pt-BR"},{"@type":"Person","@id":"https:\/\/verdadeon.com.br\/portal\/#\/schema\/person\/cc32be22b8e8599387c480bc83e1d11a","name":"Fernando Lima","image":{"@type":"ImageObject","inLanguage":"pt-BR","@id":"https:\/\/verdadeon.com.br\/portal\/#\/schema\/person\/image\/","url":"https:\/\/secure.gravatar.com\/avatar\/df4c8e132080d2b3a4841d5d232045464e0eed11a1d6e43115ca0843d48768d3?s=96&d=mm&r=g","contentUrl":"https:\/\/secure.gravatar.com\/avatar\/df4c8e132080d2b3a4841d5d232045464e0eed11a1d6e43115ca0843d48768d3?s=96&d=mm&r=g","caption":"Fernando Lima"},"sameAs":["http:\/\/verdadeon.com.br\/"],"url":"https:\/\/verdadeon.com.br\/portal\/author\/fernando-lima\/"}]}},"jetpack_publicize_connections":[],"jetpack_featured_media_url":"https:\/\/i0.wp.com\/verdadeon.com.br\/portal\/wp-content\/uploads\/2020\/04\/mca_abr_2407182206.jpg?fit=1000%2C670&ssl=1","jetpack_sharing_enabled":true,"_links":{"self":[{"href":"https:\/\/verdadeon.com.br\/portal\/wp-json\/wp\/v2\/posts\/17147","targetHints":{"allow":["GET"]}}],"collection":[{"href":"https:\/\/verdadeon.com.br\/portal\/wp-json\/wp\/v2\/posts"}],"about":[{"href":"https:\/\/verdadeon.com.br\/portal\/wp-json\/wp\/v2\/types\/post"}],"author":[{"embeddable":true,"href":"https:\/\/verdadeon.com.br\/portal\/wp-json\/wp\/v2\/users\/7"}],"replies":[{"embeddable":true,"href":"https:\/\/verdadeon.com.br\/portal\/wp-json\/wp\/v2\/comments?post=17147"}],"version-history":[{"count":0,"href":"https:\/\/verdadeon.com.br\/portal\/wp-json\/wp\/v2\/posts\/17147\/revisions"}],"wp:featuredmedia":[{"embeddable":true,"href":"https:\/\/verdadeon.com.br\/portal\/wp-json\/wp\/v2\/media\/6663"}],"wp:attachment":[{"href":"https:\/\/verdadeon.com.br\/portal\/wp-json\/wp\/v2\/media?parent=17147"}],"wp:term":[{"taxonomy":"category","embeddable":true,"href":"https:\/\/verdadeon.com.br\/portal\/wp-json\/wp\/v2\/categories?post=17147"},{"taxonomy":"post_tag","embeddable":true,"href":"https:\/\/verdadeon.com.br\/portal\/wp-json\/wp\/v2\/tags?post=17147"}],"curies":[{"name":"wp","href":"https:\/\/api.w.org\/{rel}","templated":true}]}}