{"id":17143,"date":"2021-06-07T19:00:23","date_gmt":"2021-06-07T22:00:23","guid":{"rendered":"https:\/\/verdadeon.com.br\/portal\/?p=17143"},"modified":"2021-06-07T18:12:58","modified_gmt":"2021-06-07T21:12:58","slug":"fila-para-uti-covid-tem-29-pacientes-em-franca","status":"publish","type":"post","link":"https:\/\/verdadeon.com.br\/portal\/2021\/06\/07\/fila-para-uti-covid-tem-29-pacientes-em-franca\/","title":{"rendered":"Fila para UTI Covid tem 29 pacientes em Franca"},"content":{"rendered":"<h2>Eles seguem regulados pela CROSS no Pronto Socorro Municipal Doutor \u00c1lvaro Azzuz<\/h2>\n<p>Vinte e nove pessoas aguardam transfer\u00eancia para um leito de UTI Covid em Franca, o dado \u00e9 do boletim divulgado pelo polo da covid em Franca, o P.S. \u00c1lvaro Azzuz.<\/p>\n<p>De acordo com o m\u00e9dico Rafael Talarico, no total 58 pacientes seguem no local regulados pelo sistema CROSS, que \u00e9 o de transfer\u00eancia para um hospital de refer\u00eancia \u00e0 covid. Destes, 29 esperam vaga para UTI e outros 29 para um leito de enfermaria. Dentre eles 8 est\u00e3o entubados em leitos de estabiliza\u00e7\u00e3o.<\/p>\n<p>Ainda de acordo com o P.S., 321 pessoas haviam buscado atendimento no P.S. nas \u00faltimas 24h, o n\u00famero \u00e9 o menor em dias. Em boletins anteriores a busca por atendimento chegava a mais de 500 pacientes por dia. Uma explica\u00e7\u00e3o pode ser o fato de que agora, as Unidades B\u00e1sicas de Sa\u00fade da Vila S\u00e3o Sebasti\u00e3o, na zona oeste de Franca, a UBS do Jardim Luiza, na zona norte, e a do Jardim Brasil\u00e2ndia, na zona leste, passaram a atender os casos de s\u00edndromes respirat\u00f3rias, que s\u00e3o os casos suspeitos de contamina\u00e7\u00e3o pela covid.<\/p>\n<p>Os locais passaram at\u00e9 mesmo a realizar teste da covid, mediante pedido m\u00e9dico. O principal objetivo era justamente desafogar o P.S. central, que vivia dias de lota\u00e7\u00e3o m\u00e1xima e capacidade de atendimento esgotada.<\/p>\n<p>As unidades b\u00e1sicas de sa\u00fade v\u00e3o continuar atendendo os casos suspeitos pelo menos at\u00e9 a pr\u00f3xima quinta-feira (10), quando o lockdown termina em Franca.<\/p>\n<h2>Santa Casa<\/h2>\n<p>A Santa Casa de Franca divulgou na tarde desta segunda-feira (7), o boletim do coronav\u00edrus. De acordo com o hospital, dos 37 leitos de UTI existentes no Hospital do Cora\u00e7\u00e3o, todos seguem ocupados, a mesma situa\u00e7\u00e3o se repete no Ambulat\u00f3rio M\u00e9dico de Especialidades (AME), onde os 22 leitos de UTI seguem com pacientes.<\/p>\n<p>Os de enfermaria seguem tamb\u00e9m com 100% de ocupa\u00e7\u00e3o, eles s\u00e3o 24 dispon\u00edveis no H.C., e 3 no AME.<\/p>\n","protected":false},"excerpt":{"rendered":"<p>Eles seguem regulados pela CROSS no Pronto Socorro Municipal Doutor \u00c1lvaro Azzuz Vinte e nove pessoas aguardam transfer\u00eancia para um leito de UTI Covid em Franca,<span class=\"excerpt-hellip\"> [\u2026]<\/span><\/p>\n","protected":false},"author":7,"featured_media":16737,"comment_status":"open","ping_status":"open","sticky":false,"template":"","format":"standard","meta":{"_jetpack_memberships_contains_paid_content":false,"footnotes":"","jetpack_publicize_message":"","jetpack_publicize_feature_enabled":true,"jetpack_social_post_already_shared":false,"jetpack_social_options":{"image_generator_settings":{"template":"highway","default_image_id":0,"enabled":false},"version":2}},"categories":[28,81],"tags":[],"class_list":["post-17143","post","type-post","status-publish","format-standard","has-post-thumbnail","hentry","category-cotidiano","category-manchete"],"yoast_head":"<!-- This site is optimized with the Yoast SEO plugin v25.6 - https:\/\/yoast.com\/wordpress\/plugins\/seo\/ -->\n<title>Fila para UTI Covid tem 29 pacientes em Franca - VerdadeOn<\/title>\n<meta name=\"robots\" content=\"index, follow, max-snippet:-1, max-image-preview:large, max-video-preview:-1\" \/>\n<link rel=\"canonical\" href=\"https:\/\/verdadeon.com.br\/portal\/2021\/06\/07\/fila-para-uti-covid-tem-29-pacientes-em-franca\/\" \/>\n<meta property=\"og:locale\" content=\"pt_BR\" \/>\n<meta property=\"og:type\" content=\"article\" \/>\n<meta property=\"og:title\" content=\"Fila para UTI Covid tem 29 pacientes em Franca - VerdadeOn\" \/>\n<meta property=\"og:description\" content=\"Eles seguem regulados pela CROSS no Pronto Socorro Municipal Doutor \u00c1lvaro Azzuz Vinte e nove pessoas aguardam transfer\u00eancia para um leito de UTI Covid em Franca, [\u2026]\" \/>\n<meta property=\"og:url\" content=\"https:\/\/verdadeon.com.br\/portal\/2021\/06\/07\/fila-para-uti-covid-tem-29-pacientes-em-franca\/\" \/>\n<meta property=\"og:site_name\" content=\"VerdadeOn\" \/>\n<meta property=\"article:published_time\" content=\"2021-06-07T22:00:23+00:00\" \/>\n<meta property=\"og:image\" content=\"https:\/\/verdadeon.com.br\/portal\/wp-content\/uploads\/2021\/05\/ALVARO-AZZUZ-.jpeg\" \/>\n\t<meta property=\"og:image:width\" content=\"1000\" \/>\n\t<meta property=\"og:image:height\" content=\"670\" \/>\n\t<meta property=\"og:image:type\" content=\"image\/jpeg\" \/>\n<meta name=\"author\" content=\"Fernando Lima\" \/>\n<meta name=\"twitter:card\" content=\"summary_large_image\" \/>\n<meta name=\"twitter:label1\" content=\"Escrito por\" \/>\n\t<meta name=\"twitter:data1\" content=\"Fernando Lima\" \/>\n\t<meta name=\"twitter:label2\" content=\"Est. tempo de leitura\" \/>\n\t<meta name=\"twitter:data2\" content=\"2 minutos\" \/>\n<script type=\"application\/ld+json\" class=\"yoast-schema-graph\">{\"@context\":\"https:\/\/schema.org\",\"@graph\":[{\"@type\":\"WebPage\",\"@id\":\"https:\/\/verdadeon.com.br\/portal\/2021\/06\/07\/fila-para-uti-covid-tem-29-pacientes-em-franca\/\",\"url\":\"https:\/\/verdadeon.com.br\/portal\/2021\/06\/07\/fila-para-uti-covid-tem-29-pacientes-em-franca\/\",\"name\":\"Fila para UTI Covid tem 29 pacientes em Franca - VerdadeOn\",\"isPartOf\":{\"@id\":\"https:\/\/verdadeon.com.br\/portal\/#website\"},\"primaryImageOfPage\":{\"@id\":\"https:\/\/verdadeon.com.br\/portal\/2021\/06\/07\/fila-para-uti-covid-tem-29-pacientes-em-franca\/#primaryimage\"},\"image\":{\"@id\":\"https:\/\/verdadeon.com.br\/portal\/2021\/06\/07\/fila-para-uti-covid-tem-29-pacientes-em-franca\/#primaryimage\"},\"thumbnailUrl\":\"https:\/\/i0.wp.com\/verdadeon.com.br\/portal\/wp-content\/uploads\/2021\/05\/ALVARO-AZZUZ-.jpeg?fit=1000%2C670&ssl=1\",\"datePublished\":\"2021-06-07T22:00:23+00:00\",\"author\":{\"@id\":\"https:\/\/verdadeon.com.br\/portal\/#\/schema\/person\/cc32be22b8e8599387c480bc83e1d11a\"},\"breadcrumb\":{\"@id\":\"https:\/\/verdadeon.com.br\/portal\/2021\/06\/07\/fila-para-uti-covid-tem-29-pacientes-em-franca\/#breadcrumb\"},\"inLanguage\":\"pt-BR\",\"potentialAction\":[{\"@type\":\"ReadAction\",\"target\":[\"https:\/\/verdadeon.com.br\/portal\/2021\/06\/07\/fila-para-uti-covid-tem-29-pacientes-em-franca\/\"]}]},{\"@type\":\"ImageObject\",\"inLanguage\":\"pt-BR\",\"@id\":\"https:\/\/verdadeon.com.br\/portal\/2021\/06\/07\/fila-para-uti-covid-tem-29-pacientes-em-franca\/#primaryimage\",\"url\":\"https:\/\/i0.wp.com\/verdadeon.com.br\/portal\/wp-content\/uploads\/2021\/05\/ALVARO-AZZUZ-.jpeg?fit=1000%2C670&ssl=1\",\"contentUrl\":\"https:\/\/i0.wp.com\/verdadeon.com.br\/portal\/wp-content\/uploads\/2021\/05\/ALVARO-AZZUZ-.jpeg?fit=1000%2C670&ssl=1\",\"width\":1000,\"height\":670,\"caption\":\"Faixa do lado de fora do P.S. pede ajuda da popula\u00e7\u00e3o para conter o v\u00edrus na cidade | Foto: Jornal Verdade\"},{\"@type\":\"BreadcrumbList\",\"@id\":\"https:\/\/verdadeon.com.br\/portal\/2021\/06\/07\/fila-para-uti-covid-tem-29-pacientes-em-franca\/#breadcrumb\",\"itemListElement\":[{\"@type\":\"ListItem\",\"position\":1,\"name\":\"In\u00edcio\",\"item\":\"https:\/\/verdadeon.com.br\/portal\/\"},{\"@type\":\"ListItem\",\"position\":2,\"name\":\"Fila para UTI Covid tem 29 pacientes em Franca\"}]},{\"@type\":\"WebSite\",\"@id\":\"https:\/\/verdadeon.com.br\/portal\/#website\",\"url\":\"https:\/\/verdadeon.com.br\/portal\/\",\"name\":\"VerdadeOn\",\"description\":\"Not\u00edcias di\u00e1rias sobre Franca, Regi\u00e3o, Esporte, Cultura, Cotidiano, Colunas. Cobertura nos principais eventos da cidade \u00e9 aqui - Verdadeon Franca\",\"potentialAction\":[{\"@type\":\"SearchAction\",\"target\":{\"@type\":\"EntryPoint\",\"urlTemplate\":\"https:\/\/verdadeon.com.br\/portal\/?s={search_term_string}\"},\"query-input\":{\"@type\":\"PropertyValueSpecification\",\"valueRequired\":true,\"valueName\":\"search_term_string\"}}],\"inLanguage\":\"pt-BR\"},{\"@type\":\"Person\",\"@id\":\"https:\/\/verdadeon.com.br\/portal\/#\/schema\/person\/cc32be22b8e8599387c480bc83e1d11a\",\"name\":\"Fernando Lima\",\"image\":{\"@type\":\"ImageObject\",\"inLanguage\":\"pt-BR\",\"@id\":\"https:\/\/verdadeon.com.br\/portal\/#\/schema\/person\/image\/\",\"url\":\"https:\/\/secure.gravatar.com\/avatar\/df4c8e132080d2b3a4841d5d232045464e0eed11a1d6e43115ca0843d48768d3?s=96&d=mm&r=g\",\"contentUrl\":\"https:\/\/secure.gravatar.com\/avatar\/df4c8e132080d2b3a4841d5d232045464e0eed11a1d6e43115ca0843d48768d3?s=96&d=mm&r=g\",\"caption\":\"Fernando Lima\"},\"sameAs\":[\"http:\/\/verdadeon.com.br\/\"],\"url\":\"https:\/\/verdadeon.com.br\/portal\/author\/fernando-lima\/\"}]}<\/script>\n<!-- \/ Yoast SEO plugin. -->","yoast_head_json":{"title":"Fila para UTI Covid tem 29 pacientes em Franca - VerdadeOn","robots":{"index":"index","follow":"follow","max-snippet":"max-snippet:-1","max-image-preview":"max-image-preview:large","max-video-preview":"max-video-preview:-1"},"canonical":"https:\/\/verdadeon.com.br\/portal\/2021\/06\/07\/fila-para-uti-covid-tem-29-pacientes-em-franca\/","og_locale":"pt_BR","og_type":"article","og_title":"Fila para UTI Covid tem 29 pacientes em Franca - VerdadeOn","og_description":"Eles seguem regulados pela CROSS no Pronto Socorro Municipal Doutor \u00c1lvaro Azzuz Vinte e nove pessoas aguardam transfer\u00eancia para um leito de UTI Covid em Franca, [\u2026]","og_url":"https:\/\/verdadeon.com.br\/portal\/2021\/06\/07\/fila-para-uti-covid-tem-29-pacientes-em-franca\/","og_site_name":"VerdadeOn","article_published_time":"2021-06-07T22:00:23+00:00","og_image":[{"width":1000,"height":670,"url":"https:\/\/verdadeon.com.br\/portal\/wp-content\/uploads\/2021\/05\/ALVARO-AZZUZ-.jpeg","type":"image\/jpeg"}],"author":"Fernando Lima","twitter_card":"summary_large_image","twitter_misc":{"Escrito por":"Fernando Lima","Est. tempo de leitura":"2 minutos"},"schema":{"@context":"https:\/\/schema.org","@graph":[{"@type":"WebPage","@id":"https:\/\/verdadeon.com.br\/portal\/2021\/06\/07\/fila-para-uti-covid-tem-29-pacientes-em-franca\/","url":"https:\/\/verdadeon.com.br\/portal\/2021\/06\/07\/fila-para-uti-covid-tem-29-pacientes-em-franca\/","name":"Fila para UTI Covid tem 29 pacientes em Franca - VerdadeOn","isPartOf":{"@id":"https:\/\/verdadeon.com.br\/portal\/#website"},"primaryImageOfPage":{"@id":"https:\/\/verdadeon.com.br\/portal\/2021\/06\/07\/fila-para-uti-covid-tem-29-pacientes-em-franca\/#primaryimage"},"image":{"@id":"https:\/\/verdadeon.com.br\/portal\/2021\/06\/07\/fila-para-uti-covid-tem-29-pacientes-em-franca\/#primaryimage"},"thumbnailUrl":"https:\/\/i0.wp.com\/verdadeon.com.br\/portal\/wp-content\/uploads\/2021\/05\/ALVARO-AZZUZ-.jpeg?fit=1000%2C670&ssl=1","datePublished":"2021-06-07T22:00:23+00:00","author":{"@id":"https:\/\/verdadeon.com.br\/portal\/#\/schema\/person\/cc32be22b8e8599387c480bc83e1d11a"},"breadcrumb":{"@id":"https:\/\/verdadeon.com.br\/portal\/2021\/06\/07\/fila-para-uti-covid-tem-29-pacientes-em-franca\/#breadcrumb"},"inLanguage":"pt-BR","potentialAction":[{"@type":"ReadAction","target":["https:\/\/verdadeon.com.br\/portal\/2021\/06\/07\/fila-para-uti-covid-tem-29-pacientes-em-franca\/"]}]},{"@type":"ImageObject","inLanguage":"pt-BR","@id":"https:\/\/verdadeon.com.br\/portal\/2021\/06\/07\/fila-para-uti-covid-tem-29-pacientes-em-franca\/#primaryimage","url":"https:\/\/i0.wp.com\/verdadeon.com.br\/portal\/wp-content\/uploads\/2021\/05\/ALVARO-AZZUZ-.jpeg?fit=1000%2C670&ssl=1","contentUrl":"https:\/\/i0.wp.com\/verdadeon.com.br\/portal\/wp-content\/uploads\/2021\/05\/ALVARO-AZZUZ-.jpeg?fit=1000%2C670&ssl=1","width":1000,"height":670,"caption":"Faixa do lado de fora do P.S. pede ajuda da popula\u00e7\u00e3o para conter o v\u00edrus na cidade | Foto: Jornal Verdade"},{"@type":"BreadcrumbList","@id":"https:\/\/verdadeon.com.br\/portal\/2021\/06\/07\/fila-para-uti-covid-tem-29-pacientes-em-franca\/#breadcrumb","itemListElement":[{"@type":"ListItem","position":1,"name":"In\u00edcio","item":"https:\/\/verdadeon.com.br\/portal\/"},{"@type":"ListItem","position":2,"name":"Fila para UTI Covid tem 29 pacientes em Franca"}]},{"@type":"WebSite","@id":"https:\/\/verdadeon.com.br\/portal\/#website","url":"https:\/\/verdadeon.com.br\/portal\/","name":"VerdadeOn","description":"Not\u00edcias di\u00e1rias sobre Franca, Regi\u00e3o, Esporte, Cultura, Cotidiano, Colunas. Cobertura nos principais eventos da cidade \u00e9 aqui - Verdadeon Franca","potentialAction":[{"@type":"SearchAction","target":{"@type":"EntryPoint","urlTemplate":"https:\/\/verdadeon.com.br\/portal\/?s={search_term_string}"},"query-input":{"@type":"PropertyValueSpecification","valueRequired":true,"valueName":"search_term_string"}}],"inLanguage":"pt-BR"},{"@type":"Person","@id":"https:\/\/verdadeon.com.br\/portal\/#\/schema\/person\/cc32be22b8e8599387c480bc83e1d11a","name":"Fernando Lima","image":{"@type":"ImageObject","inLanguage":"pt-BR","@id":"https:\/\/verdadeon.com.br\/portal\/#\/schema\/person\/image\/","url":"https:\/\/secure.gravatar.com\/avatar\/df4c8e132080d2b3a4841d5d232045464e0eed11a1d6e43115ca0843d48768d3?s=96&d=mm&r=g","contentUrl":"https:\/\/secure.gravatar.com\/avatar\/df4c8e132080d2b3a4841d5d232045464e0eed11a1d6e43115ca0843d48768d3?s=96&d=mm&r=g","caption":"Fernando Lima"},"sameAs":["http:\/\/verdadeon.com.br\/"],"url":"https:\/\/verdadeon.com.br\/portal\/author\/fernando-lima\/"}]}},"jetpack_publicize_connections":[],"jetpack_featured_media_url":"https:\/\/i0.wp.com\/verdadeon.com.br\/portal\/wp-content\/uploads\/2021\/05\/ALVARO-AZZUZ-.jpeg?fit=1000%2C670&ssl=1","jetpack_sharing_enabled":true,"_links":{"self":[{"href":"https:\/\/verdadeon.com.br\/portal\/wp-json\/wp\/v2\/posts\/17143","targetHints":{"allow":["GET"]}}],"collection":[{"href":"https:\/\/verdadeon.com.br\/portal\/wp-json\/wp\/v2\/posts"}],"about":[{"href":"https:\/\/verdadeon.com.br\/portal\/wp-json\/wp\/v2\/types\/post"}],"author":[{"embeddable":true,"href":"https:\/\/verdadeon.com.br\/portal\/wp-json\/wp\/v2\/users\/7"}],"replies":[{"embeddable":true,"href":"https:\/\/verdadeon.com.br\/portal\/wp-json\/wp\/v2\/comments?post=17143"}],"version-history":[{"count":0,"href":"https:\/\/verdadeon.com.br\/portal\/wp-json\/wp\/v2\/posts\/17143\/revisions"}],"wp:featuredmedia":[{"embeddable":true,"href":"https:\/\/verdadeon.com.br\/portal\/wp-json\/wp\/v2\/media\/16737"}],"wp:attachment":[{"href":"https:\/\/verdadeon.com.br\/portal\/wp-json\/wp\/v2\/media?parent=17143"}],"wp:term":[{"taxonomy":"category","embeddable":true,"href":"https:\/\/verdadeon.com.br\/portal\/wp-json\/wp\/v2\/categories?post=17143"},{"taxonomy":"post_tag","embeddable":true,"href":"https:\/\/verdadeon.com.br\/portal\/wp-json\/wp\/v2\/tags?post=17143"}],"curies":[{"name":"wp","href":"https:\/\/api.w.org\/{rel}","templated":true}]}}