{"id":17141,"date":"2021-06-07T18:09:12","date_gmt":"2021-06-07T21:09:12","guid":{"rendered":"https:\/\/verdadeon.com.br\/portal\/?p=17141"},"modified":"2021-06-07T18:09:12","modified_gmt":"2021-06-07T21:09:12","slug":"franca-entra-na-reta-final-do-lockdown","status":"publish","type":"post","link":"https:\/\/verdadeon.com.br\/portal\/2021\/06\/07\/franca-entra-na-reta-final-do-lockdown\/","title":{"rendered":"Franca entra na reta final do lockdown"},"content":{"rendered":"<h2>An\u00e1lise dos n\u00fameros ser\u00e1 realizada pela Prefeitura, restri\u00e7\u00f5es podem continuar por\u00e9m menos severas<\/h2>\n<p>Franca entrou em uma semana decisiva do lockdown, a cidade que est\u00e1 h\u00e1 mais de 11 dias com o confinamento mais severo, pode continuar com restri\u00e7\u00f5es ap\u00f3s o fim do decreto, contudo a tend\u00eancia \u00e9 que elas sejam menos r\u00edgidas, tudo vai depender da an\u00e1lise dos dados feita pela Prefeitura.<\/p>\n<p>Antes do lockdown no dia 27, o com\u00e9rcio em geral podia atender apenas por drive thru e take away, al\u00e9m do delivery. A medida tinha sido implantada na semana anterior diante o aumento dos casos positivos e tamb\u00e9m das mortes causadas pela doen\u00e7a.<\/p>\n<p>Os supermercados embora estivessem autorizados a abrirem as portas, s\u00f3 podiam atender com a capacidade reduzida em 50%, o mesmo valia para outros servi\u00e7os de alimenta\u00e7\u00e3o, mas o consumo nestes locais seguia proibido.<\/p>\n<p>No an\u00fancio de lockdown, Alexandre Ferreira chegou a afirmar que caso os n\u00fameros aumentassem, as regras poderiam ser mais r\u00edgidas, mas caso os n\u00fameros diminu\u00edssem elas poderiam ser afrouxadas.<\/p>\n<p>Na semana passada o prefeito divulgou um v\u00eddeo nas redes sociais, no qual afirma que a situa\u00e7\u00e3o da pandemia estava melhorando no munic\u00edpio, mas que precisava contar com a colabora\u00e7\u00e3o da popula\u00e7\u00e3o.<\/p>\n<p>O Jornal Verdade mostrou que embora o munic\u00edpio esteja em lockdown, o isolamento social n\u00e3o apresentou grande crescimento, de acordo com o boletim da Vigil\u00e2ncia Epidemiol\u00f3gica, a m\u00e9dia nos nove primeiros dias era de 42%. Na sexta foi o maior \u00edndice, com um isolamento de 50%, o m\u00ednimo necess\u00e1rio para conter o v\u00edrus segundo as autoridades em sa\u00fade.<\/p>\n<p>J\u00e1 no s\u00e1bado o isolamento foi de 40% e no domingo 42%.<\/p>\n","protected":false},"excerpt":{"rendered":"<p>An\u00e1lise dos n\u00fameros ser\u00e1 realizada pela Prefeitura, restri\u00e7\u00f5es podem continuar por\u00e9m menos severas Franca entrou em uma semana decisiva do lockdown, a cidade que est\u00e1 h\u00e1<span class=\"excerpt-hellip\"> [\u2026]<\/span><\/p>\n","protected":false},"author":7,"featured_media":16943,"comment_status":"open","ping_status":"open","sticky":false,"template":"","format":"standard","meta":{"_jetpack_memberships_contains_paid_content":false,"footnotes":"","jetpack_publicize_message":"","jetpack_publicize_feature_enabled":true,"jetpack_social_post_already_shared":false,"jetpack_social_options":{"image_generator_settings":{"template":"highway","default_image_id":0,"enabled":false},"version":2}},"categories":[28,81],"tags":[],"class_list":["post-17141","post","type-post","status-publish","format-standard","has-post-thumbnail","hentry","category-cotidiano","category-manchete"],"yoast_head":"<!-- This site is optimized with the Yoast SEO plugin v25.6 - https:\/\/yoast.com\/wordpress\/plugins\/seo\/ -->\n<title>Franca entra na reta final do lockdown - VerdadeOn<\/title>\n<meta name=\"robots\" content=\"index, follow, max-snippet:-1, max-image-preview:large, max-video-preview:-1\" \/>\n<link rel=\"canonical\" href=\"https:\/\/verdadeon.com.br\/portal\/2021\/06\/07\/franca-entra-na-reta-final-do-lockdown\/\" \/>\n<meta property=\"og:locale\" content=\"pt_BR\" \/>\n<meta property=\"og:type\" content=\"article\" \/>\n<meta property=\"og:title\" content=\"Franca entra na reta final do lockdown - VerdadeOn\" \/>\n<meta property=\"og:description\" content=\"An\u00e1lise dos n\u00fameros ser\u00e1 realizada pela Prefeitura, restri\u00e7\u00f5es podem continuar por\u00e9m menos severas Franca entrou em uma semana decisiva do lockdown, a cidade que est\u00e1 h\u00e1 [\u2026]\" \/>\n<meta property=\"og:url\" content=\"https:\/\/verdadeon.com.br\/portal\/2021\/06\/07\/franca-entra-na-reta-final-do-lockdown\/\" \/>\n<meta property=\"og:site_name\" content=\"VerdadeOn\" \/>\n<meta property=\"article:published_time\" content=\"2021-06-07T21:09:12+00:00\" \/>\n<meta property=\"og:image\" content=\"https:\/\/verdadeon.com.br\/portal\/wp-content\/uploads\/2021\/05\/WhatsApp-Image-2021-05-27-at-16.35.13.jpeg\" \/>\n\t<meta property=\"og:image:width\" content=\"1280\" \/>\n\t<meta property=\"og:image:height\" content=\"720\" \/>\n\t<meta property=\"og:image:type\" content=\"image\/jpeg\" \/>\n<meta name=\"author\" content=\"Fernando Lima\" \/>\n<meta name=\"twitter:card\" content=\"summary_large_image\" \/>\n<meta name=\"twitter:label1\" content=\"Escrito por\" \/>\n\t<meta name=\"twitter:data1\" content=\"Fernando Lima\" \/>\n\t<meta name=\"twitter:label2\" content=\"Est. tempo de leitura\" \/>\n\t<meta name=\"twitter:data2\" content=\"2 minutos\" \/>\n<script type=\"application\/ld+json\" class=\"yoast-schema-graph\">{\"@context\":\"https:\/\/schema.org\",\"@graph\":[{\"@type\":\"WebPage\",\"@id\":\"https:\/\/verdadeon.com.br\/portal\/2021\/06\/07\/franca-entra-na-reta-final-do-lockdown\/\",\"url\":\"https:\/\/verdadeon.com.br\/portal\/2021\/06\/07\/franca-entra-na-reta-final-do-lockdown\/\",\"name\":\"Franca entra na reta final do lockdown - VerdadeOn\",\"isPartOf\":{\"@id\":\"https:\/\/verdadeon.com.br\/portal\/#website\"},\"primaryImageOfPage\":{\"@id\":\"https:\/\/verdadeon.com.br\/portal\/2021\/06\/07\/franca-entra-na-reta-final-do-lockdown\/#primaryimage\"},\"image\":{\"@id\":\"https:\/\/verdadeon.com.br\/portal\/2021\/06\/07\/franca-entra-na-reta-final-do-lockdown\/#primaryimage\"},\"thumbnailUrl\":\"https:\/\/i0.wp.com\/verdadeon.com.br\/portal\/wp-content\/uploads\/2021\/05\/WhatsApp-Image-2021-05-27-at-16.35.13.jpeg?fit=1280%2C720&ssl=1\",\"datePublished\":\"2021-06-07T21:09:12+00:00\",\"author\":{\"@id\":\"https:\/\/verdadeon.com.br\/portal\/#\/schema\/person\/cc32be22b8e8599387c480bc83e1d11a\"},\"breadcrumb\":{\"@id\":\"https:\/\/verdadeon.com.br\/portal\/2021\/06\/07\/franca-entra-na-reta-final-do-lockdown\/#breadcrumb\"},\"inLanguage\":\"pt-BR\",\"potentialAction\":[{\"@type\":\"ReadAction\",\"target\":[\"https:\/\/verdadeon.com.br\/portal\/2021\/06\/07\/franca-entra-na-reta-final-do-lockdown\/\"]}]},{\"@type\":\"ImageObject\",\"inLanguage\":\"pt-BR\",\"@id\":\"https:\/\/verdadeon.com.br\/portal\/2021\/06\/07\/franca-entra-na-reta-final-do-lockdown\/#primaryimage\",\"url\":\"https:\/\/i0.wp.com\/verdadeon.com.br\/portal\/wp-content\/uploads\/2021\/05\/WhatsApp-Image-2021-05-27-at-16.35.13.jpeg?fit=1280%2C720&ssl=1\",\"contentUrl\":\"https:\/\/i0.wp.com\/verdadeon.com.br\/portal\/wp-content\/uploads\/2021\/05\/WhatsApp-Image-2021-05-27-at-16.35.13.jpeg?fit=1280%2C720&ssl=1\",\"width\":1280,\"height\":720,\"caption\":\"Lockdown no ano passado em Franca deixou ruas do centro vazias, medida durou duas semanas | Foto: Jornal Verdade\"},{\"@type\":\"BreadcrumbList\",\"@id\":\"https:\/\/verdadeon.com.br\/portal\/2021\/06\/07\/franca-entra-na-reta-final-do-lockdown\/#breadcrumb\",\"itemListElement\":[{\"@type\":\"ListItem\",\"position\":1,\"name\":\"In\u00edcio\",\"item\":\"https:\/\/verdadeon.com.br\/portal\/\"},{\"@type\":\"ListItem\",\"position\":2,\"name\":\"Franca entra na reta final do lockdown\"}]},{\"@type\":\"WebSite\",\"@id\":\"https:\/\/verdadeon.com.br\/portal\/#website\",\"url\":\"https:\/\/verdadeon.com.br\/portal\/\",\"name\":\"VerdadeOn\",\"description\":\"Not\u00edcias di\u00e1rias sobre Franca, Regi\u00e3o, Esporte, Cultura, Cotidiano, Colunas. Cobertura nos principais eventos da cidade \u00e9 aqui - Verdadeon Franca\",\"potentialAction\":[{\"@type\":\"SearchAction\",\"target\":{\"@type\":\"EntryPoint\",\"urlTemplate\":\"https:\/\/verdadeon.com.br\/portal\/?s={search_term_string}\"},\"query-input\":{\"@type\":\"PropertyValueSpecification\",\"valueRequired\":true,\"valueName\":\"search_term_string\"}}],\"inLanguage\":\"pt-BR\"},{\"@type\":\"Person\",\"@id\":\"https:\/\/verdadeon.com.br\/portal\/#\/schema\/person\/cc32be22b8e8599387c480bc83e1d11a\",\"name\":\"Fernando Lima\",\"image\":{\"@type\":\"ImageObject\",\"inLanguage\":\"pt-BR\",\"@id\":\"https:\/\/verdadeon.com.br\/portal\/#\/schema\/person\/image\/\",\"url\":\"https:\/\/secure.gravatar.com\/avatar\/df4c8e132080d2b3a4841d5d232045464e0eed11a1d6e43115ca0843d48768d3?s=96&d=mm&r=g\",\"contentUrl\":\"https:\/\/secure.gravatar.com\/avatar\/df4c8e132080d2b3a4841d5d232045464e0eed11a1d6e43115ca0843d48768d3?s=96&d=mm&r=g\",\"caption\":\"Fernando Lima\"},\"sameAs\":[\"http:\/\/verdadeon.com.br\/\"],\"url\":\"https:\/\/verdadeon.com.br\/portal\/author\/fernando-lima\/\"}]}<\/script>\n<!-- \/ Yoast SEO plugin. -->","yoast_head_json":{"title":"Franca entra na reta final do lockdown - VerdadeOn","robots":{"index":"index","follow":"follow","max-snippet":"max-snippet:-1","max-image-preview":"max-image-preview:large","max-video-preview":"max-video-preview:-1"},"canonical":"https:\/\/verdadeon.com.br\/portal\/2021\/06\/07\/franca-entra-na-reta-final-do-lockdown\/","og_locale":"pt_BR","og_type":"article","og_title":"Franca entra na reta final do lockdown - VerdadeOn","og_description":"An\u00e1lise dos n\u00fameros ser\u00e1 realizada pela Prefeitura, restri\u00e7\u00f5es podem continuar por\u00e9m menos severas Franca entrou em uma semana decisiva do lockdown, a cidade que est\u00e1 h\u00e1 [\u2026]","og_url":"https:\/\/verdadeon.com.br\/portal\/2021\/06\/07\/franca-entra-na-reta-final-do-lockdown\/","og_site_name":"VerdadeOn","article_published_time":"2021-06-07T21:09:12+00:00","og_image":[{"width":1280,"height":720,"url":"https:\/\/verdadeon.com.br\/portal\/wp-content\/uploads\/2021\/05\/WhatsApp-Image-2021-05-27-at-16.35.13.jpeg","type":"image\/jpeg"}],"author":"Fernando Lima","twitter_card":"summary_large_image","twitter_misc":{"Escrito por":"Fernando Lima","Est. tempo de leitura":"2 minutos"},"schema":{"@context":"https:\/\/schema.org","@graph":[{"@type":"WebPage","@id":"https:\/\/verdadeon.com.br\/portal\/2021\/06\/07\/franca-entra-na-reta-final-do-lockdown\/","url":"https:\/\/verdadeon.com.br\/portal\/2021\/06\/07\/franca-entra-na-reta-final-do-lockdown\/","name":"Franca entra na reta final do lockdown - VerdadeOn","isPartOf":{"@id":"https:\/\/verdadeon.com.br\/portal\/#website"},"primaryImageOfPage":{"@id":"https:\/\/verdadeon.com.br\/portal\/2021\/06\/07\/franca-entra-na-reta-final-do-lockdown\/#primaryimage"},"image":{"@id":"https:\/\/verdadeon.com.br\/portal\/2021\/06\/07\/franca-entra-na-reta-final-do-lockdown\/#primaryimage"},"thumbnailUrl":"https:\/\/i0.wp.com\/verdadeon.com.br\/portal\/wp-content\/uploads\/2021\/05\/WhatsApp-Image-2021-05-27-at-16.35.13.jpeg?fit=1280%2C720&ssl=1","datePublished":"2021-06-07T21:09:12+00:00","author":{"@id":"https:\/\/verdadeon.com.br\/portal\/#\/schema\/person\/cc32be22b8e8599387c480bc83e1d11a"},"breadcrumb":{"@id":"https:\/\/verdadeon.com.br\/portal\/2021\/06\/07\/franca-entra-na-reta-final-do-lockdown\/#breadcrumb"},"inLanguage":"pt-BR","potentialAction":[{"@type":"ReadAction","target":["https:\/\/verdadeon.com.br\/portal\/2021\/06\/07\/franca-entra-na-reta-final-do-lockdown\/"]}]},{"@type":"ImageObject","inLanguage":"pt-BR","@id":"https:\/\/verdadeon.com.br\/portal\/2021\/06\/07\/franca-entra-na-reta-final-do-lockdown\/#primaryimage","url":"https:\/\/i0.wp.com\/verdadeon.com.br\/portal\/wp-content\/uploads\/2021\/05\/WhatsApp-Image-2021-05-27-at-16.35.13.jpeg?fit=1280%2C720&ssl=1","contentUrl":"https:\/\/i0.wp.com\/verdadeon.com.br\/portal\/wp-content\/uploads\/2021\/05\/WhatsApp-Image-2021-05-27-at-16.35.13.jpeg?fit=1280%2C720&ssl=1","width":1280,"height":720,"caption":"Lockdown no ano passado em Franca deixou ruas do centro vazias, medida durou duas semanas | Foto: Jornal Verdade"},{"@type":"BreadcrumbList","@id":"https:\/\/verdadeon.com.br\/portal\/2021\/06\/07\/franca-entra-na-reta-final-do-lockdown\/#breadcrumb","itemListElement":[{"@type":"ListItem","position":1,"name":"In\u00edcio","item":"https:\/\/verdadeon.com.br\/portal\/"},{"@type":"ListItem","position":2,"name":"Franca entra na reta final do lockdown"}]},{"@type":"WebSite","@id":"https:\/\/verdadeon.com.br\/portal\/#website","url":"https:\/\/verdadeon.com.br\/portal\/","name":"VerdadeOn","description":"Not\u00edcias di\u00e1rias sobre Franca, Regi\u00e3o, Esporte, Cultura, Cotidiano, Colunas. Cobertura nos principais eventos da cidade \u00e9 aqui - Verdadeon Franca","potentialAction":[{"@type":"SearchAction","target":{"@type":"EntryPoint","urlTemplate":"https:\/\/verdadeon.com.br\/portal\/?s={search_term_string}"},"query-input":{"@type":"PropertyValueSpecification","valueRequired":true,"valueName":"search_term_string"}}],"inLanguage":"pt-BR"},{"@type":"Person","@id":"https:\/\/verdadeon.com.br\/portal\/#\/schema\/person\/cc32be22b8e8599387c480bc83e1d11a","name":"Fernando Lima","image":{"@type":"ImageObject","inLanguage":"pt-BR","@id":"https:\/\/verdadeon.com.br\/portal\/#\/schema\/person\/image\/","url":"https:\/\/secure.gravatar.com\/avatar\/df4c8e132080d2b3a4841d5d232045464e0eed11a1d6e43115ca0843d48768d3?s=96&d=mm&r=g","contentUrl":"https:\/\/secure.gravatar.com\/avatar\/df4c8e132080d2b3a4841d5d232045464e0eed11a1d6e43115ca0843d48768d3?s=96&d=mm&r=g","caption":"Fernando Lima"},"sameAs":["http:\/\/verdadeon.com.br\/"],"url":"https:\/\/verdadeon.com.br\/portal\/author\/fernando-lima\/"}]}},"jetpack_publicize_connections":[],"jetpack_featured_media_url":"https:\/\/i0.wp.com\/verdadeon.com.br\/portal\/wp-content\/uploads\/2021\/05\/WhatsApp-Image-2021-05-27-at-16.35.13.jpeg?fit=1280%2C720&ssl=1","jetpack_sharing_enabled":true,"_links":{"self":[{"href":"https:\/\/verdadeon.com.br\/portal\/wp-json\/wp\/v2\/posts\/17141","targetHints":{"allow":["GET"]}}],"collection":[{"href":"https:\/\/verdadeon.com.br\/portal\/wp-json\/wp\/v2\/posts"}],"about":[{"href":"https:\/\/verdadeon.com.br\/portal\/wp-json\/wp\/v2\/types\/post"}],"author":[{"embeddable":true,"href":"https:\/\/verdadeon.com.br\/portal\/wp-json\/wp\/v2\/users\/7"}],"replies":[{"embeddable":true,"href":"https:\/\/verdadeon.com.br\/portal\/wp-json\/wp\/v2\/comments?post=17141"}],"version-history":[{"count":0,"href":"https:\/\/verdadeon.com.br\/portal\/wp-json\/wp\/v2\/posts\/17141\/revisions"}],"wp:featuredmedia":[{"embeddable":true,"href":"https:\/\/verdadeon.com.br\/portal\/wp-json\/wp\/v2\/media\/16943"}],"wp:attachment":[{"href":"https:\/\/verdadeon.com.br\/portal\/wp-json\/wp\/v2\/media?parent=17141"}],"wp:term":[{"taxonomy":"category","embeddable":true,"href":"https:\/\/verdadeon.com.br\/portal\/wp-json\/wp\/v2\/categories?post=17141"},{"taxonomy":"post_tag","embeddable":true,"href":"https:\/\/verdadeon.com.br\/portal\/wp-json\/wp\/v2\/tags?post=17141"}],"curies":[{"name":"wp","href":"https:\/\/api.w.org\/{rel}","templated":true}]}}