{"id":17108,"date":"2021-06-05T00:32:30","date_gmt":"2021-06-05T03:32:30","guid":{"rendered":"https:\/\/verdadeon.com.br\/portal\/?p=17108"},"modified":"2021-06-05T00:32:30","modified_gmt":"2021-06-05T03:32:30","slug":"verdade-e-sociedade-organizada-entrevistam-joao-rocha-ex-candidato-a-prefeito-por-franca","status":"publish","type":"post","link":"https:\/\/verdadeon.com.br\/portal\/2021\/06\/05\/verdade-e-sociedade-organizada-entrevistam-joao-rocha-ex-candidato-a-prefeito-por-franca\/","title":{"rendered":"Verdade e Sociedade Organizada entrevistam Jo\u00e3o Rocha, ex-candidato a prefeito por Franca"},"content":{"rendered":"<h2>Jo\u00e3o Rocha foi o primeiro entrevistado do programa que estreou nesta sexta feira e poder\u00e1 ser acompanhado a cada 15 dias pelas redes sociais e tamb\u00e9m pelo no Jornal Verdade<\/h2>\n<p>&nbsp;<\/p>\n<p>Jo\u00e3o Rocha foi vice-prefeito de Maur\u00edcio Sandoval Ribeiro, candidatou-se \u00e0 prefeitura de Franca em 2020, quando ficou em terceiro lugar com 25.860 votos e hoje \u00e9 Coordenador Regional do PSL, respons\u00e1vel por dezesseis cidades. Ele foi o primeiro entrevistado do programa \u201cSe voc\u00ea fosse o prefeito\u201d, que entrevistar\u00e1 pessoas ativas na pol\u00edtica de Franca e regi\u00e3o e veicular\u00e1 quinzenalmente pelas redes sociais Facebook e Instagram, do Jornal Verdade e da Sociedade Organizada.<\/p>\n<p>Todas as perguntas foram elaboradas de acordo com o contexto pelo qual a cidade atravessa, buscando encontrar solu\u00e7\u00f5es atrav\u00e9s de medidas alternativas, para a administra\u00e7\u00e3o municipal.<\/p>\n<p><strong>Marcela Barros: Jo\u00e3o Rocha, se voc\u00ea fosse o prefeito, qual seria a sua postura diante do esc\u00e2ndalo dos \u201cfura-filas\u201d na cidade?<\/strong><\/p>\n<p>Jo\u00e3o Rocha: n\u00f3s j\u00e1 tratamos desse assunto na p\u00e1gina do PSL e na minha p\u00e1gina pessoal. N\u00f3s temos uma situa\u00e7\u00e3o que j\u00e1 foi inclusive confirmada pelos vereadores e \u00e9 real. Temos inclusive uma depoente que chegou a confessar que duas pessoas da fam\u00edlia foram vacinadas fora do tempo e usando de um sistema que precisamos apurar. Se eu fosse o prefeito, n\u00e3o tenha d\u00favida, eu traria \u00e0s claras a lista que ocorreram o problema. A popula\u00e7\u00e3o precisa ser respeitada. Nesse momento de pandemia, a verdade, a clareza e a transpar\u00eancia n\u00e3o podem faltar.<\/p>\n<p><strong>Fernando Calixto: Com rela\u00e7\u00e3o aos leitos, com o avan\u00e7o da contamina\u00e7\u00e3o por Covid, se voc\u00ea fosse o prefeito, o que voc\u00ea faria com a falta de leitos? Qual seria sua maneira de lidar com isso Jo\u00e3o?<\/strong><\/p>\n<p>Jo\u00e3o Rocha: desde os primeiros dias da pandemia vem se falando da quest\u00e3o do aumento do n\u00famero de leitos e n\u00f3s sabemos que vieram para Franca cerca de 40 milh\u00f5es de reais. Eu, se fosse o prefeito, al\u00e9m dos rem\u00e9dios, al\u00e9m dos cuidados sanit\u00e1rios, al\u00e9m dos pedidos que n\u00f3s temos que fazer para que a popula\u00e7\u00e3o se cuide, teria olhado principalmente para o aumento de leitos e a manuten\u00e7\u00e3o, porque o que n\u00f3s vimos foram leitos sendo criados e retirados constantemente e a situa\u00e7\u00e3o precisa ser mantida para que n\u00f3s tenhamos um equil\u00edbrio que ir\u00e1 repercutir no com\u00e9rcio, na ind\u00fastria e na seguran\u00e7a da nossa popula\u00e7\u00e3o. At\u00e9 que a pandemia passe e o n\u00famero de vacinas venham a acontecer em um n\u00famero razo\u00e1vel, os leitos precisam estar a\u00ed e est\u00e1veis. A minha situa\u00e7\u00e3o seria de colocar e procurar a manuten\u00e7\u00e3o dos leitos.<\/p>\n<p><strong>Marcela Barros: Quais medidas voc\u00ea tomaria em rela\u00e7\u00e3o ao \u201clockdown\u201d e fechamento da cidade se voc\u00ea fosse o prefeito?<\/strong><\/p>\n<p>Jo\u00e3o Rocha: eu acredito que para se chegar a uma situa\u00e7\u00e3o de \u201clockdown\u201d \u00e9 preciso ter um planejamento, uma equipe pensando sobre isso, e essa equipe pensante juntamente com o prefeito e sua assessoria, ela precisa ter um grupo de empres\u00e1rios e de m\u00e9dicos, ou seja, uma frente de enfrentamento do Covid, para que n\u00f3s n\u00e3o tiv\u00e9ssemos uma situa\u00e7\u00e3o como a que estamos vendo agora, uma situa\u00e7\u00e3o preocupante onde at\u00e9 farm\u00e1cias e laborat\u00f3rios foram fechados. As pessoas precisam cuidar al\u00e9m do Covid, de outras doen\u00e7as, e est\u00e1 tudo fechado, e h\u00e1 tamb\u00e9m um problema dessa situa\u00e7\u00e3o de atendimento \u201cdelivery\u201d, ent\u00e3o eu pergunto, uma fam\u00edlia precise comprar um litro de leite e quatro p\u00e3es por dia, que custa em torno de 8 reais, como que essa fam\u00edlia poder\u00e1 pagar a entrega de 8 reais? N\u00e3o h\u00e1 condi\u00e7\u00e3o financeira para isso. Eu particularmente, n\u00e3o fecharia na totalidade como foi feito, que ali\u00e1s, o prefeito prometeu em campanha, dizendo que n\u00e3o faria \u201clockdown\u201d.<\/p>\n<p><strong>Fernando Calixto: A administra\u00e7\u00e3o municipal encaminhou a C\u00e2mara um pedido de parceria com a empresa S\u00e3o Jos\u00e9, para que fossem custeados passes de cerca de R$ 1.350.000,00, se voc\u00ea fosse o prefeito voc\u00ea pediria esse projeto ou qual sua opini\u00e3o em rela\u00e7\u00e3o a isso?<\/strong><\/p>\n<p>Jo\u00e3o Rocha: poucos dias antes dessa situa\u00e7\u00e3o vir \u00e0 tona eu fui entrevistado em rela\u00e7\u00e3o \u00e0 atual administra\u00e7\u00e3o e fui questionado o que estava achando da atual administra\u00e7\u00e3o na marca dos seus cem dias, quando respondi que era um momento ainda muito curto para se fazer uma an\u00e1lise e que teria que respeitar o prefeito, porque tenho a obriga\u00e7\u00e3o de torcer para que ele acerte. Mas esse projeto foi para C\u00e2mara, esse dinheiro de 1.350.000 est\u00e1 sendo retirado da verba Covid, esses valores s\u00e3o o suficiente para comprar cerca de 315.000 passagens de \u00f4nibus, e o prefeito veio tentar justificar que estas passagens s\u00e3o para serem utilizadas pelas pessoas que usam os CREAS, CRAS e cursos de aprendizado fornecidos pela prefeitura. Os cursos est\u00e3o parados, os CREAS e CRAS est\u00e3o fechados. No meu entendimento \u00e9 subs\u00eddio disfar\u00e7ado sim, eu n\u00e3o mandaria esse projeto para a C\u00e2mara. Eu tenho at\u00e9 uma grava\u00e7\u00e3o do presidente da Comiss\u00e3o que estava analisando esse projeto, que \u00e9 um vereador, onde ele diz que esse subs\u00eddio do prefeito \u00e9 menor do que o subs\u00eddio que foi encaminhado na gest\u00e3o passada. O Alexandre disse nas redes sociais, \u201co Jo\u00e3o est\u00e1 falando bobagem\u201d, mas eu n\u00e3o falo bobagens, ali\u00e1s, o que eu estou falando aqui, se algu\u00e9m puder me desmentir, que o fa\u00e7a. O meu entendimento \u00e9: \u00e9 subs\u00eddio sim disfar\u00e7ado. Eu sei que o transporte coletivo \u00e9 essencial e que precisa ser olhado com carinho, mas se for para discutir a situa\u00e7\u00e3o da empresa S\u00e3o Jos\u00e9, tem que ser discutido com transpar\u00eancia. Tem um projeto na C\u00e2mara que um vereador apresentou para que a bilhetagem eletr\u00f4nica seja apresentada \u00e0 popula\u00e7\u00e3o e \u00e0queles que fiscalizam de forma independente, porque n\u00e3o se discutir esse projeto primeiro antes de se dar dinheiro para a empresa S\u00e3o Jos\u00e9, e o que \u00e9 pior, em regime de urg\u00eancia, retirado da verba Covid. Ele retira dinheiro do Covid para dar para a empresa S\u00e3o Jos\u00e9 e ao mesmo tempo vai \u00e0 S\u00e3o Paulo dizer que n\u00e3o dinheiro e que Franca precisa ser ajudada, que contrassenso \u00e9 esse?<\/p>\n<p><strong>Marcela Barros: o prefeito Alexandre Ferreira alega que h\u00e1 um super\u00e1vit dos recursos do Covid, mais precisamente em rela\u00e7\u00e3o \u00e0 4\u00aa parcela vinda do governo federal, o que voc\u00ea acha disso Jo\u00e3o?<\/strong><\/p>\n<p>Jo\u00e3o Rocha: Marcela, super\u00e1vit \u00e9 quando sobra. Na verdade, esse caso a\u00ed \u00e9 porque o dinheiro encaminhado pelo governo estadual, repassado pelo governo federal, n\u00e3o foi utilizado na totalidade, ent\u00e3o passou de um ano para outro sem ser gasto, se tivesse super\u00e1vit estaria sobrando dinheiro e poderia se colocar mais leitos. N\u00e3o podemos tratar a popula\u00e7\u00e3o como se eles estivessem alheios e bobos em todas as situa\u00e7\u00f5es. N\u00e3o se pode tratar nesse momento de um projeto disfar\u00e7ado para favorecer uma empresa que tem in\u00fameras situa\u00e7\u00f5es de suspei\u00e7\u00e3o em v\u00e1rias administra\u00e7\u00f5es anteriores. O pr\u00f3prio prefeito perdoou e fez um acordo na justi\u00e7a, no outro mandato dele, onde a empresa j\u00e1 estava condenada e ele liberou a empresa das penalidades. Vimos na gest\u00e3o passada serem dados 10 anos a mais para essa empresa para trabalhar em Franca sem concorr\u00eancia, e o ex-prefeito procurando mandar projeto para a C\u00e2mara para ser dado 4 milh\u00f5es e trezentos mil reais para a empresa. A popula\u00e7\u00e3o precisa ser esclarecida, vamos tratar com a verdade.<\/p>\n<p><strong>Fernando Calixto: Como voc\u00ea v\u00ea a rela\u00e7\u00e3o C\u00e2mara-Prefeitura? A gente sabe que o legislativo tem como uma das obriga\u00e7\u00f5es fiscalizar o executivo, mas aqui em Franca \u00e9 um pouco diferente, voc\u00ea acha que o legislativo deve seguir cegamente o executivo?<\/strong><\/p>\n<p>Jo\u00e3o Rocha: no in\u00edcio dos mandatos \u00e9 natural que haja uma aproxima\u00e7\u00e3o entre prefeito e vereadores, as vezes bem intencionados, querendo o melhor para a cidade. Mas essa aproxima\u00e7\u00e3o n\u00e3o pode ir ao n\u00edvel da subservi\u00eancia. N\u00f3s precisamos que o executivo tenha uma boa rela\u00e7\u00e3o com o legislativo, mas o legislativo precisa ter independ\u00eancia, precisa fiscalizar, sem votar de qualquer forma todos os projetos que recebe. Eu que vivo h\u00e1 mais de quarenta anos fazendo pol\u00edtica em Franca posso dizer, \u00e9 necess\u00e1rio que se tenha uma oposi\u00e7\u00e3o, desde que a oposi\u00e7\u00e3o seja feita de forma consciente e clara. O que for bom para a cidade iremos elogiar, e o que for problema para a popula\u00e7\u00e3o vamos denunciar.<\/p>\n<p><strong>Marcela Barros: como voc\u00ea enxerga a rela\u00e7\u00e3o do governo do estado em rela\u00e7\u00e3o \u00e0 pandemia?<\/strong><\/p>\n<p>Jo\u00e3o Rocha: quando se fala de governo do estado, inevitavelmente se lembra de um nome chamado D\u00f3ria, e a pr\u00f3pria popula\u00e7\u00e3o j\u00e1 sabe o que ele tem feito pelo nosso estado. Ali\u00e1s, \u00e9 bom que fique claro o seguinte, os valores que vieram para Franca e para os estados, foram repassados do governo federal, porque o Supremo Tribunal Federal determinou de forma legal que o governo federal s\u00f3 poderia repassar o dinheiro e que as atitudes, atividades e aplica\u00e7\u00e3o desse dinheiro ficaria a cargo do estado e dos munic\u00edpios. Vejo o estado correndo atr\u00e1s de vacinas e ele n\u00e3o est\u00e1 fazendo mais do que a obriga\u00e7\u00e3o, precisamos delas sim, mas h\u00e1 uma s\u00e9rie de situa\u00e7\u00f5es que a quest\u00e3o Covid foi politizada, e o nosso governador querendo se fazer, quem sabe presidente, tem tido algumas posi\u00e7\u00f5es que s\u00f3 t\u00eam prejudicado o nosso estado.<\/p>\n<p><strong>Fernando Calixto pergunta: nos \u00faltimos tempos as f\u00e1bricas t\u00eam se mudado ou fechado aqui em Franca, e com o \u201clockdown\u201d e com a pandemia isso tem se acentuado mais, se voc\u00ea fosse o prefeito, o que faria para tentar mudar essa situa\u00e7\u00e3o?<\/strong><\/p>\n<p>Jo\u00e3o Rocha: isso \u00e9 um conjunto de situa\u00e7\u00f5es que j\u00e1 se arrasta h\u00e1 algumas d\u00e9cadas, e eu preciso dizer, quando h\u00e1 uma guerra fiscal e outros estados oferecem impostos menores aos nossos fabricantes, muito pouco o prefeito pode fazer, e por isso perdemos no passado muitas f\u00e1bricas. Mas tenho ouvido pela imprensa que pela pandemia f\u00e1bricas est\u00e3o sendo fechadas, f\u00e1bricas est\u00e3o sendo lacradas e penalizadas, e o industrial tentando explicar \u00e0 administra\u00e7\u00e3o p\u00fablica que ele tem contratos com penalidades que precisam ser cumpridos, com multas altas caso n\u00e3o entregue essas mercadorias conforme reza o contrato. Eu penso que essas fiscaliza\u00e7\u00f5es precisam ser olhadas com mais carinho, pois o nosso industrial precisa de um olhar diferente da Administra\u00e7\u00e3o porque \u00e9 ele quem gera empregos. Ent\u00e3o toda a atividade econ\u00f4mica da cidade, como tamb\u00e9m o com\u00e9rcio, precisa receber um olhar diferente, onde o canal de conversa\u00e7\u00e3o fique aberto e os problemas sejam solucionados de comum acordo entre a administra\u00e7\u00e3o, sindicatos e empres\u00e1rios.<\/p>\n<p><strong>Marcela Barros: Para finalizar, quero voc\u00ea deixe uma mensagem para quem est\u00e1 nos acompanhando e para os nossos governantes.<\/strong><\/p>\n<p>Jo\u00e3o Rocha: Quero dizer \u00e0 popula\u00e7\u00e3o que n\u00f3s precisamos nos unir e que os cuidados sanit\u00e1rios devem ser tomados no dia-a-dia, mas ao contr\u00e1rio do que est\u00e3o dizendo, que este \u00e9 um momento de uni\u00e3o e n\u00e3o de cr\u00edticas, devo dizer que se eu estivesse que estar unido umbilicalmente ao prefeito eu teria aceito o convite para ter sido candidato a vice-prefeito com ele em 2012, e n\u00e3o fui porque as nossas origens pol\u00edticas s\u00e3o diferentes. Por exemplo, eu n\u00e3o poderia em hip\u00f3tese alguma estar sujeito a estar respondendo a um processo dos m\u00e9dicos falsos, eu n\u00e3o podia estar eventualmente sujeito a uma pol\u00edcia federal batendo na minha porta e levando meu computador e celular, eu n\u00e3o poderia estar misturado a uma situa\u00e7\u00e3o de pagamento de obras pagas com verba federal sem estarem acabadas, eu n\u00e3o poderia participar de uma campanha dizendo \u00e0 popula\u00e7\u00e3o das academias dizendo que eles poderiam votar em mim que as academias ficariam abertas, eu n\u00e3o poderia estar em uma campanha onde o prefeito disse claramente que era contra o \u201clockdown\u201d, eu n\u00e3o poderia estar numa campanha onde o prefeito no IMA e disse que envidaria todos os esfor\u00e7os para ajudar o IMA e depois gravou um v\u00eddeo dizendo que o lugar s\u00f3 tinha quartos. Come\u00e7a a sobrar pouco espa\u00e7o para o prefeito em termos de credibilidade. A minha posi\u00e7\u00e3o \u00e9 de opositor, mas de opositor consciente, que elogiei por exemplo a cria\u00e7\u00e3o dos 21 leitos. Precisamos lutar para que o IMA se constitua em um hospital emergencial e depois se perenize porque faltam leitos em Franca. Em momentos que eu achar que a popula\u00e7\u00e3o est\u00e1 sendo prejudicada pela c\u00e2mara ou pelo prefeito, n\u00f3s vamos levantar nossa voz porque voltamos a fazer pol\u00edtica, e podemos fazer de cabe\u00e7a erguida, coisa que poucos pol\u00edticos podem fazer.<\/p>\n<p><em>O v\u00eddeo pode ser assistido na \u00edntegra atrav\u00e9s das p\u00e1ginas do Jornal Verdade e Sociedade Organizada nas redes sociais.<\/em><\/p>\n","protected":false},"excerpt":{"rendered":"<p>Jo\u00e3o Rocha foi o primeiro entrevistado do programa que estreou nesta sexta feira e poder\u00e1 ser acompanhado a cada 15 dias pelas redes sociais e tamb\u00e9m<span class=\"excerpt-hellip\"> [\u2026]<\/span><\/p>\n","protected":false},"author":4,"featured_media":17111,"comment_status":"open","ping_status":"open","sticky":false,"template":"","format":"standard","meta":{"_jetpack_memberships_contains_paid_content":false,"footnotes":"","jetpack_publicize_message":"","jetpack_publicize_feature_enabled":true,"jetpack_social_post_already_shared":false,"jetpack_social_options":{"image_generator_settings":{"template":"highway","default_image_id":0,"enabled":false},"version":2}},"categories":[28,81],"tags":[],"class_list":["post-17108","post","type-post","status-publish","format-standard","has-post-thumbnail","hentry","category-cotidiano","category-manchete"],"yoast_head":"<!-- This site is optimized with the Yoast SEO plugin v25.6 - https:\/\/yoast.com\/wordpress\/plugins\/seo\/ -->\n<title>Verdade e Sociedade Organizada entrevistam Jo\u00e3o Rocha, ex-candidato a prefeito por Franca - VerdadeOn<\/title>\n<meta name=\"robots\" content=\"index, follow, max-snippet:-1, max-image-preview:large, max-video-preview:-1\" \/>\n<link rel=\"canonical\" href=\"https:\/\/verdadeon.com.br\/portal\/2021\/06\/05\/verdade-e-sociedade-organizada-entrevistam-joao-rocha-ex-candidato-a-prefeito-por-franca\/\" \/>\n<meta property=\"og:locale\" content=\"pt_BR\" \/>\n<meta property=\"og:type\" content=\"article\" \/>\n<meta property=\"og:title\" content=\"Verdade e Sociedade Organizada entrevistam Jo\u00e3o Rocha, ex-candidato a prefeito por Franca - VerdadeOn\" \/>\n<meta property=\"og:description\" content=\"Jo\u00e3o Rocha foi o primeiro entrevistado do programa que estreou nesta sexta feira e poder\u00e1 ser acompanhado a cada 15 dias pelas redes sociais e tamb\u00e9m [\u2026]\" \/>\n<meta property=\"og:url\" content=\"https:\/\/verdadeon.com.br\/portal\/2021\/06\/05\/verdade-e-sociedade-organizada-entrevistam-joao-rocha-ex-candidato-a-prefeito-por-franca\/\" \/>\n<meta property=\"og:site_name\" content=\"VerdadeOn\" \/>\n<meta property=\"article:published_time\" content=\"2021-06-05T03:32:30+00:00\" \/>\n<meta property=\"og:image\" content=\"https:\/\/verdadeon.com.br\/portal\/wp-content\/uploads\/2021\/06\/jops.jpg\" \/>\n\t<meta property=\"og:image:width\" content=\"1000\" \/>\n\t<meta property=\"og:image:height\" content=\"670\" \/>\n\t<meta property=\"og:image:type\" content=\"image\/jpeg\" \/>\n<meta name=\"author\" content=\"Fernando Calixto\" \/>\n<meta name=\"twitter:card\" content=\"summary_large_image\" \/>\n<meta name=\"twitter:label1\" content=\"Escrito por\" \/>\n\t<meta name=\"twitter:data1\" content=\"Fernando Calixto\" \/>\n\t<meta name=\"twitter:label2\" content=\"Est. tempo de leitura\" \/>\n\t<meta name=\"twitter:data2\" content=\"9 minutos\" \/>\n<script type=\"application\/ld+json\" class=\"yoast-schema-graph\">{\"@context\":\"https:\/\/schema.org\",\"@graph\":[{\"@type\":\"WebPage\",\"@id\":\"https:\/\/verdadeon.com.br\/portal\/2021\/06\/05\/verdade-e-sociedade-organizada-entrevistam-joao-rocha-ex-candidato-a-prefeito-por-franca\/\",\"url\":\"https:\/\/verdadeon.com.br\/portal\/2021\/06\/05\/verdade-e-sociedade-organizada-entrevistam-joao-rocha-ex-candidato-a-prefeito-por-franca\/\",\"name\":\"Verdade e Sociedade Organizada entrevistam Jo\u00e3o Rocha, ex-candidato a prefeito por Franca - VerdadeOn\",\"isPartOf\":{\"@id\":\"https:\/\/verdadeon.com.br\/portal\/#website\"},\"primaryImageOfPage\":{\"@id\":\"https:\/\/verdadeon.com.br\/portal\/2021\/06\/05\/verdade-e-sociedade-organizada-entrevistam-joao-rocha-ex-candidato-a-prefeito-por-franca\/#primaryimage\"},\"image\":{\"@id\":\"https:\/\/verdadeon.com.br\/portal\/2021\/06\/05\/verdade-e-sociedade-organizada-entrevistam-joao-rocha-ex-candidato-a-prefeito-por-franca\/#primaryimage\"},\"thumbnailUrl\":\"https:\/\/i0.wp.com\/verdadeon.com.br\/portal\/wp-content\/uploads\/2021\/06\/jops.jpg?fit=1000%2C670&ssl=1\",\"datePublished\":\"2021-06-05T03:32:30+00:00\",\"author\":{\"@id\":\"https:\/\/verdadeon.com.br\/portal\/#\/schema\/person\/8994718f49ee62ba5610471e29ca1f62\"},\"breadcrumb\":{\"@id\":\"https:\/\/verdadeon.com.br\/portal\/2021\/06\/05\/verdade-e-sociedade-organizada-entrevistam-joao-rocha-ex-candidato-a-prefeito-por-franca\/#breadcrumb\"},\"inLanguage\":\"pt-BR\",\"potentialAction\":[{\"@type\":\"ReadAction\",\"target\":[\"https:\/\/verdadeon.com.br\/portal\/2021\/06\/05\/verdade-e-sociedade-organizada-entrevistam-joao-rocha-ex-candidato-a-prefeito-por-franca\/\"]}]},{\"@type\":\"ImageObject\",\"inLanguage\":\"pt-BR\",\"@id\":\"https:\/\/verdadeon.com.br\/portal\/2021\/06\/05\/verdade-e-sociedade-organizada-entrevistam-joao-rocha-ex-candidato-a-prefeito-por-franca\/#primaryimage\",\"url\":\"https:\/\/i0.wp.com\/verdadeon.com.br\/portal\/wp-content\/uploads\/2021\/06\/jops.jpg?fit=1000%2C670&ssl=1\",\"contentUrl\":\"https:\/\/i0.wp.com\/verdadeon.com.br\/portal\/wp-content\/uploads\/2021\/06\/jops.jpg?fit=1000%2C670&ssl=1\",\"width\":1000,\"height\":670},{\"@type\":\"BreadcrumbList\",\"@id\":\"https:\/\/verdadeon.com.br\/portal\/2021\/06\/05\/verdade-e-sociedade-organizada-entrevistam-joao-rocha-ex-candidato-a-prefeito-por-franca\/#breadcrumb\",\"itemListElement\":[{\"@type\":\"ListItem\",\"position\":1,\"name\":\"In\u00edcio\",\"item\":\"https:\/\/verdadeon.com.br\/portal\/\"},{\"@type\":\"ListItem\",\"position\":2,\"name\":\"Verdade e Sociedade Organizada entrevistam Jo\u00e3o Rocha, ex-candidato a prefeito por Franca\"}]},{\"@type\":\"WebSite\",\"@id\":\"https:\/\/verdadeon.com.br\/portal\/#website\",\"url\":\"https:\/\/verdadeon.com.br\/portal\/\",\"name\":\"VerdadeOn\",\"description\":\"Not\u00edcias di\u00e1rias sobre Franca, Regi\u00e3o, Esporte, Cultura, Cotidiano, Colunas. Cobertura nos principais eventos da cidade \u00e9 aqui - Verdadeon Franca\",\"potentialAction\":[{\"@type\":\"SearchAction\",\"target\":{\"@type\":\"EntryPoint\",\"urlTemplate\":\"https:\/\/verdadeon.com.br\/portal\/?s={search_term_string}\"},\"query-input\":{\"@type\":\"PropertyValueSpecification\",\"valueRequired\":true,\"valueName\":\"search_term_string\"}}],\"inLanguage\":\"pt-BR\"},{\"@type\":\"Person\",\"@id\":\"https:\/\/verdadeon.com.br\/portal\/#\/schema\/person\/8994718f49ee62ba5610471e29ca1f62\",\"name\":\"Fernando Calixto\",\"image\":{\"@type\":\"ImageObject\",\"inLanguage\":\"pt-BR\",\"@id\":\"https:\/\/verdadeon.com.br\/portal\/#\/schema\/person\/image\/\",\"url\":\"https:\/\/secure.gravatar.com\/avatar\/7578910c24966c0316c340f9dbd601e93ee9f9212e1033968b367af9306bd9fb?s=96&d=mm&r=g\",\"contentUrl\":\"https:\/\/secure.gravatar.com\/avatar\/7578910c24966c0316c340f9dbd601e93ee9f9212e1033968b367af9306bd9fb?s=96&d=mm&r=g\",\"caption\":\"Fernando Calixto\"},\"url\":\"https:\/\/verdadeon.com.br\/portal\/author\/fernando-calixto\/\"}]}<\/script>\n<!-- \/ Yoast SEO plugin. -->","yoast_head_json":{"title":"Verdade e Sociedade Organizada entrevistam Jo\u00e3o Rocha, ex-candidato a prefeito por Franca - VerdadeOn","robots":{"index":"index","follow":"follow","max-snippet":"max-snippet:-1","max-image-preview":"max-image-preview:large","max-video-preview":"max-video-preview:-1"},"canonical":"https:\/\/verdadeon.com.br\/portal\/2021\/06\/05\/verdade-e-sociedade-organizada-entrevistam-joao-rocha-ex-candidato-a-prefeito-por-franca\/","og_locale":"pt_BR","og_type":"article","og_title":"Verdade e Sociedade Organizada entrevistam Jo\u00e3o Rocha, ex-candidato a prefeito por Franca - VerdadeOn","og_description":"Jo\u00e3o Rocha foi o primeiro entrevistado do programa que estreou nesta sexta feira e poder\u00e1 ser acompanhado a cada 15 dias pelas redes sociais e tamb\u00e9m [\u2026]","og_url":"https:\/\/verdadeon.com.br\/portal\/2021\/06\/05\/verdade-e-sociedade-organizada-entrevistam-joao-rocha-ex-candidato-a-prefeito-por-franca\/","og_site_name":"VerdadeOn","article_published_time":"2021-06-05T03:32:30+00:00","og_image":[{"width":1000,"height":670,"url":"https:\/\/verdadeon.com.br\/portal\/wp-content\/uploads\/2021\/06\/jops.jpg","type":"image\/jpeg"}],"author":"Fernando Calixto","twitter_card":"summary_large_image","twitter_misc":{"Escrito por":"Fernando Calixto","Est. tempo de leitura":"9 minutos"},"schema":{"@context":"https:\/\/schema.org","@graph":[{"@type":"WebPage","@id":"https:\/\/verdadeon.com.br\/portal\/2021\/06\/05\/verdade-e-sociedade-organizada-entrevistam-joao-rocha-ex-candidato-a-prefeito-por-franca\/","url":"https:\/\/verdadeon.com.br\/portal\/2021\/06\/05\/verdade-e-sociedade-organizada-entrevistam-joao-rocha-ex-candidato-a-prefeito-por-franca\/","name":"Verdade e Sociedade Organizada entrevistam Jo\u00e3o Rocha, ex-candidato a prefeito por Franca - VerdadeOn","isPartOf":{"@id":"https:\/\/verdadeon.com.br\/portal\/#website"},"primaryImageOfPage":{"@id":"https:\/\/verdadeon.com.br\/portal\/2021\/06\/05\/verdade-e-sociedade-organizada-entrevistam-joao-rocha-ex-candidato-a-prefeito-por-franca\/#primaryimage"},"image":{"@id":"https:\/\/verdadeon.com.br\/portal\/2021\/06\/05\/verdade-e-sociedade-organizada-entrevistam-joao-rocha-ex-candidato-a-prefeito-por-franca\/#primaryimage"},"thumbnailUrl":"https:\/\/i0.wp.com\/verdadeon.com.br\/portal\/wp-content\/uploads\/2021\/06\/jops.jpg?fit=1000%2C670&ssl=1","datePublished":"2021-06-05T03:32:30+00:00","author":{"@id":"https:\/\/verdadeon.com.br\/portal\/#\/schema\/person\/8994718f49ee62ba5610471e29ca1f62"},"breadcrumb":{"@id":"https:\/\/verdadeon.com.br\/portal\/2021\/06\/05\/verdade-e-sociedade-organizada-entrevistam-joao-rocha-ex-candidato-a-prefeito-por-franca\/#breadcrumb"},"inLanguage":"pt-BR","potentialAction":[{"@type":"ReadAction","target":["https:\/\/verdadeon.com.br\/portal\/2021\/06\/05\/verdade-e-sociedade-organizada-entrevistam-joao-rocha-ex-candidato-a-prefeito-por-franca\/"]}]},{"@type":"ImageObject","inLanguage":"pt-BR","@id":"https:\/\/verdadeon.com.br\/portal\/2021\/06\/05\/verdade-e-sociedade-organizada-entrevistam-joao-rocha-ex-candidato-a-prefeito-por-franca\/#primaryimage","url":"https:\/\/i0.wp.com\/verdadeon.com.br\/portal\/wp-content\/uploads\/2021\/06\/jops.jpg?fit=1000%2C670&ssl=1","contentUrl":"https:\/\/i0.wp.com\/verdadeon.com.br\/portal\/wp-content\/uploads\/2021\/06\/jops.jpg?fit=1000%2C670&ssl=1","width":1000,"height":670},{"@type":"BreadcrumbList","@id":"https:\/\/verdadeon.com.br\/portal\/2021\/06\/05\/verdade-e-sociedade-organizada-entrevistam-joao-rocha-ex-candidato-a-prefeito-por-franca\/#breadcrumb","itemListElement":[{"@type":"ListItem","position":1,"name":"In\u00edcio","item":"https:\/\/verdadeon.com.br\/portal\/"},{"@type":"ListItem","position":2,"name":"Verdade e Sociedade Organizada entrevistam Jo\u00e3o Rocha, ex-candidato a prefeito por Franca"}]},{"@type":"WebSite","@id":"https:\/\/verdadeon.com.br\/portal\/#website","url":"https:\/\/verdadeon.com.br\/portal\/","name":"VerdadeOn","description":"Not\u00edcias di\u00e1rias sobre Franca, Regi\u00e3o, Esporte, Cultura, Cotidiano, Colunas. Cobertura nos principais eventos da cidade \u00e9 aqui - Verdadeon Franca","potentialAction":[{"@type":"SearchAction","target":{"@type":"EntryPoint","urlTemplate":"https:\/\/verdadeon.com.br\/portal\/?s={search_term_string}"},"query-input":{"@type":"PropertyValueSpecification","valueRequired":true,"valueName":"search_term_string"}}],"inLanguage":"pt-BR"},{"@type":"Person","@id":"https:\/\/verdadeon.com.br\/portal\/#\/schema\/person\/8994718f49ee62ba5610471e29ca1f62","name":"Fernando Calixto","image":{"@type":"ImageObject","inLanguage":"pt-BR","@id":"https:\/\/verdadeon.com.br\/portal\/#\/schema\/person\/image\/","url":"https:\/\/secure.gravatar.com\/avatar\/7578910c24966c0316c340f9dbd601e93ee9f9212e1033968b367af9306bd9fb?s=96&d=mm&r=g","contentUrl":"https:\/\/secure.gravatar.com\/avatar\/7578910c24966c0316c340f9dbd601e93ee9f9212e1033968b367af9306bd9fb?s=96&d=mm&r=g","caption":"Fernando Calixto"},"url":"https:\/\/verdadeon.com.br\/portal\/author\/fernando-calixto\/"}]}},"jetpack_publicize_connections":[],"jetpack_featured_media_url":"https:\/\/i0.wp.com\/verdadeon.com.br\/portal\/wp-content\/uploads\/2021\/06\/jops.jpg?fit=1000%2C670&ssl=1","jetpack_sharing_enabled":true,"_links":{"self":[{"href":"https:\/\/verdadeon.com.br\/portal\/wp-json\/wp\/v2\/posts\/17108","targetHints":{"allow":["GET"]}}],"collection":[{"href":"https:\/\/verdadeon.com.br\/portal\/wp-json\/wp\/v2\/posts"}],"about":[{"href":"https:\/\/verdadeon.com.br\/portal\/wp-json\/wp\/v2\/types\/post"}],"author":[{"embeddable":true,"href":"https:\/\/verdadeon.com.br\/portal\/wp-json\/wp\/v2\/users\/4"}],"replies":[{"embeddable":true,"href":"https:\/\/verdadeon.com.br\/portal\/wp-json\/wp\/v2\/comments?post=17108"}],"version-history":[{"count":0,"href":"https:\/\/verdadeon.com.br\/portal\/wp-json\/wp\/v2\/posts\/17108\/revisions"}],"wp:featuredmedia":[{"embeddable":true,"href":"https:\/\/verdadeon.com.br\/portal\/wp-json\/wp\/v2\/media\/17111"}],"wp:attachment":[{"href":"https:\/\/verdadeon.com.br\/portal\/wp-json\/wp\/v2\/media?parent=17108"}],"wp:term":[{"taxonomy":"category","embeddable":true,"href":"https:\/\/verdadeon.com.br\/portal\/wp-json\/wp\/v2\/categories?post=17108"},{"taxonomy":"post_tag","embeddable":true,"href":"https:\/\/verdadeon.com.br\/portal\/wp-json\/wp\/v2\/tags?post=17108"}],"curies":[{"name":"wp","href":"https:\/\/api.w.org\/{rel}","templated":true}]}}