{"id":17069,"date":"2021-06-02T16:55:42","date_gmt":"2021-06-02T19:55:42","guid":{"rendered":"https:\/\/verdadeon.com.br\/portal\/?p=17069"},"modified":"2021-06-02T16:55:42","modified_gmt":"2021-06-02T19:55:42","slug":"policia-ambiental-da-regiao-finaliza-operacao-gaia","status":"publish","type":"post","link":"https:\/\/verdadeon.com.br\/portal\/2021\/06\/02\/policia-ambiental-da-regiao-finaliza-operacao-gaia\/","title":{"rendered":"Pol\u00edcia Ambiental da regi\u00e3o finaliza &#8220;Opera\u00e7\u00e3o Gaia&#8221;"},"content":{"rendered":"<h2>Al\u00e9m da distribui\u00e7\u00e3o de mudas de \u00e1rvores, policiais soltaram aves apreendidas durante a opera\u00e7\u00e3o na natureza<\/h2>\n<p>Finalizando a Opera\u00e7\u00e3o Gaia, a Pol\u00edcia Ambiental de Franca realizou a soltura na natureza de 15 aves silvestres que foram apreendidas em ocorr\u00eancias recentemente e at\u00e9 mesmo durante a pr\u00f3pria opera\u00e7\u00e3o.<\/p>\n<p>A soltura foi realizada pelos pr\u00f3prios policiais militares ambientais, na Mata Ciliar do Rio do Carmo no munic\u00edpio de Ituverava. O local foi escolhido, de acordo com a P.A., por se tratar de um trecho bem preservado e protegido nas proximidades da Base da Policia Militar Ambiental do munic\u00edpio de Ituverava.<\/p>\n<p>\u201cDevido ao atual cen\u00e1rio da pandemia Covid-19 n\u00e3o foi poss\u00edvel o convite para sociedade civil, entretanto o mais importante foi realizado, o retorno dos p\u00e1ssaros \u00e0 natureza que possuem uma fun\u00e7\u00e3o ecol\u00f3gica dentro do ecossistema\u201d, informou a Ambiental.<\/p>\n<p>Doa\u00e7\u00e3o<\/p>\n<p>Em comemora\u00e7\u00e3o \u00e0 Semana Nacional do Meio Ambiente, foi realizada pela Pol\u00edcia Ambiental a doa\u00e7\u00e3o de aproximadamente 250 mudas de plantas nativas diversas, frut\u00edferas e ornamentais, al\u00e9m da entrega de folhetos de conscientiza\u00e7\u00e3o ambiental a popula\u00e7\u00e3o. A a\u00e7\u00e3o foi realizada pela Pol\u00edcia Ambiental, a Prefeitura Municipal de Barretos, na pessoa da Prefeita Paula Lemos e a administra\u00e7\u00e3o de um Shopping da cidade.<\/p>\n<p>A semana foi marcada por a\u00e7\u00f5es que valorizam a natureza, como o plantio de 50 mudas de \u00e1rvores nativas em uma reserva ambiental na cidade de Pedregulho, al\u00e9m da distribui\u00e7\u00e3o de mudas na cidade de Ituverava. Em averigua\u00e7\u00f5es de den\u00fancias, a P.A. chegou a apreender uma arara Canind\u00e9 na casa de um homem, na cidade de S\u00e3o Joaquim da Barra. Ele n\u00e3o tinha autoriza\u00e7\u00e3o dos \u00f3rg\u00e3os ambientais para manter a ave, que est\u00e1 oficialmente em extin\u00e7\u00e3o, em casa, por isso foi multado em R$ 10 mil.<\/p>\n","protected":false},"excerpt":{"rendered":"<p>Al\u00e9m da distribui\u00e7\u00e3o de mudas de \u00e1rvores, policiais soltaram aves apreendidas durante a opera\u00e7\u00e3o na natureza Finalizando a Opera\u00e7\u00e3o Gaia, a Pol\u00edcia Ambiental de Franca realizou<span class=\"excerpt-hellip\"> [\u2026]<\/span><\/p>\n","protected":false},"author":7,"featured_media":17070,"comment_status":"open","ping_status":"open","sticky":false,"template":"","format":"standard","meta":{"_jetpack_memberships_contains_paid_content":false,"footnotes":"","jetpack_publicize_message":"","jetpack_publicize_feature_enabled":true,"jetpack_social_post_already_shared":false,"jetpack_social_options":{"image_generator_settings":{"template":"highway","default_image_id":0,"enabled":false},"version":2}},"categories":[28,81],"tags":[],"class_list":["post-17069","post","type-post","status-publish","format-standard","has-post-thumbnail","hentry","category-cotidiano","category-manchete"],"yoast_head":"<!-- This site is optimized with the Yoast SEO plugin v25.6 - https:\/\/yoast.com\/wordpress\/plugins\/seo\/ -->\n<title>Pol\u00edcia Ambiental da regi\u00e3o finaliza &quot;Opera\u00e7\u00e3o Gaia&quot; - VerdadeOn<\/title>\n<meta name=\"robots\" content=\"index, follow, max-snippet:-1, max-image-preview:large, max-video-preview:-1\" \/>\n<link rel=\"canonical\" href=\"https:\/\/verdadeon.com.br\/portal\/2021\/06\/02\/policia-ambiental-da-regiao-finaliza-operacao-gaia\/\" \/>\n<meta property=\"og:locale\" content=\"pt_BR\" \/>\n<meta property=\"og:type\" content=\"article\" \/>\n<meta property=\"og:title\" content=\"Pol\u00edcia Ambiental da regi\u00e3o finaliza &quot;Opera\u00e7\u00e3o Gaia&quot; - VerdadeOn\" \/>\n<meta property=\"og:description\" content=\"Al\u00e9m da distribui\u00e7\u00e3o de mudas de \u00e1rvores, policiais soltaram aves apreendidas durante a opera\u00e7\u00e3o na natureza Finalizando a Opera\u00e7\u00e3o Gaia, a Pol\u00edcia Ambiental de Franca realizou [\u2026]\" \/>\n<meta property=\"og:url\" content=\"https:\/\/verdadeon.com.br\/portal\/2021\/06\/02\/policia-ambiental-da-regiao-finaliza-operacao-gaia\/\" \/>\n<meta property=\"og:site_name\" content=\"VerdadeOn\" \/>\n<meta property=\"article:published_time\" content=\"2021-06-02T19:55:42+00:00\" \/>\n<meta property=\"og:image\" content=\"https:\/\/verdadeon.com.br\/portal\/wp-content\/uploads\/2021\/06\/AMBIENTAL-SOLTURA.jpg\" \/>\n\t<meta property=\"og:image:width\" content=\"1000\" \/>\n\t<meta property=\"og:image:height\" content=\"670\" \/>\n\t<meta property=\"og:image:type\" content=\"image\/jpeg\" \/>\n<meta name=\"author\" content=\"Fernando Lima\" \/>\n<meta name=\"twitter:card\" content=\"summary_large_image\" \/>\n<meta name=\"twitter:label1\" content=\"Escrito por\" \/>\n\t<meta name=\"twitter:data1\" content=\"Fernando Lima\" \/>\n\t<meta name=\"twitter:label2\" content=\"Est. tempo de leitura\" \/>\n\t<meta name=\"twitter:data2\" content=\"2 minutos\" \/>\n<script type=\"application\/ld+json\" class=\"yoast-schema-graph\">{\"@context\":\"https:\/\/schema.org\",\"@graph\":[{\"@type\":\"WebPage\",\"@id\":\"https:\/\/verdadeon.com.br\/portal\/2021\/06\/02\/policia-ambiental-da-regiao-finaliza-operacao-gaia\/\",\"url\":\"https:\/\/verdadeon.com.br\/portal\/2021\/06\/02\/policia-ambiental-da-regiao-finaliza-operacao-gaia\/\",\"name\":\"Pol\u00edcia Ambiental da regi\u00e3o finaliza \\\"Opera\u00e7\u00e3o Gaia\\\" - VerdadeOn\",\"isPartOf\":{\"@id\":\"https:\/\/verdadeon.com.br\/portal\/#website\"},\"primaryImageOfPage\":{\"@id\":\"https:\/\/verdadeon.com.br\/portal\/2021\/06\/02\/policia-ambiental-da-regiao-finaliza-operacao-gaia\/#primaryimage\"},\"image\":{\"@id\":\"https:\/\/verdadeon.com.br\/portal\/2021\/06\/02\/policia-ambiental-da-regiao-finaliza-operacao-gaia\/#primaryimage\"},\"thumbnailUrl\":\"https:\/\/i0.wp.com\/verdadeon.com.br\/portal\/wp-content\/uploads\/2021\/06\/AMBIENTAL-SOLTURA.jpg?fit=1000%2C670&ssl=1\",\"datePublished\":\"2021-06-02T19:55:42+00:00\",\"author\":{\"@id\":\"https:\/\/verdadeon.com.br\/portal\/#\/schema\/person\/cc32be22b8e8599387c480bc83e1d11a\"},\"breadcrumb\":{\"@id\":\"https:\/\/verdadeon.com.br\/portal\/2021\/06\/02\/policia-ambiental-da-regiao-finaliza-operacao-gaia\/#breadcrumb\"},\"inLanguage\":\"pt-BR\",\"potentialAction\":[{\"@type\":\"ReadAction\",\"target\":[\"https:\/\/verdadeon.com.br\/portal\/2021\/06\/02\/policia-ambiental-da-regiao-finaliza-operacao-gaia\/\"]}]},{\"@type\":\"ImageObject\",\"inLanguage\":\"pt-BR\",\"@id\":\"https:\/\/verdadeon.com.br\/portal\/2021\/06\/02\/policia-ambiental-da-regiao-finaliza-operacao-gaia\/#primaryimage\",\"url\":\"https:\/\/i0.wp.com\/verdadeon.com.br\/portal\/wp-content\/uploads\/2021\/06\/AMBIENTAL-SOLTURA.jpg?fit=1000%2C670&ssl=1\",\"contentUrl\":\"https:\/\/i0.wp.com\/verdadeon.com.br\/portal\/wp-content\/uploads\/2021\/06\/AMBIENTAL-SOLTURA.jpg?fit=1000%2C670&ssl=1\",\"width\":1000,\"height\":670,\"caption\":\"Aves apreendidas durante a\u00e7\u00f5es da Ambiental, foram soltas em Ituverava nesta quarta-feira | Foto: Pol\u00edcia Ambiental\"},{\"@type\":\"BreadcrumbList\",\"@id\":\"https:\/\/verdadeon.com.br\/portal\/2021\/06\/02\/policia-ambiental-da-regiao-finaliza-operacao-gaia\/#breadcrumb\",\"itemListElement\":[{\"@type\":\"ListItem\",\"position\":1,\"name\":\"In\u00edcio\",\"item\":\"https:\/\/verdadeon.com.br\/portal\/\"},{\"@type\":\"ListItem\",\"position\":2,\"name\":\"Pol\u00edcia Ambiental da regi\u00e3o finaliza &#8220;Opera\u00e7\u00e3o Gaia&#8221;\"}]},{\"@type\":\"WebSite\",\"@id\":\"https:\/\/verdadeon.com.br\/portal\/#website\",\"url\":\"https:\/\/verdadeon.com.br\/portal\/\",\"name\":\"VerdadeOn\",\"description\":\"Not\u00edcias di\u00e1rias sobre Franca, Regi\u00e3o, Esporte, Cultura, Cotidiano, Colunas. Cobertura nos principais eventos da cidade \u00e9 aqui - Verdadeon Franca\",\"potentialAction\":[{\"@type\":\"SearchAction\",\"target\":{\"@type\":\"EntryPoint\",\"urlTemplate\":\"https:\/\/verdadeon.com.br\/portal\/?s={search_term_string}\"},\"query-input\":{\"@type\":\"PropertyValueSpecification\",\"valueRequired\":true,\"valueName\":\"search_term_string\"}}],\"inLanguage\":\"pt-BR\"},{\"@type\":\"Person\",\"@id\":\"https:\/\/verdadeon.com.br\/portal\/#\/schema\/person\/cc32be22b8e8599387c480bc83e1d11a\",\"name\":\"Fernando Lima\",\"image\":{\"@type\":\"ImageObject\",\"inLanguage\":\"pt-BR\",\"@id\":\"https:\/\/verdadeon.com.br\/portal\/#\/schema\/person\/image\/\",\"url\":\"https:\/\/secure.gravatar.com\/avatar\/df4c8e132080d2b3a4841d5d232045464e0eed11a1d6e43115ca0843d48768d3?s=96&d=mm&r=g\",\"contentUrl\":\"https:\/\/secure.gravatar.com\/avatar\/df4c8e132080d2b3a4841d5d232045464e0eed11a1d6e43115ca0843d48768d3?s=96&d=mm&r=g\",\"caption\":\"Fernando Lima\"},\"sameAs\":[\"http:\/\/verdadeon.com.br\/\"],\"url\":\"https:\/\/verdadeon.com.br\/portal\/author\/fernando-lima\/\"}]}<\/script>\n<!-- \/ Yoast SEO plugin. -->","yoast_head_json":{"title":"Pol\u00edcia Ambiental da regi\u00e3o finaliza \"Opera\u00e7\u00e3o Gaia\" - VerdadeOn","robots":{"index":"index","follow":"follow","max-snippet":"max-snippet:-1","max-image-preview":"max-image-preview:large","max-video-preview":"max-video-preview:-1"},"canonical":"https:\/\/verdadeon.com.br\/portal\/2021\/06\/02\/policia-ambiental-da-regiao-finaliza-operacao-gaia\/","og_locale":"pt_BR","og_type":"article","og_title":"Pol\u00edcia Ambiental da regi\u00e3o finaliza \"Opera\u00e7\u00e3o Gaia\" - VerdadeOn","og_description":"Al\u00e9m da distribui\u00e7\u00e3o de mudas de \u00e1rvores, policiais soltaram aves apreendidas durante a opera\u00e7\u00e3o na natureza Finalizando a Opera\u00e7\u00e3o Gaia, a Pol\u00edcia Ambiental de Franca realizou [\u2026]","og_url":"https:\/\/verdadeon.com.br\/portal\/2021\/06\/02\/policia-ambiental-da-regiao-finaliza-operacao-gaia\/","og_site_name":"VerdadeOn","article_published_time":"2021-06-02T19:55:42+00:00","og_image":[{"width":1000,"height":670,"url":"https:\/\/verdadeon.com.br\/portal\/wp-content\/uploads\/2021\/06\/AMBIENTAL-SOLTURA.jpg","type":"image\/jpeg"}],"author":"Fernando Lima","twitter_card":"summary_large_image","twitter_misc":{"Escrito por":"Fernando Lima","Est. tempo de leitura":"2 minutos"},"schema":{"@context":"https:\/\/schema.org","@graph":[{"@type":"WebPage","@id":"https:\/\/verdadeon.com.br\/portal\/2021\/06\/02\/policia-ambiental-da-regiao-finaliza-operacao-gaia\/","url":"https:\/\/verdadeon.com.br\/portal\/2021\/06\/02\/policia-ambiental-da-regiao-finaliza-operacao-gaia\/","name":"Pol\u00edcia Ambiental da regi\u00e3o finaliza \"Opera\u00e7\u00e3o Gaia\" - VerdadeOn","isPartOf":{"@id":"https:\/\/verdadeon.com.br\/portal\/#website"},"primaryImageOfPage":{"@id":"https:\/\/verdadeon.com.br\/portal\/2021\/06\/02\/policia-ambiental-da-regiao-finaliza-operacao-gaia\/#primaryimage"},"image":{"@id":"https:\/\/verdadeon.com.br\/portal\/2021\/06\/02\/policia-ambiental-da-regiao-finaliza-operacao-gaia\/#primaryimage"},"thumbnailUrl":"https:\/\/i0.wp.com\/verdadeon.com.br\/portal\/wp-content\/uploads\/2021\/06\/AMBIENTAL-SOLTURA.jpg?fit=1000%2C670&ssl=1","datePublished":"2021-06-02T19:55:42+00:00","author":{"@id":"https:\/\/verdadeon.com.br\/portal\/#\/schema\/person\/cc32be22b8e8599387c480bc83e1d11a"},"breadcrumb":{"@id":"https:\/\/verdadeon.com.br\/portal\/2021\/06\/02\/policia-ambiental-da-regiao-finaliza-operacao-gaia\/#breadcrumb"},"inLanguage":"pt-BR","potentialAction":[{"@type":"ReadAction","target":["https:\/\/verdadeon.com.br\/portal\/2021\/06\/02\/policia-ambiental-da-regiao-finaliza-operacao-gaia\/"]}]},{"@type":"ImageObject","inLanguage":"pt-BR","@id":"https:\/\/verdadeon.com.br\/portal\/2021\/06\/02\/policia-ambiental-da-regiao-finaliza-operacao-gaia\/#primaryimage","url":"https:\/\/i0.wp.com\/verdadeon.com.br\/portal\/wp-content\/uploads\/2021\/06\/AMBIENTAL-SOLTURA.jpg?fit=1000%2C670&ssl=1","contentUrl":"https:\/\/i0.wp.com\/verdadeon.com.br\/portal\/wp-content\/uploads\/2021\/06\/AMBIENTAL-SOLTURA.jpg?fit=1000%2C670&ssl=1","width":1000,"height":670,"caption":"Aves apreendidas durante a\u00e7\u00f5es da Ambiental, foram soltas em Ituverava nesta quarta-feira | Foto: Pol\u00edcia Ambiental"},{"@type":"BreadcrumbList","@id":"https:\/\/verdadeon.com.br\/portal\/2021\/06\/02\/policia-ambiental-da-regiao-finaliza-operacao-gaia\/#breadcrumb","itemListElement":[{"@type":"ListItem","position":1,"name":"In\u00edcio","item":"https:\/\/verdadeon.com.br\/portal\/"},{"@type":"ListItem","position":2,"name":"Pol\u00edcia Ambiental da regi\u00e3o finaliza &#8220;Opera\u00e7\u00e3o Gaia&#8221;"}]},{"@type":"WebSite","@id":"https:\/\/verdadeon.com.br\/portal\/#website","url":"https:\/\/verdadeon.com.br\/portal\/","name":"VerdadeOn","description":"Not\u00edcias di\u00e1rias sobre Franca, Regi\u00e3o, Esporte, Cultura, Cotidiano, Colunas. Cobertura nos principais eventos da cidade \u00e9 aqui - Verdadeon Franca","potentialAction":[{"@type":"SearchAction","target":{"@type":"EntryPoint","urlTemplate":"https:\/\/verdadeon.com.br\/portal\/?s={search_term_string}"},"query-input":{"@type":"PropertyValueSpecification","valueRequired":true,"valueName":"search_term_string"}}],"inLanguage":"pt-BR"},{"@type":"Person","@id":"https:\/\/verdadeon.com.br\/portal\/#\/schema\/person\/cc32be22b8e8599387c480bc83e1d11a","name":"Fernando Lima","image":{"@type":"ImageObject","inLanguage":"pt-BR","@id":"https:\/\/verdadeon.com.br\/portal\/#\/schema\/person\/image\/","url":"https:\/\/secure.gravatar.com\/avatar\/df4c8e132080d2b3a4841d5d232045464e0eed11a1d6e43115ca0843d48768d3?s=96&d=mm&r=g","contentUrl":"https:\/\/secure.gravatar.com\/avatar\/df4c8e132080d2b3a4841d5d232045464e0eed11a1d6e43115ca0843d48768d3?s=96&d=mm&r=g","caption":"Fernando Lima"},"sameAs":["http:\/\/verdadeon.com.br\/"],"url":"https:\/\/verdadeon.com.br\/portal\/author\/fernando-lima\/"}]}},"jetpack_publicize_connections":[],"jetpack_featured_media_url":"https:\/\/i0.wp.com\/verdadeon.com.br\/portal\/wp-content\/uploads\/2021\/06\/AMBIENTAL-SOLTURA.jpg?fit=1000%2C670&ssl=1","jetpack_sharing_enabled":true,"_links":{"self":[{"href":"https:\/\/verdadeon.com.br\/portal\/wp-json\/wp\/v2\/posts\/17069","targetHints":{"allow":["GET"]}}],"collection":[{"href":"https:\/\/verdadeon.com.br\/portal\/wp-json\/wp\/v2\/posts"}],"about":[{"href":"https:\/\/verdadeon.com.br\/portal\/wp-json\/wp\/v2\/types\/post"}],"author":[{"embeddable":true,"href":"https:\/\/verdadeon.com.br\/portal\/wp-json\/wp\/v2\/users\/7"}],"replies":[{"embeddable":true,"href":"https:\/\/verdadeon.com.br\/portal\/wp-json\/wp\/v2\/comments?post=17069"}],"version-history":[{"count":0,"href":"https:\/\/verdadeon.com.br\/portal\/wp-json\/wp\/v2\/posts\/17069\/revisions"}],"wp:featuredmedia":[{"embeddable":true,"href":"https:\/\/verdadeon.com.br\/portal\/wp-json\/wp\/v2\/media\/17070"}],"wp:attachment":[{"href":"https:\/\/verdadeon.com.br\/portal\/wp-json\/wp\/v2\/media?parent=17069"}],"wp:term":[{"taxonomy":"category","embeddable":true,"href":"https:\/\/verdadeon.com.br\/portal\/wp-json\/wp\/v2\/categories?post=17069"},{"taxonomy":"post_tag","embeddable":true,"href":"https:\/\/verdadeon.com.br\/portal\/wp-json\/wp\/v2\/tags?post=17069"}],"curies":[{"name":"wp","href":"https:\/\/api.w.org\/{rel}","templated":true}]}}