{"id":17066,"date":"2021-06-02T16:33:06","date_gmt":"2021-06-02T19:33:06","guid":{"rendered":"https:\/\/verdadeon.com.br\/portal\/?p=17066"},"modified":"2021-06-02T16:33:06","modified_gmt":"2021-06-02T19:33:06","slug":"governo-de-sao-paulo-anuncia-vacinacao-para-toda-populacao-adulta-ate-outubro","status":"publish","type":"post","link":"https:\/\/verdadeon.com.br\/portal\/2021\/06\/02\/governo-de-sao-paulo-anuncia-vacinacao-para-toda-populacao-adulta-ate-outubro\/","title":{"rendered":"Governo de S\u00e3o Paulo anuncia vacina\u00e7\u00e3o para toda popula\u00e7\u00e3o adulta at\u00e9 outubro"},"content":{"rendered":"<h2>An\u00fancio foi realizado durante coletiva de imprensa do governo na capital nesta quarta-feira<\/h2>\n<p>Durante coletiva de imprensa nesta quarta-feira (2), o Governo do Estado de S\u00e3o Paulo anunciou que vai vacinar toda a popula\u00e7\u00e3o adulta do estado at\u00e9 o dia 31 de outubro.<\/p>\n<p>\u201cS\u00e3o Paulo vai concluir toda a vacina\u00e7\u00e3o da sua popula\u00e7\u00e3o vacin\u00e1vel at\u00e9 o dia 31 de outubro. Originalmente, a nossa previs\u00e3o era at\u00e9 31 de dezembro. Agora n\u00f3s estamos afirmando que at\u00e9 31 de outubro todos os brasileiros que residem em S\u00e3o Paulo ser\u00e3o vacinados\u201d, afirmou Doria.<\/p>\n<p>A nova data antecipa em dois meses o prazo inicialmente previsto pelo Governo de S\u00e3o Paulo para concluir a campanha. A proje\u00e7\u00e3o foi calculada pelo PEI (Plano Estadual de Imuniza\u00e7\u00e3o) com base nas perspectivas de disponibilidade de vacinas informada publicamente no site do Minist\u00e9rio da Sa\u00fade e considera o in\u00edcio do esquema vacinal, que \u00e9 composto por duas doses conforme as bulas dos imunizantes dispon\u00edveis no Brasil.<\/p>\n<p>O Estado de S\u00e3o Paulo j\u00e1 aplicou 17,5 milh\u00f5es de vacinas contra COVID-19. Desse total, 11,7 milh\u00f5es s\u00e3o referentes \u00e0 primeira dose e 5,7 milh\u00f5es da segunda.<\/p>\n<p>Confira o calend\u00e1rio:<\/p>\n<p>Julho<br \/>\n1 a 20\/7: 55 a 59 anos<br \/>\n21 a 31\/7: profissionais da Educa\u00e7\u00e3o de 18 a 44 anos<\/p>\n<p>Agosto<br \/>\n2 a 16\/8: 50 a 54 anos<br \/>\n17 a 31\/8: 45 a 49 anos<\/p>\n<p>Setembro<br \/>\n1 a 10\/9: 40 a 44 anos<br \/>\n11 a 20\/9: 35 a 39 anos<br \/>\n21 a 30\/9: 30 a 34 anos<\/p>\n<p>Outubro<br \/>\n1 a 10\/10: 25 a 29 anos<br \/>\n11 a 31\/10: 18 a 24 anos<\/p>\n","protected":false},"excerpt":{"rendered":"<p>An\u00fancio foi realizado durante coletiva de imprensa do governo na capital nesta quarta-feira Durante coletiva de imprensa nesta quarta-feira (2), o Governo do Estado de S\u00e3o<span class=\"excerpt-hellip\"> [\u2026]<\/span><\/p>\n","protected":false},"author":7,"featured_media":14343,"comment_status":"open","ping_status":"open","sticky":false,"template":"","format":"standard","meta":{"_jetpack_memberships_contains_paid_content":false,"footnotes":"","jetpack_publicize_message":"","jetpack_publicize_feature_enabled":true,"jetpack_social_post_already_shared":false,"jetpack_social_options":{"image_generator_settings":{"template":"highway","default_image_id":0,"enabled":false},"version":2}},"categories":[28,81],"tags":[],"class_list":["post-17066","post","type-post","status-publish","format-standard","has-post-thumbnail","hentry","category-cotidiano","category-manchete"],"yoast_head":"<!-- This site is optimized with the Yoast SEO plugin v25.6 - https:\/\/yoast.com\/wordpress\/plugins\/seo\/ -->\n<title>Governo de S\u00e3o Paulo anuncia vacina\u00e7\u00e3o para toda popula\u00e7\u00e3o adulta at\u00e9 outubro - VerdadeOn<\/title>\n<meta name=\"robots\" content=\"index, follow, max-snippet:-1, max-image-preview:large, max-video-preview:-1\" \/>\n<link rel=\"canonical\" href=\"https:\/\/verdadeon.com.br\/portal\/2021\/06\/02\/governo-de-sao-paulo-anuncia-vacinacao-para-toda-populacao-adulta-ate-outubro\/\" \/>\n<meta property=\"og:locale\" content=\"pt_BR\" \/>\n<meta property=\"og:type\" content=\"article\" \/>\n<meta property=\"og:title\" content=\"Governo de S\u00e3o Paulo anuncia vacina\u00e7\u00e3o para toda popula\u00e7\u00e3o adulta at\u00e9 outubro - VerdadeOn\" \/>\n<meta property=\"og:description\" content=\"An\u00fancio foi realizado durante coletiva de imprensa do governo na capital nesta quarta-feira Durante coletiva de imprensa nesta quarta-feira (2), o Governo do Estado de S\u00e3o [\u2026]\" \/>\n<meta property=\"og:url\" content=\"https:\/\/verdadeon.com.br\/portal\/2021\/06\/02\/governo-de-sao-paulo-anuncia-vacinacao-para-toda-populacao-adulta-ate-outubro\/\" \/>\n<meta property=\"og:site_name\" content=\"VerdadeOn\" \/>\n<meta property=\"article:published_time\" content=\"2021-06-02T19:33:06+00:00\" \/>\n<meta property=\"og:image\" content=\"https:\/\/verdadeon.com.br\/portal\/wp-content\/uploads\/2021\/02\/WhatsApp-Image-2021-02-20-at-11.16.51.jpeg\" \/>\n\t<meta property=\"og:image:width\" content=\"1000\" \/>\n\t<meta property=\"og:image:height\" content=\"670\" \/>\n\t<meta property=\"og:image:type\" content=\"image\/jpeg\" \/>\n<meta name=\"author\" content=\"Fernando Lima\" \/>\n<meta name=\"twitter:card\" content=\"summary_large_image\" \/>\n<meta name=\"twitter:label1\" content=\"Escrito por\" \/>\n\t<meta name=\"twitter:data1\" content=\"Fernando Lima\" \/>\n\t<meta name=\"twitter:label2\" content=\"Est. tempo de leitura\" \/>\n\t<meta name=\"twitter:data2\" content=\"2 minutos\" \/>\n<script type=\"application\/ld+json\" class=\"yoast-schema-graph\">{\"@context\":\"https:\/\/schema.org\",\"@graph\":[{\"@type\":\"WebPage\",\"@id\":\"https:\/\/verdadeon.com.br\/portal\/2021\/06\/02\/governo-de-sao-paulo-anuncia-vacinacao-para-toda-populacao-adulta-ate-outubro\/\",\"url\":\"https:\/\/verdadeon.com.br\/portal\/2021\/06\/02\/governo-de-sao-paulo-anuncia-vacinacao-para-toda-populacao-adulta-ate-outubro\/\",\"name\":\"Governo de S\u00e3o Paulo anuncia vacina\u00e7\u00e3o para toda popula\u00e7\u00e3o adulta at\u00e9 outubro - VerdadeOn\",\"isPartOf\":{\"@id\":\"https:\/\/verdadeon.com.br\/portal\/#website\"},\"primaryImageOfPage\":{\"@id\":\"https:\/\/verdadeon.com.br\/portal\/2021\/06\/02\/governo-de-sao-paulo-anuncia-vacinacao-para-toda-populacao-adulta-ate-outubro\/#primaryimage\"},\"image\":{\"@id\":\"https:\/\/verdadeon.com.br\/portal\/2021\/06\/02\/governo-de-sao-paulo-anuncia-vacinacao-para-toda-populacao-adulta-ate-outubro\/#primaryimage\"},\"thumbnailUrl\":\"https:\/\/i0.wp.com\/verdadeon.com.br\/portal\/wp-content\/uploads\/2021\/02\/WhatsApp-Image-2021-02-20-at-11.16.51.jpeg?fit=1000%2C670&ssl=1\",\"datePublished\":\"2021-06-02T19:33:06+00:00\",\"author\":{\"@id\":\"https:\/\/verdadeon.com.br\/portal\/#\/schema\/person\/cc32be22b8e8599387c480bc83e1d11a\"},\"breadcrumb\":{\"@id\":\"https:\/\/verdadeon.com.br\/portal\/2021\/06\/02\/governo-de-sao-paulo-anuncia-vacinacao-para-toda-populacao-adulta-ate-outubro\/#breadcrumb\"},\"inLanguage\":\"pt-BR\",\"potentialAction\":[{\"@type\":\"ReadAction\",\"target\":[\"https:\/\/verdadeon.com.br\/portal\/2021\/06\/02\/governo-de-sao-paulo-anuncia-vacinacao-para-toda-populacao-adulta-ate-outubro\/\"]}]},{\"@type\":\"ImageObject\",\"inLanguage\":\"pt-BR\",\"@id\":\"https:\/\/verdadeon.com.br\/portal\/2021\/06\/02\/governo-de-sao-paulo-anuncia-vacinacao-para-toda-populacao-adulta-ate-outubro\/#primaryimage\",\"url\":\"https:\/\/i0.wp.com\/verdadeon.com.br\/portal\/wp-content\/uploads\/2021\/02\/WhatsApp-Image-2021-02-20-at-11.16.51.jpeg?fit=1000%2C670&ssl=1\",\"contentUrl\":\"https:\/\/i0.wp.com\/verdadeon.com.br\/portal\/wp-content\/uploads\/2021\/02\/WhatsApp-Image-2021-02-20-at-11.16.51.jpeg?fit=1000%2C670&ssl=1\",\"width\":1000,\"height\":670,\"caption\":\"O calend\u00e1rio tem in\u00edcio em julho e \u00e9 encerrado em outubro, contemplando popula\u00e7\u00e3o maior de 18 anos | Foto: Reprodu\u00e7\u00e3o\"},{\"@type\":\"BreadcrumbList\",\"@id\":\"https:\/\/verdadeon.com.br\/portal\/2021\/06\/02\/governo-de-sao-paulo-anuncia-vacinacao-para-toda-populacao-adulta-ate-outubro\/#breadcrumb\",\"itemListElement\":[{\"@type\":\"ListItem\",\"position\":1,\"name\":\"In\u00edcio\",\"item\":\"https:\/\/verdadeon.com.br\/portal\/\"},{\"@type\":\"ListItem\",\"position\":2,\"name\":\"Governo de S\u00e3o Paulo anuncia vacina\u00e7\u00e3o para toda popula\u00e7\u00e3o adulta at\u00e9 outubro\"}]},{\"@type\":\"WebSite\",\"@id\":\"https:\/\/verdadeon.com.br\/portal\/#website\",\"url\":\"https:\/\/verdadeon.com.br\/portal\/\",\"name\":\"VerdadeOn\",\"description\":\"Not\u00edcias di\u00e1rias sobre Franca, Regi\u00e3o, Esporte, Cultura, Cotidiano, Colunas. Cobertura nos principais eventos da cidade \u00e9 aqui - Verdadeon Franca\",\"potentialAction\":[{\"@type\":\"SearchAction\",\"target\":{\"@type\":\"EntryPoint\",\"urlTemplate\":\"https:\/\/verdadeon.com.br\/portal\/?s={search_term_string}\"},\"query-input\":{\"@type\":\"PropertyValueSpecification\",\"valueRequired\":true,\"valueName\":\"search_term_string\"}}],\"inLanguage\":\"pt-BR\"},{\"@type\":\"Person\",\"@id\":\"https:\/\/verdadeon.com.br\/portal\/#\/schema\/person\/cc32be22b8e8599387c480bc83e1d11a\",\"name\":\"Fernando Lima\",\"image\":{\"@type\":\"ImageObject\",\"inLanguage\":\"pt-BR\",\"@id\":\"https:\/\/verdadeon.com.br\/portal\/#\/schema\/person\/image\/\",\"url\":\"https:\/\/secure.gravatar.com\/avatar\/df4c8e132080d2b3a4841d5d232045464e0eed11a1d6e43115ca0843d48768d3?s=96&d=mm&r=g\",\"contentUrl\":\"https:\/\/secure.gravatar.com\/avatar\/df4c8e132080d2b3a4841d5d232045464e0eed11a1d6e43115ca0843d48768d3?s=96&d=mm&r=g\",\"caption\":\"Fernando Lima\"},\"sameAs\":[\"http:\/\/verdadeon.com.br\/\"],\"url\":\"https:\/\/verdadeon.com.br\/portal\/author\/fernando-lima\/\"}]}<\/script>\n<!-- \/ Yoast SEO plugin. -->","yoast_head_json":{"title":"Governo de S\u00e3o Paulo anuncia vacina\u00e7\u00e3o para toda popula\u00e7\u00e3o adulta at\u00e9 outubro - VerdadeOn","robots":{"index":"index","follow":"follow","max-snippet":"max-snippet:-1","max-image-preview":"max-image-preview:large","max-video-preview":"max-video-preview:-1"},"canonical":"https:\/\/verdadeon.com.br\/portal\/2021\/06\/02\/governo-de-sao-paulo-anuncia-vacinacao-para-toda-populacao-adulta-ate-outubro\/","og_locale":"pt_BR","og_type":"article","og_title":"Governo de S\u00e3o Paulo anuncia vacina\u00e7\u00e3o para toda popula\u00e7\u00e3o adulta at\u00e9 outubro - VerdadeOn","og_description":"An\u00fancio foi realizado durante coletiva de imprensa do governo na capital nesta quarta-feira Durante coletiva de imprensa nesta quarta-feira (2), o Governo do Estado de S\u00e3o [\u2026]","og_url":"https:\/\/verdadeon.com.br\/portal\/2021\/06\/02\/governo-de-sao-paulo-anuncia-vacinacao-para-toda-populacao-adulta-ate-outubro\/","og_site_name":"VerdadeOn","article_published_time":"2021-06-02T19:33:06+00:00","og_image":[{"width":1000,"height":670,"url":"https:\/\/verdadeon.com.br\/portal\/wp-content\/uploads\/2021\/02\/WhatsApp-Image-2021-02-20-at-11.16.51.jpeg","type":"image\/jpeg"}],"author":"Fernando Lima","twitter_card":"summary_large_image","twitter_misc":{"Escrito por":"Fernando Lima","Est. tempo de leitura":"2 minutos"},"schema":{"@context":"https:\/\/schema.org","@graph":[{"@type":"WebPage","@id":"https:\/\/verdadeon.com.br\/portal\/2021\/06\/02\/governo-de-sao-paulo-anuncia-vacinacao-para-toda-populacao-adulta-ate-outubro\/","url":"https:\/\/verdadeon.com.br\/portal\/2021\/06\/02\/governo-de-sao-paulo-anuncia-vacinacao-para-toda-populacao-adulta-ate-outubro\/","name":"Governo de S\u00e3o Paulo anuncia vacina\u00e7\u00e3o para toda popula\u00e7\u00e3o adulta at\u00e9 outubro - VerdadeOn","isPartOf":{"@id":"https:\/\/verdadeon.com.br\/portal\/#website"},"primaryImageOfPage":{"@id":"https:\/\/verdadeon.com.br\/portal\/2021\/06\/02\/governo-de-sao-paulo-anuncia-vacinacao-para-toda-populacao-adulta-ate-outubro\/#primaryimage"},"image":{"@id":"https:\/\/verdadeon.com.br\/portal\/2021\/06\/02\/governo-de-sao-paulo-anuncia-vacinacao-para-toda-populacao-adulta-ate-outubro\/#primaryimage"},"thumbnailUrl":"https:\/\/i0.wp.com\/verdadeon.com.br\/portal\/wp-content\/uploads\/2021\/02\/WhatsApp-Image-2021-02-20-at-11.16.51.jpeg?fit=1000%2C670&ssl=1","datePublished":"2021-06-02T19:33:06+00:00","author":{"@id":"https:\/\/verdadeon.com.br\/portal\/#\/schema\/person\/cc32be22b8e8599387c480bc83e1d11a"},"breadcrumb":{"@id":"https:\/\/verdadeon.com.br\/portal\/2021\/06\/02\/governo-de-sao-paulo-anuncia-vacinacao-para-toda-populacao-adulta-ate-outubro\/#breadcrumb"},"inLanguage":"pt-BR","potentialAction":[{"@type":"ReadAction","target":["https:\/\/verdadeon.com.br\/portal\/2021\/06\/02\/governo-de-sao-paulo-anuncia-vacinacao-para-toda-populacao-adulta-ate-outubro\/"]}]},{"@type":"ImageObject","inLanguage":"pt-BR","@id":"https:\/\/verdadeon.com.br\/portal\/2021\/06\/02\/governo-de-sao-paulo-anuncia-vacinacao-para-toda-populacao-adulta-ate-outubro\/#primaryimage","url":"https:\/\/i0.wp.com\/verdadeon.com.br\/portal\/wp-content\/uploads\/2021\/02\/WhatsApp-Image-2021-02-20-at-11.16.51.jpeg?fit=1000%2C670&ssl=1","contentUrl":"https:\/\/i0.wp.com\/verdadeon.com.br\/portal\/wp-content\/uploads\/2021\/02\/WhatsApp-Image-2021-02-20-at-11.16.51.jpeg?fit=1000%2C670&ssl=1","width":1000,"height":670,"caption":"O calend\u00e1rio tem in\u00edcio em julho e \u00e9 encerrado em outubro, contemplando popula\u00e7\u00e3o maior de 18 anos | Foto: Reprodu\u00e7\u00e3o"},{"@type":"BreadcrumbList","@id":"https:\/\/verdadeon.com.br\/portal\/2021\/06\/02\/governo-de-sao-paulo-anuncia-vacinacao-para-toda-populacao-adulta-ate-outubro\/#breadcrumb","itemListElement":[{"@type":"ListItem","position":1,"name":"In\u00edcio","item":"https:\/\/verdadeon.com.br\/portal\/"},{"@type":"ListItem","position":2,"name":"Governo de S\u00e3o Paulo anuncia vacina\u00e7\u00e3o para toda popula\u00e7\u00e3o adulta at\u00e9 outubro"}]},{"@type":"WebSite","@id":"https:\/\/verdadeon.com.br\/portal\/#website","url":"https:\/\/verdadeon.com.br\/portal\/","name":"VerdadeOn","description":"Not\u00edcias di\u00e1rias sobre Franca, Regi\u00e3o, Esporte, Cultura, Cotidiano, Colunas. Cobertura nos principais eventos da cidade \u00e9 aqui - Verdadeon Franca","potentialAction":[{"@type":"SearchAction","target":{"@type":"EntryPoint","urlTemplate":"https:\/\/verdadeon.com.br\/portal\/?s={search_term_string}"},"query-input":{"@type":"PropertyValueSpecification","valueRequired":true,"valueName":"search_term_string"}}],"inLanguage":"pt-BR"},{"@type":"Person","@id":"https:\/\/verdadeon.com.br\/portal\/#\/schema\/person\/cc32be22b8e8599387c480bc83e1d11a","name":"Fernando Lima","image":{"@type":"ImageObject","inLanguage":"pt-BR","@id":"https:\/\/verdadeon.com.br\/portal\/#\/schema\/person\/image\/","url":"https:\/\/secure.gravatar.com\/avatar\/df4c8e132080d2b3a4841d5d232045464e0eed11a1d6e43115ca0843d48768d3?s=96&d=mm&r=g","contentUrl":"https:\/\/secure.gravatar.com\/avatar\/df4c8e132080d2b3a4841d5d232045464e0eed11a1d6e43115ca0843d48768d3?s=96&d=mm&r=g","caption":"Fernando Lima"},"sameAs":["http:\/\/verdadeon.com.br\/"],"url":"https:\/\/verdadeon.com.br\/portal\/author\/fernando-lima\/"}]}},"jetpack_publicize_connections":[],"jetpack_featured_media_url":"https:\/\/i0.wp.com\/verdadeon.com.br\/portal\/wp-content\/uploads\/2021\/02\/WhatsApp-Image-2021-02-20-at-11.16.51.jpeg?fit=1000%2C670&ssl=1","jetpack_sharing_enabled":true,"_links":{"self":[{"href":"https:\/\/verdadeon.com.br\/portal\/wp-json\/wp\/v2\/posts\/17066","targetHints":{"allow":["GET"]}}],"collection":[{"href":"https:\/\/verdadeon.com.br\/portal\/wp-json\/wp\/v2\/posts"}],"about":[{"href":"https:\/\/verdadeon.com.br\/portal\/wp-json\/wp\/v2\/types\/post"}],"author":[{"embeddable":true,"href":"https:\/\/verdadeon.com.br\/portal\/wp-json\/wp\/v2\/users\/7"}],"replies":[{"embeddable":true,"href":"https:\/\/verdadeon.com.br\/portal\/wp-json\/wp\/v2\/comments?post=17066"}],"version-history":[{"count":0,"href":"https:\/\/verdadeon.com.br\/portal\/wp-json\/wp\/v2\/posts\/17066\/revisions"}],"wp:featuredmedia":[{"embeddable":true,"href":"https:\/\/verdadeon.com.br\/portal\/wp-json\/wp\/v2\/media\/14343"}],"wp:attachment":[{"href":"https:\/\/verdadeon.com.br\/portal\/wp-json\/wp\/v2\/media?parent=17066"}],"wp:term":[{"taxonomy":"category","embeddable":true,"href":"https:\/\/verdadeon.com.br\/portal\/wp-json\/wp\/v2\/categories?post=17066"},{"taxonomy":"post_tag","embeddable":true,"href":"https:\/\/verdadeon.com.br\/portal\/wp-json\/wp\/v2\/tags?post=17066"}],"curies":[{"name":"wp","href":"https:\/\/api.w.org\/{rel}","templated":true}]}}