{"id":17049,"date":"2021-06-01T17:09:41","date_gmt":"2021-06-01T20:09:41","guid":{"rendered":"https:\/\/verdadeon.com.br\/portal\/?p=17049"},"modified":"2021-06-01T18:25:48","modified_gmt":"2021-06-01T21:25:48","slug":"em-24h-fila-por-leito-de-uti-covid-cresce-31-em-franca-42-pessoas-aguardam-transferencia","status":"publish","type":"post","link":"https:\/\/verdadeon.com.br\/portal\/2021\/06\/01\/em-24h-fila-por-leito-de-uti-covid-cresce-31-em-franca-42-pessoas-aguardam-transferencia\/","title":{"rendered":"Prefeitura anuncia mais 21 leitos de UTI para o tratamento da Covid em Franca"},"content":{"rendered":"<h2>An\u00fancio foi feito pelas redes sociais de Alexandre Ferreira no fim da tarde desta ter\u00e7a-feira<\/h2>\n<p>A Prefeitura de Franca anunciou na tarde desta ter\u00e7a-feira (1), a abertura de mais 21 leitos de UTI para o tratamento da Covid-19 na rede SUS da cidade. O munic\u00edpio chegar\u00e1 agora a 80 unidades. &#8220;Estamos enviando para vota\u00e7\u00e3o na C\u00e2mara Municipal, na pr\u00f3xima sess\u00e3o, um projeto para que a Prefeitura possa pagar pelo atendimento de mais 21 novos leitos de UTI na cidade, s\u00e3o 16 leitos no Hospital do Cora\u00e7\u00e3o e 5 no AME. Estamos tomando esta decis\u00e3o para agilizar a instala\u00e7\u00e3o desses novos leitos at\u00e9 que o Estado cumpra a promessa dele e que nos foi feita de custear novos leitos em Franca e na regi\u00e3o&#8221;, afirmou em v\u00eddeo Alexandre Ferreira.<\/p>\n<p>Colapso<\/p>\n<p>Quarenta e dois pacientes aguardam uma vaga em um leito de UTI para Covid-19 em Franca, destes, 8 est\u00e3o entubados. A informa\u00e7\u00e3o foi divulgada nesta ter\u00e7a-feira (1), pelo Boletim de Atendimento do Pronto Socorro Municipal Doutor \u00c1lvaro Azzuz. Na segunda-feira (31), esse n\u00famero era de 32, o que representa um aumento na fila de espera de 31%.<\/p>\n<p>O m\u00e9dico Rafael Talarico, que est\u00e1 \u00e0 frente da unidade, informou que nas \u00faltimas 24h tinham sido realizados 451 atendimentos no local, no total 61 pacientes estavam em observa\u00e7\u00e3o, destes 42 aguardavam UTI, e 13 por um leito de enfermaria.<\/p>\n<p>Os pacientes devem ser transferidos para um hospital de refer\u00eancia, em Franca al\u00e9m dos hospitais particulares, a cidade conta com os leitos do Hospital do Cora\u00e7\u00e3o, que fica na zona norte e com os leitos do Ambulat\u00f3rio M\u00e9dico de Especialidades (AME), que fica no centro, ambos s\u00e3o administrados pelo Grupo Santa Casa de Franca.<\/p>\n<h2>Mais leitos<\/h2>\n<p>Ao mesmo tempo em que os leitos seguem esgotados em Franca, a Prefeitura se reuniu com o Hospital da Caridade do IMA (Instituto de Medicina do Al\u00e9m), para viabilizar a instala\u00e7\u00e3o de um Hospital de Campanha no local.<\/p>\n<p>A expectativa \u00e9 a de que o local abrigue mais leitos de UTI e tamb\u00e9m de enfermaria, uma esperan\u00e7a para desafogar o sistema de sa\u00fade da cidade e tamb\u00e9m da DRS de Franca.<\/p>\n<p>No m\u00eas passado o prefeito Alexandre Ferreira esteve na capital, onde se reuniu com o governo para explicar a necessidade da abertura de mais leitos em Franca e tamb\u00e9m na regi\u00e3o. A reuni\u00e3o foi viabilizada pela deputada Delegada Graciela.<\/p>\n<p>Ainda n\u00e3o existe um prazo para que estes leitos sejam instalados no local.<\/p>\n","protected":false},"excerpt":{"rendered":"<p>An\u00fancio foi feito pelas redes sociais de Alexandre Ferreira no fim da tarde desta ter\u00e7a-feira A Prefeitura de Franca anunciou na tarde desta ter\u00e7a-feira (1), a<span class=\"excerpt-hellip\"> [\u2026]<\/span><\/p>\n","protected":false},"author":7,"featured_media":13467,"comment_status":"open","ping_status":"open","sticky":false,"template":"","format":"standard","meta":{"_jetpack_memberships_contains_paid_content":false,"footnotes":"","jetpack_publicize_message":"","jetpack_publicize_feature_enabled":true,"jetpack_social_post_already_shared":false,"jetpack_social_options":{"image_generator_settings":{"template":"highway","default_image_id":0,"enabled":false},"version":2}},"categories":[28,81],"tags":[],"class_list":["post-17049","post","type-post","status-publish","format-standard","has-post-thumbnail","hentry","category-cotidiano","category-manchete"],"yoast_head":"<!-- This site is optimized with the Yoast SEO plugin v25.6 - https:\/\/yoast.com\/wordpress\/plugins\/seo\/ -->\n<title>Prefeitura anuncia mais 21 leitos de UTI para o tratamento da Covid em Franca - VerdadeOn<\/title>\n<meta name=\"robots\" content=\"index, follow, max-snippet:-1, max-image-preview:large, max-video-preview:-1\" \/>\n<link rel=\"canonical\" href=\"https:\/\/verdadeon.com.br\/portal\/2021\/06\/01\/em-24h-fila-por-leito-de-uti-covid-cresce-31-em-franca-42-pessoas-aguardam-transferencia\/\" \/>\n<meta property=\"og:locale\" content=\"pt_BR\" \/>\n<meta property=\"og:type\" content=\"article\" \/>\n<meta property=\"og:title\" content=\"Prefeitura anuncia mais 21 leitos de UTI para o tratamento da Covid em Franca - VerdadeOn\" \/>\n<meta property=\"og:description\" content=\"An\u00fancio foi feito pelas redes sociais de Alexandre Ferreira no fim da tarde desta ter\u00e7a-feira A Prefeitura de Franca anunciou na tarde desta ter\u00e7a-feira (1), a [\u2026]\" \/>\n<meta property=\"og:url\" content=\"https:\/\/verdadeon.com.br\/portal\/2021\/06\/01\/em-24h-fila-por-leito-de-uti-covid-cresce-31-em-franca-42-pessoas-aguardam-transferencia\/\" \/>\n<meta property=\"og:site_name\" content=\"VerdadeOn\" \/>\n<meta property=\"article:published_time\" content=\"2021-06-01T20:09:41+00:00\" \/>\n<meta property=\"article:modified_time\" content=\"2021-06-01T21:25:48+00:00\" \/>\n<meta property=\"og:image\" content=\"https:\/\/verdadeon.com.br\/portal\/wp-content\/uploads\/2021\/01\/WhatsApp-Image-2021-01-19-at-16.37.532.jpg\" \/>\n\t<meta property=\"og:image:width\" content=\"1000\" \/>\n\t<meta property=\"og:image:height\" content=\"670\" \/>\n\t<meta property=\"og:image:type\" content=\"image\/jpeg\" \/>\n<meta name=\"author\" content=\"Fernando Lima\" \/>\n<meta name=\"twitter:card\" content=\"summary_large_image\" \/>\n<meta name=\"twitter:label1\" content=\"Escrito por\" \/>\n\t<meta name=\"twitter:data1\" content=\"Fernando Lima\" \/>\n\t<meta name=\"twitter:label2\" content=\"Est. tempo de leitura\" \/>\n\t<meta name=\"twitter:data2\" content=\"2 minutos\" \/>\n<script type=\"application\/ld+json\" class=\"yoast-schema-graph\">{\"@context\":\"https:\/\/schema.org\",\"@graph\":[{\"@type\":\"WebPage\",\"@id\":\"https:\/\/verdadeon.com.br\/portal\/2021\/06\/01\/em-24h-fila-por-leito-de-uti-covid-cresce-31-em-franca-42-pessoas-aguardam-transferencia\/\",\"url\":\"https:\/\/verdadeon.com.br\/portal\/2021\/06\/01\/em-24h-fila-por-leito-de-uti-covid-cresce-31-em-franca-42-pessoas-aguardam-transferencia\/\",\"name\":\"Prefeitura anuncia mais 21 leitos de UTI para o tratamento da Covid em Franca - VerdadeOn\",\"isPartOf\":{\"@id\":\"https:\/\/verdadeon.com.br\/portal\/#website\"},\"primaryImageOfPage\":{\"@id\":\"https:\/\/verdadeon.com.br\/portal\/2021\/06\/01\/em-24h-fila-por-leito-de-uti-covid-cresce-31-em-franca-42-pessoas-aguardam-transferencia\/#primaryimage\"},\"image\":{\"@id\":\"https:\/\/verdadeon.com.br\/portal\/2021\/06\/01\/em-24h-fila-por-leito-de-uti-covid-cresce-31-em-franca-42-pessoas-aguardam-transferencia\/#primaryimage\"},\"thumbnailUrl\":\"https:\/\/i0.wp.com\/verdadeon.com.br\/portal\/wp-content\/uploads\/2021\/01\/WhatsApp-Image-2021-01-19-at-16.37.532.jpg?fit=1000%2C670&ssl=1\",\"datePublished\":\"2021-06-01T20:09:41+00:00\",\"dateModified\":\"2021-06-01T21:25:48+00:00\",\"author\":{\"@id\":\"https:\/\/verdadeon.com.br\/portal\/#\/schema\/person\/cc32be22b8e8599387c480bc83e1d11a\"},\"breadcrumb\":{\"@id\":\"https:\/\/verdadeon.com.br\/portal\/2021\/06\/01\/em-24h-fila-por-leito-de-uti-covid-cresce-31-em-franca-42-pessoas-aguardam-transferencia\/#breadcrumb\"},\"inLanguage\":\"pt-BR\",\"potentialAction\":[{\"@type\":\"ReadAction\",\"target\":[\"https:\/\/verdadeon.com.br\/portal\/2021\/06\/01\/em-24h-fila-por-leito-de-uti-covid-cresce-31-em-franca-42-pessoas-aguardam-transferencia\/\"]}]},{\"@type\":\"ImageObject\",\"inLanguage\":\"pt-BR\",\"@id\":\"https:\/\/verdadeon.com.br\/portal\/2021\/06\/01\/em-24h-fila-por-leito-de-uti-covid-cresce-31-em-franca-42-pessoas-aguardam-transferencia\/#primaryimage\",\"url\":\"https:\/\/i0.wp.com\/verdadeon.com.br\/portal\/wp-content\/uploads\/2021\/01\/WhatsApp-Image-2021-01-19-at-16.37.532.jpg?fit=1000%2C670&ssl=1\",\"contentUrl\":\"https:\/\/i0.wp.com\/verdadeon.com.br\/portal\/wp-content\/uploads\/2021\/01\/WhatsApp-Image-2021-01-19-at-16.37.532.jpg?fit=1000%2C670&ssl=1\",\"width\":1000,\"height\":670,\"caption\":\"Prefeito divulgou v\u00eddeo nas redes sociais onde anuncia novos leitos | Foto: Reprodu\u00e7\u00e3o\"},{\"@type\":\"BreadcrumbList\",\"@id\":\"https:\/\/verdadeon.com.br\/portal\/2021\/06\/01\/em-24h-fila-por-leito-de-uti-covid-cresce-31-em-franca-42-pessoas-aguardam-transferencia\/#breadcrumb\",\"itemListElement\":[{\"@type\":\"ListItem\",\"position\":1,\"name\":\"In\u00edcio\",\"item\":\"https:\/\/verdadeon.com.br\/portal\/\"},{\"@type\":\"ListItem\",\"position\":2,\"name\":\"Prefeitura anuncia mais 21 leitos de UTI para o tratamento da Covid em Franca\"}]},{\"@type\":\"WebSite\",\"@id\":\"https:\/\/verdadeon.com.br\/portal\/#website\",\"url\":\"https:\/\/verdadeon.com.br\/portal\/\",\"name\":\"VerdadeOn\",\"description\":\"Not\u00edcias di\u00e1rias sobre Franca, Regi\u00e3o, Esporte, Cultura, Cotidiano, Colunas. Cobertura nos principais eventos da cidade \u00e9 aqui - Verdadeon Franca\",\"potentialAction\":[{\"@type\":\"SearchAction\",\"target\":{\"@type\":\"EntryPoint\",\"urlTemplate\":\"https:\/\/verdadeon.com.br\/portal\/?s={search_term_string}\"},\"query-input\":{\"@type\":\"PropertyValueSpecification\",\"valueRequired\":true,\"valueName\":\"search_term_string\"}}],\"inLanguage\":\"pt-BR\"},{\"@type\":\"Person\",\"@id\":\"https:\/\/verdadeon.com.br\/portal\/#\/schema\/person\/cc32be22b8e8599387c480bc83e1d11a\",\"name\":\"Fernando Lima\",\"image\":{\"@type\":\"ImageObject\",\"inLanguage\":\"pt-BR\",\"@id\":\"https:\/\/verdadeon.com.br\/portal\/#\/schema\/person\/image\/\",\"url\":\"https:\/\/secure.gravatar.com\/avatar\/df4c8e132080d2b3a4841d5d232045464e0eed11a1d6e43115ca0843d48768d3?s=96&d=mm&r=g\",\"contentUrl\":\"https:\/\/secure.gravatar.com\/avatar\/df4c8e132080d2b3a4841d5d232045464e0eed11a1d6e43115ca0843d48768d3?s=96&d=mm&r=g\",\"caption\":\"Fernando Lima\"},\"sameAs\":[\"http:\/\/verdadeon.com.br\/\"],\"url\":\"https:\/\/verdadeon.com.br\/portal\/author\/fernando-lima\/\"}]}<\/script>\n<!-- \/ Yoast SEO plugin. -->","yoast_head_json":{"title":"Prefeitura anuncia mais 21 leitos de UTI para o tratamento da Covid em Franca - VerdadeOn","robots":{"index":"index","follow":"follow","max-snippet":"max-snippet:-1","max-image-preview":"max-image-preview:large","max-video-preview":"max-video-preview:-1"},"canonical":"https:\/\/verdadeon.com.br\/portal\/2021\/06\/01\/em-24h-fila-por-leito-de-uti-covid-cresce-31-em-franca-42-pessoas-aguardam-transferencia\/","og_locale":"pt_BR","og_type":"article","og_title":"Prefeitura anuncia mais 21 leitos de UTI para o tratamento da Covid em Franca - VerdadeOn","og_description":"An\u00fancio foi feito pelas redes sociais de Alexandre Ferreira no fim da tarde desta ter\u00e7a-feira A Prefeitura de Franca anunciou na tarde desta ter\u00e7a-feira (1), a [\u2026]","og_url":"https:\/\/verdadeon.com.br\/portal\/2021\/06\/01\/em-24h-fila-por-leito-de-uti-covid-cresce-31-em-franca-42-pessoas-aguardam-transferencia\/","og_site_name":"VerdadeOn","article_published_time":"2021-06-01T20:09:41+00:00","article_modified_time":"2021-06-01T21:25:48+00:00","og_image":[{"width":1000,"height":670,"url":"https:\/\/verdadeon.com.br\/portal\/wp-content\/uploads\/2021\/01\/WhatsApp-Image-2021-01-19-at-16.37.532.jpg","type":"image\/jpeg"}],"author":"Fernando Lima","twitter_card":"summary_large_image","twitter_misc":{"Escrito por":"Fernando Lima","Est. tempo de leitura":"2 minutos"},"schema":{"@context":"https:\/\/schema.org","@graph":[{"@type":"WebPage","@id":"https:\/\/verdadeon.com.br\/portal\/2021\/06\/01\/em-24h-fila-por-leito-de-uti-covid-cresce-31-em-franca-42-pessoas-aguardam-transferencia\/","url":"https:\/\/verdadeon.com.br\/portal\/2021\/06\/01\/em-24h-fila-por-leito-de-uti-covid-cresce-31-em-franca-42-pessoas-aguardam-transferencia\/","name":"Prefeitura anuncia mais 21 leitos de UTI para o tratamento da Covid em Franca - VerdadeOn","isPartOf":{"@id":"https:\/\/verdadeon.com.br\/portal\/#website"},"primaryImageOfPage":{"@id":"https:\/\/verdadeon.com.br\/portal\/2021\/06\/01\/em-24h-fila-por-leito-de-uti-covid-cresce-31-em-franca-42-pessoas-aguardam-transferencia\/#primaryimage"},"image":{"@id":"https:\/\/verdadeon.com.br\/portal\/2021\/06\/01\/em-24h-fila-por-leito-de-uti-covid-cresce-31-em-franca-42-pessoas-aguardam-transferencia\/#primaryimage"},"thumbnailUrl":"https:\/\/i0.wp.com\/verdadeon.com.br\/portal\/wp-content\/uploads\/2021\/01\/WhatsApp-Image-2021-01-19-at-16.37.532.jpg?fit=1000%2C670&ssl=1","datePublished":"2021-06-01T20:09:41+00:00","dateModified":"2021-06-01T21:25:48+00:00","author":{"@id":"https:\/\/verdadeon.com.br\/portal\/#\/schema\/person\/cc32be22b8e8599387c480bc83e1d11a"},"breadcrumb":{"@id":"https:\/\/verdadeon.com.br\/portal\/2021\/06\/01\/em-24h-fila-por-leito-de-uti-covid-cresce-31-em-franca-42-pessoas-aguardam-transferencia\/#breadcrumb"},"inLanguage":"pt-BR","potentialAction":[{"@type":"ReadAction","target":["https:\/\/verdadeon.com.br\/portal\/2021\/06\/01\/em-24h-fila-por-leito-de-uti-covid-cresce-31-em-franca-42-pessoas-aguardam-transferencia\/"]}]},{"@type":"ImageObject","inLanguage":"pt-BR","@id":"https:\/\/verdadeon.com.br\/portal\/2021\/06\/01\/em-24h-fila-por-leito-de-uti-covid-cresce-31-em-franca-42-pessoas-aguardam-transferencia\/#primaryimage","url":"https:\/\/i0.wp.com\/verdadeon.com.br\/portal\/wp-content\/uploads\/2021\/01\/WhatsApp-Image-2021-01-19-at-16.37.532.jpg?fit=1000%2C670&ssl=1","contentUrl":"https:\/\/i0.wp.com\/verdadeon.com.br\/portal\/wp-content\/uploads\/2021\/01\/WhatsApp-Image-2021-01-19-at-16.37.532.jpg?fit=1000%2C670&ssl=1","width":1000,"height":670,"caption":"Prefeito divulgou v\u00eddeo nas redes sociais onde anuncia novos leitos | Foto: Reprodu\u00e7\u00e3o"},{"@type":"BreadcrumbList","@id":"https:\/\/verdadeon.com.br\/portal\/2021\/06\/01\/em-24h-fila-por-leito-de-uti-covid-cresce-31-em-franca-42-pessoas-aguardam-transferencia\/#breadcrumb","itemListElement":[{"@type":"ListItem","position":1,"name":"In\u00edcio","item":"https:\/\/verdadeon.com.br\/portal\/"},{"@type":"ListItem","position":2,"name":"Prefeitura anuncia mais 21 leitos de UTI para o tratamento da Covid em Franca"}]},{"@type":"WebSite","@id":"https:\/\/verdadeon.com.br\/portal\/#website","url":"https:\/\/verdadeon.com.br\/portal\/","name":"VerdadeOn","description":"Not\u00edcias di\u00e1rias sobre Franca, Regi\u00e3o, Esporte, Cultura, Cotidiano, Colunas. Cobertura nos principais eventos da cidade \u00e9 aqui - Verdadeon Franca","potentialAction":[{"@type":"SearchAction","target":{"@type":"EntryPoint","urlTemplate":"https:\/\/verdadeon.com.br\/portal\/?s={search_term_string}"},"query-input":{"@type":"PropertyValueSpecification","valueRequired":true,"valueName":"search_term_string"}}],"inLanguage":"pt-BR"},{"@type":"Person","@id":"https:\/\/verdadeon.com.br\/portal\/#\/schema\/person\/cc32be22b8e8599387c480bc83e1d11a","name":"Fernando Lima","image":{"@type":"ImageObject","inLanguage":"pt-BR","@id":"https:\/\/verdadeon.com.br\/portal\/#\/schema\/person\/image\/","url":"https:\/\/secure.gravatar.com\/avatar\/df4c8e132080d2b3a4841d5d232045464e0eed11a1d6e43115ca0843d48768d3?s=96&d=mm&r=g","contentUrl":"https:\/\/secure.gravatar.com\/avatar\/df4c8e132080d2b3a4841d5d232045464e0eed11a1d6e43115ca0843d48768d3?s=96&d=mm&r=g","caption":"Fernando Lima"},"sameAs":["http:\/\/verdadeon.com.br\/"],"url":"https:\/\/verdadeon.com.br\/portal\/author\/fernando-lima\/"}]}},"jetpack_publicize_connections":[],"jetpack_featured_media_url":"https:\/\/i0.wp.com\/verdadeon.com.br\/portal\/wp-content\/uploads\/2021\/01\/WhatsApp-Image-2021-01-19-at-16.37.532.jpg?fit=1000%2C670&ssl=1","jetpack_sharing_enabled":true,"_links":{"self":[{"href":"https:\/\/verdadeon.com.br\/portal\/wp-json\/wp\/v2\/posts\/17049","targetHints":{"allow":["GET"]}}],"collection":[{"href":"https:\/\/verdadeon.com.br\/portal\/wp-json\/wp\/v2\/posts"}],"about":[{"href":"https:\/\/verdadeon.com.br\/portal\/wp-json\/wp\/v2\/types\/post"}],"author":[{"embeddable":true,"href":"https:\/\/verdadeon.com.br\/portal\/wp-json\/wp\/v2\/users\/7"}],"replies":[{"embeddable":true,"href":"https:\/\/verdadeon.com.br\/portal\/wp-json\/wp\/v2\/comments?post=17049"}],"version-history":[{"count":0,"href":"https:\/\/verdadeon.com.br\/portal\/wp-json\/wp\/v2\/posts\/17049\/revisions"}],"wp:featuredmedia":[{"embeddable":true,"href":"https:\/\/verdadeon.com.br\/portal\/wp-json\/wp\/v2\/media\/13467"}],"wp:attachment":[{"href":"https:\/\/verdadeon.com.br\/portal\/wp-json\/wp\/v2\/media?parent=17049"}],"wp:term":[{"taxonomy":"category","embeddable":true,"href":"https:\/\/verdadeon.com.br\/portal\/wp-json\/wp\/v2\/categories?post=17049"},{"taxonomy":"post_tag","embeddable":true,"href":"https:\/\/verdadeon.com.br\/portal\/wp-json\/wp\/v2\/tags?post=17049"}],"curies":[{"name":"wp","href":"https:\/\/api.w.org\/{rel}","templated":true}]}}