{"id":17044,"date":"2021-06-01T17:01:06","date_gmt":"2021-06-01T20:01:06","guid":{"rendered":"https:\/\/verdadeon.com.br\/portal\/?p=17044"},"modified":"2021-06-01T17:01:06","modified_gmt":"2021-06-01T20:01:06","slug":"lockdown-e-marcado-por-decisoes-e-pedidos-a-justica-em-franca","status":"publish","type":"post","link":"https:\/\/verdadeon.com.br\/portal\/2021\/06\/01\/lockdown-e-marcado-por-decisoes-e-pedidos-a-justica-em-franca\/","title":{"rendered":"Lockdown \u00e9 marcado por decis\u00f5es e pedidos \u00e0 Justi\u00e7a em Franca"},"content":{"rendered":"<h2>Rede de supermercados foi autorizada a retomar as atividades ap\u00f3s 5 dias de lockdown<\/h2>\n<p>A rede Savegnago de Franca conseguiu na Justi\u00e7a o direito de abrir as portas durante o lockdown, nesta ter\u00e7a-feira (1), o pedido foi acatado pela Desembargadora Silvia Meirelles, do TJSP. Ap\u00f3s esta decis\u00e3o, a Associa\u00e7\u00e3o Paulista de Supermercados (APAS), recorreu novamente ao TJ, pedindo a abertura de todos os supermercados de Franca.<\/p>\n<p>\u201cNote-se que o fechamento de supermercados \u00e9 medida capaz de causar o desabastecimento de alimentos essenciais \u00e0 popula\u00e7\u00e3o, n\u00e3o se mostrando razo\u00e1vel o seu exerc\u00edcio somente por meio de delivery, ainda mais considerando que a popula\u00e7\u00e3o de baixa renda n\u00e3o possui condi\u00e7\u00f5es financeiras de arcar com o custo do frete, que acaba sendo bastante alto para este tipo de entrega, como se constata em r\u00e1pida pesquisa no s\u00edtio eletr\u00f4nico do \u201cifood\u201d, sendo para a cidade de Franca, o pre\u00e7o do servi\u00e7o em torno de R$ 10,00 a R$ 20,00\u201d, escreveu a Desembargadora, que acata a solicita\u00e7\u00e3o da rede.<\/p>\n<p>No pedido o Savegnago afirmou que a esmagadora maioria da popula\u00e7\u00e3o brasileira n\u00e3o possui condi\u00e7\u00f5es e planejamento econ\u00f4mico para estoque de produtos, dependendo de acesso e de compras dia sim, dia n\u00e3o, ou mesmo diariamente, para abastecer e suprir as necessidades residenciais. Alegou ainda que quem pode estocar, faz isso em excesso, causando escassez no mercado.<\/p>\n<p>Uma outra alega\u00e7\u00e3o da rede \u00e9 de que o sistema delivery \u00e9 uma medida exclusivista pois atende a apenas uma pequena parcela da popula\u00e7\u00e3o, al\u00e9m do fato de que os supermercados locais n\u00e3o possuem capacidade e log\u00edstica para abastecer toda popula\u00e7\u00e3o de mais de 350 mil pessoas apenas atrav\u00e9s de sistema delivery, e por longos 14 (quatorze) dias.<\/p>\n<h2>Escrit\u00f3rio<\/h2>\n<p>O Desembargador Ricardo Dip, do TJSP, autorizou o escrit\u00f3rio Alpha Contabilidade e Gest\u00e3o de Condom\u00ednios, a continuar com os trabalhos internos sem atendimento ao p\u00fablico, durante o lockdown vigente em Franca.<\/p>\n<p>\u201cPosto isso, concede-se a liminar postulada para assegurar a Alpha Contabilidade e Gest\u00e3o de Condom\u00ednios Ltda. o direito de permanecer em funcionamento, sem atendimento ao p\u00fablico, observando as regras sanit\u00e1rias em vigor\u201d, escreveu na decis\u00e3o.<\/p>\n<p>No pedido, a Alpha alegou que pleiteou ao Poder Executivo de Franca, a perman\u00eancia com os trabalhos internos, sem o contato com o p\u00fablico, mas que o pedido n\u00e3o foi deferido. \u201cAlega a agravante, em s\u00edntese, que o Decreto municipal 11.271\/2021 (de 24-5), que estabeleceu o lockdown no Munic\u00edpio de Franca, n\u00e3o elencou a atividade de contabilidade como essencial, implicando, assim, o fechamento de seu estabelecimento\u201d.<\/p>\n<p>O Desembargador levou em conta ainda que leis elencam entre as atividades consideradas essenciais os servi\u00e7os relacionados \u00e0 tecnologia da informa\u00e7\u00e3o e de processamento de dados (data center) para suporte de outras atividades e as atividades acess\u00f3rias, de suporte e a disponibiliza\u00e7\u00e3o dos insumos necess\u00e1rios a cadeia produtiva relativas ao exerc\u00edcio e ao funcionamento dos servi\u00e7os p\u00fablicos e das atividades essenciais.<\/p>\n<p>A decis\u00e3o foi publicada na segunda-feira (31), e j\u00e1 est\u00e1 em vigor.<\/p>\n<p>A Alpha destacou que respeita as medidas de isolamento assim como os seus clientes, mas tem que rodar folha, emitir guias de v\u00e1rias obriga\u00e7\u00f5es fiscais que n\u00e3o podem parar por conta do lockdown, e que \u00e9 poss\u00edvel realiz\u00e1-las mantendo as regras sanit\u00e1rias de distanciamento.<\/p>\n","protected":false},"excerpt":{"rendered":"<p>Rede de supermercados foi autorizada a retomar as atividades ap\u00f3s 5 dias de lockdown A rede Savegnago de Franca conseguiu na Justi\u00e7a o direito de abrir<span class=\"excerpt-hellip\"> [\u2026]<\/span><\/p>\n","protected":false},"author":7,"featured_media":17029,"comment_status":"open","ping_status":"open","sticky":false,"template":"","format":"standard","meta":{"_jetpack_memberships_contains_paid_content":false,"footnotes":"","jetpack_publicize_message":"","jetpack_publicize_feature_enabled":true,"jetpack_social_post_already_shared":false,"jetpack_social_options":{"image_generator_settings":{"template":"highway","default_image_id":0,"enabled":false},"version":2}},"categories":[28,81],"tags":[],"class_list":["post-17044","post","type-post","status-publish","format-standard","has-post-thumbnail","hentry","category-cotidiano","category-manchete"],"yoast_head":"<!-- This site is optimized with the Yoast SEO plugin v25.6 - https:\/\/yoast.com\/wordpress\/plugins\/seo\/ -->\n<title>Lockdown \u00e9 marcado por decis\u00f5es e pedidos \u00e0 Justi\u00e7a em Franca - VerdadeOn<\/title>\n<meta name=\"robots\" content=\"index, follow, max-snippet:-1, max-image-preview:large, max-video-preview:-1\" \/>\n<link rel=\"canonical\" href=\"https:\/\/verdadeon.com.br\/portal\/2021\/06\/01\/lockdown-e-marcado-por-decisoes-e-pedidos-a-justica-em-franca\/\" \/>\n<meta property=\"og:locale\" content=\"pt_BR\" \/>\n<meta property=\"og:type\" content=\"article\" \/>\n<meta property=\"og:title\" content=\"Lockdown \u00e9 marcado por decis\u00f5es e pedidos \u00e0 Justi\u00e7a em Franca - VerdadeOn\" \/>\n<meta property=\"og:description\" content=\"Rede de supermercados foi autorizada a retomar as atividades ap\u00f3s 5 dias de lockdown A rede Savegnago de Franca conseguiu na Justi\u00e7a o direito de abrir [\u2026]\" \/>\n<meta property=\"og:url\" content=\"https:\/\/verdadeon.com.br\/portal\/2021\/06\/01\/lockdown-e-marcado-por-decisoes-e-pedidos-a-justica-em-franca\/\" \/>\n<meta property=\"og:site_name\" content=\"VerdadeOn\" \/>\n<meta property=\"article:published_time\" content=\"2021-06-01T20:01:06+00:00\" \/>\n<meta property=\"og:image\" content=\"https:\/\/verdadeon.com.br\/portal\/wp-content\/uploads\/2021\/06\/saveg.jpg\" \/>\n\t<meta property=\"og:image:width\" content=\"1000\" \/>\n\t<meta property=\"og:image:height\" content=\"670\" \/>\n\t<meta property=\"og:image:type\" content=\"image\/jpeg\" \/>\n<meta name=\"author\" content=\"Fernando Lima\" \/>\n<meta name=\"twitter:card\" content=\"summary_large_image\" \/>\n<meta name=\"twitter:label1\" content=\"Escrito por\" \/>\n\t<meta name=\"twitter:data1\" content=\"Fernando Lima\" \/>\n\t<meta name=\"twitter:label2\" content=\"Est. tempo de leitura\" \/>\n\t<meta name=\"twitter:data2\" content=\"3 minutos\" \/>\n<script type=\"application\/ld+json\" class=\"yoast-schema-graph\">{\"@context\":\"https:\/\/schema.org\",\"@graph\":[{\"@type\":\"WebPage\",\"@id\":\"https:\/\/verdadeon.com.br\/portal\/2021\/06\/01\/lockdown-e-marcado-por-decisoes-e-pedidos-a-justica-em-franca\/\",\"url\":\"https:\/\/verdadeon.com.br\/portal\/2021\/06\/01\/lockdown-e-marcado-por-decisoes-e-pedidos-a-justica-em-franca\/\",\"name\":\"Lockdown \u00e9 marcado por decis\u00f5es e pedidos \u00e0 Justi\u00e7a em Franca - VerdadeOn\",\"isPartOf\":{\"@id\":\"https:\/\/verdadeon.com.br\/portal\/#website\"},\"primaryImageOfPage\":{\"@id\":\"https:\/\/verdadeon.com.br\/portal\/2021\/06\/01\/lockdown-e-marcado-por-decisoes-e-pedidos-a-justica-em-franca\/#primaryimage\"},\"image\":{\"@id\":\"https:\/\/verdadeon.com.br\/portal\/2021\/06\/01\/lockdown-e-marcado-por-decisoes-e-pedidos-a-justica-em-franca\/#primaryimage\"},\"thumbnailUrl\":\"https:\/\/i0.wp.com\/verdadeon.com.br\/portal\/wp-content\/uploads\/2021\/06\/saveg.jpg?fit=1000%2C670&ssl=1\",\"datePublished\":\"2021-06-01T20:01:06+00:00\",\"author\":{\"@id\":\"https:\/\/verdadeon.com.br\/portal\/#\/schema\/person\/cc32be22b8e8599387c480bc83e1d11a\"},\"breadcrumb\":{\"@id\":\"https:\/\/verdadeon.com.br\/portal\/2021\/06\/01\/lockdown-e-marcado-por-decisoes-e-pedidos-a-justica-em-franca\/#breadcrumb\"},\"inLanguage\":\"pt-BR\",\"potentialAction\":[{\"@type\":\"ReadAction\",\"target\":[\"https:\/\/verdadeon.com.br\/portal\/2021\/06\/01\/lockdown-e-marcado-por-decisoes-e-pedidos-a-justica-em-franca\/\"]}]},{\"@type\":\"ImageObject\",\"inLanguage\":\"pt-BR\",\"@id\":\"https:\/\/verdadeon.com.br\/portal\/2021\/06\/01\/lockdown-e-marcado-por-decisoes-e-pedidos-a-justica-em-franca\/#primaryimage\",\"url\":\"https:\/\/i0.wp.com\/verdadeon.com.br\/portal\/wp-content\/uploads\/2021\/06\/saveg.jpg?fit=1000%2C670&ssl=1\",\"contentUrl\":\"https:\/\/i0.wp.com\/verdadeon.com.br\/portal\/wp-content\/uploads\/2021\/06\/saveg.jpg?fit=1000%2C670&ssl=1\",\"width\":1000,\"height\":670,\"caption\":\"Ap\u00f3s a reabertura, filas foram vistas na rede Savegnago em diferentes regi\u00f5es de Franca | Foto: Reprodu\u00e7\u00e3o\"},{\"@type\":\"BreadcrumbList\",\"@id\":\"https:\/\/verdadeon.com.br\/portal\/2021\/06\/01\/lockdown-e-marcado-por-decisoes-e-pedidos-a-justica-em-franca\/#breadcrumb\",\"itemListElement\":[{\"@type\":\"ListItem\",\"position\":1,\"name\":\"In\u00edcio\",\"item\":\"https:\/\/verdadeon.com.br\/portal\/\"},{\"@type\":\"ListItem\",\"position\":2,\"name\":\"Lockdown \u00e9 marcado por decis\u00f5es e pedidos \u00e0 Justi\u00e7a em Franca\"}]},{\"@type\":\"WebSite\",\"@id\":\"https:\/\/verdadeon.com.br\/portal\/#website\",\"url\":\"https:\/\/verdadeon.com.br\/portal\/\",\"name\":\"VerdadeOn\",\"description\":\"Not\u00edcias di\u00e1rias sobre Franca, Regi\u00e3o, Esporte, Cultura, Cotidiano, Colunas. Cobertura nos principais eventos da cidade \u00e9 aqui - Verdadeon Franca\",\"potentialAction\":[{\"@type\":\"SearchAction\",\"target\":{\"@type\":\"EntryPoint\",\"urlTemplate\":\"https:\/\/verdadeon.com.br\/portal\/?s={search_term_string}\"},\"query-input\":{\"@type\":\"PropertyValueSpecification\",\"valueRequired\":true,\"valueName\":\"search_term_string\"}}],\"inLanguage\":\"pt-BR\"},{\"@type\":\"Person\",\"@id\":\"https:\/\/verdadeon.com.br\/portal\/#\/schema\/person\/cc32be22b8e8599387c480bc83e1d11a\",\"name\":\"Fernando Lima\",\"image\":{\"@type\":\"ImageObject\",\"inLanguage\":\"pt-BR\",\"@id\":\"https:\/\/verdadeon.com.br\/portal\/#\/schema\/person\/image\/\",\"url\":\"https:\/\/secure.gravatar.com\/avatar\/df4c8e132080d2b3a4841d5d232045464e0eed11a1d6e43115ca0843d48768d3?s=96&d=mm&r=g\",\"contentUrl\":\"https:\/\/secure.gravatar.com\/avatar\/df4c8e132080d2b3a4841d5d232045464e0eed11a1d6e43115ca0843d48768d3?s=96&d=mm&r=g\",\"caption\":\"Fernando Lima\"},\"sameAs\":[\"http:\/\/verdadeon.com.br\/\"],\"url\":\"https:\/\/verdadeon.com.br\/portal\/author\/fernando-lima\/\"}]}<\/script>\n<!-- \/ Yoast SEO plugin. -->","yoast_head_json":{"title":"Lockdown \u00e9 marcado por decis\u00f5es e pedidos \u00e0 Justi\u00e7a em Franca - VerdadeOn","robots":{"index":"index","follow":"follow","max-snippet":"max-snippet:-1","max-image-preview":"max-image-preview:large","max-video-preview":"max-video-preview:-1"},"canonical":"https:\/\/verdadeon.com.br\/portal\/2021\/06\/01\/lockdown-e-marcado-por-decisoes-e-pedidos-a-justica-em-franca\/","og_locale":"pt_BR","og_type":"article","og_title":"Lockdown \u00e9 marcado por decis\u00f5es e pedidos \u00e0 Justi\u00e7a em Franca - VerdadeOn","og_description":"Rede de supermercados foi autorizada a retomar as atividades ap\u00f3s 5 dias de lockdown A rede Savegnago de Franca conseguiu na Justi\u00e7a o direito de abrir [\u2026]","og_url":"https:\/\/verdadeon.com.br\/portal\/2021\/06\/01\/lockdown-e-marcado-por-decisoes-e-pedidos-a-justica-em-franca\/","og_site_name":"VerdadeOn","article_published_time":"2021-06-01T20:01:06+00:00","og_image":[{"width":1000,"height":670,"url":"https:\/\/verdadeon.com.br\/portal\/wp-content\/uploads\/2021\/06\/saveg.jpg","type":"image\/jpeg"}],"author":"Fernando Lima","twitter_card":"summary_large_image","twitter_misc":{"Escrito por":"Fernando Lima","Est. tempo de leitura":"3 minutos"},"schema":{"@context":"https:\/\/schema.org","@graph":[{"@type":"WebPage","@id":"https:\/\/verdadeon.com.br\/portal\/2021\/06\/01\/lockdown-e-marcado-por-decisoes-e-pedidos-a-justica-em-franca\/","url":"https:\/\/verdadeon.com.br\/portal\/2021\/06\/01\/lockdown-e-marcado-por-decisoes-e-pedidos-a-justica-em-franca\/","name":"Lockdown \u00e9 marcado por decis\u00f5es e pedidos \u00e0 Justi\u00e7a em Franca - VerdadeOn","isPartOf":{"@id":"https:\/\/verdadeon.com.br\/portal\/#website"},"primaryImageOfPage":{"@id":"https:\/\/verdadeon.com.br\/portal\/2021\/06\/01\/lockdown-e-marcado-por-decisoes-e-pedidos-a-justica-em-franca\/#primaryimage"},"image":{"@id":"https:\/\/verdadeon.com.br\/portal\/2021\/06\/01\/lockdown-e-marcado-por-decisoes-e-pedidos-a-justica-em-franca\/#primaryimage"},"thumbnailUrl":"https:\/\/i0.wp.com\/verdadeon.com.br\/portal\/wp-content\/uploads\/2021\/06\/saveg.jpg?fit=1000%2C670&ssl=1","datePublished":"2021-06-01T20:01:06+00:00","author":{"@id":"https:\/\/verdadeon.com.br\/portal\/#\/schema\/person\/cc32be22b8e8599387c480bc83e1d11a"},"breadcrumb":{"@id":"https:\/\/verdadeon.com.br\/portal\/2021\/06\/01\/lockdown-e-marcado-por-decisoes-e-pedidos-a-justica-em-franca\/#breadcrumb"},"inLanguage":"pt-BR","potentialAction":[{"@type":"ReadAction","target":["https:\/\/verdadeon.com.br\/portal\/2021\/06\/01\/lockdown-e-marcado-por-decisoes-e-pedidos-a-justica-em-franca\/"]}]},{"@type":"ImageObject","inLanguage":"pt-BR","@id":"https:\/\/verdadeon.com.br\/portal\/2021\/06\/01\/lockdown-e-marcado-por-decisoes-e-pedidos-a-justica-em-franca\/#primaryimage","url":"https:\/\/i0.wp.com\/verdadeon.com.br\/portal\/wp-content\/uploads\/2021\/06\/saveg.jpg?fit=1000%2C670&ssl=1","contentUrl":"https:\/\/i0.wp.com\/verdadeon.com.br\/portal\/wp-content\/uploads\/2021\/06\/saveg.jpg?fit=1000%2C670&ssl=1","width":1000,"height":670,"caption":"Ap\u00f3s a reabertura, filas foram vistas na rede Savegnago em diferentes regi\u00f5es de Franca | Foto: Reprodu\u00e7\u00e3o"},{"@type":"BreadcrumbList","@id":"https:\/\/verdadeon.com.br\/portal\/2021\/06\/01\/lockdown-e-marcado-por-decisoes-e-pedidos-a-justica-em-franca\/#breadcrumb","itemListElement":[{"@type":"ListItem","position":1,"name":"In\u00edcio","item":"https:\/\/verdadeon.com.br\/portal\/"},{"@type":"ListItem","position":2,"name":"Lockdown \u00e9 marcado por decis\u00f5es e pedidos \u00e0 Justi\u00e7a em Franca"}]},{"@type":"WebSite","@id":"https:\/\/verdadeon.com.br\/portal\/#website","url":"https:\/\/verdadeon.com.br\/portal\/","name":"VerdadeOn","description":"Not\u00edcias di\u00e1rias sobre Franca, Regi\u00e3o, Esporte, Cultura, Cotidiano, Colunas. Cobertura nos principais eventos da cidade \u00e9 aqui - Verdadeon Franca","potentialAction":[{"@type":"SearchAction","target":{"@type":"EntryPoint","urlTemplate":"https:\/\/verdadeon.com.br\/portal\/?s={search_term_string}"},"query-input":{"@type":"PropertyValueSpecification","valueRequired":true,"valueName":"search_term_string"}}],"inLanguage":"pt-BR"},{"@type":"Person","@id":"https:\/\/verdadeon.com.br\/portal\/#\/schema\/person\/cc32be22b8e8599387c480bc83e1d11a","name":"Fernando Lima","image":{"@type":"ImageObject","inLanguage":"pt-BR","@id":"https:\/\/verdadeon.com.br\/portal\/#\/schema\/person\/image\/","url":"https:\/\/secure.gravatar.com\/avatar\/df4c8e132080d2b3a4841d5d232045464e0eed11a1d6e43115ca0843d48768d3?s=96&d=mm&r=g","contentUrl":"https:\/\/secure.gravatar.com\/avatar\/df4c8e132080d2b3a4841d5d232045464e0eed11a1d6e43115ca0843d48768d3?s=96&d=mm&r=g","caption":"Fernando Lima"},"sameAs":["http:\/\/verdadeon.com.br\/"],"url":"https:\/\/verdadeon.com.br\/portal\/author\/fernando-lima\/"}]}},"jetpack_publicize_connections":[],"jetpack_featured_media_url":"https:\/\/i0.wp.com\/verdadeon.com.br\/portal\/wp-content\/uploads\/2021\/06\/saveg.jpg?fit=1000%2C670&ssl=1","jetpack_sharing_enabled":true,"_links":{"self":[{"href":"https:\/\/verdadeon.com.br\/portal\/wp-json\/wp\/v2\/posts\/17044","targetHints":{"allow":["GET"]}}],"collection":[{"href":"https:\/\/verdadeon.com.br\/portal\/wp-json\/wp\/v2\/posts"}],"about":[{"href":"https:\/\/verdadeon.com.br\/portal\/wp-json\/wp\/v2\/types\/post"}],"author":[{"embeddable":true,"href":"https:\/\/verdadeon.com.br\/portal\/wp-json\/wp\/v2\/users\/7"}],"replies":[{"embeddable":true,"href":"https:\/\/verdadeon.com.br\/portal\/wp-json\/wp\/v2\/comments?post=17044"}],"version-history":[{"count":0,"href":"https:\/\/verdadeon.com.br\/portal\/wp-json\/wp\/v2\/posts\/17044\/revisions"}],"wp:featuredmedia":[{"embeddable":true,"href":"https:\/\/verdadeon.com.br\/portal\/wp-json\/wp\/v2\/media\/17029"}],"wp:attachment":[{"href":"https:\/\/verdadeon.com.br\/portal\/wp-json\/wp\/v2\/media?parent=17044"}],"wp:term":[{"taxonomy":"category","embeddable":true,"href":"https:\/\/verdadeon.com.br\/portal\/wp-json\/wp\/v2\/categories?post=17044"},{"taxonomy":"post_tag","embeddable":true,"href":"https:\/\/verdadeon.com.br\/portal\/wp-json\/wp\/v2\/tags?post=17044"}],"curies":[{"name":"wp","href":"https:\/\/api.w.org\/{rel}","templated":true}]}}