{"id":17008,"date":"2021-05-31T19:00:41","date_gmt":"2021-05-31T22:00:41","guid":{"rendered":"https:\/\/verdadeon.com.br\/portal\/?p=17008"},"modified":"2021-05-31T19:08:51","modified_gmt":"2021-05-31T22:08:51","slug":"justica-nega-pedido-do-sindifranca-para-reabrir-industrias-calcadistas","status":"publish","type":"post","link":"https:\/\/verdadeon.com.br\/portal\/2021\/05\/31\/justica-nega-pedido-do-sindifranca-para-reabrir-industrias-calcadistas\/","title":{"rendered":"Justi\u00e7a nega pedido do Sindifranca para reabrir ind\u00fastrias cal\u00e7adistas"},"content":{"rendered":"<h2>Decis\u00e3o foi divulgada nesta segunda-feira pela Comarca de Franca, juiz destacou efic\u00e1cia do lockdown<\/h2>\n<p>Foi negado pela Justi\u00e7a de Franca, o pedido do Sindicato da Industria de Cal\u00e7ado (Sindifranca), de reabertura do setor durante a vig\u00eancia do lockdown decretado pela Prefeitura no dia 27 de maio. As medidas vigoram at\u00e9 o dia 10 de maio.<\/p>\n<p>\u201cA cidade est\u00e1 em colapso. Seu sistema de sa\u00fade, pois n\u00e3o existem leitos de terapia intensiva, nem leitos de enfermaria, os profissionais est\u00e3o esgotados, o n\u00edvel de cont\u00e1gio continua alto e vem ocorrendo recordes de mortes di\u00e1rias. N\u00e3o h\u00e1 conflito de direitos. Os direitos s\u00e3o fundamentais. Trabalho, liberdade de ir e vir, vida e sa\u00fade\u201d, escreveu o Juiz Aur\u00e9lio Miguel Pena.<\/p>\n<p>Ainda na decis\u00e3o o magistrado reiterou que o momento vivido \u00e9 excepcional e por isso a necessidade de medidas duras como o lockdown, que ainda de acordo com ele se mostrou eficaz em pa\u00edses no qual foi adotado. \u201cE com clareza, justifica-se tomada de medidas no \u00e2mbito dos Estados e dos Munic\u00edpios, pela in\u00e9rcia da uma pol\u00edtica nacional centralizada, mas, sempre no quadro do limite da compet\u00eancia legitimada\u201d, escreveu Pena.<\/p>\n<p>O Juiz titular da Comarca de Franca ainda criticou a falta de uma pol\u00edtica nacional de combate ao v\u00edrus, o que na an\u00e1lise dele acarreta no agravamento da pandemia no pa\u00eds. \u201cA ordem de restri\u00e7\u00e3o, como se disse, se sustenta na lei federal, normativa estadual e estudos sanit\u00e1rios. E podem ser mais restritivas no \u00e2mbito municipal, n\u00e3o o contr\u00e1rio. As medidas s\u00e3o excepcionais. O momento vivido \u00e9 excepcional. A ado\u00e7\u00e3o das restri\u00e7\u00f5es se justifica pela situa\u00e7\u00e3o do sistema de sa\u00fade, p\u00fablico e privado. Um tempo para necess\u00e1ria organiza\u00e7\u00e3o do sistema, para (re)composi\u00e7\u00e3o dos insumos, para adequa\u00e7\u00e3o dos pacientes e dos profissionais da sa\u00fade\u201d, justificou Pena, n\u00e3o acatando o pedido do sindicato pela reabertura das f\u00e1bricas. \u201cNo momento, n\u00e3o existe possibilidade da concess\u00e3o de autoriza\u00e7\u00e3o no \u00e2mbito da legisla\u00e7\u00e3o municipal para exerc\u00edcio das atividades econ\u00f4micas, como pleiteado. Na aus\u00eancia de vidas, n\u00e3o haver\u00e1 consumo, e, sem consumo, n\u00e3o haver\u00e1 produ\u00e7\u00e3o\u201d.<\/p>\n<h2>O pedido<\/h2>\n<p>Foi no s\u00e1bado a noite que o presidente do Sindifranca, Jos\u00e9 Carlos Brigag\u00e3o entrou com uma a\u00e7\u00e3o na Justi\u00e7a pedindo autoriza\u00e7\u00e3o para que as ind\u00fastrias retomassem as atividades. Na a\u00e7\u00e3o o sindicato justificou que as legisla\u00e7\u00f5es estaduais e federais reconheciam a ind\u00fastria como uma atividade essencial, e que por isso o decreto se tornaria inconstitucional.<\/p>\n<p>Foi justificado ainda que os trabalhadores industriais n\u00e3o possuem contato direto com o p\u00fablico, al\u00e9m disso as empresas possuem condi\u00e7\u00f5es de manter a seguran\u00e7a, com revezamento de hor\u00e1rios de entrada e sa\u00edda de funcion\u00e1rios, al\u00e9m de seguir regras sanit\u00e1rias, como o distanciamento social, o uso de m\u00e1scaras, disponibilidade de \u00e1lcool em gel al\u00e9m de aferi\u00e7\u00e3o de temperatura. Nada disso por\u00e9m foi acatado pela Justi\u00e7a, que decidiu pela perman\u00eancia do lockdown at\u00e9 o dia 10 de junho.<\/p>\n","protected":false},"excerpt":{"rendered":"<p>Decis\u00e3o foi divulgada nesta segunda-feira pela Comarca de Franca, juiz destacou efic\u00e1cia do lockdown Foi negado pela Justi\u00e7a de Franca, o pedido do Sindicato da Industria<span class=\"excerpt-hellip\"> [\u2026]<\/span><\/p>\n","protected":false},"author":7,"featured_media":4417,"comment_status":"open","ping_status":"open","sticky":false,"template":"","format":"standard","meta":{"_jetpack_memberships_contains_paid_content":false,"footnotes":"","jetpack_publicize_message":"","jetpack_publicize_feature_enabled":true,"jetpack_social_post_already_shared":false,"jetpack_social_options":{"image_generator_settings":{"template":"highway","default_image_id":0,"enabled":false},"version":2}},"categories":[28,81],"tags":[],"class_list":["post-17008","post","type-post","status-publish","format-standard","has-post-thumbnail","hentry","category-cotidiano","category-manchete"],"yoast_head":"<!-- This site is optimized with the Yoast SEO plugin v25.6 - https:\/\/yoast.com\/wordpress\/plugins\/seo\/ -->\n<title>Justi\u00e7a nega pedido do Sindifranca para reabrir ind\u00fastrias cal\u00e7adistas - VerdadeOn<\/title>\n<meta name=\"robots\" content=\"index, follow, max-snippet:-1, max-image-preview:large, max-video-preview:-1\" \/>\n<link rel=\"canonical\" href=\"https:\/\/verdadeon.com.br\/portal\/2021\/05\/31\/justica-nega-pedido-do-sindifranca-para-reabrir-industrias-calcadistas\/\" \/>\n<meta property=\"og:locale\" content=\"pt_BR\" \/>\n<meta property=\"og:type\" content=\"article\" \/>\n<meta property=\"og:title\" content=\"Justi\u00e7a nega pedido do Sindifranca para reabrir ind\u00fastrias cal\u00e7adistas - VerdadeOn\" \/>\n<meta property=\"og:description\" content=\"Decis\u00e3o foi divulgada nesta segunda-feira pela Comarca de Franca, juiz destacou efic\u00e1cia do lockdown Foi negado pela Justi\u00e7a de Franca, o pedido do Sindicato da Industria [\u2026]\" \/>\n<meta property=\"og:url\" content=\"https:\/\/verdadeon.com.br\/portal\/2021\/05\/31\/justica-nega-pedido-do-sindifranca-para-reabrir-industrias-calcadistas\/\" \/>\n<meta property=\"og:site_name\" content=\"VerdadeOn\" \/>\n<meta property=\"article:published_time\" content=\"2021-05-31T22:00:41+00:00\" \/>\n<meta property=\"article:modified_time\" content=\"2021-05-31T22:08:51+00:00\" \/>\n<meta property=\"og:image\" content=\"https:\/\/verdadeon.com.br\/portal\/wp-content\/uploads\/2020\/02\/Fabrica-de-Sapatos-Anatomic-foto-Lindomar-Cailton-19.jpg\" \/>\n\t<meta property=\"og:image:width\" content=\"1000\" \/>\n\t<meta property=\"og:image:height\" content=\"670\" \/>\n\t<meta property=\"og:image:type\" content=\"image\/jpeg\" \/>\n<meta name=\"author\" content=\"Fernando Lima\" \/>\n<meta name=\"twitter:card\" content=\"summary_large_image\" \/>\n<meta name=\"twitter:label1\" content=\"Escrito por\" \/>\n\t<meta name=\"twitter:data1\" content=\"Fernando Lima\" \/>\n\t<meta name=\"twitter:label2\" content=\"Est. tempo de leitura\" \/>\n\t<meta name=\"twitter:data2\" content=\"3 minutos\" \/>\n<script type=\"application\/ld+json\" class=\"yoast-schema-graph\">{\"@context\":\"https:\/\/schema.org\",\"@graph\":[{\"@type\":\"WebPage\",\"@id\":\"https:\/\/verdadeon.com.br\/portal\/2021\/05\/31\/justica-nega-pedido-do-sindifranca-para-reabrir-industrias-calcadistas\/\",\"url\":\"https:\/\/verdadeon.com.br\/portal\/2021\/05\/31\/justica-nega-pedido-do-sindifranca-para-reabrir-industrias-calcadistas\/\",\"name\":\"Justi\u00e7a nega pedido do Sindifranca para reabrir ind\u00fastrias cal\u00e7adistas - VerdadeOn\",\"isPartOf\":{\"@id\":\"https:\/\/verdadeon.com.br\/portal\/#website\"},\"primaryImageOfPage\":{\"@id\":\"https:\/\/verdadeon.com.br\/portal\/2021\/05\/31\/justica-nega-pedido-do-sindifranca-para-reabrir-industrias-calcadistas\/#primaryimage\"},\"image\":{\"@id\":\"https:\/\/verdadeon.com.br\/portal\/2021\/05\/31\/justica-nega-pedido-do-sindifranca-para-reabrir-industrias-calcadistas\/#primaryimage\"},\"thumbnailUrl\":\"https:\/\/i0.wp.com\/verdadeon.com.br\/portal\/wp-content\/uploads\/2020\/02\/Fabrica-de-Sapatos-Anatomic-foto-Lindomar-Cailton-19.jpg?fit=1000%2C670&ssl=1\",\"datePublished\":\"2021-05-31T22:00:41+00:00\",\"dateModified\":\"2021-05-31T22:08:51+00:00\",\"author\":{\"@id\":\"https:\/\/verdadeon.com.br\/portal\/#\/schema\/person\/cc32be22b8e8599387c480bc83e1d11a\"},\"breadcrumb\":{\"@id\":\"https:\/\/verdadeon.com.br\/portal\/2021\/05\/31\/justica-nega-pedido-do-sindifranca-para-reabrir-industrias-calcadistas\/#breadcrumb\"},\"inLanguage\":\"pt-BR\",\"potentialAction\":[{\"@type\":\"ReadAction\",\"target\":[\"https:\/\/verdadeon.com.br\/portal\/2021\/05\/31\/justica-nega-pedido-do-sindifranca-para-reabrir-industrias-calcadistas\/\"]}]},{\"@type\":\"ImageObject\",\"inLanguage\":\"pt-BR\",\"@id\":\"https:\/\/verdadeon.com.br\/portal\/2021\/05\/31\/justica-nega-pedido-do-sindifranca-para-reabrir-industrias-calcadistas\/#primaryimage\",\"url\":\"https:\/\/i0.wp.com\/verdadeon.com.br\/portal\/wp-content\/uploads\/2020\/02\/Fabrica-de-Sapatos-Anatomic-foto-Lindomar-Cailton-19.jpg?fit=1000%2C670&ssl=1\",\"contentUrl\":\"https:\/\/i0.wp.com\/verdadeon.com.br\/portal\/wp-content\/uploads\/2020\/02\/Fabrica-de-Sapatos-Anatomic-foto-Lindomar-Cailton-19.jpg?fit=1000%2C670&ssl=1\",\"width\":1000,\"height\":670,\"caption\":\"O setor cal\u00e7adista em Franca chegou a empregar mais de 28 mil pessoas em 2013, atualmente tem pouco mais de 16 mil trabalhadores | Foto: Arquivo Verdade\"},{\"@type\":\"BreadcrumbList\",\"@id\":\"https:\/\/verdadeon.com.br\/portal\/2021\/05\/31\/justica-nega-pedido-do-sindifranca-para-reabrir-industrias-calcadistas\/#breadcrumb\",\"itemListElement\":[{\"@type\":\"ListItem\",\"position\":1,\"name\":\"In\u00edcio\",\"item\":\"https:\/\/verdadeon.com.br\/portal\/\"},{\"@type\":\"ListItem\",\"position\":2,\"name\":\"Justi\u00e7a nega pedido do Sindifranca para reabrir ind\u00fastrias cal\u00e7adistas\"}]},{\"@type\":\"WebSite\",\"@id\":\"https:\/\/verdadeon.com.br\/portal\/#website\",\"url\":\"https:\/\/verdadeon.com.br\/portal\/\",\"name\":\"VerdadeOn\",\"description\":\"Not\u00edcias di\u00e1rias sobre Franca, Regi\u00e3o, Esporte, Cultura, Cotidiano, Colunas. Cobertura nos principais eventos da cidade \u00e9 aqui - Verdadeon Franca\",\"potentialAction\":[{\"@type\":\"SearchAction\",\"target\":{\"@type\":\"EntryPoint\",\"urlTemplate\":\"https:\/\/verdadeon.com.br\/portal\/?s={search_term_string}\"},\"query-input\":{\"@type\":\"PropertyValueSpecification\",\"valueRequired\":true,\"valueName\":\"search_term_string\"}}],\"inLanguage\":\"pt-BR\"},{\"@type\":\"Person\",\"@id\":\"https:\/\/verdadeon.com.br\/portal\/#\/schema\/person\/cc32be22b8e8599387c480bc83e1d11a\",\"name\":\"Fernando Lima\",\"image\":{\"@type\":\"ImageObject\",\"inLanguage\":\"pt-BR\",\"@id\":\"https:\/\/verdadeon.com.br\/portal\/#\/schema\/person\/image\/\",\"url\":\"https:\/\/secure.gravatar.com\/avatar\/df4c8e132080d2b3a4841d5d232045464e0eed11a1d6e43115ca0843d48768d3?s=96&d=mm&r=g\",\"contentUrl\":\"https:\/\/secure.gravatar.com\/avatar\/df4c8e132080d2b3a4841d5d232045464e0eed11a1d6e43115ca0843d48768d3?s=96&d=mm&r=g\",\"caption\":\"Fernando Lima\"},\"sameAs\":[\"http:\/\/verdadeon.com.br\/\"],\"url\":\"https:\/\/verdadeon.com.br\/portal\/author\/fernando-lima\/\"}]}<\/script>\n<!-- \/ Yoast SEO plugin. -->","yoast_head_json":{"title":"Justi\u00e7a nega pedido do Sindifranca para reabrir ind\u00fastrias cal\u00e7adistas - VerdadeOn","robots":{"index":"index","follow":"follow","max-snippet":"max-snippet:-1","max-image-preview":"max-image-preview:large","max-video-preview":"max-video-preview:-1"},"canonical":"https:\/\/verdadeon.com.br\/portal\/2021\/05\/31\/justica-nega-pedido-do-sindifranca-para-reabrir-industrias-calcadistas\/","og_locale":"pt_BR","og_type":"article","og_title":"Justi\u00e7a nega pedido do Sindifranca para reabrir ind\u00fastrias cal\u00e7adistas - VerdadeOn","og_description":"Decis\u00e3o foi divulgada nesta segunda-feira pela Comarca de Franca, juiz destacou efic\u00e1cia do lockdown Foi negado pela Justi\u00e7a de Franca, o pedido do Sindicato da Industria [\u2026]","og_url":"https:\/\/verdadeon.com.br\/portal\/2021\/05\/31\/justica-nega-pedido-do-sindifranca-para-reabrir-industrias-calcadistas\/","og_site_name":"VerdadeOn","article_published_time":"2021-05-31T22:00:41+00:00","article_modified_time":"2021-05-31T22:08:51+00:00","og_image":[{"width":1000,"height":670,"url":"https:\/\/verdadeon.com.br\/portal\/wp-content\/uploads\/2020\/02\/Fabrica-de-Sapatos-Anatomic-foto-Lindomar-Cailton-19.jpg","type":"image\/jpeg"}],"author":"Fernando Lima","twitter_card":"summary_large_image","twitter_misc":{"Escrito por":"Fernando Lima","Est. tempo de leitura":"3 minutos"},"schema":{"@context":"https:\/\/schema.org","@graph":[{"@type":"WebPage","@id":"https:\/\/verdadeon.com.br\/portal\/2021\/05\/31\/justica-nega-pedido-do-sindifranca-para-reabrir-industrias-calcadistas\/","url":"https:\/\/verdadeon.com.br\/portal\/2021\/05\/31\/justica-nega-pedido-do-sindifranca-para-reabrir-industrias-calcadistas\/","name":"Justi\u00e7a nega pedido do Sindifranca para reabrir ind\u00fastrias cal\u00e7adistas - VerdadeOn","isPartOf":{"@id":"https:\/\/verdadeon.com.br\/portal\/#website"},"primaryImageOfPage":{"@id":"https:\/\/verdadeon.com.br\/portal\/2021\/05\/31\/justica-nega-pedido-do-sindifranca-para-reabrir-industrias-calcadistas\/#primaryimage"},"image":{"@id":"https:\/\/verdadeon.com.br\/portal\/2021\/05\/31\/justica-nega-pedido-do-sindifranca-para-reabrir-industrias-calcadistas\/#primaryimage"},"thumbnailUrl":"https:\/\/i0.wp.com\/verdadeon.com.br\/portal\/wp-content\/uploads\/2020\/02\/Fabrica-de-Sapatos-Anatomic-foto-Lindomar-Cailton-19.jpg?fit=1000%2C670&ssl=1","datePublished":"2021-05-31T22:00:41+00:00","dateModified":"2021-05-31T22:08:51+00:00","author":{"@id":"https:\/\/verdadeon.com.br\/portal\/#\/schema\/person\/cc32be22b8e8599387c480bc83e1d11a"},"breadcrumb":{"@id":"https:\/\/verdadeon.com.br\/portal\/2021\/05\/31\/justica-nega-pedido-do-sindifranca-para-reabrir-industrias-calcadistas\/#breadcrumb"},"inLanguage":"pt-BR","potentialAction":[{"@type":"ReadAction","target":["https:\/\/verdadeon.com.br\/portal\/2021\/05\/31\/justica-nega-pedido-do-sindifranca-para-reabrir-industrias-calcadistas\/"]}]},{"@type":"ImageObject","inLanguage":"pt-BR","@id":"https:\/\/verdadeon.com.br\/portal\/2021\/05\/31\/justica-nega-pedido-do-sindifranca-para-reabrir-industrias-calcadistas\/#primaryimage","url":"https:\/\/i0.wp.com\/verdadeon.com.br\/portal\/wp-content\/uploads\/2020\/02\/Fabrica-de-Sapatos-Anatomic-foto-Lindomar-Cailton-19.jpg?fit=1000%2C670&ssl=1","contentUrl":"https:\/\/i0.wp.com\/verdadeon.com.br\/portal\/wp-content\/uploads\/2020\/02\/Fabrica-de-Sapatos-Anatomic-foto-Lindomar-Cailton-19.jpg?fit=1000%2C670&ssl=1","width":1000,"height":670,"caption":"O setor cal\u00e7adista em Franca chegou a empregar mais de 28 mil pessoas em 2013, atualmente tem pouco mais de 16 mil trabalhadores | Foto: Arquivo Verdade"},{"@type":"BreadcrumbList","@id":"https:\/\/verdadeon.com.br\/portal\/2021\/05\/31\/justica-nega-pedido-do-sindifranca-para-reabrir-industrias-calcadistas\/#breadcrumb","itemListElement":[{"@type":"ListItem","position":1,"name":"In\u00edcio","item":"https:\/\/verdadeon.com.br\/portal\/"},{"@type":"ListItem","position":2,"name":"Justi\u00e7a nega pedido do Sindifranca para reabrir ind\u00fastrias cal\u00e7adistas"}]},{"@type":"WebSite","@id":"https:\/\/verdadeon.com.br\/portal\/#website","url":"https:\/\/verdadeon.com.br\/portal\/","name":"VerdadeOn","description":"Not\u00edcias di\u00e1rias sobre Franca, Regi\u00e3o, Esporte, Cultura, Cotidiano, Colunas. Cobertura nos principais eventos da cidade \u00e9 aqui - Verdadeon Franca","potentialAction":[{"@type":"SearchAction","target":{"@type":"EntryPoint","urlTemplate":"https:\/\/verdadeon.com.br\/portal\/?s={search_term_string}"},"query-input":{"@type":"PropertyValueSpecification","valueRequired":true,"valueName":"search_term_string"}}],"inLanguage":"pt-BR"},{"@type":"Person","@id":"https:\/\/verdadeon.com.br\/portal\/#\/schema\/person\/cc32be22b8e8599387c480bc83e1d11a","name":"Fernando Lima","image":{"@type":"ImageObject","inLanguage":"pt-BR","@id":"https:\/\/verdadeon.com.br\/portal\/#\/schema\/person\/image\/","url":"https:\/\/secure.gravatar.com\/avatar\/df4c8e132080d2b3a4841d5d232045464e0eed11a1d6e43115ca0843d48768d3?s=96&d=mm&r=g","contentUrl":"https:\/\/secure.gravatar.com\/avatar\/df4c8e132080d2b3a4841d5d232045464e0eed11a1d6e43115ca0843d48768d3?s=96&d=mm&r=g","caption":"Fernando Lima"},"sameAs":["http:\/\/verdadeon.com.br\/"],"url":"https:\/\/verdadeon.com.br\/portal\/author\/fernando-lima\/"}]}},"jetpack_publicize_connections":[],"jetpack_featured_media_url":"https:\/\/i0.wp.com\/verdadeon.com.br\/portal\/wp-content\/uploads\/2020\/02\/Fabrica-de-Sapatos-Anatomic-foto-Lindomar-Cailton-19.jpg?fit=1000%2C670&ssl=1","jetpack_sharing_enabled":true,"_links":{"self":[{"href":"https:\/\/verdadeon.com.br\/portal\/wp-json\/wp\/v2\/posts\/17008","targetHints":{"allow":["GET"]}}],"collection":[{"href":"https:\/\/verdadeon.com.br\/portal\/wp-json\/wp\/v2\/posts"}],"about":[{"href":"https:\/\/verdadeon.com.br\/portal\/wp-json\/wp\/v2\/types\/post"}],"author":[{"embeddable":true,"href":"https:\/\/verdadeon.com.br\/portal\/wp-json\/wp\/v2\/users\/7"}],"replies":[{"embeddable":true,"href":"https:\/\/verdadeon.com.br\/portal\/wp-json\/wp\/v2\/comments?post=17008"}],"version-history":[{"count":0,"href":"https:\/\/verdadeon.com.br\/portal\/wp-json\/wp\/v2\/posts\/17008\/revisions"}],"wp:featuredmedia":[{"embeddable":true,"href":"https:\/\/verdadeon.com.br\/portal\/wp-json\/wp\/v2\/media\/4417"}],"wp:attachment":[{"href":"https:\/\/verdadeon.com.br\/portal\/wp-json\/wp\/v2\/media?parent=17008"}],"wp:term":[{"taxonomy":"category","embeddable":true,"href":"https:\/\/verdadeon.com.br\/portal\/wp-json\/wp\/v2\/categories?post=17008"},{"taxonomy":"post_tag","embeddable":true,"href":"https:\/\/verdadeon.com.br\/portal\/wp-json\/wp\/v2\/tags?post=17008"}],"curies":[{"name":"wp","href":"https:\/\/api.w.org\/{rel}","templated":true}]}}