{"id":16979,"date":"2021-05-28T23:46:11","date_gmt":"2021-05-29T02:46:11","guid":{"rendered":"https:\/\/verdadeon.com.br\/portal\/?p=16979"},"modified":"2021-05-28T23:46:11","modified_gmt":"2021-05-29T02:46:11","slug":"a-aceleracao-digital-e-os-seus-caminhos","status":"publish","type":"post","link":"https:\/\/verdadeon.com.br\/portal\/2021\/05\/28\/a-aceleracao-digital-e-os-seus-caminhos\/","title":{"rendered":"A acelera\u00e7\u00e3o digital e os seus caminhos"},"content":{"rendered":"<p>\u00c9 fato que a pandemia acelerou a transforma\u00e7\u00e3o digital das empresas num piscar de olhos. E, quando nos damos conta, estamos aqui pensando em como garantir a experi\u00eancia e a qualidade dos atendimentos f\u00edsicos nos canais digitais. Para viabilizar essa demanda, aqueles projetos de implanta\u00e7\u00e3o da tecnologia e inova\u00e7\u00e3o, considerados no planejamento estrat\u00e9gico como de longo prazo, tornam-se imediatos.<\/p>\n<p>Novamente, nos deparamos com termos diferentes, que podem ser de f\u00e1cil entendimento para as novas gera\u00e7\u00f5es, os nativos digitais, mas nem t\u00e3o f\u00e1ceis assim para todas as outras gera\u00e7\u00f5es.<\/p>\n<p>A <strong>acelera\u00e7\u00e3o digital<\/strong> \u00e9 uma realidade, provocada pela aceita\u00e7\u00e3o da tecnologia e ado\u00e7\u00e3o de novas formas de intera\u00e7\u00e3o, que mudaram os h\u00e1bitos e o comportamento do consumidor. As empresas sentem a press\u00e3o desta mudan\u00e7a e precisam se adequar rapidamente e de forma permanente. Aderir \u00e0 tecnologia n\u00e3o \u00e9 mais op\u00e7\u00e3o, \u00e9 diferencial competitivo.<\/p>\n<p>Quando adotamos a inova\u00e7\u00e3o tecnol\u00f3gica e ferramentas digitais para melhorar ou substituir algum processo j\u00e1 existente, estamos falando de <strong>transforma\u00e7\u00e3o digital<\/strong>. Pela subjetividade do termo, algumas a\u00e7\u00f5es parecem inovadoras, mas a verdadeira transforma\u00e7\u00e3o s\u00f3 acontece se a inova\u00e7\u00e3o estiver no DNA da empresa.<\/p>\n<p>A cultura organizacional precisa proporcionar um clima que permita a inova\u00e7\u00e3o, o questionamento e, a\u00ed sim, naturalmente surgem as propostas de inova\u00e7\u00e3o para o desenvolvimento estrat\u00e9gico, implanta\u00e7\u00e3o de processos e ado\u00e7\u00e3o da tecnologia.<\/p>\n<p>Na pesquisa global \u201cCEO Outlook 2020\u201d, realizada pela consultoria KPMG, 67% dos executivos afirmaram que a digitaliza\u00e7\u00e3o das opera\u00e7\u00f5es teve avan\u00e7os que colocaram os neg\u00f3cios anos \u00e0 frente do que eles esperavam. Realizada no ano passado, em duas etapas, a pesquisa ouviu mais de dois mil CEOs de grandes economias mundiais, sul-americanos e brasileiros.<\/p>\n<p>Em rela\u00e7\u00e3o a investimentos, 53% dos CEOs brasileiros disseram que pretendem ampliar capital na compra de novas tecnologias e digitaliza\u00e7\u00e3o. Como eu sempre ressalto, esses dados refor\u00e7am a import\u00e2ncia das empresas em revisar seus modelos de neg\u00f3cios para investir na tecnologia e na transforma\u00e7\u00e3o digital assertiva, e na mesma velocidade.<\/p>\n<p>Uma caracter\u00edstica muito forte da transforma\u00e7\u00e3o digital \u00e9 seu potencial em gerar impacto na experi\u00eancia do cliente e, por isso, essa remodela\u00e7\u00e3o deve ocorrer considerando o cliente um dos pilares principais. N\u00e3o estamos mudando processos para atender as demandas da pandemia e, sim, para melhorar as opera\u00e7\u00f5es que tiveram suas fragilidades evidenciadas neste momento, ou seja, a transforma\u00e7\u00e3o \u00e9 perene.<\/p>\n<p>As mudan\u00e7as mais populares s\u00e3o a migra\u00e7\u00e3o para o trabalho remoto, reuni\u00f5es virtuais e implanta\u00e7\u00e3o de lojas on-line, gerando uma demanda de transa\u00e7\u00f5es virtuais sem precedentes e, com isso, necessidades substanciais como infraestrutura de TI mais robusta, tanto no \u00e2mbito privado quanto no p\u00fablico.<\/p>\n<p>Para a maioria dos CEOs (87%) que participaram da pesquisa, tamb\u00e9m houve acelera\u00e7\u00e3o na cria\u00e7\u00e3o de uma nova for\u00e7a de trabalho, pois, na pandemia se tornou necess\u00e1ria a contrata\u00e7\u00e3o de mais funcion\u00e1rios para lidar com sistemas de automa\u00e7\u00e3o e intelig\u00eancia artificial.<\/p>\n<p>Unanimidade entre os CEOs brasileiros, a pesquisa revela a tend\u00eancia da redu\u00e7\u00e3o dos escrit\u00f3rios e a manuten\u00e7\u00e3o da equipe em home office. Para 94% deles, o uso de colabora\u00e7\u00f5es digitais e ferramentas de comunica\u00e7\u00e3o para o trabalho remoto vai continuar. Vale a pena destacar ainda, que 86% v\u00e3o investir na amplia\u00e7\u00e3o do quadro de talentos em potencial.<\/p>\n<p>S\u00e3o diversas as demandas \u201ccolaterais\u201d&#8221;, mas a redu\u00e7\u00e3o da burocracia em todos os processos merece destaque. Desburocratizar \u00e9 sin\u00f4nimo de agilidade, respeito com o nosso recurso mais valioso, o tempo, e proporciona melhor experi\u00eancia para todos os usu\u00e1rios. No setor p\u00fablico, criar processos tecnol\u00f3gicos e menos burocr\u00e1ticos ser\u00e1 fator decisivo na retomada da economia p\u00f3s-pandemia.<\/p>\n<p>A acelera\u00e7\u00e3o digital imp\u00f5e que as tomadas de decis\u00e3o aconte\u00e7am de maneira mais din\u00e2mica, n\u00e3o s\u00f3 na comunica\u00e7\u00e3o com o mercado, mas com todos os <strong><em>stakeholders<\/em><\/strong> (partes interessadas). Para que tudo flua na velocidade que o mercado imprime precisamos de menos burocracia e mais atitude!<\/p>\n<p>&nbsp;<\/p>\n<p><strong>Jean Dunkl<\/strong><\/p>\n<p>@jeandunkl<\/p>\n<p>CEO da CPD Consultoria, mentor em Gest\u00e3o Estrat\u00e9gica de Neg\u00f3cios, gestor da Impera (Incubadora de Empresas de Base Tecnol\u00f3gica de Franca) e do MKBZ Studio, volunt\u00e1rio da Singularity University<\/p>\n","protected":false},"excerpt":{"rendered":"<p>\u00c9 fato que a pandemia acelerou a transforma\u00e7\u00e3o digital das empresas num piscar de olhos. E, quando nos damos conta, estamos aqui pensando em como garantir<span class=\"excerpt-hellip\"> [\u2026]<\/span><\/p>\n","protected":false},"author":4,"featured_media":0,"comment_status":"open","ping_status":"open","sticky":false,"template":"","format":"standard","meta":{"_jetpack_memberships_contains_paid_content":false,"footnotes":"","jetpack_publicize_message":"","jetpack_publicize_feature_enabled":true,"jetpack_social_post_already_shared":false,"jetpack_social_options":{"image_generator_settings":{"template":"highway","default_image_id":0,"enabled":false},"version":2}},"categories":[92],"tags":[],"class_list":["post-16979","post","type-post","status-publish","format-standard","hentry","category-colunista"],"yoast_head":"<!-- This site is optimized with the Yoast SEO plugin v25.6 - https:\/\/yoast.com\/wordpress\/plugins\/seo\/ -->\n<title>A acelera\u00e7\u00e3o digital e os seus caminhos - VerdadeOn<\/title>\n<meta name=\"robots\" content=\"index, follow, max-snippet:-1, max-image-preview:large, max-video-preview:-1\" \/>\n<link rel=\"canonical\" href=\"https:\/\/verdadeon.com.br\/portal\/2021\/05\/28\/a-aceleracao-digital-e-os-seus-caminhos\/\" \/>\n<meta property=\"og:locale\" content=\"pt_BR\" \/>\n<meta property=\"og:type\" content=\"article\" \/>\n<meta property=\"og:title\" content=\"A acelera\u00e7\u00e3o digital e os seus caminhos - VerdadeOn\" \/>\n<meta property=\"og:description\" content=\"\u00c9 fato que a pandemia acelerou a transforma\u00e7\u00e3o digital das empresas num piscar de olhos. E, quando nos damos conta, estamos aqui pensando em como garantir [\u2026]\" \/>\n<meta property=\"og:url\" content=\"https:\/\/verdadeon.com.br\/portal\/2021\/05\/28\/a-aceleracao-digital-e-os-seus-caminhos\/\" \/>\n<meta property=\"og:site_name\" content=\"VerdadeOn\" \/>\n<meta property=\"article:published_time\" content=\"2021-05-29T02:46:11+00:00\" \/>\n<meta name=\"author\" content=\"Fernando Calixto\" \/>\n<meta name=\"twitter:card\" content=\"summary_large_image\" \/>\n<meta name=\"twitter:label1\" content=\"Escrito por\" \/>\n\t<meta name=\"twitter:data1\" content=\"Fernando Calixto\" \/>\n\t<meta name=\"twitter:label2\" content=\"Est. tempo de leitura\" \/>\n\t<meta name=\"twitter:data2\" content=\"3 minutos\" \/>\n<script type=\"application\/ld+json\" class=\"yoast-schema-graph\">{\"@context\":\"https:\/\/schema.org\",\"@graph\":[{\"@type\":\"WebPage\",\"@id\":\"https:\/\/verdadeon.com.br\/portal\/2021\/05\/28\/a-aceleracao-digital-e-os-seus-caminhos\/\",\"url\":\"https:\/\/verdadeon.com.br\/portal\/2021\/05\/28\/a-aceleracao-digital-e-os-seus-caminhos\/\",\"name\":\"A acelera\u00e7\u00e3o digital e os seus caminhos - VerdadeOn\",\"isPartOf\":{\"@id\":\"https:\/\/verdadeon.com.br\/portal\/#website\"},\"datePublished\":\"2021-05-29T02:46:11+00:00\",\"author\":{\"@id\":\"https:\/\/verdadeon.com.br\/portal\/#\/schema\/person\/8994718f49ee62ba5610471e29ca1f62\"},\"breadcrumb\":{\"@id\":\"https:\/\/verdadeon.com.br\/portal\/2021\/05\/28\/a-aceleracao-digital-e-os-seus-caminhos\/#breadcrumb\"},\"inLanguage\":\"pt-BR\",\"potentialAction\":[{\"@type\":\"ReadAction\",\"target\":[\"https:\/\/verdadeon.com.br\/portal\/2021\/05\/28\/a-aceleracao-digital-e-os-seus-caminhos\/\"]}]},{\"@type\":\"BreadcrumbList\",\"@id\":\"https:\/\/verdadeon.com.br\/portal\/2021\/05\/28\/a-aceleracao-digital-e-os-seus-caminhos\/#breadcrumb\",\"itemListElement\":[{\"@type\":\"ListItem\",\"position\":1,\"name\":\"In\u00edcio\",\"item\":\"https:\/\/verdadeon.com.br\/portal\/\"},{\"@type\":\"ListItem\",\"position\":2,\"name\":\"A acelera\u00e7\u00e3o digital e os seus caminhos\"}]},{\"@type\":\"WebSite\",\"@id\":\"https:\/\/verdadeon.com.br\/portal\/#website\",\"url\":\"https:\/\/verdadeon.com.br\/portal\/\",\"name\":\"VerdadeOn\",\"description\":\"Not\u00edcias di\u00e1rias sobre Franca, Regi\u00e3o, Esporte, Cultura, Cotidiano, Colunas. Cobertura nos principais eventos da cidade \u00e9 aqui - Verdadeon Franca\",\"potentialAction\":[{\"@type\":\"SearchAction\",\"target\":{\"@type\":\"EntryPoint\",\"urlTemplate\":\"https:\/\/verdadeon.com.br\/portal\/?s={search_term_string}\"},\"query-input\":{\"@type\":\"PropertyValueSpecification\",\"valueRequired\":true,\"valueName\":\"search_term_string\"}}],\"inLanguage\":\"pt-BR\"},{\"@type\":\"Person\",\"@id\":\"https:\/\/verdadeon.com.br\/portal\/#\/schema\/person\/8994718f49ee62ba5610471e29ca1f62\",\"name\":\"Fernando Calixto\",\"image\":{\"@type\":\"ImageObject\",\"inLanguage\":\"pt-BR\",\"@id\":\"https:\/\/verdadeon.com.br\/portal\/#\/schema\/person\/image\/\",\"url\":\"https:\/\/secure.gravatar.com\/avatar\/7578910c24966c0316c340f9dbd601e93ee9f9212e1033968b367af9306bd9fb?s=96&d=mm&r=g\",\"contentUrl\":\"https:\/\/secure.gravatar.com\/avatar\/7578910c24966c0316c340f9dbd601e93ee9f9212e1033968b367af9306bd9fb?s=96&d=mm&r=g\",\"caption\":\"Fernando Calixto\"},\"url\":\"https:\/\/verdadeon.com.br\/portal\/author\/fernando-calixto\/\"}]}<\/script>\n<!-- \/ Yoast SEO plugin. -->","yoast_head_json":{"title":"A acelera\u00e7\u00e3o digital e os seus caminhos - VerdadeOn","robots":{"index":"index","follow":"follow","max-snippet":"max-snippet:-1","max-image-preview":"max-image-preview:large","max-video-preview":"max-video-preview:-1"},"canonical":"https:\/\/verdadeon.com.br\/portal\/2021\/05\/28\/a-aceleracao-digital-e-os-seus-caminhos\/","og_locale":"pt_BR","og_type":"article","og_title":"A acelera\u00e7\u00e3o digital e os seus caminhos - VerdadeOn","og_description":"\u00c9 fato que a pandemia acelerou a transforma\u00e7\u00e3o digital das empresas num piscar de olhos. E, quando nos damos conta, estamos aqui pensando em como garantir [\u2026]","og_url":"https:\/\/verdadeon.com.br\/portal\/2021\/05\/28\/a-aceleracao-digital-e-os-seus-caminhos\/","og_site_name":"VerdadeOn","article_published_time":"2021-05-29T02:46:11+00:00","author":"Fernando Calixto","twitter_card":"summary_large_image","twitter_misc":{"Escrito por":"Fernando Calixto","Est. tempo de leitura":"3 minutos"},"schema":{"@context":"https:\/\/schema.org","@graph":[{"@type":"WebPage","@id":"https:\/\/verdadeon.com.br\/portal\/2021\/05\/28\/a-aceleracao-digital-e-os-seus-caminhos\/","url":"https:\/\/verdadeon.com.br\/portal\/2021\/05\/28\/a-aceleracao-digital-e-os-seus-caminhos\/","name":"A acelera\u00e7\u00e3o digital e os seus caminhos - VerdadeOn","isPartOf":{"@id":"https:\/\/verdadeon.com.br\/portal\/#website"},"datePublished":"2021-05-29T02:46:11+00:00","author":{"@id":"https:\/\/verdadeon.com.br\/portal\/#\/schema\/person\/8994718f49ee62ba5610471e29ca1f62"},"breadcrumb":{"@id":"https:\/\/verdadeon.com.br\/portal\/2021\/05\/28\/a-aceleracao-digital-e-os-seus-caminhos\/#breadcrumb"},"inLanguage":"pt-BR","potentialAction":[{"@type":"ReadAction","target":["https:\/\/verdadeon.com.br\/portal\/2021\/05\/28\/a-aceleracao-digital-e-os-seus-caminhos\/"]}]},{"@type":"BreadcrumbList","@id":"https:\/\/verdadeon.com.br\/portal\/2021\/05\/28\/a-aceleracao-digital-e-os-seus-caminhos\/#breadcrumb","itemListElement":[{"@type":"ListItem","position":1,"name":"In\u00edcio","item":"https:\/\/verdadeon.com.br\/portal\/"},{"@type":"ListItem","position":2,"name":"A acelera\u00e7\u00e3o digital e os seus caminhos"}]},{"@type":"WebSite","@id":"https:\/\/verdadeon.com.br\/portal\/#website","url":"https:\/\/verdadeon.com.br\/portal\/","name":"VerdadeOn","description":"Not\u00edcias di\u00e1rias sobre Franca, Regi\u00e3o, Esporte, Cultura, Cotidiano, Colunas. Cobertura nos principais eventos da cidade \u00e9 aqui - Verdadeon Franca","potentialAction":[{"@type":"SearchAction","target":{"@type":"EntryPoint","urlTemplate":"https:\/\/verdadeon.com.br\/portal\/?s={search_term_string}"},"query-input":{"@type":"PropertyValueSpecification","valueRequired":true,"valueName":"search_term_string"}}],"inLanguage":"pt-BR"},{"@type":"Person","@id":"https:\/\/verdadeon.com.br\/portal\/#\/schema\/person\/8994718f49ee62ba5610471e29ca1f62","name":"Fernando Calixto","image":{"@type":"ImageObject","inLanguage":"pt-BR","@id":"https:\/\/verdadeon.com.br\/portal\/#\/schema\/person\/image\/","url":"https:\/\/secure.gravatar.com\/avatar\/7578910c24966c0316c340f9dbd601e93ee9f9212e1033968b367af9306bd9fb?s=96&d=mm&r=g","contentUrl":"https:\/\/secure.gravatar.com\/avatar\/7578910c24966c0316c340f9dbd601e93ee9f9212e1033968b367af9306bd9fb?s=96&d=mm&r=g","caption":"Fernando Calixto"},"url":"https:\/\/verdadeon.com.br\/portal\/author\/fernando-calixto\/"}]}},"jetpack_publicize_connections":[],"jetpack_featured_media_url":"","jetpack_sharing_enabled":true,"_links":{"self":[{"href":"https:\/\/verdadeon.com.br\/portal\/wp-json\/wp\/v2\/posts\/16979","targetHints":{"allow":["GET"]}}],"collection":[{"href":"https:\/\/verdadeon.com.br\/portal\/wp-json\/wp\/v2\/posts"}],"about":[{"href":"https:\/\/verdadeon.com.br\/portal\/wp-json\/wp\/v2\/types\/post"}],"author":[{"embeddable":true,"href":"https:\/\/verdadeon.com.br\/portal\/wp-json\/wp\/v2\/users\/4"}],"replies":[{"embeddable":true,"href":"https:\/\/verdadeon.com.br\/portal\/wp-json\/wp\/v2\/comments?post=16979"}],"version-history":[{"count":0,"href":"https:\/\/verdadeon.com.br\/portal\/wp-json\/wp\/v2\/posts\/16979\/revisions"}],"wp:attachment":[{"href":"https:\/\/verdadeon.com.br\/portal\/wp-json\/wp\/v2\/media?parent=16979"}],"wp:term":[{"taxonomy":"category","embeddable":true,"href":"https:\/\/verdadeon.com.br\/portal\/wp-json\/wp\/v2\/categories?post=16979"},{"taxonomy":"post_tag","embeddable":true,"href":"https:\/\/verdadeon.com.br\/portal\/wp-json\/wp\/v2\/tags?post=16979"}],"curies":[{"name":"wp","href":"https:\/\/api.w.org\/{rel}","templated":true}]}}